{"id":5112,"date":"2016-05-18T12:15:48","date_gmt":"2016-05-18T10:15:48","guid":{"rendered":"http:\/\/www.altercampagne.net\/?p=5112"},"modified":"2019-09-13T14:52:04","modified_gmt":"2019-09-13T12:52:04","slug":"lauberge-de-la-maison-neuve-le-18-juillet-a-la-ferriere","status":"publish","type":"post","link":"https:\/\/www.altercampagne.net\/?p=5112","title":{"rendered":"L\u2019Auberge de La Maison Neuve le 18 juillet \u00e0 Chauvign\u00e9"},"content":{"rendered":"<p style=\"text-align: justify;\"><a href=\"http:\/\/www.altercampagne.net\/wp-content\/uploads\/2016\/05\/2016-07-18_La-maison-neuve.jpg\"><img loading=\"lazy\" decoding=\"async\" class=\" size-medium wp-image-5120 alignright\" src=\"http:\/\/www.altercampagne.net\/wp-content\/uploads\/2016\/05\/2016-07-18_La-maison-neuve-300x219.jpg\" alt=\"2016-07-18_La-maison-neuve\" width=\"300\" height=\"219\" srcset=\"https:\/\/www.altercampagne.net\/wp-content\/uploads\/2016\/05\/2016-07-18_La-maison-neuve-300x219.jpg 300w, https:\/\/www.altercampagne.net\/wp-content\/uploads\/2016\/05\/2016-07-18_La-maison-neuve.jpg 686w\" sizes=\"auto, (max-width: 300px) 100vw, 300px\" \/><\/a>Bienvenue \u00e0 l\u2019<a href=\"http:\/\/www.ferme-auberge-35.fr\/\" target=\"_blank\" rel=\"noopener noreferrer\">Auberge de La Maison Neuve<\/a> !<\/p>\n<p style=\"text-align: justify;\">Nous, Marie Armelle, Luc et toute l\u2019\u00e9quipe, sommes ravis de vous accueillir. Une premi\u00e8re visite de l\u2019AlterTour en 2010 nous avait fait d\u00e9couvrir l\u2019initiative. Aujourd\u2019hui c\u2019est avec beaucoup de plaisir que nous vous recevons \u00e0 nouveau.<\/p>\n<p style=\"text-align: justify;\">Depuis 25 ans et particuli\u00e8rement depuis que nous sommes adh\u00e9rents \u00e0 <a href=\"http:\/\/www.accueil-paysan.com\/fr\/\" target=\"_blank\" rel=\"noopener noreferrer\">Accueil Paysan<\/a> (2003), nous tentons d\u2019affirmer dans notre projet la place de l\u2019\u00e9conomie sociale et solidaire. Et m\u00eame si notre entreprise est aujourd\u2019hui en SARL, nous essayons de construire une entreprise durable et de minimiser les impacts n\u00e9gatifs de notre activit\u00e9.<\/p>\n<p style=\"text-align: justify;\">Qu\u2019ils soient \u00e9conomiques, sociaux ou environnementaux, r\u00e9guli\u00e8rement nous nous interrogeons ces aspects pour atteindre d&rsquo;avantage de coh\u00e9rence. Nous avons souhait\u00e9 une structure ouverte \u00e0 tous, y compris en d\u00e9veloppant de l\u2019accueil de jour pour des mineurs d\u00e9scolaris\u00e9s. Nous nous approvisionnons au maximum en circuits courts et nous essayons de privil\u00e9gier des produits issus de l\u2019agriculture biologique. Sur nos derniers investissements nous avons fait le choix de travailler \u00e0 la fois avec une banque locale et une banque solidaire. Nous essayons de maintenir des prix justes qui permettent de garantir la r\u00e9mun\u00e9ration de ceux qui travaillent avec nous, celle de nos fournisseurs et des producteurs locaux, tout en garantissant la viabilit\u00e9 de la structure.<\/p>\n<p style=\"text-align: justify;\">Dans les ann\u00e9es \u00e0 venir nous allons entamer une r\u00e9flexion sur la transmission de la structure. Comme dans d\u2019autres entreprises, et particuli\u00e8rement comme dans les fermes, nous nous interrogeons sur les possibilit\u00e9s de transmission y compris hors cadre familial.<\/p>\n<p style=\"text-align: justify;\">Aussi est-ce avec plaisir que nous proposerons une soir\u00e9e d\u00e9bat avec des invit\u00e9s qui nous parleront d\u2019exp\u00e9riences en milieu rural : une reprises en SCOP dans la commune de Chauvign\u00e9, une cr\u00e9ation-reprise d\u2019\u00e9picerie en SCIC \u00e0 M\u00e9zi\u00e8res sur Couesnon et d\u2019une \u00e9picerie locale associative (ouverture le 21 mai \u00e0 chauvign\u00e9).<\/p>\n<p style=\"text-align: right;\"><strong>Au plaisir de vous accueillir, Marie Armelle, Luc et toute l\u2019\u00e9quipe.<\/strong><\/p>\n","protected":false},"excerpt":{"rendered":"<p>Bienvenue \u00e0 l\u2019Auberge de La Maison Neuve ! Nous, Marie Armelle, Luc et toute l\u2019\u00e9quipe, sommes ravis de vous accueillir. Une premi\u00e8re visite de l\u2019AlterTour en 2010 nous avait fait d\u00e9couvrir l\u2019initiative. Aujourd\u2019hui c\u2019est avec beaucoup de plaisir que nous vous recevons \u00e0 nouveau. Depuis 25 ans et particuli\u00e8rement depuis &#8230; <\/p>\n<div><a href=\"https:\/\/www.altercampagne.net\/?p=5112\" class=\"more-link\">Read More<\/a><\/div>\n","protected":false},"author":214,"featured_media":15419,"comment_status":"closed","ping_status":"closed","sticky":false,"template":"","format":"standard","meta":{"footnotes":""},"categories":[3483,3472,3459],"tags":[20,383,413,431,474,494,625,822,1652,1727,2151,2152,2846,2849,2850,2851],"class_list":["post-5112","post","type-post","status-publish","format-standard","has-post-thumbnail","hentry","category-agriculture","category-bretagne","category-edition-2016","tag-bretagne","tag-altertour-2016","tag-ille-et-vilaine","tag-accueil-paysan","tag-bien-commun","tag-la-maison-neuve","tag-association-2-bien-feteur","tag-biens-communs","tag-1652","tag-scop","tag-auberge-la-maison-neuve","tag-chauvigne","tag-accueillant","tag-accueillant2016","tag-accueillant-2016","tag-altertour2016"],"yoast_head":"<!-- This site is optimized with the Yoast SEO plugin v27.3 - https:\/\/yoast.com\/product\/yoast-seo-wordpress\/ -->\n<title>L\u2019Auberge de La Maison Neuve le 18 juillet \u00e0 Chauvign\u00e9 - AlterTour<\/title>\n<meta name=\"robots\" content=\"index, follow, max-snippet:-1, max-image-preview:large, max-video-preview:-1\" \/>\n<link rel=\"canonical\" href=\"https:\/\/www.altercampagne.net\/?p=5112\" \/>\n<meta property=\"og:locale\" content=\"fr_FR\" \/>\n<meta property=\"og:type\" content=\"article\" \/>\n<meta property=\"og:title\" content=\"L\u2019Auberge de La Maison Neuve le 18 juillet \u00e0 Chauvign\u00e9 - AlterTour\" \/>\n<meta property=\"og:description\" content=\"Bienvenue \u00e0 l\u2019Auberge de La Maison Neuve ! Nous, Marie Armelle, Luc et toute l\u2019\u00e9quipe, sommes ravis de vous accueillir. Une premi\u00e8re visite de l\u2019AlterTour en 2010 nous avait fait d\u00e9couvrir l\u2019initiative. Aujourd\u2019hui c\u2019est avec beaucoup de plaisir que nous vous recevons \u00e0 nouveau. Depuis 25 ans et particuli\u00e8rement depuis ... Read More\" \/>\n<meta property=\"og:url\" content=\"https:\/\/www.altercampagne.net\/?p=5112\" \/>\n<meta property=\"og:site_name\" content=\"AlterTour\" \/>\n<meta property=\"article:published_time\" content=\"2016-05-18T10:15:48+00:00\" \/>\n<meta property=\"article:modified_time\" content=\"2019-09-13T12:52:04+00:00\" \/>\n<meta property=\"og:image\" content=\"https:\/\/www.altercampagne.net\/wp-content\/uploads\/2016\/05\/2016-07-18_la-maison-neuve.jpg\" \/>\n\t<meta property=\"og:image:width\" content=\"686\" \/>\n\t<meta property=\"og:image:height\" content=\"358\" \/>\n\t<meta property=\"og:image:type\" content=\"image\/jpeg\" \/>\n<meta name=\"author\" content=\"Mathieu\" \/>\n<meta name=\"twitter:card\" content=\"summary_large_image\" \/>\n<meta name=\"twitter:label1\" content=\"\u00c9crit par\" \/>\n\t<meta name=\"twitter:data1\" content=\"Mathieu\" \/>\n\t<meta name=\"twitter:label2\" content=\"Dur\u00e9e de lecture estim\u00e9e\" \/>\n\t<meta name=\"twitter:data2\" content=\"2 minutes\" \/>\n<script type=\"application\/ld+json\" class=\"yoast-schema-graph\">{\"@context\":\"https:\\\/\\\/schema.org\",\"@graph\":[{\"@type\":\"Article\",\"@id\":\"https:\\\/\\\/www.altercampagne.net\\\/?p=5112#article\",\"isPartOf\":{\"@id\":\"https:\\\/\\\/www.altercampagne.net\\\/?p=5112\"},\"author\":{\"name\":\"Mathieu\",\"@id\":\"https:\\\/\\\/www.altercampagne.net\\\/#\\\/schema\\\/person\\\/0f261460c09e430caa0f9bcffa319109\"},\"headline\":\"L\u2019Auberge de La Maison Neuve le 18 juillet \u00e0 Chauvign\u00e9\",\"datePublished\":\"2016-05-18T10:15:48+00:00\",\"dateModified\":\"2019-09-13T12:52:04+00:00\",\"mainEntityOfPage\":{\"@id\":\"https:\\\/\\\/www.altercampagne.net\\\/?p=5112\"},\"wordCount\":348,\"image\":{\"@id\":\"https:\\\/\\\/www.altercampagne.net\\\/?p=5112#primaryimage\"},\"thumbnailUrl\":\"https:\\\/\\\/www.altercampagne.net\\\/wp-content\\\/uploads\\\/2016\\\/05\\\/2016-07-18_la-maison-neuve.jpg\",\"keywords\":[\"bretagne\",\"AlterTour 2016\",\"ille et vilaine\",\"accueil paysan\",\"bien commun\",\"la maison neuve\",\"Association 2 Bien F\u00eateur\",\"biens communs\",\"2016\",\"SCOP\",\"Auberge La Maison Neuve\",\"Chauvign\u00e9\",\"accueillant\",\"accueillant2016\",\"accueillant 2016\",\"AlterTour2016\"],\"articleSection\":[\"Agriculture\",\"Bretagne\",\"\u00c9dition 2016\"],\"inLanguage\":\"fr-FR\"},{\"@type\":\"WebPage\",\"@id\":\"https:\\\/\\\/www.altercampagne.net\\\/?p=5112\",\"url\":\"https:\\\/\\\/www.altercampagne.net\\\/?p=5112\",\"name\":\"L\u2019Auberge de La Maison Neuve le 18 juillet \u00e0 Chauvign\u00e9 - AlterTour\",\"isPartOf\":{\"@id\":\"https:\\\/\\\/www.altercampagne.net\\\/#website\"},\"primaryImageOfPage\":{\"@id\":\"https:\\\/\\\/www.altercampagne.net\\\/?p=5112#primaryimage\"},\"image\":{\"@id\":\"https:\\\/\\\/www.altercampagne.net\\\/?p=5112#primaryimage\"},\"thumbnailUrl\":\"https:\\\/\\\/www.altercampagne.net\\\/wp-content\\\/uploads\\\/2016\\\/05\\\/2016-07-18_la-maison-neuve.jpg\",\"datePublished\":\"2016-05-18T10:15:48+00:00\",\"dateModified\":\"2019-09-13T12:52:04+00:00\",\"author\":{\"@id\":\"https:\\\/\\\/www.altercampagne.net\\\/#\\\/schema\\\/person\\\/0f261460c09e430caa0f9bcffa319109\"},\"breadcrumb\":{\"@id\":\"https:\\\/\\\/www.altercampagne.net\\\/?p=5112#breadcrumb\"},\"inLanguage\":\"fr-FR\",\"potentialAction\":[{\"@type\":\"ReadAction\",\"target\":[\"https:\\\/\\\/www.altercampagne.net\\\/?p=5112\"]}]},{\"@type\":\"ImageObject\",\"inLanguage\":\"fr-FR\",\"@id\":\"https:\\\/\\\/www.altercampagne.net\\\/?p=5112#primaryimage\",\"url\":\"https:\\\/\\\/www.altercampagne.net\\\/wp-content\\\/uploads\\\/2016\\\/05\\\/2016-07-18_la-maison-neuve.jpg\",\"contentUrl\":\"https:\\\/\\\/www.altercampagne.net\\\/wp-content\\\/uploads\\\/2016\\\/05\\\/2016-07-18_la-maison-neuve.jpg\",\"width\":686,\"height\":358},{\"@type\":\"BreadcrumbList\",\"@id\":\"https:\\\/\\\/www.altercampagne.net\\\/?p=5112#breadcrumb\",\"itemListElement\":[{\"@type\":\"ListItem\",\"position\":1,\"name\":\"Accueil\",\"item\":\"https:\\\/\\\/www.altercampagne.net\\\/\"},{\"@type\":\"ListItem\",\"position\":2,\"name\":\"L\u2019Auberge de La Maison Neuve le 18 juillet \u00e0 Chauvign\u00e9\"}]},{\"@type\":\"WebSite\",\"@id\":\"https:\\\/\\\/www.altercampagne.net\\\/#website\",\"url\":\"https:\\\/\\\/www.altercampagne.net\\\/\",\"name\":\"AlterTour\",\"description\":\"Reliez les Alternatives \u00e0 v\u00e9lo\",\"potentialAction\":[{\"@type\":\"SearchAction\",\"target\":{\"@type\":\"EntryPoint\",\"urlTemplate\":\"https:\\\/\\\/www.altercampagne.net\\\/?s={search_term_string}\"},\"query-input\":{\"@type\":\"PropertyValueSpecification\",\"valueRequired\":true,\"valueName\":\"search_term_string\"}}],\"inLanguage\":\"fr-FR\"},{\"@type\":\"Person\",\"@id\":\"https:\\\/\\\/www.altercampagne.net\\\/#\\\/schema\\\/person\\\/0f261460c09e430caa0f9bcffa319109\",\"name\":\"Mathieu\",\"image\":{\"@type\":\"ImageObject\",\"inLanguage\":\"fr-FR\",\"@id\":\"https:\\\/\\\/secure.gravatar.com\\\/avatar\\\/aa9d3d24c83f2141e5e2709d0f63d09a99f6be6bb7a50abc4915838d9f54501a?s=96&d=mm&r=g\",\"url\":\"https:\\\/\\\/secure.gravatar.com\\\/avatar\\\/aa9d3d24c83f2141e5e2709d0f63d09a99f6be6bb7a50abc4915838d9f54501a?s=96&d=mm&r=g\",\"contentUrl\":\"https:\\\/\\\/secure.gravatar.com\\\/avatar\\\/aa9d3d24c83f2141e5e2709d0f63d09a99f6be6bb7a50abc4915838d9f54501a?s=96&d=mm&r=g\",\"caption\":\"Mathieu\"},\"url\":\"https:\\\/\\\/www.altercampagne.net\\\/?author=214\"}]}<\/script>\n<!-- \/ Yoast SEO plugin. -->","yoast_head_json":{"title":"L\u2019Auberge de La Maison Neuve le 18 juillet \u00e0 Chauvign\u00e9 - AlterTour","robots":{"index":"index","follow":"follow","max-snippet":"max-snippet:-1","max-image-preview":"max-image-preview:large","max-video-preview":"max-video-preview:-1"},"canonical":"https:\/\/www.altercampagne.net\/?p=5112","og_locale":"fr_FR","og_type":"article","og_title":"L\u2019Auberge de La Maison Neuve le 18 juillet \u00e0 Chauvign\u00e9 - AlterTour","og_description":"Bienvenue \u00e0 l\u2019Auberge de La Maison Neuve ! Nous, Marie Armelle, Luc et toute l\u2019\u00e9quipe, sommes ravis de vous accueillir. Une premi\u00e8re visite de l\u2019AlterTour en 2010 nous avait fait d\u00e9couvrir l\u2019initiative. Aujourd\u2019hui c\u2019est avec beaucoup de plaisir que nous vous recevons \u00e0 nouveau. Depuis 25 ans et particuli\u00e8rement depuis ... Read More","og_url":"https:\/\/www.altercampagne.net\/?p=5112","og_site_name":"AlterTour","article_published_time":"2016-05-18T10:15:48+00:00","article_modified_time":"2019-09-13T12:52:04+00:00","og_image":[{"width":686,"height":358,"url":"https:\/\/www.altercampagne.net\/wp-content\/uploads\/2016\/05\/2016-07-18_la-maison-neuve.jpg","type":"image\/jpeg"}],"author":"Mathieu","twitter_card":"summary_large_image","twitter_misc":{"\u00c9crit par":"Mathieu","Dur\u00e9e de lecture estim\u00e9e":"2 minutes"},"schema":{"@context":"https:\/\/schema.org","@graph":[{"@type":"Article","@id":"https:\/\/www.altercampagne.net\/?p=5112#article","isPartOf":{"@id":"https:\/\/www.altercampagne.net\/?p=5112"},"author":{"name":"Mathieu","@id":"https:\/\/www.altercampagne.net\/#\/schema\/person\/0f261460c09e430caa0f9bcffa319109"},"headline":"L\u2019Auberge de La Maison Neuve le 18 juillet \u00e0 Chauvign\u00e9","datePublished":"2016-05-18T10:15:48+00:00","dateModified":"2019-09-13T12:52:04+00:00","mainEntityOfPage":{"@id":"https:\/\/www.altercampagne.net\/?p=5112"},"wordCount":348,"image":{"@id":"https:\/\/www.altercampagne.net\/?p=5112#primaryimage"},"thumbnailUrl":"https:\/\/www.altercampagne.net\/wp-content\/uploads\/2016\/05\/2016-07-18_la-maison-neuve.jpg","keywords":["bretagne","AlterTour 2016","ille et vilaine","accueil paysan","bien commun","la maison neuve","Association 2 Bien F\u00eateur","biens communs","2016","SCOP","Auberge La Maison Neuve","Chauvign\u00e9","accueillant","accueillant2016","accueillant 2016","AlterTour2016"],"articleSection":["Agriculture","Bretagne","\u00c9dition 2016"],"inLanguage":"fr-FR"},{"@type":"WebPage","@id":"https:\/\/www.altercampagne.net\/?p=5112","url":"https:\/\/www.altercampagne.net\/?p=5112","name":"L\u2019Auberge de La Maison Neuve le 18 juillet \u00e0 Chauvign\u00e9 - AlterTour","isPartOf":{"@id":"https:\/\/www.altercampagne.net\/#website"},"primaryImageOfPage":{"@id":"https:\/\/www.altercampagne.net\/?p=5112#primaryimage"},"image":{"@id":"https:\/\/www.altercampagne.net\/?p=5112#primaryimage"},"thumbnailUrl":"https:\/\/www.altercampagne.net\/wp-content\/uploads\/2016\/05\/2016-07-18_la-maison-neuve.jpg","datePublished":"2016-05-18T10:15:48+00:00","dateModified":"2019-09-13T12:52:04+00:00","author":{"@id":"https:\/\/www.altercampagne.net\/#\/schema\/person\/0f261460c09e430caa0f9bcffa319109"},"breadcrumb":{"@id":"https:\/\/www.altercampagne.net\/?p=5112#breadcrumb"},"inLanguage":"fr-FR","potentialAction":[{"@type":"ReadAction","target":["https:\/\/www.altercampagne.net\/?p=5112"]}]},{"@type":"ImageObject","inLanguage":"fr-FR","@id":"https:\/\/www.altercampagne.net\/?p=5112#primaryimage","url":"https:\/\/www.altercampagne.net\/wp-content\/uploads\/2016\/05\/2016-07-18_la-maison-neuve.jpg","contentUrl":"https:\/\/www.altercampagne.net\/wp-content\/uploads\/2016\/05\/2016-07-18_la-maison-neuve.jpg","width":686,"height":358},{"@type":"BreadcrumbList","@id":"https:\/\/www.altercampagne.net\/?p=5112#breadcrumb","itemListElement":[{"@type":"ListItem","position":1,"name":"Accueil","item":"https:\/\/www.altercampagne.net\/"},{"@type":"ListItem","position":2,"name":"L\u2019Auberge de La Maison Neuve le 18 juillet \u00e0 Chauvign\u00e9"}]},{"@type":"WebSite","@id":"https:\/\/www.altercampagne.net\/#website","url":"https:\/\/www.altercampagne.net\/","name":"AlterTour","description":"Reliez les Alternatives \u00e0 v\u00e9lo","potentialAction":[{"@type":"SearchAction","target":{"@type":"EntryPoint","urlTemplate":"https:\/\/www.altercampagne.net\/?s={search_term_string}"},"query-input":{"@type":"PropertyValueSpecification","valueRequired":true,"valueName":"search_term_string"}}],"inLanguage":"fr-FR"},{"@type":"Person","@id":"https:\/\/www.altercampagne.net\/#\/schema\/person\/0f261460c09e430caa0f9bcffa319109","name":"Mathieu","image":{"@type":"ImageObject","inLanguage":"fr-FR","@id":"https:\/\/secure.gravatar.com\/avatar\/aa9d3d24c83f2141e5e2709d0f63d09a99f6be6bb7a50abc4915838d9f54501a?s=96&d=mm&r=g","url":"https:\/\/secure.gravatar.com\/avatar\/aa9d3d24c83f2141e5e2709d0f63d09a99f6be6bb7a50abc4915838d9f54501a?s=96&d=mm&r=g","contentUrl":"https:\/\/secure.gravatar.com\/avatar\/aa9d3d24c83f2141e5e2709d0f63d09a99f6be6bb7a50abc4915838d9f54501a?s=96&d=mm&r=g","caption":"Mathieu"},"url":"https:\/\/www.altercampagne.net\/?author=214"}]}},"_links":{"self":[{"href":"https:\/\/www.altercampagne.net\/index.php?rest_route=\/wp\/v2\/posts\/5112","targetHints":{"allow":["GET"]}}],"collection":[{"href":"https:\/\/www.altercampagne.net\/index.php?rest_route=\/wp\/v2\/posts"}],"about":[{"href":"https:\/\/www.altercampagne.net\/index.php?rest_route=\/wp\/v2\/types\/post"}],"author":[{"embeddable":true,"href":"https:\/\/www.altercampagne.net\/index.php?rest_route=\/wp\/v2\/users\/214"}],"replies":[{"embeddable":true,"href":"https:\/\/www.altercampagne.net\/index.php?rest_route=%2Fwp%2Fv2%2Fcomments&post=5112"}],"version-history":[{"count":0,"href":"https:\/\/www.altercampagne.net\/index.php?rest_route=\/wp\/v2\/posts\/5112\/revisions"}],"wp:featuredmedia":[{"embeddable":true,"href":"https:\/\/www.altercampagne.net\/index.php?rest_route=\/wp\/v2\/media\/15419"}],"wp:attachment":[{"href":"https:\/\/www.altercampagne.net\/index.php?rest_route=%2Fwp%2Fv2%2Fmedia&parent=5112"}],"wp:term":[{"taxonomy":"category","embeddable":true,"href":"https:\/\/www.altercampagne.net\/index.php?rest_route=%2Fwp%2Fv2%2Fcategories&post=5112"},{"taxonomy":"post_tag","embeddable":true,"href":"https:\/\/www.altercampagne.net\/index.php?rest_route=%2Fwp%2Fv2%2Ftags&post=5112"}],"curies":[{"name":"wp","href":"https:\/\/api.w.org\/{rel}","templated":true}]}}