{"id":5126,"date":"2016-05-19T09:08:23","date_gmt":"2016-05-19T07:08:23","guid":{"rendered":"http:\/\/www.altercampagne.net\/?p=5126"},"modified":"2019-09-13T14:59:31","modified_gmt":"2019-09-13T12:59:31","slug":"le-barzouges-ce-qui-nous-lie-a-hede-bazouges-le-19-juillet","status":"publish","type":"post","link":"https:\/\/www.altercampagne.net\/?p=5126","title":{"rendered":"Le Bar&rsquo;Zouges &#8211; Ce Qui Nous Lie, \u00e0 H\u00e9d\u00e9-Bazouges le 19 juillet"},"content":{"rendered":"<p style=\"text-align: justify;\"><strong><a href=\"http:\/\/www.altercampagne.net\/wp-content\/uploads\/2016\/05\/2016-07-19-Barzouges.jpg\"><img loading=\"lazy\" decoding=\"async\" class=\" size-medium wp-image-5128 alignright\" src=\"http:\/\/www.altercampagne.net\/wp-content\/uploads\/2016\/05\/2016-07-19-Barzouges-300x219.jpg\" alt=\"Bar'zouges\" width=\"300\" height=\"219\" srcset=\"https:\/\/www.altercampagne.net\/wp-content\/uploads\/2016\/05\/2016-07-19-Barzouges-300x219.jpg 300w, https:\/\/www.altercampagne.net\/wp-content\/uploads\/2016\/05\/2016-07-19-Barzouges.jpg 686w\" sizes=\"auto, (max-width: 300px) 100vw, 300px\" \/><\/a>Ce Qui Nous Lie\u2026 Tout est dit !<\/strong><br \/>\nOu presque\u2026 Le nom m\u00eame de l\u2019association qui porte le caf\u00e9 associatif Le <a href=\"https:\/\/www.facebook.com\/Barzouges-Cequinouslie-461761473871881\/\" target=\"_blank\" rel=\"noopener noreferrer\">Bar\u2019Zouges<\/a> exprime bel et bien l\u2019objectif g\u00e9n\u00e9ral : cr\u00e9er du lien.<br \/>\nEn effet, le Bar&rsquo;Zouges est l&rsquo;un des &#8211; de plus en plus &#8211; nombreux caf\u00e9s associatifs de Bretagne. Cr\u00e9\u00e9 en 2012 par des habitants du village pour avoir un lieu o\u00f9 se retrouver, le caf\u00e9 est un outil au service du lien social. Il a pour vocation d\u2019\u00eatre un lieu de convivialit\u00e9, ouvert \u00e0 tous, avec l\u2019id\u00e9e qu\u2019il est possible de mieux vivre ensemble. La programmation est \u00e0 l\u2019image de ses adh\u00e9rents : diverse ! Rencontres parentales, ateliers culturels (th\u00e9\u00e2tre, \u00e9criture\u2026) linguistiques ou culinaires, soir\u00e9es concerts, journ\u00e9es troc ou vide-dressing, projections de films engag\u00e9s, caf\u00e9s qui chantent ou qui voyagent\u2026 chacun peut proposer les actions et animations qui lui ressemblent.<\/p>\n<p style=\"text-align: justify;\">En \u00e9t\u00e9, les Bar&rsquo;Z&rsquo;beuqs habillent les jeudis du march\u00e9 Bio de grandes tabl\u00e9es conviviales ou chacun est invit\u00e9 \u00e0 amener un repas \u00e0 partager, en toute convivialit\u00e9, autour d&rsquo;un spectacle ou de jeux g\u00e9ants.<\/p>\n<p><strong><a href=\"http:\/\/www.altercampagne.net\/wp-content\/uploads\/2016\/05\/2016-07-19-ce-qui-nous-lie.jpg\"><img loading=\"lazy\" decoding=\"async\" class=\" size-medium wp-image-5127 alignleft\" src=\"http:\/\/www.altercampagne.net\/wp-content\/uploads\/2016\/05\/2016-07-19-ce-qui-nous-lie-300x219.jpg\" alt=\"Ce qui nous lie\" width=\"300\" height=\"219\" srcset=\"https:\/\/www.altercampagne.net\/wp-content\/uploads\/2016\/05\/2016-07-19-ce-qui-nous-lie-300x219.jpg 300w, https:\/\/www.altercampagne.net\/wp-content\/uploads\/2016\/05\/2016-07-19-ce-qui-nous-lie.jpg 686w\" sizes=\"auto, (max-width: 300px) 100vw, 300px\" \/><\/a>Culture intensive de partenariats<\/strong><\/p>\n<p style=\"text-align: justify;\">Les produits propos\u00e9s par le bar sont majoritairement Bio et locaux, dans une logique de protection de l\u2019environnement et de soutien de l\u2019\u00e9conomie de proximit\u00e9. Son approvisionnement est r\u00e9guli\u00e8rement r\u00e9\u00e9valu\u00e9 au regard de l\u2019\u00e9volution du paysage agricole et artisanal local.<\/p>\n<p style=\"text-align: justify;\">Mais l&rsquo;association <a href=\"http:\/\/cequinouslie.fr\/a-venir\/\" target=\"_blank\" rel=\"noopener noreferrer\">Ce Qui Nous Lie<\/a> fait quelques entorses au d\u00e9veloppement durable\u2026 elle cultive les partenariats selon un mode de production intensif : avec les nombreuses associations du territoire, le march\u00e9 Bio, mais aussi avec la municipalit\u00e9, qui lui met \u00e0 disposition un local communal depuis janvier 2016 en \u00e9change d\u2019une contribution active de b\u00e9n\u00e9voles, habitants et adh\u00e9rents dans le projet de r\u00e9habilitation de ce b\u00e2timent situ\u00e9 en centre bourg. Les travaux sont en cours\u2026<\/p>\n<p style=\"text-align: justify;\">Lieu d&rsquo;apprentissage du collectif, l&rsquo;association fait \u00e9galement na\u00eetre de nouveaux projets : coop\u00e9ration avec l&rsquo;\u00e9picerie locale pour d\u00e9velopper les produits Bio et\/ou locaux, projet de jardin partag\u00e9\u2026<\/p>\n<p><strong>Envie de participer ?<\/strong><\/p>\n<p style=\"text-align: justify;\">Le Bar\u2019Zouges est g\u00e9r\u00e9, tenu et anim\u00e9 par les adh\u00e9rents de Ce Qui Nous Lie. Il fonctionne gr\u00e2ce \u00e0 cette \u00e9nergie et gr\u00e2ce \u00e0 ses consommateurs. N\u2019h\u00e9sitez pas \u00e0 nous rejoindre\u2026<\/p>\n<p style=\"text-align: right;\"><strong>L\u2019\u00e9quipe du Bar\u2019Zouges (association Ce Qui Nous Lie)<\/strong><\/p>\n<p>Ouverture le jeudi de 18h \u00e0 21h \u2013 et le dimanche de 16h \u00e0 20h \u2013 Ouverture vendredi et samedi selon \u00e9v\u00e9nements<\/p>\n<p>Le Bar\u2019Zouges \u2013 1, rue Jules Duval \u2013 ancienne mairie de Bazouges \u2013 35630 H\u00e9d\u00e9-Bazouges<br \/>\nbarzouges@gmail.com<br \/>\nRetrouvez nous sur&#8230; <a href=\"http:\/\/cequinouslie.fr\/a-venir\/\" target=\"_blank\" rel=\"noopener noreferrer\">www.cequinouslie.fr<\/a> &#8211; Facebook \u2013 Twitter<\/p>\n<p>Recevez notre lettre d\u2019info mensuelle : sur demande \u00e0 barzouges@gmail.com (objet : \u00ab\u00a0J\u2019m\u2019abonne\u00a0\u00bb)<br \/>\nProposer un \u00e9v\u00e9nement : progbarz@gmail.com<\/p>\n<p>Le Bar\u2019Zouges accueillera l\u2019AlterTour le 19 juillet 2016 \u00e0 H\u00e9d\u00e9-Bazouges. D\u00e9tails de l&rsquo;\u00e9tape <a href=\"http:\/\/www.altercampagne.net\/?page_id=172&amp;route=62\">ici<\/a>.<\/p>\n","protected":false},"excerpt":{"rendered":"<p>Ce Qui Nous Lie\u2026 Tout est dit ! Ou presque\u2026 Le nom m\u00eame de l\u2019association qui porte le caf\u00e9 associatif Le Bar\u2019Zouges exprime bel et bien l\u2019objectif g\u00e9n\u00e9ral : cr\u00e9er du lien. En effet, le Bar&rsquo;Zouges est l&rsquo;un des &#8211; de plus en plus &#8211; nombreux caf\u00e9s associatifs de Bretagne. &#8230; <\/p>\n<div><a href=\"https:\/\/www.altercampagne.net\/?p=5126\" class=\"more-link\">Read More<\/a><\/div>\n","protected":false},"author":214,"featured_media":15421,"comment_status":"closed","ping_status":"closed","sticky":false,"template":"","format":"standard","meta":{"footnotes":""},"categories":[3472,3490,3459],"tags":[20,383,413,474,521,822,1228,1652,2416,2417,2418,2846,2849,2850,2851],"class_list":["post-5126","post","type-post","status-publish","format-standard","has-post-thumbnail","hentry","category-bretagne","category-culture","category-edition-2016","tag-bretagne","tag-altertour-2016","tag-ille-et-vilaine","tag-bien-commun","tag-bien-vivre","tag-biens-communs","tag-cafe-associatif","tag-1652","tag-hede-bazouges","tag-ce-qui-nous-lie","tag-barzouges","tag-accueillant","tag-accueillant2016","tag-accueillant-2016","tag-altertour2016"],"yoast_head":"<!-- This site is optimized with the Yoast SEO plugin v27.3 - https:\/\/yoast.com\/product\/yoast-seo-wordpress\/ -->\n<title>Le Bar&#039;Zouges - Ce Qui Nous Lie, \u00e0 H\u00e9d\u00e9-Bazouges le 19 juillet - AlterTour<\/title>\n<meta name=\"robots\" content=\"index, follow, max-snippet:-1, max-image-preview:large, max-video-preview:-1\" \/>\n<link rel=\"canonical\" href=\"https:\/\/www.altercampagne.net\/?p=5126\" \/>\n<meta property=\"og:locale\" content=\"fr_FR\" \/>\n<meta property=\"og:type\" content=\"article\" \/>\n<meta property=\"og:title\" content=\"Le Bar&#039;Zouges - Ce Qui Nous Lie, \u00e0 H\u00e9d\u00e9-Bazouges le 19 juillet - AlterTour\" \/>\n<meta property=\"og:description\" content=\"Ce Qui Nous Lie\u2026 Tout est dit ! Ou presque\u2026 Le nom m\u00eame de l\u2019association qui porte le caf\u00e9 associatif Le Bar\u2019Zouges exprime bel et bien l\u2019objectif g\u00e9n\u00e9ral : cr\u00e9er du lien. En effet, le Bar&rsquo;Zouges est l&rsquo;un des &#8211; de plus en plus &#8211; nombreux caf\u00e9s associatifs de Bretagne. ... Read More\" \/>\n<meta property=\"og:url\" content=\"https:\/\/www.altercampagne.net\/?p=5126\" \/>\n<meta property=\"og:site_name\" content=\"AlterTour\" \/>\n<meta property=\"article:published_time\" content=\"2016-05-19T07:08:23+00:00\" \/>\n<meta property=\"article:modified_time\" content=\"2019-09-13T12:59:31+00:00\" \/>\n<meta property=\"og:image\" content=\"https:\/\/www.altercampagne.net\/wp-content\/uploads\/2016\/05\/2016-05-19-13613489_1090344521013570_2302764531451862656_o.jpg\" \/>\n\t<meta property=\"og:image:width\" content=\"900\" \/>\n\t<meta property=\"og:image:height\" content=\"470\" \/>\n\t<meta property=\"og:image:type\" content=\"image\/jpeg\" \/>\n<meta name=\"author\" content=\"Mathieu\" \/>\n<meta name=\"twitter:card\" content=\"summary_large_image\" \/>\n<meta name=\"twitter:label1\" content=\"\u00c9crit par\" \/>\n\t<meta name=\"twitter:data1\" content=\"Mathieu\" \/>\n\t<meta name=\"twitter:label2\" content=\"Dur\u00e9e de lecture estim\u00e9e\" \/>\n\t<meta name=\"twitter:data2\" content=\"2 minutes\" \/>\n<script type=\"application\/ld+json\" class=\"yoast-schema-graph\">{\"@context\":\"https:\\\/\\\/schema.org\",\"@graph\":[{\"@type\":\"Article\",\"@id\":\"https:\\\/\\\/www.altercampagne.net\\\/?p=5126#article\",\"isPartOf\":{\"@id\":\"https:\\\/\\\/www.altercampagne.net\\\/?p=5126\"},\"author\":{\"name\":\"Mathieu\",\"@id\":\"https:\\\/\\\/www.altercampagne.net\\\/#\\\/schema\\\/person\\\/0f261460c09e430caa0f9bcffa319109\"},\"headline\":\"Le Bar&rsquo;Zouges &#8211; Ce Qui Nous Lie, \u00e0 H\u00e9d\u00e9-Bazouges le 19 juillet\",\"datePublished\":\"2016-05-19T07:08:23+00:00\",\"dateModified\":\"2019-09-13T12:59:31+00:00\",\"mainEntityOfPage\":{\"@id\":\"https:\\\/\\\/www.altercampagne.net\\\/?p=5126\"},\"wordCount\":501,\"image\":{\"@id\":\"https:\\\/\\\/www.altercampagne.net\\\/?p=5126#primaryimage\"},\"thumbnailUrl\":\"https:\\\/\\\/www.altercampagne.net\\\/wp-content\\\/uploads\\\/2016\\\/05\\\/2016-05-19-13613489_1090344521013570_2302764531451862656_o.jpg\",\"keywords\":[\"bretagne\",\"AlterTour 2016\",\"ille et vilaine\",\"bien commun\",\"bien vivre\",\"biens communs\",\"caf\u00e9 associatif\",\"2016\",\"H\u00e9d\u00e9-Bazouges\",\"Ce qui nous lie\",\"Bar\u2019Zouges\",\"accueillant\",\"accueillant2016\",\"accueillant 2016\",\"AlterTour2016\"],\"articleSection\":[\"Bretagne\",\"Culture\",\"\u00c9dition 2016\"],\"inLanguage\":\"fr-FR\"},{\"@type\":\"WebPage\",\"@id\":\"https:\\\/\\\/www.altercampagne.net\\\/?p=5126\",\"url\":\"https:\\\/\\\/www.altercampagne.net\\\/?p=5126\",\"name\":\"Le Bar'Zouges - Ce Qui Nous Lie, \u00e0 H\u00e9d\u00e9-Bazouges le 19 juillet - AlterTour\",\"isPartOf\":{\"@id\":\"https:\\\/\\\/www.altercampagne.net\\\/#website\"},\"primaryImageOfPage\":{\"@id\":\"https:\\\/\\\/www.altercampagne.net\\\/?p=5126#primaryimage\"},\"image\":{\"@id\":\"https:\\\/\\\/www.altercampagne.net\\\/?p=5126#primaryimage\"},\"thumbnailUrl\":\"https:\\\/\\\/www.altercampagne.net\\\/wp-content\\\/uploads\\\/2016\\\/05\\\/2016-05-19-13613489_1090344521013570_2302764531451862656_o.jpg\",\"datePublished\":\"2016-05-19T07:08:23+00:00\",\"dateModified\":\"2019-09-13T12:59:31+00:00\",\"author\":{\"@id\":\"https:\\\/\\\/www.altercampagne.net\\\/#\\\/schema\\\/person\\\/0f261460c09e430caa0f9bcffa319109\"},\"breadcrumb\":{\"@id\":\"https:\\\/\\\/www.altercampagne.net\\\/?p=5126#breadcrumb\"},\"inLanguage\":\"fr-FR\",\"potentialAction\":[{\"@type\":\"ReadAction\",\"target\":[\"https:\\\/\\\/www.altercampagne.net\\\/?p=5126\"]}]},{\"@type\":\"ImageObject\",\"inLanguage\":\"fr-FR\",\"@id\":\"https:\\\/\\\/www.altercampagne.net\\\/?p=5126#primaryimage\",\"url\":\"https:\\\/\\\/www.altercampagne.net\\\/wp-content\\\/uploads\\\/2016\\\/05\\\/2016-05-19-13613489_1090344521013570_2302764531451862656_o.jpg\",\"contentUrl\":\"https:\\\/\\\/www.altercampagne.net\\\/wp-content\\\/uploads\\\/2016\\\/05\\\/2016-05-19-13613489_1090344521013570_2302764531451862656_o.jpg\",\"width\":900,\"height\":470},{\"@type\":\"BreadcrumbList\",\"@id\":\"https:\\\/\\\/www.altercampagne.net\\\/?p=5126#breadcrumb\",\"itemListElement\":[{\"@type\":\"ListItem\",\"position\":1,\"name\":\"Accueil\",\"item\":\"https:\\\/\\\/www.altercampagne.net\\\/\"},{\"@type\":\"ListItem\",\"position\":2,\"name\":\"Le Bar&rsquo;Zouges &#8211; Ce Qui Nous Lie, \u00e0 H\u00e9d\u00e9-Bazouges le 19 juillet\"}]},{\"@type\":\"WebSite\",\"@id\":\"https:\\\/\\\/www.altercampagne.net\\\/#website\",\"url\":\"https:\\\/\\\/www.altercampagne.net\\\/\",\"name\":\"AlterTour\",\"description\":\"Reliez les Alternatives \u00e0 v\u00e9lo\",\"potentialAction\":[{\"@type\":\"SearchAction\",\"target\":{\"@type\":\"EntryPoint\",\"urlTemplate\":\"https:\\\/\\\/www.altercampagne.net\\\/?s={search_term_string}\"},\"query-input\":{\"@type\":\"PropertyValueSpecification\",\"valueRequired\":true,\"valueName\":\"search_term_string\"}}],\"inLanguage\":\"fr-FR\"},{\"@type\":\"Person\",\"@id\":\"https:\\\/\\\/www.altercampagne.net\\\/#\\\/schema\\\/person\\\/0f261460c09e430caa0f9bcffa319109\",\"name\":\"Mathieu\",\"image\":{\"@type\":\"ImageObject\",\"inLanguage\":\"fr-FR\",\"@id\":\"https:\\\/\\\/secure.gravatar.com\\\/avatar\\\/aa9d3d24c83f2141e5e2709d0f63d09a99f6be6bb7a50abc4915838d9f54501a?s=96&d=mm&r=g\",\"url\":\"https:\\\/\\\/secure.gravatar.com\\\/avatar\\\/aa9d3d24c83f2141e5e2709d0f63d09a99f6be6bb7a50abc4915838d9f54501a?s=96&d=mm&r=g\",\"contentUrl\":\"https:\\\/\\\/secure.gravatar.com\\\/avatar\\\/aa9d3d24c83f2141e5e2709d0f63d09a99f6be6bb7a50abc4915838d9f54501a?s=96&d=mm&r=g\",\"caption\":\"Mathieu\"},\"url\":\"https:\\\/\\\/www.altercampagne.net\\\/?author=214\"}]}<\/script>\n<!-- \/ Yoast SEO plugin. -->","yoast_head_json":{"title":"Le Bar'Zouges - Ce Qui Nous Lie, \u00e0 H\u00e9d\u00e9-Bazouges le 19 juillet - AlterTour","robots":{"index":"index","follow":"follow","max-snippet":"max-snippet:-1","max-image-preview":"max-image-preview:large","max-video-preview":"max-video-preview:-1"},"canonical":"https:\/\/www.altercampagne.net\/?p=5126","og_locale":"fr_FR","og_type":"article","og_title":"Le Bar'Zouges - Ce Qui Nous Lie, \u00e0 H\u00e9d\u00e9-Bazouges le 19 juillet - AlterTour","og_description":"Ce Qui Nous Lie\u2026 Tout est dit ! Ou presque\u2026 Le nom m\u00eame de l\u2019association qui porte le caf\u00e9 associatif Le Bar\u2019Zouges exprime bel et bien l\u2019objectif g\u00e9n\u00e9ral : cr\u00e9er du lien. En effet, le Bar&rsquo;Zouges est l&rsquo;un des &#8211; de plus en plus &#8211; nombreux caf\u00e9s associatifs de Bretagne. ... Read More","og_url":"https:\/\/www.altercampagne.net\/?p=5126","og_site_name":"AlterTour","article_published_time":"2016-05-19T07:08:23+00:00","article_modified_time":"2019-09-13T12:59:31+00:00","og_image":[{"width":900,"height":470,"url":"https:\/\/www.altercampagne.net\/wp-content\/uploads\/2016\/05\/2016-05-19-13613489_1090344521013570_2302764531451862656_o.jpg","type":"image\/jpeg"}],"author":"Mathieu","twitter_card":"summary_large_image","twitter_misc":{"\u00c9crit par":"Mathieu","Dur\u00e9e de lecture estim\u00e9e":"2 minutes"},"schema":{"@context":"https:\/\/schema.org","@graph":[{"@type":"Article","@id":"https:\/\/www.altercampagne.net\/?p=5126#article","isPartOf":{"@id":"https:\/\/www.altercampagne.net\/?p=5126"},"author":{"name":"Mathieu","@id":"https:\/\/www.altercampagne.net\/#\/schema\/person\/0f261460c09e430caa0f9bcffa319109"},"headline":"Le Bar&rsquo;Zouges &#8211; Ce Qui Nous Lie, \u00e0 H\u00e9d\u00e9-Bazouges le 19 juillet","datePublished":"2016-05-19T07:08:23+00:00","dateModified":"2019-09-13T12:59:31+00:00","mainEntityOfPage":{"@id":"https:\/\/www.altercampagne.net\/?p=5126"},"wordCount":501,"image":{"@id":"https:\/\/www.altercampagne.net\/?p=5126#primaryimage"},"thumbnailUrl":"https:\/\/www.altercampagne.net\/wp-content\/uploads\/2016\/05\/2016-05-19-13613489_1090344521013570_2302764531451862656_o.jpg","keywords":["bretagne","AlterTour 2016","ille et vilaine","bien commun","bien vivre","biens communs","caf\u00e9 associatif","2016","H\u00e9d\u00e9-Bazouges","Ce qui nous lie","Bar\u2019Zouges","accueillant","accueillant2016","accueillant 2016","AlterTour2016"],"articleSection":["Bretagne","Culture","\u00c9dition 2016"],"inLanguage":"fr-FR"},{"@type":"WebPage","@id":"https:\/\/www.altercampagne.net\/?p=5126","url":"https:\/\/www.altercampagne.net\/?p=5126","name":"Le Bar'Zouges - Ce Qui Nous Lie, \u00e0 H\u00e9d\u00e9-Bazouges le 19 juillet - AlterTour","isPartOf":{"@id":"https:\/\/www.altercampagne.net\/#website"},"primaryImageOfPage":{"@id":"https:\/\/www.altercampagne.net\/?p=5126#primaryimage"},"image":{"@id":"https:\/\/www.altercampagne.net\/?p=5126#primaryimage"},"thumbnailUrl":"https:\/\/www.altercampagne.net\/wp-content\/uploads\/2016\/05\/2016-05-19-13613489_1090344521013570_2302764531451862656_o.jpg","datePublished":"2016-05-19T07:08:23+00:00","dateModified":"2019-09-13T12:59:31+00:00","author":{"@id":"https:\/\/www.altercampagne.net\/#\/schema\/person\/0f261460c09e430caa0f9bcffa319109"},"breadcrumb":{"@id":"https:\/\/www.altercampagne.net\/?p=5126#breadcrumb"},"inLanguage":"fr-FR","potentialAction":[{"@type":"ReadAction","target":["https:\/\/www.altercampagne.net\/?p=5126"]}]},{"@type":"ImageObject","inLanguage":"fr-FR","@id":"https:\/\/www.altercampagne.net\/?p=5126#primaryimage","url":"https:\/\/www.altercampagne.net\/wp-content\/uploads\/2016\/05\/2016-05-19-13613489_1090344521013570_2302764531451862656_o.jpg","contentUrl":"https:\/\/www.altercampagne.net\/wp-content\/uploads\/2016\/05\/2016-05-19-13613489_1090344521013570_2302764531451862656_o.jpg","width":900,"height":470},{"@type":"BreadcrumbList","@id":"https:\/\/www.altercampagne.net\/?p=5126#breadcrumb","itemListElement":[{"@type":"ListItem","position":1,"name":"Accueil","item":"https:\/\/www.altercampagne.net\/"},{"@type":"ListItem","position":2,"name":"Le Bar&rsquo;Zouges &#8211; Ce Qui Nous Lie, \u00e0 H\u00e9d\u00e9-Bazouges le 19 juillet"}]},{"@type":"WebSite","@id":"https:\/\/www.altercampagne.net\/#website","url":"https:\/\/www.altercampagne.net\/","name":"AlterTour","description":"Reliez les Alternatives \u00e0 v\u00e9lo","potentialAction":[{"@type":"SearchAction","target":{"@type":"EntryPoint","urlTemplate":"https:\/\/www.altercampagne.net\/?s={search_term_string}"},"query-input":{"@type":"PropertyValueSpecification","valueRequired":true,"valueName":"search_term_string"}}],"inLanguage":"fr-FR"},{"@type":"Person","@id":"https:\/\/www.altercampagne.net\/#\/schema\/person\/0f261460c09e430caa0f9bcffa319109","name":"Mathieu","image":{"@type":"ImageObject","inLanguage":"fr-FR","@id":"https:\/\/secure.gravatar.com\/avatar\/aa9d3d24c83f2141e5e2709d0f63d09a99f6be6bb7a50abc4915838d9f54501a?s=96&d=mm&r=g","url":"https:\/\/secure.gravatar.com\/avatar\/aa9d3d24c83f2141e5e2709d0f63d09a99f6be6bb7a50abc4915838d9f54501a?s=96&d=mm&r=g","contentUrl":"https:\/\/secure.gravatar.com\/avatar\/aa9d3d24c83f2141e5e2709d0f63d09a99f6be6bb7a50abc4915838d9f54501a?s=96&d=mm&r=g","caption":"Mathieu"},"url":"https:\/\/www.altercampagne.net\/?author=214"}]}},"_links":{"self":[{"href":"https:\/\/www.altercampagne.net\/index.php?rest_route=\/wp\/v2\/posts\/5126","targetHints":{"allow":["GET"]}}],"collection":[{"href":"https:\/\/www.altercampagne.net\/index.php?rest_route=\/wp\/v2\/posts"}],"about":[{"href":"https:\/\/www.altercampagne.net\/index.php?rest_route=\/wp\/v2\/types\/post"}],"author":[{"embeddable":true,"href":"https:\/\/www.altercampagne.net\/index.php?rest_route=\/wp\/v2\/users\/214"}],"replies":[{"embeddable":true,"href":"https:\/\/www.altercampagne.net\/index.php?rest_route=%2Fwp%2Fv2%2Fcomments&post=5126"}],"version-history":[{"count":0,"href":"https:\/\/www.altercampagne.net\/index.php?rest_route=\/wp\/v2\/posts\/5126\/revisions"}],"wp:featuredmedia":[{"embeddable":true,"href":"https:\/\/www.altercampagne.net\/index.php?rest_route=\/wp\/v2\/media\/15421"}],"wp:attachment":[{"href":"https:\/\/www.altercampagne.net\/index.php?rest_route=%2Fwp%2Fv2%2Fmedia&parent=5126"}],"wp:term":[{"taxonomy":"category","embeddable":true,"href":"https:\/\/www.altercampagne.net\/index.php?rest_route=%2Fwp%2Fv2%2Fcategories&post=5126"},{"taxonomy":"post_tag","embeddable":true,"href":"https:\/\/www.altercampagne.net\/index.php?rest_route=%2Fwp%2Fv2%2Ftags&post=5126"}],"curies":[{"name":"wp","href":"https:\/\/api.w.org\/{rel}","templated":true}]}}