{"id":5138,"date":"2016-05-23T07:36:06","date_gmt":"2016-05-23T05:36:06","guid":{"rendered":"http:\/\/www.altercampagne.net\/?p=5138"},"modified":"2017-12-11T13:57:16","modified_gmt":"2017-12-11T12:57:16","slug":"numero-de-silence-de-juin-quelle-non-violence-en-temps-de-guerre","status":"publish","type":"post","link":"https:\/\/www.altercampagne.net\/?p=5138","title":{"rendered":"Num\u00e9ro de Silence de juin : Quelle non-violence en temps de guerre ?"},"content":{"rendered":"<p><a href=\"http:\/\/www.altercampagne.net\/wp-content\/uploads\/2016\/05\/446BD.jpg\"><img loading=\"lazy\" decoding=\"async\" class=\" size-full wp-image-5139 alignright\" src=\"http:\/\/www.altercampagne.net\/wp-content\/uploads\/2016\/05\/446BD.jpg\" alt=\"446BD\" width=\"595\" height=\"842\" srcset=\"https:\/\/www.altercampagne.net\/wp-content\/uploads\/2016\/05\/446BD.jpg 595w, https:\/\/www.altercampagne.net\/wp-content\/uploads\/2016\/05\/446BD-212x300.jpg 212w\" sizes=\"auto, (max-width: 595px) 100vw, 595px\" \/><\/a><strong>Un Dossier : Quelle non-violence en temps de guerre ?<\/strong><\/p>\n<p style=\"text-align: justify;\"><strong>Sans arme face \u00e0 la violence : l&rsquo;intervention civile de paix<\/strong><br \/>\nDepuis plus de trente ans, des civils interviennent dans des zones de conflit, sans armes ni mandat humanitaire. Equip\u00e9s uniquement de principes de droit et de techniques d&rsquo;observation, de m\u00e9diation et d&rsquo;interposition, ils soutiennent les locaux dans leurs tentatives de transformation des conflits.<\/p>\n<p style=\"text-align: justify;\"><strong>Face \u00e0 Daech, des pistes d\u2019actions<\/strong><br \/>\nApr\u00e8s les attentats de Paris de novembre 2015, quelles sont les r\u00e9actions non-violentes alternatives \u00e0 l&rsquo;envoi de militaires pour bombarder la Syrie ? Ce texte est le fruit d&rsquo;une r\u00e9flexion collective au sein du Mouvement pour une alternative non-violente.<\/p>\n<p style=\"text-align: justify;\"><strong>De la r\u00e9sistance arm\u00e9e \u00e0 la lutte non-violente<\/strong><br \/>\nComment et pourquoi certains mouvements arm\u00e9s se sont-ils tourn\u00e9s vers des strat\u00e9gies de r\u00e9sistance non-violente ? Quels sont les avantages de la r\u00e9sistance civile dans divers contextes pour instaurer des rapports de force politiques et \u00e9viter le pi\u00e8ge de la guerre ? Deux \u00e9tudes men\u00e9es ces derni\u00e8res ann\u00e9es viennent renouveler le d\u00e9bat.<\/p>\n<p style=\"text-align: justify;\"><strong>Traiter les conflits pour \u00e9viter les guerres<\/strong><br \/>\nLes guerres sont bien souvent le r\u00e9sultat de conflits \u00ab\u00a0cach\u00e9s\u00a0\u00bb qui n&rsquo;ont pas \u00e9t\u00e9 trait\u00e9s de mani\u00e8re satisfaisante. Ces conflits peuvent concerner les ressources naturelles, la gestion clanique du pouvoir, etc. S&rsquo;ils ne sont pas trait\u00e9s en tant que tels, la situation \u00e9volue vers la guerre, comme aujourd&rsquo;hui en Syrie, hier en ex-Yougoslavie.<\/p>\n<p><strong>&#8211; des Articles :<\/strong><br \/>\nRoumanie : Provision, \u00e0 l&rsquo;\u00e9cole de l&rsquo;autonomie<br \/>\nSommet p\u00e9trolier perturb\u00e9 \u00e0 Pau<br \/>\nFukushima : Qui ne pr\u00e9f\u00e8rerait pas entendre que tout s&rsquo;arrange ?<br \/>\nDevenir agriculteurs-cueilleurs, un projet collectif<br \/>\nDidier Daeninckx, chercheur de p\u00e9pites politiques<br \/>\nD\u00e9truire la nature, c&rsquo;est d\u00e9truire la vie<\/p>\n<p><strong>&#8211; Des Chroniques et des br\u00e8ves<\/strong><br \/>\nNon-violence : Le ReAct entre syndicats, solidarit\u00e9s internationales et actions non-violentes<br \/>\nBonnes nouvelles de la Terre : Les Grands Voisins, un laboratoire du vivre ensemble<br \/>\nCatastrophe de Fukushima : Aujourd&rsquo;hui, Fukushima vit sur une \u00e9conomie de catastrophe. Et apr\u00e8s ?<br \/>\n100 dates f\u00e9ministes pour aujourd&rsquo;hui : 1978 : Vivre et lutter \u00e0 Love Canal<br \/>\nEn direct de nos colonies : La Fran\u00e7afrique a d\u00e9j\u00e0 vot\u00e9<\/p>\n<p><strong>En suppl\u00e9ment : Le Recueil des Alternatives de l&rsquo;AlterTour !<\/strong><br \/>\nRetrouvez le programme de l&rsquo;AlterTour 2016 et 20 Alternatives interview\u00e9es par notre \u00e9quipe.<\/p>\n<p>Belle journ\u00e9e et bonne lecture !<\/p>\n<p>Retrouvez la Revue Silence en Biocoop et\/ou abonnez-vous directement sur leur site : <a href=\"http:\/\/www.revuesilence.net\/\" target=\"_blank\" rel=\"noopener\">http:\/\/www.revuesilence.net\/<\/a><\/p>\n","protected":false},"excerpt":{"rendered":"<p>Un Dossier : Quelle non-violence en temps de guerre ? Sans arme face \u00e0 la violence : l&rsquo;intervention civile de paix Depuis plus de trente ans, des civils interviennent dans des zones de conflit, sans armes ni mandat humanitaire. Equip\u00e9s uniquement de principes de droit et de techniques d&rsquo;observation, de &#8230; <\/p>\n<div><a href=\"https:\/\/www.altercampagne.net\/?p=5138\" class=\"more-link\">Read More<\/a><\/div>\n","protected":false},"author":214,"featured_media":0,"comment_status":"closed","ping_status":"closed","sticky":false,"template":"","format":"standard","meta":{"footnotes":""},"categories":[3248,1],"tags":[13,383,406,642,1652,2419,2724],"class_list":["post-5138","post","type-post","status-publish","format-standard","hentry","category-silence","category-non-classe","tag-revue-silence","tag-altertour-2016","tag-non-violence","tag-recueil-des-alternatives","tag-1652","tag-daech","tag-silence","no-post-thumbnail"],"yoast_head":"<!-- This site is optimized with the Yoast SEO plugin v27.3 - https:\/\/yoast.com\/product\/yoast-seo-wordpress\/ -->\n<title>Num\u00e9ro de Silence de juin : Quelle non-violence en temps de guerre ? - AlterTour<\/title>\n<meta name=\"robots\" content=\"index, follow, max-snippet:-1, max-image-preview:large, max-video-preview:-1\" \/>\n<link rel=\"canonical\" href=\"https:\/\/www.altercampagne.net\/?p=5138\" \/>\n<meta property=\"og:locale\" content=\"fr_FR\" \/>\n<meta property=\"og:type\" content=\"article\" \/>\n<meta property=\"og:title\" content=\"Num\u00e9ro de Silence de juin : Quelle non-violence en temps de guerre ? - AlterTour\" \/>\n<meta property=\"og:description\" content=\"Un Dossier : Quelle non-violence en temps de guerre ? Sans arme face \u00e0 la violence : l&rsquo;intervention civile de paix Depuis plus de trente ans, des civils interviennent dans des zones de conflit, sans armes ni mandat humanitaire. Equip\u00e9s uniquement de principes de droit et de techniques d&rsquo;observation, de ... Read More\" \/>\n<meta property=\"og:url\" content=\"https:\/\/www.altercampagne.net\/?p=5138\" \/>\n<meta property=\"og:site_name\" content=\"AlterTour\" \/>\n<meta property=\"article:published_time\" content=\"2016-05-23T05:36:06+00:00\" \/>\n<meta property=\"article:modified_time\" content=\"2017-12-11T12:57:16+00:00\" \/>\n<meta property=\"og:image\" content=\"http:\/\/www.altercampagne.net\/wp-content\/uploads\/2016\/05\/446BD.jpg\" \/>\n<meta name=\"author\" content=\"Mathieu\" \/>\n<meta name=\"twitter:card\" content=\"summary_large_image\" \/>\n<meta name=\"twitter:label1\" content=\"\u00c9crit par\" \/>\n\t<meta name=\"twitter:data1\" content=\"Mathieu\" \/>\n\t<meta name=\"twitter:label2\" content=\"Dur\u00e9e de lecture estim\u00e9e\" \/>\n\t<meta name=\"twitter:data2\" content=\"2 minutes\" \/>\n<script type=\"application\/ld+json\" class=\"yoast-schema-graph\">{\"@context\":\"https:\\\/\\\/schema.org\",\"@graph\":[{\"@type\":\"Article\",\"@id\":\"https:\\\/\\\/www.altercampagne.net\\\/?p=5138#article\",\"isPartOf\":{\"@id\":\"https:\\\/\\\/www.altercampagne.net\\\/?p=5138\"},\"author\":{\"name\":\"Mathieu\",\"@id\":\"https:\\\/\\\/www.altercampagne.net\\\/#\\\/schema\\\/person\\\/0f261460c09e430caa0f9bcffa319109\"},\"headline\":\"Num\u00e9ro de Silence de juin : Quelle non-violence en temps de guerre ?\",\"datePublished\":\"2016-05-23T05:36:06+00:00\",\"dateModified\":\"2017-12-11T12:57:16+00:00\",\"mainEntityOfPage\":{\"@id\":\"https:\\\/\\\/www.altercampagne.net\\\/?p=5138\"},\"wordCount\":425,\"image\":{\"@id\":\"https:\\\/\\\/www.altercampagne.net\\\/?p=5138#primaryimage\"},\"thumbnailUrl\":\"http:\\\/\\\/www.altercampagne.net\\\/wp-content\\\/uploads\\\/2016\\\/05\\\/446BD.jpg\",\"keywords\":[\"revue Silence\",\"AlterTour 2016\",\"non-violence\",\"recueil des Alternatives\",\"2016\",\"Daech\",\"silence\"],\"articleSection\":[\"Silence\"],\"inLanguage\":\"fr-FR\"},{\"@type\":\"WebPage\",\"@id\":\"https:\\\/\\\/www.altercampagne.net\\\/?p=5138\",\"url\":\"https:\\\/\\\/www.altercampagne.net\\\/?p=5138\",\"name\":\"Num\u00e9ro de Silence de juin : Quelle non-violence en temps de guerre ? - AlterTour\",\"isPartOf\":{\"@id\":\"https:\\\/\\\/www.altercampagne.net\\\/#website\"},\"primaryImageOfPage\":{\"@id\":\"https:\\\/\\\/www.altercampagne.net\\\/?p=5138#primaryimage\"},\"image\":{\"@id\":\"https:\\\/\\\/www.altercampagne.net\\\/?p=5138#primaryimage\"},\"thumbnailUrl\":\"http:\\\/\\\/www.altercampagne.net\\\/wp-content\\\/uploads\\\/2016\\\/05\\\/446BD.jpg\",\"datePublished\":\"2016-05-23T05:36:06+00:00\",\"dateModified\":\"2017-12-11T12:57:16+00:00\",\"author\":{\"@id\":\"https:\\\/\\\/www.altercampagne.net\\\/#\\\/schema\\\/person\\\/0f261460c09e430caa0f9bcffa319109\"},\"breadcrumb\":{\"@id\":\"https:\\\/\\\/www.altercampagne.net\\\/?p=5138#breadcrumb\"},\"inLanguage\":\"fr-FR\",\"potentialAction\":[{\"@type\":\"ReadAction\",\"target\":[\"https:\\\/\\\/www.altercampagne.net\\\/?p=5138\"]}]},{\"@type\":\"ImageObject\",\"inLanguage\":\"fr-FR\",\"@id\":\"https:\\\/\\\/www.altercampagne.net\\\/?p=5138#primaryimage\",\"url\":\"https:\\\/\\\/www.altercampagne.net\\\/wp-content\\\/uploads\\\/2016\\\/05\\\/446BD.jpg\",\"contentUrl\":\"https:\\\/\\\/www.altercampagne.net\\\/wp-content\\\/uploads\\\/2016\\\/05\\\/446BD.jpg\",\"width\":595,\"height\":842},{\"@type\":\"BreadcrumbList\",\"@id\":\"https:\\\/\\\/www.altercampagne.net\\\/?p=5138#breadcrumb\",\"itemListElement\":[{\"@type\":\"ListItem\",\"position\":1,\"name\":\"Accueil\",\"item\":\"https:\\\/\\\/www.altercampagne.net\\\/\"},{\"@type\":\"ListItem\",\"position\":2,\"name\":\"Num\u00e9ro de Silence de juin : Quelle non-violence en temps de guerre ?\"}]},{\"@type\":\"WebSite\",\"@id\":\"https:\\\/\\\/www.altercampagne.net\\\/#website\",\"url\":\"https:\\\/\\\/www.altercampagne.net\\\/\",\"name\":\"AlterTour\",\"description\":\"Reliez les Alternatives \u00e0 v\u00e9lo\",\"potentialAction\":[{\"@type\":\"SearchAction\",\"target\":{\"@type\":\"EntryPoint\",\"urlTemplate\":\"https:\\\/\\\/www.altercampagne.net\\\/?s={search_term_string}\"},\"query-input\":{\"@type\":\"PropertyValueSpecification\",\"valueRequired\":true,\"valueName\":\"search_term_string\"}}],\"inLanguage\":\"fr-FR\"},{\"@type\":\"Person\",\"@id\":\"https:\\\/\\\/www.altercampagne.net\\\/#\\\/schema\\\/person\\\/0f261460c09e430caa0f9bcffa319109\",\"name\":\"Mathieu\",\"image\":{\"@type\":\"ImageObject\",\"inLanguage\":\"fr-FR\",\"@id\":\"https:\\\/\\\/secure.gravatar.com\\\/avatar\\\/aa9d3d24c83f2141e5e2709d0f63d09a99f6be6bb7a50abc4915838d9f54501a?s=96&d=mm&r=g\",\"url\":\"https:\\\/\\\/secure.gravatar.com\\\/avatar\\\/aa9d3d24c83f2141e5e2709d0f63d09a99f6be6bb7a50abc4915838d9f54501a?s=96&d=mm&r=g\",\"contentUrl\":\"https:\\\/\\\/secure.gravatar.com\\\/avatar\\\/aa9d3d24c83f2141e5e2709d0f63d09a99f6be6bb7a50abc4915838d9f54501a?s=96&d=mm&r=g\",\"caption\":\"Mathieu\"},\"url\":\"https:\\\/\\\/www.altercampagne.net\\\/?author=214\"}]}<\/script>\n<!-- \/ Yoast SEO plugin. -->","yoast_head_json":{"title":"Num\u00e9ro de Silence de juin : Quelle non-violence en temps de guerre ? - AlterTour","robots":{"index":"index","follow":"follow","max-snippet":"max-snippet:-1","max-image-preview":"max-image-preview:large","max-video-preview":"max-video-preview:-1"},"canonical":"https:\/\/www.altercampagne.net\/?p=5138","og_locale":"fr_FR","og_type":"article","og_title":"Num\u00e9ro de Silence de juin : Quelle non-violence en temps de guerre ? - AlterTour","og_description":"Un Dossier : Quelle non-violence en temps de guerre ? Sans arme face \u00e0 la violence : l&rsquo;intervention civile de paix Depuis plus de trente ans, des civils interviennent dans des zones de conflit, sans armes ni mandat humanitaire. Equip\u00e9s uniquement de principes de droit et de techniques d&rsquo;observation, de ... Read More","og_url":"https:\/\/www.altercampagne.net\/?p=5138","og_site_name":"AlterTour","article_published_time":"2016-05-23T05:36:06+00:00","article_modified_time":"2017-12-11T12:57:16+00:00","og_image":[{"url":"http:\/\/www.altercampagne.net\/wp-content\/uploads\/2016\/05\/446BD.jpg","type":"","width":"","height":""}],"author":"Mathieu","twitter_card":"summary_large_image","twitter_misc":{"\u00c9crit par":"Mathieu","Dur\u00e9e de lecture estim\u00e9e":"2 minutes"},"schema":{"@context":"https:\/\/schema.org","@graph":[{"@type":"Article","@id":"https:\/\/www.altercampagne.net\/?p=5138#article","isPartOf":{"@id":"https:\/\/www.altercampagne.net\/?p=5138"},"author":{"name":"Mathieu","@id":"https:\/\/www.altercampagne.net\/#\/schema\/person\/0f261460c09e430caa0f9bcffa319109"},"headline":"Num\u00e9ro de Silence de juin : Quelle non-violence en temps de guerre ?","datePublished":"2016-05-23T05:36:06+00:00","dateModified":"2017-12-11T12:57:16+00:00","mainEntityOfPage":{"@id":"https:\/\/www.altercampagne.net\/?p=5138"},"wordCount":425,"image":{"@id":"https:\/\/www.altercampagne.net\/?p=5138#primaryimage"},"thumbnailUrl":"http:\/\/www.altercampagne.net\/wp-content\/uploads\/2016\/05\/446BD.jpg","keywords":["revue Silence","AlterTour 2016","non-violence","recueil des Alternatives","2016","Daech","silence"],"articleSection":["Silence"],"inLanguage":"fr-FR"},{"@type":"WebPage","@id":"https:\/\/www.altercampagne.net\/?p=5138","url":"https:\/\/www.altercampagne.net\/?p=5138","name":"Num\u00e9ro de Silence de juin : Quelle non-violence en temps de guerre ? - AlterTour","isPartOf":{"@id":"https:\/\/www.altercampagne.net\/#website"},"primaryImageOfPage":{"@id":"https:\/\/www.altercampagne.net\/?p=5138#primaryimage"},"image":{"@id":"https:\/\/www.altercampagne.net\/?p=5138#primaryimage"},"thumbnailUrl":"http:\/\/www.altercampagne.net\/wp-content\/uploads\/2016\/05\/446BD.jpg","datePublished":"2016-05-23T05:36:06+00:00","dateModified":"2017-12-11T12:57:16+00:00","author":{"@id":"https:\/\/www.altercampagne.net\/#\/schema\/person\/0f261460c09e430caa0f9bcffa319109"},"breadcrumb":{"@id":"https:\/\/www.altercampagne.net\/?p=5138#breadcrumb"},"inLanguage":"fr-FR","potentialAction":[{"@type":"ReadAction","target":["https:\/\/www.altercampagne.net\/?p=5138"]}]},{"@type":"ImageObject","inLanguage":"fr-FR","@id":"https:\/\/www.altercampagne.net\/?p=5138#primaryimage","url":"https:\/\/www.altercampagne.net\/wp-content\/uploads\/2016\/05\/446BD.jpg","contentUrl":"https:\/\/www.altercampagne.net\/wp-content\/uploads\/2016\/05\/446BD.jpg","width":595,"height":842},{"@type":"BreadcrumbList","@id":"https:\/\/www.altercampagne.net\/?p=5138#breadcrumb","itemListElement":[{"@type":"ListItem","position":1,"name":"Accueil","item":"https:\/\/www.altercampagne.net\/"},{"@type":"ListItem","position":2,"name":"Num\u00e9ro de Silence de juin : Quelle non-violence en temps de guerre ?"}]},{"@type":"WebSite","@id":"https:\/\/www.altercampagne.net\/#website","url":"https:\/\/www.altercampagne.net\/","name":"AlterTour","description":"Reliez les Alternatives \u00e0 v\u00e9lo","potentialAction":[{"@type":"SearchAction","target":{"@type":"EntryPoint","urlTemplate":"https:\/\/www.altercampagne.net\/?s={search_term_string}"},"query-input":{"@type":"PropertyValueSpecification","valueRequired":true,"valueName":"search_term_string"}}],"inLanguage":"fr-FR"},{"@type":"Person","@id":"https:\/\/www.altercampagne.net\/#\/schema\/person\/0f261460c09e430caa0f9bcffa319109","name":"Mathieu","image":{"@type":"ImageObject","inLanguage":"fr-FR","@id":"https:\/\/secure.gravatar.com\/avatar\/aa9d3d24c83f2141e5e2709d0f63d09a99f6be6bb7a50abc4915838d9f54501a?s=96&d=mm&r=g","url":"https:\/\/secure.gravatar.com\/avatar\/aa9d3d24c83f2141e5e2709d0f63d09a99f6be6bb7a50abc4915838d9f54501a?s=96&d=mm&r=g","contentUrl":"https:\/\/secure.gravatar.com\/avatar\/aa9d3d24c83f2141e5e2709d0f63d09a99f6be6bb7a50abc4915838d9f54501a?s=96&d=mm&r=g","caption":"Mathieu"},"url":"https:\/\/www.altercampagne.net\/?author=214"}]}},"_links":{"self":[{"href":"https:\/\/www.altercampagne.net\/index.php?rest_route=\/wp\/v2\/posts\/5138","targetHints":{"allow":["GET"]}}],"collection":[{"href":"https:\/\/www.altercampagne.net\/index.php?rest_route=\/wp\/v2\/posts"}],"about":[{"href":"https:\/\/www.altercampagne.net\/index.php?rest_route=\/wp\/v2\/types\/post"}],"author":[{"embeddable":true,"href":"https:\/\/www.altercampagne.net\/index.php?rest_route=\/wp\/v2\/users\/214"}],"replies":[{"embeddable":true,"href":"https:\/\/www.altercampagne.net\/index.php?rest_route=%2Fwp%2Fv2%2Fcomments&post=5138"}],"version-history":[{"count":0,"href":"https:\/\/www.altercampagne.net\/index.php?rest_route=\/wp\/v2\/posts\/5138\/revisions"}],"wp:attachment":[{"href":"https:\/\/www.altercampagne.net\/index.php?rest_route=%2Fwp%2Fv2%2Fmedia&parent=5138"}],"wp:term":[{"taxonomy":"category","embeddable":true,"href":"https:\/\/www.altercampagne.net\/index.php?rest_route=%2Fwp%2Fv2%2Fcategories&post=5138"},{"taxonomy":"post_tag","embeddable":true,"href":"https:\/\/www.altercampagne.net\/index.php?rest_route=%2Fwp%2Fv2%2Ftags&post=5138"}],"curies":[{"name":"wp","href":"https:\/\/api.w.org\/{rel}","templated":true}]}}