{"id":5183,"date":"2016-06-06T09:42:38","date_gmt":"2016-06-06T07:42:38","guid":{"rendered":"http:\/\/www.altercampagne.net\/?p=5183"},"modified":"2019-09-13T15:25:31","modified_gmt":"2019-09-13T13:25:31","slug":"kerterre-le-31-juillet-a-plomeur","status":"publish","type":"post","link":"https:\/\/www.altercampagne.net\/?p=5183","title":{"rendered":"Kerterre le 31 juillet \u00e0 Plomeur"},"content":{"rendered":"<p style=\"text-align: center;\"><a href=\"http:\/\/www.altercampagne.net\/wp-content\/uploads\/2016\/05\/2016-07-31-Kerterre.jpg\"><img loading=\"lazy\" decoding=\"async\" class=\" size-medium wp-image-4881 alignleft\" src=\"http:\/\/www.altercampagne.net\/wp-content\/uploads\/2016\/05\/2016-07-31-Kerterre-300x219.jpg\" alt=\"Kerterre\" width=\"300\" height=\"219\" srcset=\"https:\/\/www.altercampagne.net\/wp-content\/uploads\/2016\/05\/2016-07-31-Kerterre-300x219.jpg 300w, https:\/\/www.altercampagne.net\/wp-content\/uploads\/2016\/05\/2016-07-31-Kerterre.jpg 686w\" sizes=\"auto, (max-width: 300px) 100vw, 300px\" \/><\/a>\u00ab Le monde s\u2019endort<br \/>\nDans une chaude lumi\u00e8re.<br \/>\nL\u00e0 tout n\u2019est qu\u2019ordre et beaut\u00e9,<br \/>\nLuxe, calme et volupt\u00e9. \u00bb<\/p>\n<p style=\"text-align: justify;\">Baudelaire aurait pu \u00e9crire ces quelques vers \u00e0 proximit\u00e9 de la c\u00f4te, tout au bout du Finist\u00e8re. S\u2019y nichent les Kerterre, \u00ab Chez la Terre \u00bb en breton. D\u2019une id\u00e9e d\u2019habitat \u00e9cologique, \u00e9conomique et r\u00e9alisable par elle-m\u00eame, Evelyne, artiste dans l\u2019\u00e2me, a construit sa premi\u00e8re \u00ab maison-sculpture \u00bb. Ici, pas de machine ni gros outil mais juste une p\u00e2te \u00e0 modeler faite de chaux, chanvre et sable. La premi\u00e8re Kerterre a d\u00e9j\u00e0 souffl\u00e9 18 bougies. R\u00e9sistante aux intemp\u00e9ries bretonnes, elle a carbonat\u00e9, est devenue de plus en plus dure. Comme de la pierre. Isolante, respirante, d\u2019un entretien minimal, la Kerterre associe esth\u00e9tique et po\u00e9sie. C\u2019est un habitat-bulle, un nid douillet, tout en rondeur, tout en douceur. Un lieu de synergie des 4 \u00e9l\u00e9ments, comme un logis l\u00e9gendaire ancr\u00e9 dans son \u00e9cosyst\u00e8me. Evelyne cultive un \u00abjardin-jungle\u00bb, am\u00e9nage la terre en friche, d\u00e9veloppe une nature luxuriante, et propose stages courts et formations plus compl\u00e8tes pour partager ses arts de vivre. Une ambiance vraiment propice \u00e0 murmurer Baudelaire\u2026<\/p>\n<p><strong>\u00ab Am\u00e9liorer le territoire, comme autant de fourmis que nous pourrions \u00eatre. \u00bb<\/strong><\/p>\n<p style=\"text-align: justify;\">\u00ab Bien vivre, c\u2019est avoir l\u2019assurance d\u2019un habitat chaud, calme et de se nourrir sainement. En cinq jours, une Kerterre est construite en mat\u00e9riaux peu co\u00fbteux. C\u2019est une possibilit\u00e9 pour les jeunes, les sans-logis, les migrants. Je monte des projets avec l\u2019espoir d\u2019abriter des humains et de transmettre des gestes ayant un impact bonifiant pour la nature. Il s\u2019agit d\u2019am\u00e9liorer le territoire par notre pr\u00e9sence, comme autant de fourmis que nous pourrions \u00eatre. Il nous faut trouver, renouveler sans cesse les gestes positifs pour la terre. Terre, bien commun, source d\u2019inspiration, de vie, d\u2019\u00e9nergie. Terre sur laquelle je me repose et avec laquelle je travaille, j\u2019exp\u00e9rimente, j\u2019innove. Terre qui devient source de richesses, d\u2019\u00e9merveillement. Optimiste, je souhaite transmettre une d\u00e9marche positive, apprendre aux enfants \u00e0 observer, \u00e9couter, s\u2019adapter, \u00e0 se vivre comme autant de \u00ab + \u00bb pour l\u2019environnement. Nous pourrions alors tous vivre l\u2019abondance, la vraie, celle de la Nature, des biens primaires et des relations humaines. \u00bb<\/p>\n<p style=\"text-align: right;\"><strong>Evelyne, cr\u00e9atrice-b\u00e2tisseuse des Kerterre<\/strong><\/p>\n<p>Extrait du Recueil des Alternatives de l\u2019AlterTour 2016, disponible dans le num\u00e9ro de juin de la <a title=\"Revue Silence\" href=\"http:\/\/www.revuesilence.net\/\" target=\"_blank\" rel=\"noopener noreferrer\">Revue Silence.<\/a><\/p>\n<p>Kerterre accueillera l\u2019AlterTour le 31 juillet 2016 \u00e0 Plomeur (Beuzec &#8211; 29120 Plomeur). D\u00e9tail des \u00e9tapes : <a href=\"http:\/\/www.altercampagne.net\/?page_id=172&amp;route=74\">ici<\/a><\/p>\n","protected":false},"excerpt":{"rendered":"<p>\u00ab Le monde s\u2019endort Dans une chaude lumi\u00e8re. L\u00e0 tout n\u2019est qu\u2019ordre et beaut\u00e9, Luxe, calme et volupt\u00e9. \u00bb Baudelaire aurait pu \u00e9crire ces quelques vers \u00e0 proximit\u00e9 de la c\u00f4te, tout au bout du Finist\u00e8re. S\u2019y nichent les Kerterre, \u00ab Chez la Terre \u00bb en breton. D\u2019une id\u00e9e d\u2019habitat &#8230; <\/p>\n<div><a href=\"https:\/\/www.altercampagne.net\/?p=5183\" class=\"more-link\">Read More<\/a><\/div>\n","protected":false},"author":214,"featured_media":15438,"comment_status":"closed","ping_status":"closed","sticky":false,"template":"","format":"standard","meta":{"footnotes":""},"categories":[3472,3459,3485],"tags":[20,383,410,502,503,1652,2214,2420,2421,2846,2849,2850,2851],"class_list":["post-5183","post","type-post","status-publish","format-standard","has-post-thumbnail","hentry","category-bretagne","category-edition-2016","category-habitat","tag-bretagne","tag-altertour-2016","tag-finistere","tag-ferme-autrement","tag-kerterre","tag-1652","tag-plomeur","tag-beuzec","tag-habitat","tag-accueillant","tag-accueillant2016","tag-accueillant-2016","tag-altertour2016"],"yoast_head":"<!-- This site is optimized with the Yoast SEO plugin v27.3 - https:\/\/yoast.com\/product\/yoast-seo-wordpress\/ -->\n<title>Kerterre le 31 juillet \u00e0 Plomeur - AlterTour<\/title>\n<meta name=\"robots\" content=\"index, follow, max-snippet:-1, max-image-preview:large, max-video-preview:-1\" \/>\n<link rel=\"canonical\" href=\"https:\/\/www.altercampagne.net\/?p=5183\" \/>\n<meta property=\"og:locale\" content=\"fr_FR\" \/>\n<meta property=\"og:type\" content=\"article\" \/>\n<meta property=\"og:title\" content=\"Kerterre le 31 juillet \u00e0 Plomeur - AlterTour\" \/>\n<meta property=\"og:description\" content=\"\u00ab Le monde s\u2019endort Dans une chaude lumi\u00e8re. L\u00e0 tout n\u2019est qu\u2019ordre et beaut\u00e9, Luxe, calme et volupt\u00e9. \u00bb Baudelaire aurait pu \u00e9crire ces quelques vers \u00e0 proximit\u00e9 de la c\u00f4te, tout au bout du Finist\u00e8re. S\u2019y nichent les Kerterre, \u00ab Chez la Terre \u00bb en breton. D\u2019une id\u00e9e d\u2019habitat ... Read More\" \/>\n<meta property=\"og:url\" content=\"https:\/\/www.altercampagne.net\/?p=5183\" \/>\n<meta property=\"og:site_name\" content=\"AlterTour\" \/>\n<meta property=\"article:published_time\" content=\"2016-06-06T07:42:38+00:00\" \/>\n<meta property=\"article:modified_time\" content=\"2019-09-13T13:25:31+00:00\" \/>\n<meta property=\"og:image\" content=\"https:\/\/www.altercampagne.net\/wp-content\/uploads\/2016\/06\/2016-06-06-Kerterre1-1.jpg\" \/>\n\t<meta property=\"og:image:width\" content=\"903\" \/>\n\t<meta property=\"og:image:height\" content=\"472\" \/>\n\t<meta property=\"og:image:type\" content=\"image\/jpeg\" \/>\n<meta name=\"author\" content=\"Mathieu\" \/>\n<meta name=\"twitter:card\" content=\"summary_large_image\" \/>\n<meta name=\"twitter:label1\" content=\"\u00c9crit par\" \/>\n\t<meta name=\"twitter:data1\" content=\"Mathieu\" \/>\n\t<meta name=\"twitter:label2\" content=\"Dur\u00e9e de lecture estim\u00e9e\" \/>\n\t<meta name=\"twitter:data2\" content=\"2 minutes\" \/>\n<script type=\"application\/ld+json\" class=\"yoast-schema-graph\">{\"@context\":\"https:\\\/\\\/schema.org\",\"@graph\":[{\"@type\":\"Article\",\"@id\":\"https:\\\/\\\/www.altercampagne.net\\\/?p=5183#article\",\"isPartOf\":{\"@id\":\"https:\\\/\\\/www.altercampagne.net\\\/?p=5183\"},\"author\":{\"name\":\"Mathieu\",\"@id\":\"https:\\\/\\\/www.altercampagne.net\\\/#\\\/schema\\\/person\\\/0f261460c09e430caa0f9bcffa319109\"},\"headline\":\"Kerterre le 31 juillet \u00e0 Plomeur\",\"datePublished\":\"2016-06-06T07:42:38+00:00\",\"dateModified\":\"2019-09-13T13:25:31+00:00\",\"mainEntityOfPage\":{\"@id\":\"https:\\\/\\\/www.altercampagne.net\\\/?p=5183\"},\"wordCount\":432,\"image\":{\"@id\":\"https:\\\/\\\/www.altercampagne.net\\\/?p=5183#primaryimage\"},\"thumbnailUrl\":\"https:\\\/\\\/www.altercampagne.net\\\/wp-content\\\/uploads\\\/2016\\\/06\\\/2016-06-06-Kerterre1-1.jpg\",\"keywords\":[\"bretagne\",\"AlterTour 2016\",\"finist\u00e8re\",\"ferme autrement\",\"kerterre\",\"2016\",\"Plomeur\",\"Beuzec\",\"habitat\",\"accueillant\",\"accueillant2016\",\"accueillant 2016\",\"AlterTour2016\"],\"articleSection\":[\"Bretagne\",\"\u00c9dition 2016\",\"Habitat\"],\"inLanguage\":\"fr-FR\"},{\"@type\":\"WebPage\",\"@id\":\"https:\\\/\\\/www.altercampagne.net\\\/?p=5183\",\"url\":\"https:\\\/\\\/www.altercampagne.net\\\/?p=5183\",\"name\":\"Kerterre le 31 juillet \u00e0 Plomeur - AlterTour\",\"isPartOf\":{\"@id\":\"https:\\\/\\\/www.altercampagne.net\\\/#website\"},\"primaryImageOfPage\":{\"@id\":\"https:\\\/\\\/www.altercampagne.net\\\/?p=5183#primaryimage\"},\"image\":{\"@id\":\"https:\\\/\\\/www.altercampagne.net\\\/?p=5183#primaryimage\"},\"thumbnailUrl\":\"https:\\\/\\\/www.altercampagne.net\\\/wp-content\\\/uploads\\\/2016\\\/06\\\/2016-06-06-Kerterre1-1.jpg\",\"datePublished\":\"2016-06-06T07:42:38+00:00\",\"dateModified\":\"2019-09-13T13:25:31+00:00\",\"author\":{\"@id\":\"https:\\\/\\\/www.altercampagne.net\\\/#\\\/schema\\\/person\\\/0f261460c09e430caa0f9bcffa319109\"},\"breadcrumb\":{\"@id\":\"https:\\\/\\\/www.altercampagne.net\\\/?p=5183#breadcrumb\"},\"inLanguage\":\"fr-FR\",\"potentialAction\":[{\"@type\":\"ReadAction\",\"target\":[\"https:\\\/\\\/www.altercampagne.net\\\/?p=5183\"]}]},{\"@type\":\"ImageObject\",\"inLanguage\":\"fr-FR\",\"@id\":\"https:\\\/\\\/www.altercampagne.net\\\/?p=5183#primaryimage\",\"url\":\"https:\\\/\\\/www.altercampagne.net\\\/wp-content\\\/uploads\\\/2016\\\/06\\\/2016-06-06-Kerterre1-1.jpg\",\"contentUrl\":\"https:\\\/\\\/www.altercampagne.net\\\/wp-content\\\/uploads\\\/2016\\\/06\\\/2016-06-06-Kerterre1-1.jpg\",\"width\":903,\"height\":472},{\"@type\":\"BreadcrumbList\",\"@id\":\"https:\\\/\\\/www.altercampagne.net\\\/?p=5183#breadcrumb\",\"itemListElement\":[{\"@type\":\"ListItem\",\"position\":1,\"name\":\"Accueil\",\"item\":\"https:\\\/\\\/www.altercampagne.net\\\/\"},{\"@type\":\"ListItem\",\"position\":2,\"name\":\"Kerterre le 31 juillet \u00e0 Plomeur\"}]},{\"@type\":\"WebSite\",\"@id\":\"https:\\\/\\\/www.altercampagne.net\\\/#website\",\"url\":\"https:\\\/\\\/www.altercampagne.net\\\/\",\"name\":\"AlterTour\",\"description\":\"Reliez les Alternatives \u00e0 v\u00e9lo\",\"potentialAction\":[{\"@type\":\"SearchAction\",\"target\":{\"@type\":\"EntryPoint\",\"urlTemplate\":\"https:\\\/\\\/www.altercampagne.net\\\/?s={search_term_string}\"},\"query-input\":{\"@type\":\"PropertyValueSpecification\",\"valueRequired\":true,\"valueName\":\"search_term_string\"}}],\"inLanguage\":\"fr-FR\"},{\"@type\":\"Person\",\"@id\":\"https:\\\/\\\/www.altercampagne.net\\\/#\\\/schema\\\/person\\\/0f261460c09e430caa0f9bcffa319109\",\"name\":\"Mathieu\",\"image\":{\"@type\":\"ImageObject\",\"inLanguage\":\"fr-FR\",\"@id\":\"https:\\\/\\\/secure.gravatar.com\\\/avatar\\\/aa9d3d24c83f2141e5e2709d0f63d09a99f6be6bb7a50abc4915838d9f54501a?s=96&d=mm&r=g\",\"url\":\"https:\\\/\\\/secure.gravatar.com\\\/avatar\\\/aa9d3d24c83f2141e5e2709d0f63d09a99f6be6bb7a50abc4915838d9f54501a?s=96&d=mm&r=g\",\"contentUrl\":\"https:\\\/\\\/secure.gravatar.com\\\/avatar\\\/aa9d3d24c83f2141e5e2709d0f63d09a99f6be6bb7a50abc4915838d9f54501a?s=96&d=mm&r=g\",\"caption\":\"Mathieu\"},\"url\":\"https:\\\/\\\/www.altercampagne.net\\\/?author=214\"}]}<\/script>\n<!-- \/ Yoast SEO plugin. -->","yoast_head_json":{"title":"Kerterre le 31 juillet \u00e0 Plomeur - AlterTour","robots":{"index":"index","follow":"follow","max-snippet":"max-snippet:-1","max-image-preview":"max-image-preview:large","max-video-preview":"max-video-preview:-1"},"canonical":"https:\/\/www.altercampagne.net\/?p=5183","og_locale":"fr_FR","og_type":"article","og_title":"Kerterre le 31 juillet \u00e0 Plomeur - AlterTour","og_description":"\u00ab Le monde s\u2019endort Dans une chaude lumi\u00e8re. L\u00e0 tout n\u2019est qu\u2019ordre et beaut\u00e9, Luxe, calme et volupt\u00e9. \u00bb Baudelaire aurait pu \u00e9crire ces quelques vers \u00e0 proximit\u00e9 de la c\u00f4te, tout au bout du Finist\u00e8re. S\u2019y nichent les Kerterre, \u00ab Chez la Terre \u00bb en breton. D\u2019une id\u00e9e d\u2019habitat ... Read More","og_url":"https:\/\/www.altercampagne.net\/?p=5183","og_site_name":"AlterTour","article_published_time":"2016-06-06T07:42:38+00:00","article_modified_time":"2019-09-13T13:25:31+00:00","og_image":[{"width":903,"height":472,"url":"https:\/\/www.altercampagne.net\/wp-content\/uploads\/2016\/06\/2016-06-06-Kerterre1-1.jpg","type":"image\/jpeg"}],"author":"Mathieu","twitter_card":"summary_large_image","twitter_misc":{"\u00c9crit par":"Mathieu","Dur\u00e9e de lecture estim\u00e9e":"2 minutes"},"schema":{"@context":"https:\/\/schema.org","@graph":[{"@type":"Article","@id":"https:\/\/www.altercampagne.net\/?p=5183#article","isPartOf":{"@id":"https:\/\/www.altercampagne.net\/?p=5183"},"author":{"name":"Mathieu","@id":"https:\/\/www.altercampagne.net\/#\/schema\/person\/0f261460c09e430caa0f9bcffa319109"},"headline":"Kerterre le 31 juillet \u00e0 Plomeur","datePublished":"2016-06-06T07:42:38+00:00","dateModified":"2019-09-13T13:25:31+00:00","mainEntityOfPage":{"@id":"https:\/\/www.altercampagne.net\/?p=5183"},"wordCount":432,"image":{"@id":"https:\/\/www.altercampagne.net\/?p=5183#primaryimage"},"thumbnailUrl":"https:\/\/www.altercampagne.net\/wp-content\/uploads\/2016\/06\/2016-06-06-Kerterre1-1.jpg","keywords":["bretagne","AlterTour 2016","finist\u00e8re","ferme autrement","kerterre","2016","Plomeur","Beuzec","habitat","accueillant","accueillant2016","accueillant 2016","AlterTour2016"],"articleSection":["Bretagne","\u00c9dition 2016","Habitat"],"inLanguage":"fr-FR"},{"@type":"WebPage","@id":"https:\/\/www.altercampagne.net\/?p=5183","url":"https:\/\/www.altercampagne.net\/?p=5183","name":"Kerterre le 31 juillet \u00e0 Plomeur - AlterTour","isPartOf":{"@id":"https:\/\/www.altercampagne.net\/#website"},"primaryImageOfPage":{"@id":"https:\/\/www.altercampagne.net\/?p=5183#primaryimage"},"image":{"@id":"https:\/\/www.altercampagne.net\/?p=5183#primaryimage"},"thumbnailUrl":"https:\/\/www.altercampagne.net\/wp-content\/uploads\/2016\/06\/2016-06-06-Kerterre1-1.jpg","datePublished":"2016-06-06T07:42:38+00:00","dateModified":"2019-09-13T13:25:31+00:00","author":{"@id":"https:\/\/www.altercampagne.net\/#\/schema\/person\/0f261460c09e430caa0f9bcffa319109"},"breadcrumb":{"@id":"https:\/\/www.altercampagne.net\/?p=5183#breadcrumb"},"inLanguage":"fr-FR","potentialAction":[{"@type":"ReadAction","target":["https:\/\/www.altercampagne.net\/?p=5183"]}]},{"@type":"ImageObject","inLanguage":"fr-FR","@id":"https:\/\/www.altercampagne.net\/?p=5183#primaryimage","url":"https:\/\/www.altercampagne.net\/wp-content\/uploads\/2016\/06\/2016-06-06-Kerterre1-1.jpg","contentUrl":"https:\/\/www.altercampagne.net\/wp-content\/uploads\/2016\/06\/2016-06-06-Kerterre1-1.jpg","width":903,"height":472},{"@type":"BreadcrumbList","@id":"https:\/\/www.altercampagne.net\/?p=5183#breadcrumb","itemListElement":[{"@type":"ListItem","position":1,"name":"Accueil","item":"https:\/\/www.altercampagne.net\/"},{"@type":"ListItem","position":2,"name":"Kerterre le 31 juillet \u00e0 Plomeur"}]},{"@type":"WebSite","@id":"https:\/\/www.altercampagne.net\/#website","url":"https:\/\/www.altercampagne.net\/","name":"AlterTour","description":"Reliez les Alternatives \u00e0 v\u00e9lo","potentialAction":[{"@type":"SearchAction","target":{"@type":"EntryPoint","urlTemplate":"https:\/\/www.altercampagne.net\/?s={search_term_string}"},"query-input":{"@type":"PropertyValueSpecification","valueRequired":true,"valueName":"search_term_string"}}],"inLanguage":"fr-FR"},{"@type":"Person","@id":"https:\/\/www.altercampagne.net\/#\/schema\/person\/0f261460c09e430caa0f9bcffa319109","name":"Mathieu","image":{"@type":"ImageObject","inLanguage":"fr-FR","@id":"https:\/\/secure.gravatar.com\/avatar\/aa9d3d24c83f2141e5e2709d0f63d09a99f6be6bb7a50abc4915838d9f54501a?s=96&d=mm&r=g","url":"https:\/\/secure.gravatar.com\/avatar\/aa9d3d24c83f2141e5e2709d0f63d09a99f6be6bb7a50abc4915838d9f54501a?s=96&d=mm&r=g","contentUrl":"https:\/\/secure.gravatar.com\/avatar\/aa9d3d24c83f2141e5e2709d0f63d09a99f6be6bb7a50abc4915838d9f54501a?s=96&d=mm&r=g","caption":"Mathieu"},"url":"https:\/\/www.altercampagne.net\/?author=214"}]}},"_links":{"self":[{"href":"https:\/\/www.altercampagne.net\/index.php?rest_route=\/wp\/v2\/posts\/5183","targetHints":{"allow":["GET"]}}],"collection":[{"href":"https:\/\/www.altercampagne.net\/index.php?rest_route=\/wp\/v2\/posts"}],"about":[{"href":"https:\/\/www.altercampagne.net\/index.php?rest_route=\/wp\/v2\/types\/post"}],"author":[{"embeddable":true,"href":"https:\/\/www.altercampagne.net\/index.php?rest_route=\/wp\/v2\/users\/214"}],"replies":[{"embeddable":true,"href":"https:\/\/www.altercampagne.net\/index.php?rest_route=%2Fwp%2Fv2%2Fcomments&post=5183"}],"version-history":[{"count":0,"href":"https:\/\/www.altercampagne.net\/index.php?rest_route=\/wp\/v2\/posts\/5183\/revisions"}],"wp:featuredmedia":[{"embeddable":true,"href":"https:\/\/www.altercampagne.net\/index.php?rest_route=\/wp\/v2\/media\/15438"}],"wp:attachment":[{"href":"https:\/\/www.altercampagne.net\/index.php?rest_route=%2Fwp%2Fv2%2Fmedia&parent=5183"}],"wp:term":[{"taxonomy":"category","embeddable":true,"href":"https:\/\/www.altercampagne.net\/index.php?rest_route=%2Fwp%2Fv2%2Fcategories&post=5183"},{"taxonomy":"post_tag","embeddable":true,"href":"https:\/\/www.altercampagne.net\/index.php?rest_route=%2Fwp%2Fv2%2Ftags&post=5183"}],"curies":[{"name":"wp","href":"https:\/\/api.w.org\/{rel}","templated":true}]}}