{"id":5189,"date":"2016-06-13T08:17:08","date_gmt":"2016-06-13T06:17:08","guid":{"rendered":"http:\/\/www.altercampagne.net\/?p=5189"},"modified":"2019-09-13T15:30:42","modified_gmt":"2019-09-13T13:30:42","slug":"5189","status":"publish","type":"post","link":"https:\/\/www.altercampagne.net\/?p=5189","title":{"rendered":"Vivre la Rue le 4 ao\u00fbt \u00e0 Brest"},"content":{"rendered":"<p style=\"text-align: justify;\"><a href=\"http:\/\/www.altercampagne.net\/wp-content\/uploads\/2016\/05\/2016-08-04-Vivre-la-rue.jpg\"><img loading=\"lazy\" decoding=\"async\" class=\" size-medium wp-image-5124 alignright\" src=\"http:\/\/www.altercampagne.net\/wp-content\/uploads\/2016\/05\/2016-08-04-Vivre-la-rue-300x219.jpg\" alt=\"Vivre la rue\" width=\"300\" height=\"219\" srcset=\"https:\/\/www.altercampagne.net\/wp-content\/uploads\/2016\/05\/2016-08-04-Vivre-la-rue-300x219.jpg 300w, https:\/\/www.altercampagne.net\/wp-content\/uploads\/2016\/05\/2016-08-04-Vivre-la-rue.jpg 686w\" sizes=\"auto, (max-width: 300px) 100vw, 300px\" \/><\/a>Nous sommes en 2016 apr\u00e8s J.C. et toute la ville est occup\u00e9e. Toute ? Non ! Car d\u2019irr\u00e9ductibles Brestois r\u00e9sistent encore aux app\u00e9tits des promoteurs immobiliers. Pr\u00e9server le patrimoine populaire dans une ville en grande partie d\u00e9truite par la guerre, voil\u00e0 ce qui a amen\u00e9 Mireille Cann, jeune marionnettiste, \u00e0 cr\u00e9er Vivre la Rue en 1989. Et ainsi de sauver de la destruction la Rue Saint Malot, belle rue pav\u00e9e, la plus ancienne de la cit\u00e9. V\u00e9ritable pierre angulaire de l\u2019association, le caf\u00e9-culture Au Coin de la Rue est \u00e0 la fois un espace de m\u00e9diation et d\u2019innovation sociale, un salon de th\u00e9, une \u00e9picerie bio-\u00e9quitable et une bouquinerie. A la belle saison, les Beaux dimanches animent ce \u00ab dr\u00f4le \u00bb de quartier. 4 g\u00e9n\u00e9rations se retrouvent lors de spectacles, concerts, expositions, projections et d\u00e9bats. Idem \u00e0 l\u2019occasion des P\u2019tites Lessives autour du lavoir. Chaque ann\u00e9e des milliers de promeneurs, touristes, \u00e9tudiants et \u00e9coliers foulent les pav\u00e9s d\u2019une Rue Saint-Malo bien vivante !<\/p>\n<p><strong>\u00ab On veut simplement qu\u2019elle survive, pour le plaisir de tous \u00bb<\/strong><\/p>\n<p style=\"text-align: justify;\">\u00ab Ici, on essaye de bien vivre, de bien faire, de cr\u00e9er des espaces de libert\u00e9, de veiller au bien-\u00eatre de tous. C\u2019est ambitieux, mais pour cela nous faisons appel \u00e0 des artistes capables d\u2019apporter de la po\u00e9sie, du rythme et de la joie dans ce monde de brutes. \u00ab La verrue \u00bb, telle qu\u2019on nommait la Rue Saint Malo, fait aujourd\u2019hui partie int\u00e9grante de Brest. M\u00eame la municipalit\u00e9 la reconnait aujourd\u2019hui comme un patrimoine \u00e0 prot\u00e9ger : c\u2019est un bien commun. On n\u2019a jamais eu envie de se l\u2019approprier, on veut simplement qu\u2019elle survive pour le plaisir de tous. Nous sommes garants de sa sauvegarde et de son charme pour le plaisir de tous. Les gens viennent s\u2019y ressourcer. Nous avons durant des ann\u00e9es emp\u00each\u00e9 sa d\u00e9molition programm\u00e9e. Nous avons mis du c\u0153ur \u00e0 l\u2019ouvrage et chaque jour nous veillons \u00e0 son entretien. Aujourd\u2019hui beaucoup disent que la Rue Saint Malo est la plus belle rue de Brest. \u00bb<\/p>\n<p style=\"text-align: right;\"><strong>Mireille CANN, pr\u00e9sidente-fondatrice de Vivre la Rue<\/strong><\/p>\n<p>Extrait du Recueil des Alternatives de l\u2019AlterTour 2016, disponible dans le num\u00e9ro de juin de la <a title=\"Revue Silence\" href=\"http:\/\/www.revuesilence.net\/\" target=\"_blank\" rel=\"noopener noreferrer\">Revue Silence<\/a>.<\/p>\n<p>Vivre la Rue accueillera l\u2019AlterTour le 5 ao\u00fbt 2016 \u00e0 Brest (17, rue Saint Malo &#8211; 29200 Brest). D\u00e9tail des \u00e9tapes : <a href=\"http:\/\/www.altercampagne.net\/?page_id=172&amp;route=78\">ici<\/a><\/p>\n","protected":false},"excerpt":{"rendered":"<p>Nous sommes en 2016 apr\u00e8s J.C. et toute la ville est occup\u00e9e. Toute ? Non ! Car d\u2019irr\u00e9ductibles Brestois r\u00e9sistent encore aux app\u00e9tits des promoteurs immobiliers. Pr\u00e9server le patrimoine populaire dans une ville en grande partie d\u00e9truite par la guerre, voil\u00e0 ce qui a amen\u00e9 Mireille Cann, jeune marionnettiste, \u00e0 &#8230; <\/p>\n<div><a href=\"https:\/\/www.altercampagne.net\/?p=5189\" class=\"more-link\">Read More<\/a><\/div>\n","protected":false},"author":214,"featured_media":15442,"comment_status":"closed","ping_status":"closed","sticky":false,"template":"","format":"standard","meta":{"footnotes":""},"categories":[3472,3459,3542],"tags":[13,20,383,410,505,1652,2430,2431,2846,2849,2850,2851],"class_list":["post-5189","post","type-post","status-publish","format-standard","has-post-thumbnail","hentry","category-bretagne","category-edition-2016","category-lutte","tag-revue-silence","tag-bretagne","tag-altertour-2016","tag-finistere","tag-vivre-la-rue","tag-1652","tag-brest","tag-mireille-cann","tag-accueillant","tag-accueillant2016","tag-accueillant-2016","tag-altertour2016"],"yoast_head":"<!-- This site is optimized with the Yoast SEO plugin v27.3 - https:\/\/yoast.com\/product\/yoast-seo-wordpress\/ -->\n<title>Vivre la Rue le 4 ao\u00fbt \u00e0 Brest - AlterTour<\/title>\n<meta name=\"robots\" content=\"index, follow, max-snippet:-1, max-image-preview:large, max-video-preview:-1\" \/>\n<link rel=\"canonical\" href=\"https:\/\/www.altercampagne.net\/?p=5189\" \/>\n<meta property=\"og:locale\" content=\"fr_FR\" \/>\n<meta property=\"og:type\" content=\"article\" \/>\n<meta property=\"og:title\" content=\"Vivre la Rue le 4 ao\u00fbt \u00e0 Brest - AlterTour\" \/>\n<meta property=\"og:description\" content=\"Nous sommes en 2016 apr\u00e8s J.C. et toute la ville est occup\u00e9e. Toute ? Non ! Car d\u2019irr\u00e9ductibles Brestois r\u00e9sistent encore aux app\u00e9tits des promoteurs immobiliers. Pr\u00e9server le patrimoine populaire dans une ville en grande partie d\u00e9truite par la guerre, voil\u00e0 ce qui a amen\u00e9 Mireille Cann, jeune marionnettiste, \u00e0 ... Read More\" \/>\n<meta property=\"og:url\" content=\"https:\/\/www.altercampagne.net\/?p=5189\" \/>\n<meta property=\"og:site_name\" content=\"AlterTour\" \/>\n<meta property=\"article:published_time\" content=\"2016-06-13T06:17:08+00:00\" \/>\n<meta property=\"article:modified_time\" content=\"2019-09-13T13:30:42+00:00\" \/>\n<meta property=\"og:image\" content=\"https:\/\/www.altercampagne.net\/wp-content\/uploads\/2016\/06\/2016-06-13-Vivre-La-Rue.jpg\" \/>\n\t<meta property=\"og:image:width\" content=\"500\" \/>\n\t<meta property=\"og:image:height\" content=\"261\" \/>\n\t<meta property=\"og:image:type\" content=\"image\/jpeg\" \/>\n<meta name=\"author\" content=\"Mathieu\" \/>\n<meta name=\"twitter:card\" content=\"summary_large_image\" \/>\n<meta name=\"twitter:label1\" content=\"\u00c9crit par\" \/>\n\t<meta name=\"twitter:data1\" content=\"Mathieu\" \/>\n\t<meta name=\"twitter:label2\" content=\"Dur\u00e9e de lecture estim\u00e9e\" \/>\n\t<meta name=\"twitter:data2\" content=\"2 minutes\" \/>\n<script type=\"application\/ld+json\" class=\"yoast-schema-graph\">{\"@context\":\"https:\\\/\\\/schema.org\",\"@graph\":[{\"@type\":\"Article\",\"@id\":\"https:\\\/\\\/www.altercampagne.net\\\/?p=5189#article\",\"isPartOf\":{\"@id\":\"https:\\\/\\\/www.altercampagne.net\\\/?p=5189\"},\"author\":{\"name\":\"Mathieu\",\"@id\":\"https:\\\/\\\/www.altercampagne.net\\\/#\\\/schema\\\/person\\\/0f261460c09e430caa0f9bcffa319109\"},\"headline\":\"Vivre la Rue le 4 ao\u00fbt \u00e0 Brest\",\"datePublished\":\"2016-06-13T06:17:08+00:00\",\"dateModified\":\"2019-09-13T13:30:42+00:00\",\"mainEntityOfPage\":{\"@id\":\"https:\\\/\\\/www.altercampagne.net\\\/?p=5189\"},\"wordCount\":417,\"image\":{\"@id\":\"https:\\\/\\\/www.altercampagne.net\\\/?p=5189#primaryimage\"},\"thumbnailUrl\":\"https:\\\/\\\/www.altercampagne.net\\\/wp-content\\\/uploads\\\/2016\\\/06\\\/2016-06-13-Vivre-La-Rue.jpg\",\"keywords\":[\"revue Silence\",\"bretagne\",\"AlterTour 2016\",\"finist\u00e8re\",\"vivre la rue\",\"2016\",\"Brest\",\"Mireille Cann\",\"accueillant\",\"accueillant2016\",\"accueillant 2016\",\"AlterTour2016\"],\"articleSection\":[\"Bretagne\",\"\u00c9dition 2016\",\"Lutte\"],\"inLanguage\":\"fr-FR\"},{\"@type\":\"WebPage\",\"@id\":\"https:\\\/\\\/www.altercampagne.net\\\/?p=5189\",\"url\":\"https:\\\/\\\/www.altercampagne.net\\\/?p=5189\",\"name\":\"Vivre la Rue le 4 ao\u00fbt \u00e0 Brest - AlterTour\",\"isPartOf\":{\"@id\":\"https:\\\/\\\/www.altercampagne.net\\\/#website\"},\"primaryImageOfPage\":{\"@id\":\"https:\\\/\\\/www.altercampagne.net\\\/?p=5189#primaryimage\"},\"image\":{\"@id\":\"https:\\\/\\\/www.altercampagne.net\\\/?p=5189#primaryimage\"},\"thumbnailUrl\":\"https:\\\/\\\/www.altercampagne.net\\\/wp-content\\\/uploads\\\/2016\\\/06\\\/2016-06-13-Vivre-La-Rue.jpg\",\"datePublished\":\"2016-06-13T06:17:08+00:00\",\"dateModified\":\"2019-09-13T13:30:42+00:00\",\"author\":{\"@id\":\"https:\\\/\\\/www.altercampagne.net\\\/#\\\/schema\\\/person\\\/0f261460c09e430caa0f9bcffa319109\"},\"breadcrumb\":{\"@id\":\"https:\\\/\\\/www.altercampagne.net\\\/?p=5189#breadcrumb\"},\"inLanguage\":\"fr-FR\",\"potentialAction\":[{\"@type\":\"ReadAction\",\"target\":[\"https:\\\/\\\/www.altercampagne.net\\\/?p=5189\"]}]},{\"@type\":\"ImageObject\",\"inLanguage\":\"fr-FR\",\"@id\":\"https:\\\/\\\/www.altercampagne.net\\\/?p=5189#primaryimage\",\"url\":\"https:\\\/\\\/www.altercampagne.net\\\/wp-content\\\/uploads\\\/2016\\\/06\\\/2016-06-13-Vivre-La-Rue.jpg\",\"contentUrl\":\"https:\\\/\\\/www.altercampagne.net\\\/wp-content\\\/uploads\\\/2016\\\/06\\\/2016-06-13-Vivre-La-Rue.jpg\",\"width\":500,\"height\":261},{\"@type\":\"BreadcrumbList\",\"@id\":\"https:\\\/\\\/www.altercampagne.net\\\/?p=5189#breadcrumb\",\"itemListElement\":[{\"@type\":\"ListItem\",\"position\":1,\"name\":\"Accueil\",\"item\":\"https:\\\/\\\/www.altercampagne.net\\\/\"},{\"@type\":\"ListItem\",\"position\":2,\"name\":\"Vivre la Rue le 4 ao\u00fbt \u00e0 Brest\"}]},{\"@type\":\"WebSite\",\"@id\":\"https:\\\/\\\/www.altercampagne.net\\\/#website\",\"url\":\"https:\\\/\\\/www.altercampagne.net\\\/\",\"name\":\"AlterTour\",\"description\":\"Reliez les Alternatives \u00e0 v\u00e9lo\",\"potentialAction\":[{\"@type\":\"SearchAction\",\"target\":{\"@type\":\"EntryPoint\",\"urlTemplate\":\"https:\\\/\\\/www.altercampagne.net\\\/?s={search_term_string}\"},\"query-input\":{\"@type\":\"PropertyValueSpecification\",\"valueRequired\":true,\"valueName\":\"search_term_string\"}}],\"inLanguage\":\"fr-FR\"},{\"@type\":\"Person\",\"@id\":\"https:\\\/\\\/www.altercampagne.net\\\/#\\\/schema\\\/person\\\/0f261460c09e430caa0f9bcffa319109\",\"name\":\"Mathieu\",\"image\":{\"@type\":\"ImageObject\",\"inLanguage\":\"fr-FR\",\"@id\":\"https:\\\/\\\/secure.gravatar.com\\\/avatar\\\/aa9d3d24c83f2141e5e2709d0f63d09a99f6be6bb7a50abc4915838d9f54501a?s=96&d=mm&r=g\",\"url\":\"https:\\\/\\\/secure.gravatar.com\\\/avatar\\\/aa9d3d24c83f2141e5e2709d0f63d09a99f6be6bb7a50abc4915838d9f54501a?s=96&d=mm&r=g\",\"contentUrl\":\"https:\\\/\\\/secure.gravatar.com\\\/avatar\\\/aa9d3d24c83f2141e5e2709d0f63d09a99f6be6bb7a50abc4915838d9f54501a?s=96&d=mm&r=g\",\"caption\":\"Mathieu\"},\"url\":\"https:\\\/\\\/www.altercampagne.net\\\/?author=214\"}]}<\/script>\n<!-- \/ Yoast SEO plugin. -->","yoast_head_json":{"title":"Vivre la Rue le 4 ao\u00fbt \u00e0 Brest - AlterTour","robots":{"index":"index","follow":"follow","max-snippet":"max-snippet:-1","max-image-preview":"max-image-preview:large","max-video-preview":"max-video-preview:-1"},"canonical":"https:\/\/www.altercampagne.net\/?p=5189","og_locale":"fr_FR","og_type":"article","og_title":"Vivre la Rue le 4 ao\u00fbt \u00e0 Brest - AlterTour","og_description":"Nous sommes en 2016 apr\u00e8s J.C. et toute la ville est occup\u00e9e. Toute ? Non ! Car d\u2019irr\u00e9ductibles Brestois r\u00e9sistent encore aux app\u00e9tits des promoteurs immobiliers. Pr\u00e9server le patrimoine populaire dans une ville en grande partie d\u00e9truite par la guerre, voil\u00e0 ce qui a amen\u00e9 Mireille Cann, jeune marionnettiste, \u00e0 ... Read More","og_url":"https:\/\/www.altercampagne.net\/?p=5189","og_site_name":"AlterTour","article_published_time":"2016-06-13T06:17:08+00:00","article_modified_time":"2019-09-13T13:30:42+00:00","og_image":[{"width":500,"height":261,"url":"https:\/\/www.altercampagne.net\/wp-content\/uploads\/2016\/06\/2016-06-13-Vivre-La-Rue.jpg","type":"image\/jpeg"}],"author":"Mathieu","twitter_card":"summary_large_image","twitter_misc":{"\u00c9crit par":"Mathieu","Dur\u00e9e de lecture estim\u00e9e":"2 minutes"},"schema":{"@context":"https:\/\/schema.org","@graph":[{"@type":"Article","@id":"https:\/\/www.altercampagne.net\/?p=5189#article","isPartOf":{"@id":"https:\/\/www.altercampagne.net\/?p=5189"},"author":{"name":"Mathieu","@id":"https:\/\/www.altercampagne.net\/#\/schema\/person\/0f261460c09e430caa0f9bcffa319109"},"headline":"Vivre la Rue le 4 ao\u00fbt \u00e0 Brest","datePublished":"2016-06-13T06:17:08+00:00","dateModified":"2019-09-13T13:30:42+00:00","mainEntityOfPage":{"@id":"https:\/\/www.altercampagne.net\/?p=5189"},"wordCount":417,"image":{"@id":"https:\/\/www.altercampagne.net\/?p=5189#primaryimage"},"thumbnailUrl":"https:\/\/www.altercampagne.net\/wp-content\/uploads\/2016\/06\/2016-06-13-Vivre-La-Rue.jpg","keywords":["revue Silence","bretagne","AlterTour 2016","finist\u00e8re","vivre la rue","2016","Brest","Mireille Cann","accueillant","accueillant2016","accueillant 2016","AlterTour2016"],"articleSection":["Bretagne","\u00c9dition 2016","Lutte"],"inLanguage":"fr-FR"},{"@type":"WebPage","@id":"https:\/\/www.altercampagne.net\/?p=5189","url":"https:\/\/www.altercampagne.net\/?p=5189","name":"Vivre la Rue le 4 ao\u00fbt \u00e0 Brest - AlterTour","isPartOf":{"@id":"https:\/\/www.altercampagne.net\/#website"},"primaryImageOfPage":{"@id":"https:\/\/www.altercampagne.net\/?p=5189#primaryimage"},"image":{"@id":"https:\/\/www.altercampagne.net\/?p=5189#primaryimage"},"thumbnailUrl":"https:\/\/www.altercampagne.net\/wp-content\/uploads\/2016\/06\/2016-06-13-Vivre-La-Rue.jpg","datePublished":"2016-06-13T06:17:08+00:00","dateModified":"2019-09-13T13:30:42+00:00","author":{"@id":"https:\/\/www.altercampagne.net\/#\/schema\/person\/0f261460c09e430caa0f9bcffa319109"},"breadcrumb":{"@id":"https:\/\/www.altercampagne.net\/?p=5189#breadcrumb"},"inLanguage":"fr-FR","potentialAction":[{"@type":"ReadAction","target":["https:\/\/www.altercampagne.net\/?p=5189"]}]},{"@type":"ImageObject","inLanguage":"fr-FR","@id":"https:\/\/www.altercampagne.net\/?p=5189#primaryimage","url":"https:\/\/www.altercampagne.net\/wp-content\/uploads\/2016\/06\/2016-06-13-Vivre-La-Rue.jpg","contentUrl":"https:\/\/www.altercampagne.net\/wp-content\/uploads\/2016\/06\/2016-06-13-Vivre-La-Rue.jpg","width":500,"height":261},{"@type":"BreadcrumbList","@id":"https:\/\/www.altercampagne.net\/?p=5189#breadcrumb","itemListElement":[{"@type":"ListItem","position":1,"name":"Accueil","item":"https:\/\/www.altercampagne.net\/"},{"@type":"ListItem","position":2,"name":"Vivre la Rue le 4 ao\u00fbt \u00e0 Brest"}]},{"@type":"WebSite","@id":"https:\/\/www.altercampagne.net\/#website","url":"https:\/\/www.altercampagne.net\/","name":"AlterTour","description":"Reliez les Alternatives \u00e0 v\u00e9lo","potentialAction":[{"@type":"SearchAction","target":{"@type":"EntryPoint","urlTemplate":"https:\/\/www.altercampagne.net\/?s={search_term_string}"},"query-input":{"@type":"PropertyValueSpecification","valueRequired":true,"valueName":"search_term_string"}}],"inLanguage":"fr-FR"},{"@type":"Person","@id":"https:\/\/www.altercampagne.net\/#\/schema\/person\/0f261460c09e430caa0f9bcffa319109","name":"Mathieu","image":{"@type":"ImageObject","inLanguage":"fr-FR","@id":"https:\/\/secure.gravatar.com\/avatar\/aa9d3d24c83f2141e5e2709d0f63d09a99f6be6bb7a50abc4915838d9f54501a?s=96&d=mm&r=g","url":"https:\/\/secure.gravatar.com\/avatar\/aa9d3d24c83f2141e5e2709d0f63d09a99f6be6bb7a50abc4915838d9f54501a?s=96&d=mm&r=g","contentUrl":"https:\/\/secure.gravatar.com\/avatar\/aa9d3d24c83f2141e5e2709d0f63d09a99f6be6bb7a50abc4915838d9f54501a?s=96&d=mm&r=g","caption":"Mathieu"},"url":"https:\/\/www.altercampagne.net\/?author=214"}]}},"_links":{"self":[{"href":"https:\/\/www.altercampagne.net\/index.php?rest_route=\/wp\/v2\/posts\/5189","targetHints":{"allow":["GET"]}}],"collection":[{"href":"https:\/\/www.altercampagne.net\/index.php?rest_route=\/wp\/v2\/posts"}],"about":[{"href":"https:\/\/www.altercampagne.net\/index.php?rest_route=\/wp\/v2\/types\/post"}],"author":[{"embeddable":true,"href":"https:\/\/www.altercampagne.net\/index.php?rest_route=\/wp\/v2\/users\/214"}],"replies":[{"embeddable":true,"href":"https:\/\/www.altercampagne.net\/index.php?rest_route=%2Fwp%2Fv2%2Fcomments&post=5189"}],"version-history":[{"count":0,"href":"https:\/\/www.altercampagne.net\/index.php?rest_route=\/wp\/v2\/posts\/5189\/revisions"}],"wp:featuredmedia":[{"embeddable":true,"href":"https:\/\/www.altercampagne.net\/index.php?rest_route=\/wp\/v2\/media\/15442"}],"wp:attachment":[{"href":"https:\/\/www.altercampagne.net\/index.php?rest_route=%2Fwp%2Fv2%2Fmedia&parent=5189"}],"wp:term":[{"taxonomy":"category","embeddable":true,"href":"https:\/\/www.altercampagne.net\/index.php?rest_route=%2Fwp%2Fv2%2Fcategories&post=5189"},{"taxonomy":"post_tag","embeddable":true,"href":"https:\/\/www.altercampagne.net\/index.php?rest_route=%2Fwp%2Fv2%2Ftags&post=5189"}],"curies":[{"name":"wp","href":"https:\/\/api.w.org\/{rel}","templated":true}]}}