{"id":5194,"date":"2016-06-15T07:43:42","date_gmt":"2016-06-15T05:43:42","guid":{"rendered":"http:\/\/www.altercampagne.net\/?p=5194"},"modified":"2019-09-13T15:37:15","modified_gmt":"2019-09-13T13:37:15","slug":"la-yourtiliere-le-5-aout-au-saint","status":"publish","type":"post","link":"https:\/\/www.altercampagne.net\/?p=5194","title":{"rendered":"La Yourtili\u00e8re le 5 ao\u00fbt au Saint"},"content":{"rendered":"<p style=\"text-align: justify;\"><a href=\"http:\/\/www.altercampagne.net\/wp-content\/uploads\/2016\/05\/2016-08-05-La-yourtillere.jpg\"><img loading=\"lazy\" decoding=\"async\" class=\" size-medium wp-image-4922 alignleft\" src=\"http:\/\/www.altercampagne.net\/wp-content\/uploads\/2016\/05\/2016-08-05-La-yourtillere-300x219.jpg\" alt=\"2016-08-05-La-yourtillere\" width=\"300\" height=\"219\" srcset=\"https:\/\/www.altercampagne.net\/wp-content\/uploads\/2016\/05\/2016-08-05-La-yourtillere-300x219.jpg 300w, https:\/\/www.altercampagne.net\/wp-content\/uploads\/2016\/05\/2016-08-05-La-yourtillere.jpg 686w\" sizes=\"auto, (max-width: 300px) 100vw, 300px\" \/><\/a>\u00ab C\u2019est en r\u00eavant le monde qu\u2019on le transforme, qu\u2019on fa\u00e7onne la r\u00e9alit\u00e9.\u00bb Simone est une grande amatrice, au vrai sens du mot latin amare, aimer. Elle aime quasiment tout. Mais surtout la vie naturelle, les l\u00e9gumes anciens, rares, r\u00e9gionaux ou sauvages, l\u2019\u00e9co-construction, la cr\u00e9ation \u00e9coartistique et toutes les transformations : confiture, tisane, teinture, pommade, fromage, beurre, pesto, bi\u00e8re\u2026 Apr\u00e8s avoir v\u00e9cu au Za\u00efre et au Japon, y avoir \u00e9t\u00e9 artiste-clown toujours en lien avec des projets d\u2019agriculture bio, Simone se d\u00e9finit comme une \u00abagri-artiste quantique\u00bb. Elle s\u2019est install\u00e9e il y a plus de dix ans dans le Morbihan, pr\u00e8s du village de Le Saint, \u00e0 Moulin Coz. Sur un terrain verdoyant entour\u00e9 de for\u00eats et de vallons, la Yourtili\u00e8re fait \u00e9clore des projets avec l\u2019aide de voisins, d\u2019amis, de stagiaires : une impressionnante yourte \u00e0 ossature bois et isolation terre-paille, une \u00e9olienne, un four \u00e0 pain, une forge, des serres, des buttes de permaculture. Pour une vie \u00e0 la ferme de Moulin Coz, riche d\u2019enseignements, avec Simone et Th\u00e9r\u00e8se qui font germer leurs id\u00e9es. Qui s\u2019aiment et qui s\u00e8ment\u2026<\/p>\n<p><strong>\u00ab La pluie qui tombe du ciel ne devrait pas \u00eatre tax\u00e9e ! \u00bb<\/strong><\/p>\n<p style=\"text-align: justify;\">\u00ab Bien vivre, c\u2019est vivre la solidarit\u00e9, \u00e9changer, partager. Nous habitons une roulotte. Sur notre terrain vivent 2 autres personnes qui travaillent avec nous, dans le m\u00eame esprit. C\u2019est important d\u2019\u00eatre en accord sur les principes de vie et de travail. Chacun met la main \u00e0 la p\u00e2te pour que soit r\u00e9ussie la vie commune. Nous sommes ind\u00e9pendantes financi\u00e8rement et vivons en auto-suffisance. Nous partageons nos savoir-faire, nos connaissances et nous travaillons tous selon les principes de la permaculture et de la biodynamie. Nous enseignons les semences, la cueillette sauvage. Nous buvons l\u2019eau de pluie dynamis\u00e9e, elle nous tombe du ciel et ne devrait pas \u00eatre tax\u00e9e !!! Il est important de ressentir, d\u2019appr\u00e9cier ce que l\u2019on fait, de travailler avec \u00e9merveillement. Nous sommes riches de nos apprentissages, de nos partages, de tout ce que l\u2019on fait avec amour, de tout ce que l\u2019on a construit ensemble et qui est utile \u00e0 tous, comme la terre et l\u2019eau. Nos biens communs essentiels : ce que nous transmettons aux enfants\u2026 \u00bb<\/p>\n<p style=\"text-align: right;\"><strong>Simone et Th\u00e9r\u00e8se<\/strong><\/p>\n<p>Extrait du Recueil des Alternatives de l\u2019AlterTour 2016, disponible dans le num\u00e9ro de juin de la <a title=\"Revue Silence\" href=\"http:\/\/www.revuesilence.net\/\" target=\"_blank\" rel=\"noopener noreferrer\">Revue Silence<\/a>.<\/p>\n<p>La Yourili\u00e8re (Moulin Coz &#8211; 56110 Le Saint) accueillera l\u2019\u00c9chapp\u00e9e Belle de l\u2019AlterTour le 5 ao\u00fbt 2016 au Saint. D\u00e9tail de l\u2019\u00e9tape : <a href=\"http:\/\/www.altercampagne.net\/?page_id=4917&amp;route=105\">ici<\/a><\/p>\n","protected":false},"excerpt":{"rendered":"<p>\u00ab C\u2019est en r\u00eavant le monde qu\u2019on le transforme, qu\u2019on fa\u00e7onne la r\u00e9alit\u00e9.\u00bb Simone est une grande amatrice, au vrai sens du mot latin amare, aimer. Elle aime quasiment tout. Mais surtout la vie naturelle, les l\u00e9gumes anciens, rares, r\u00e9gionaux ou sauvages, l\u2019\u00e9co-construction, la cr\u00e9ation \u00e9coartistique et toutes les transformations &#8230; <\/p>\n<div><a href=\"https:\/\/www.altercampagne.net\/?p=5194\" class=\"more-link\">Read More<\/a><\/div>\n","protected":false},"author":214,"featured_media":15446,"comment_status":"closed","ping_status":"closed","sticky":false,"template":"","format":"standard","meta":{"footnotes":""},"categories":[3483,3472,3231,3459],"tags":[13,20,294,383,412,1452,1652,2432,2433,2434,2846,2849,2850,2851],"class_list":["post-5194","post","type-post","status-publish","format-standard","has-post-thumbnail","hentry","category-agriculture","category-bretagne","category-echappee-belle","category-edition-2016","tag-revue-silence","tag-bretagne","tag-permaculture","tag-altertour-2016","tag-morbihan","tag-biodynamie","tag-1652","tag-yourtiliere","tag-moulin-coz","tag-le-saint","tag-accueillant","tag-accueillant2016","tag-accueillant-2016","tag-altertour2016"],"yoast_head":"<!-- This site is optimized with the Yoast SEO plugin v27.3 - https:\/\/yoast.com\/product\/yoast-seo-wordpress\/ -->\n<title>La Yourtili\u00e8re le 5 ao\u00fbt au Saint - AlterTour<\/title>\n<meta name=\"robots\" content=\"index, follow, max-snippet:-1, max-image-preview:large, max-video-preview:-1\" \/>\n<link rel=\"canonical\" href=\"https:\/\/www.altercampagne.net\/?p=5194\" \/>\n<meta property=\"og:locale\" content=\"fr_FR\" \/>\n<meta property=\"og:type\" content=\"article\" \/>\n<meta property=\"og:title\" content=\"La Yourtili\u00e8re le 5 ao\u00fbt au Saint - AlterTour\" \/>\n<meta property=\"og:description\" content=\"\u00ab C\u2019est en r\u00eavant le monde qu\u2019on le transforme, qu\u2019on fa\u00e7onne la r\u00e9alit\u00e9.\u00bb Simone est une grande amatrice, au vrai sens du mot latin amare, aimer. Elle aime quasiment tout. Mais surtout la vie naturelle, les l\u00e9gumes anciens, rares, r\u00e9gionaux ou sauvages, l\u2019\u00e9co-construction, la cr\u00e9ation \u00e9coartistique et toutes les transformations ... Read More\" \/>\n<meta property=\"og:url\" content=\"https:\/\/www.altercampagne.net\/?p=5194\" \/>\n<meta property=\"og:site_name\" content=\"AlterTour\" \/>\n<meta property=\"article:published_time\" content=\"2016-06-15T05:43:42+00:00\" \/>\n<meta property=\"article:modified_time\" content=\"2019-09-13T13:37:15+00:00\" \/>\n<meta property=\"og:image\" content=\"https:\/\/www.altercampagne.net\/wp-content\/uploads\/2016\/06\/2019-06-15-DSC_0222.jpg\" \/>\n\t<meta property=\"og:image:width\" content=\"900\" \/>\n\t<meta property=\"og:image:height\" content=\"470\" \/>\n\t<meta property=\"og:image:type\" content=\"image\/jpeg\" \/>\n<meta name=\"author\" content=\"Mathieu\" \/>\n<meta name=\"twitter:card\" content=\"summary_large_image\" \/>\n<meta name=\"twitter:label1\" content=\"\u00c9crit par\" \/>\n\t<meta name=\"twitter:data1\" content=\"Mathieu\" \/>\n\t<meta name=\"twitter:label2\" content=\"Dur\u00e9e de lecture estim\u00e9e\" \/>\n\t<meta name=\"twitter:data2\" content=\"2 minutes\" \/>\n<script type=\"application\/ld+json\" class=\"yoast-schema-graph\">{\"@context\":\"https:\\\/\\\/schema.org\",\"@graph\":[{\"@type\":\"Article\",\"@id\":\"https:\\\/\\\/www.altercampagne.net\\\/?p=5194#article\",\"isPartOf\":{\"@id\":\"https:\\\/\\\/www.altercampagne.net\\\/?p=5194\"},\"author\":{\"name\":\"Mathieu\",\"@id\":\"https:\\\/\\\/www.altercampagne.net\\\/#\\\/schema\\\/person\\\/0f261460c09e430caa0f9bcffa319109\"},\"headline\":\"La Yourtili\u00e8re le 5 ao\u00fbt au Saint\",\"datePublished\":\"2016-06-15T05:43:42+00:00\",\"dateModified\":\"2019-09-13T13:37:15+00:00\",\"mainEntityOfPage\":{\"@id\":\"https:\\\/\\\/www.altercampagne.net\\\/?p=5194\"},\"wordCount\":453,\"image\":{\"@id\":\"https:\\\/\\\/www.altercampagne.net\\\/?p=5194#primaryimage\"},\"thumbnailUrl\":\"https:\\\/\\\/www.altercampagne.net\\\/wp-content\\\/uploads\\\/2016\\\/06\\\/2019-06-15-DSC_0222.jpg\",\"keywords\":[\"revue Silence\",\"bretagne\",\"permaculture\",\"AlterTour 2016\",\"morbihan\",\"biodynamie\",\"2016\",\"Yourtili\u00e8re\",\"Moulin Coz\",\"Le Saint\",\"accueillant\",\"accueillant2016\",\"accueillant 2016\",\"AlterTour2016\"],\"articleSection\":[\"Agriculture\",\"Bretagne\",\"Echapp\u00e9e Belle\",\"\u00c9dition 2016\"],\"inLanguage\":\"fr-FR\"},{\"@type\":\"WebPage\",\"@id\":\"https:\\\/\\\/www.altercampagne.net\\\/?p=5194\",\"url\":\"https:\\\/\\\/www.altercampagne.net\\\/?p=5194\",\"name\":\"La Yourtili\u00e8re le 5 ao\u00fbt au Saint - AlterTour\",\"isPartOf\":{\"@id\":\"https:\\\/\\\/www.altercampagne.net\\\/#website\"},\"primaryImageOfPage\":{\"@id\":\"https:\\\/\\\/www.altercampagne.net\\\/?p=5194#primaryimage\"},\"image\":{\"@id\":\"https:\\\/\\\/www.altercampagne.net\\\/?p=5194#primaryimage\"},\"thumbnailUrl\":\"https:\\\/\\\/www.altercampagne.net\\\/wp-content\\\/uploads\\\/2016\\\/06\\\/2019-06-15-DSC_0222.jpg\",\"datePublished\":\"2016-06-15T05:43:42+00:00\",\"dateModified\":\"2019-09-13T13:37:15+00:00\",\"author\":{\"@id\":\"https:\\\/\\\/www.altercampagne.net\\\/#\\\/schema\\\/person\\\/0f261460c09e430caa0f9bcffa319109\"},\"breadcrumb\":{\"@id\":\"https:\\\/\\\/www.altercampagne.net\\\/?p=5194#breadcrumb\"},\"inLanguage\":\"fr-FR\",\"potentialAction\":[{\"@type\":\"ReadAction\",\"target\":[\"https:\\\/\\\/www.altercampagne.net\\\/?p=5194\"]}]},{\"@type\":\"ImageObject\",\"inLanguage\":\"fr-FR\",\"@id\":\"https:\\\/\\\/www.altercampagne.net\\\/?p=5194#primaryimage\",\"url\":\"https:\\\/\\\/www.altercampagne.net\\\/wp-content\\\/uploads\\\/2016\\\/06\\\/2019-06-15-DSC_0222.jpg\",\"contentUrl\":\"https:\\\/\\\/www.altercampagne.net\\\/wp-content\\\/uploads\\\/2016\\\/06\\\/2019-06-15-DSC_0222.jpg\",\"width\":900,\"height\":470},{\"@type\":\"BreadcrumbList\",\"@id\":\"https:\\\/\\\/www.altercampagne.net\\\/?p=5194#breadcrumb\",\"itemListElement\":[{\"@type\":\"ListItem\",\"position\":1,\"name\":\"Accueil\",\"item\":\"https:\\\/\\\/www.altercampagne.net\\\/\"},{\"@type\":\"ListItem\",\"position\":2,\"name\":\"La Yourtili\u00e8re le 5 ao\u00fbt au Saint\"}]},{\"@type\":\"WebSite\",\"@id\":\"https:\\\/\\\/www.altercampagne.net\\\/#website\",\"url\":\"https:\\\/\\\/www.altercampagne.net\\\/\",\"name\":\"AlterTour\",\"description\":\"Reliez les Alternatives \u00e0 v\u00e9lo\",\"potentialAction\":[{\"@type\":\"SearchAction\",\"target\":{\"@type\":\"EntryPoint\",\"urlTemplate\":\"https:\\\/\\\/www.altercampagne.net\\\/?s={search_term_string}\"},\"query-input\":{\"@type\":\"PropertyValueSpecification\",\"valueRequired\":true,\"valueName\":\"search_term_string\"}}],\"inLanguage\":\"fr-FR\"},{\"@type\":\"Person\",\"@id\":\"https:\\\/\\\/www.altercampagne.net\\\/#\\\/schema\\\/person\\\/0f261460c09e430caa0f9bcffa319109\",\"name\":\"Mathieu\",\"image\":{\"@type\":\"ImageObject\",\"inLanguage\":\"fr-FR\",\"@id\":\"https:\\\/\\\/secure.gravatar.com\\\/avatar\\\/aa9d3d24c83f2141e5e2709d0f63d09a99f6be6bb7a50abc4915838d9f54501a?s=96&d=mm&r=g\",\"url\":\"https:\\\/\\\/secure.gravatar.com\\\/avatar\\\/aa9d3d24c83f2141e5e2709d0f63d09a99f6be6bb7a50abc4915838d9f54501a?s=96&d=mm&r=g\",\"contentUrl\":\"https:\\\/\\\/secure.gravatar.com\\\/avatar\\\/aa9d3d24c83f2141e5e2709d0f63d09a99f6be6bb7a50abc4915838d9f54501a?s=96&d=mm&r=g\",\"caption\":\"Mathieu\"},\"url\":\"https:\\\/\\\/www.altercampagne.net\\\/?author=214\"}]}<\/script>\n<!-- \/ Yoast SEO plugin. -->","yoast_head_json":{"title":"La Yourtili\u00e8re le 5 ao\u00fbt au Saint - AlterTour","robots":{"index":"index","follow":"follow","max-snippet":"max-snippet:-1","max-image-preview":"max-image-preview:large","max-video-preview":"max-video-preview:-1"},"canonical":"https:\/\/www.altercampagne.net\/?p=5194","og_locale":"fr_FR","og_type":"article","og_title":"La Yourtili\u00e8re le 5 ao\u00fbt au Saint - AlterTour","og_description":"\u00ab C\u2019est en r\u00eavant le monde qu\u2019on le transforme, qu\u2019on fa\u00e7onne la r\u00e9alit\u00e9.\u00bb Simone est une grande amatrice, au vrai sens du mot latin amare, aimer. Elle aime quasiment tout. Mais surtout la vie naturelle, les l\u00e9gumes anciens, rares, r\u00e9gionaux ou sauvages, l\u2019\u00e9co-construction, la cr\u00e9ation \u00e9coartistique et toutes les transformations ... Read More","og_url":"https:\/\/www.altercampagne.net\/?p=5194","og_site_name":"AlterTour","article_published_time":"2016-06-15T05:43:42+00:00","article_modified_time":"2019-09-13T13:37:15+00:00","og_image":[{"width":900,"height":470,"url":"https:\/\/www.altercampagne.net\/wp-content\/uploads\/2016\/06\/2019-06-15-DSC_0222.jpg","type":"image\/jpeg"}],"author":"Mathieu","twitter_card":"summary_large_image","twitter_misc":{"\u00c9crit par":"Mathieu","Dur\u00e9e de lecture estim\u00e9e":"2 minutes"},"schema":{"@context":"https:\/\/schema.org","@graph":[{"@type":"Article","@id":"https:\/\/www.altercampagne.net\/?p=5194#article","isPartOf":{"@id":"https:\/\/www.altercampagne.net\/?p=5194"},"author":{"name":"Mathieu","@id":"https:\/\/www.altercampagne.net\/#\/schema\/person\/0f261460c09e430caa0f9bcffa319109"},"headline":"La Yourtili\u00e8re le 5 ao\u00fbt au Saint","datePublished":"2016-06-15T05:43:42+00:00","dateModified":"2019-09-13T13:37:15+00:00","mainEntityOfPage":{"@id":"https:\/\/www.altercampagne.net\/?p=5194"},"wordCount":453,"image":{"@id":"https:\/\/www.altercampagne.net\/?p=5194#primaryimage"},"thumbnailUrl":"https:\/\/www.altercampagne.net\/wp-content\/uploads\/2016\/06\/2019-06-15-DSC_0222.jpg","keywords":["revue Silence","bretagne","permaculture","AlterTour 2016","morbihan","biodynamie","2016","Yourtili\u00e8re","Moulin Coz","Le Saint","accueillant","accueillant2016","accueillant 2016","AlterTour2016"],"articleSection":["Agriculture","Bretagne","Echapp\u00e9e Belle","\u00c9dition 2016"],"inLanguage":"fr-FR"},{"@type":"WebPage","@id":"https:\/\/www.altercampagne.net\/?p=5194","url":"https:\/\/www.altercampagne.net\/?p=5194","name":"La Yourtili\u00e8re le 5 ao\u00fbt au Saint - AlterTour","isPartOf":{"@id":"https:\/\/www.altercampagne.net\/#website"},"primaryImageOfPage":{"@id":"https:\/\/www.altercampagne.net\/?p=5194#primaryimage"},"image":{"@id":"https:\/\/www.altercampagne.net\/?p=5194#primaryimage"},"thumbnailUrl":"https:\/\/www.altercampagne.net\/wp-content\/uploads\/2016\/06\/2019-06-15-DSC_0222.jpg","datePublished":"2016-06-15T05:43:42+00:00","dateModified":"2019-09-13T13:37:15+00:00","author":{"@id":"https:\/\/www.altercampagne.net\/#\/schema\/person\/0f261460c09e430caa0f9bcffa319109"},"breadcrumb":{"@id":"https:\/\/www.altercampagne.net\/?p=5194#breadcrumb"},"inLanguage":"fr-FR","potentialAction":[{"@type":"ReadAction","target":["https:\/\/www.altercampagne.net\/?p=5194"]}]},{"@type":"ImageObject","inLanguage":"fr-FR","@id":"https:\/\/www.altercampagne.net\/?p=5194#primaryimage","url":"https:\/\/www.altercampagne.net\/wp-content\/uploads\/2016\/06\/2019-06-15-DSC_0222.jpg","contentUrl":"https:\/\/www.altercampagne.net\/wp-content\/uploads\/2016\/06\/2019-06-15-DSC_0222.jpg","width":900,"height":470},{"@type":"BreadcrumbList","@id":"https:\/\/www.altercampagne.net\/?p=5194#breadcrumb","itemListElement":[{"@type":"ListItem","position":1,"name":"Accueil","item":"https:\/\/www.altercampagne.net\/"},{"@type":"ListItem","position":2,"name":"La Yourtili\u00e8re le 5 ao\u00fbt au Saint"}]},{"@type":"WebSite","@id":"https:\/\/www.altercampagne.net\/#website","url":"https:\/\/www.altercampagne.net\/","name":"AlterTour","description":"Reliez les Alternatives \u00e0 v\u00e9lo","potentialAction":[{"@type":"SearchAction","target":{"@type":"EntryPoint","urlTemplate":"https:\/\/www.altercampagne.net\/?s={search_term_string}"},"query-input":{"@type":"PropertyValueSpecification","valueRequired":true,"valueName":"search_term_string"}}],"inLanguage":"fr-FR"},{"@type":"Person","@id":"https:\/\/www.altercampagne.net\/#\/schema\/person\/0f261460c09e430caa0f9bcffa319109","name":"Mathieu","image":{"@type":"ImageObject","inLanguage":"fr-FR","@id":"https:\/\/secure.gravatar.com\/avatar\/aa9d3d24c83f2141e5e2709d0f63d09a99f6be6bb7a50abc4915838d9f54501a?s=96&d=mm&r=g","url":"https:\/\/secure.gravatar.com\/avatar\/aa9d3d24c83f2141e5e2709d0f63d09a99f6be6bb7a50abc4915838d9f54501a?s=96&d=mm&r=g","contentUrl":"https:\/\/secure.gravatar.com\/avatar\/aa9d3d24c83f2141e5e2709d0f63d09a99f6be6bb7a50abc4915838d9f54501a?s=96&d=mm&r=g","caption":"Mathieu"},"url":"https:\/\/www.altercampagne.net\/?author=214"}]}},"_links":{"self":[{"href":"https:\/\/www.altercampagne.net\/index.php?rest_route=\/wp\/v2\/posts\/5194","targetHints":{"allow":["GET"]}}],"collection":[{"href":"https:\/\/www.altercampagne.net\/index.php?rest_route=\/wp\/v2\/posts"}],"about":[{"href":"https:\/\/www.altercampagne.net\/index.php?rest_route=\/wp\/v2\/types\/post"}],"author":[{"embeddable":true,"href":"https:\/\/www.altercampagne.net\/index.php?rest_route=\/wp\/v2\/users\/214"}],"replies":[{"embeddable":true,"href":"https:\/\/www.altercampagne.net\/index.php?rest_route=%2Fwp%2Fv2%2Fcomments&post=5194"}],"version-history":[{"count":0,"href":"https:\/\/www.altercampagne.net\/index.php?rest_route=\/wp\/v2\/posts\/5194\/revisions"}],"wp:featuredmedia":[{"embeddable":true,"href":"https:\/\/www.altercampagne.net\/index.php?rest_route=\/wp\/v2\/media\/15446"}],"wp:attachment":[{"href":"https:\/\/www.altercampagne.net\/index.php?rest_route=%2Fwp%2Fv2%2Fmedia&parent=5194"}],"wp:term":[{"taxonomy":"category","embeddable":true,"href":"https:\/\/www.altercampagne.net\/index.php?rest_route=%2Fwp%2Fv2%2Fcategories&post=5194"},{"taxonomy":"post_tag","embeddable":true,"href":"https:\/\/www.altercampagne.net\/index.php?rest_route=%2Fwp%2Fv2%2Ftags&post=5194"}],"curies":[{"name":"wp","href":"https:\/\/api.w.org\/{rel}","templated":true}]}}