{"id":5197,"date":"2016-06-17T07:57:04","date_gmt":"2016-06-17T05:57:04","guid":{"rendered":"http:\/\/www.altercampagne.net\/?p=5197"},"modified":"2019-09-13T15:39:58","modified_gmt":"2019-09-13T13:39:58","slug":"nomadyo-le-5-aout-a-la-feuillee","status":"publish","type":"post","link":"https:\/\/www.altercampagne.net\/?p=5197","title":{"rendered":"Nomad\u2019Yo le 5 ao\u00fbt \u00e0 la Feuill\u00e9e"},"content":{"rendered":"<p style=\"text-align: justify;\"><a href=\"http:\/\/www.altercampagne.net\/wp-content\/uploads\/2016\/05\/2016-08-05-nomad-yo.jpg\"><img loading=\"lazy\" decoding=\"async\" class=\" size-medium wp-image-4873 alignright\" src=\"http:\/\/www.altercampagne.net\/wp-content\/uploads\/2016\/05\/2016-08-05-nomad-yo-300x219.jpg\" alt=\"Nomad yo\" width=\"300\" height=\"219\" srcset=\"https:\/\/www.altercampagne.net\/wp-content\/uploads\/2016\/05\/2016-08-05-nomad-yo-300x219.jpg 300w, https:\/\/www.altercampagne.net\/wp-content\/uploads\/2016\/05\/2016-08-05-nomad-yo.jpg 686w\" sizes=\"auto, (max-width: 300px) 100vw, 300px\" \/><\/a>Je suis rondelet, blanc et aime le froid. Qui suis-je ? Eh bien non, pas un ours polaire mais bien un yaourt aux c\u00e9r\u00e9ales ! Ce qui ne nous emp\u00eache pas d\u2019\u00eatre tous deux des biens communs. Comment ? \u00c0 base de riz, sarrasin et millet, je b\u00e9n\u00e9ficie d\u2019un proc\u00e9d\u00e9 de fermentation similaire \u00e0 celui du yaourt laitier. Christophe FAVROT et Nathalie MOUILLOT m\u2019inventent en 2011. Mais comment se d\u00e9velopper sans se transformer en grosse entreprise agroalimentaire ? Avec le d\u00e9p\u00f4t d\u2019un brevet\u2026 sous licence \u00ab Creative commons \u00bb pour ma recette ! Issu du courant des logiciels libres, c\u2019est la reconnaissance des auteurs mais sans exclusivit\u00e9 sur le Nomad\u2019Yo. Ainsi, Christophe et Nathalie forment aujourd\u2019hui des volontaires \u00e0 ma fabrication gr\u00e2ce aux bact\u00e9ries appropri\u00e9es. Et c\u2019est parti pour un beau et libre voyage partout en France ! Rien qu\u2019en Bretagne, je suis mensuellement et artisanalement fabriqu\u00e9 \u00e0 2000 exemplaires pour seulement 2 points de vente. Et depuis 2015 existe un r\u00e9seau national de cinq producteurs ind\u00e9pendants. Le yaourt v\u00e9g\u00e9tal a un beau chemin devant lui !<\/p>\n<p><strong>\u00ab Le bien commun est devenu un credo, mais apr\u00e8s, il faut le pratiquer \u00bb<\/strong><\/p>\n<p style=\"text-align: justify;\">\u00ab Je vois ce lieu \u00ab Le savoir, c\u2019est le pouvoir. comme un espace d\u00e9di\u00e9 au vivant \u00bb Il ne doit pas \u00eatre dans les mains d\u2019un-e seul-e ! \u00bb \u00ab Nous avons d\u00e9pos\u00e9 un brevet pour qu\u2019on ne nous pique pas l\u2019id\u00e9e et pour avoir le droit de produire selon notre invention. Mais sans avoir la fibre d\u2019un chef d\u2019entreprise, je voulais faire conna\u00eetre notre proc\u00e9d\u00e9. A l\u2019\u00e9poque, un ami avait suivi la cr\u00e9ation du produit. Il travaillait sur des outils de communication et de coop\u00e9ration bas\u00e9s sur du Wiki en contenu libre. On a donc d\u00e9cid\u00e9 de passer dans le domaine public sous licence \u00abCreative Commons\u00bb qui reconna\u00eet le droit d\u2019auteur. Le bien commun est devenu un credo, mais apr\u00e8s, il faut le pratiquer. M\u00eame si les bact\u00e9ries et c\u00e9r\u00e9ales sont pr\u00e9sentes partout sur terre, la fabrication de yaourts v\u00e9g\u00e9taux est d\u00e9licate et on se pose la question de l\u2019accessibilit\u00e9 r\u00e9elle. Cr\u00e9er un petit kit avec c\u00e9r\u00e9ales broy\u00e9es, bact\u00e9ries et mode d\u2019emploi ou faire un tutoriel sur internet sont \u00e0 l\u2019\u00e9tude. On travaille aussi sur des machines qui r\u00e9clameraient moins d\u2019effort. Le r\u00e9seau de fabricants de yaourts aux c\u00e9r\u00e9ales s\u2019est empar\u00e9 de ces probl\u00e8mes, mais \u00e7a demande un gros boulot d\u2019animation. \u00bb<\/p>\n<p style=\"text-align: right;\"><strong>Christophe FAVROT, directeur de Plurielle qui distribue Nomad\u2019Yo<\/strong><\/p>\n<p>Extrait du Recueil des Alternatives de l\u2019AlterTour 2016, disponible dans le num\u00e9ro de juin de la <a title=\"Revue Silence\" href=\"http:\/\/www.revuesilence.net\/\" target=\"_blank\" rel=\"noopener noreferrer\">Revue Silence.<\/a><\/p>\n<p>Nomad&rsquo;Yo (Porzh Kloz &#8211; 29690 La Feuill\u00e9e) accueillera l\u2019AlterTour le 5 ao\u00fbt 2016 \u00e0 la Feuill\u00e9e. D\u00e9tail de l&rsquo;\u00e9tape : <a href=\"http:\/\/www.altercampagne.net\/?page_id=172&amp;route=79\">ici<\/a><\/p>\n","protected":false},"excerpt":{"rendered":"<p>Je suis rondelet, blanc et aime le froid. Qui suis-je ? Eh bien non, pas un ours polaire mais bien un yaourt aux c\u00e9r\u00e9ales ! Ce qui ne nous emp\u00eache pas d\u2019\u00eatre tous deux des biens communs. Comment ? \u00c0 base de riz, sarrasin et millet, je b\u00e9n\u00e9ficie d\u2019un proc\u00e9d\u00e9 &#8230; <\/p>\n<div><a href=\"https:\/\/www.altercampagne.net\/?p=5197\" class=\"more-link\">Read More<\/a><\/div>\n","protected":false},"author":214,"featured_media":15448,"comment_status":"closed","ping_status":"closed","sticky":false,"template":"","format":"standard","meta":{"footnotes":""},"categories":[3489,3472,3459],"tags":[13,20,358,383,410,1652,2435,2436,2437,2438,2439,2846,2849,2850,2851,3301],"class_list":["post-5197","post","type-post","status-publish","format-standard","has-post-thumbnail","hentry","category-alimentation","category-bretagne","category-edition-2016","tag-revue-silence","tag-bretagne","tag-altertour","tag-altertour-2016","tag-finistere","tag-1652","tag-la-feuillee","tag-plurielle","tag-christophe-favrot","tag-nathalie-mouillot","tag-yaourts-vegetaux","tag-accueillant","tag-accueillant2016","tag-accueillant-2016","tag-altertour2016","tag-nomad-yo"],"yoast_head":"<!-- This site is optimized with the Yoast SEO plugin v27.3 - https:\/\/yoast.com\/product\/yoast-seo-wordpress\/ -->\n<title>Nomad\u2019Yo le 5 ao\u00fbt \u00e0 la Feuill\u00e9e - AlterTour<\/title>\n<meta name=\"robots\" content=\"index, follow, max-snippet:-1, max-image-preview:large, max-video-preview:-1\" \/>\n<link rel=\"canonical\" href=\"https:\/\/www.altercampagne.net\/?p=5197\" \/>\n<meta property=\"og:locale\" content=\"fr_FR\" \/>\n<meta property=\"og:type\" content=\"article\" \/>\n<meta property=\"og:title\" content=\"Nomad\u2019Yo le 5 ao\u00fbt \u00e0 la Feuill\u00e9e - AlterTour\" \/>\n<meta property=\"og:description\" content=\"Je suis rondelet, blanc et aime le froid. Qui suis-je ? Eh bien non, pas un ours polaire mais bien un yaourt aux c\u00e9r\u00e9ales ! Ce qui ne nous emp\u00eache pas d\u2019\u00eatre tous deux des biens communs. Comment ? \u00c0 base de riz, sarrasin et millet, je b\u00e9n\u00e9ficie d\u2019un proc\u00e9d\u00e9 ... Read More\" \/>\n<meta property=\"og:url\" content=\"https:\/\/www.altercampagne.net\/?p=5197\" \/>\n<meta property=\"og:site_name\" content=\"AlterTour\" \/>\n<meta property=\"article:published_time\" content=\"2016-06-17T05:57:04+00:00\" \/>\n<meta property=\"article:modified_time\" content=\"2019-09-13T13:39:58+00:00\" \/>\n<meta property=\"og:image\" content=\"https:\/\/www.altercampagne.net\/wp-content\/uploads\/2016\/06\/2016-06-17-nomad-yo.jpg\" \/>\n\t<meta property=\"og:image:width\" content=\"900\" \/>\n\t<meta property=\"og:image:height\" content=\"470\" \/>\n\t<meta property=\"og:image:type\" content=\"image\/jpeg\" \/>\n<meta name=\"author\" content=\"Mathieu\" \/>\n<meta name=\"twitter:card\" content=\"summary_large_image\" \/>\n<meta name=\"twitter:label1\" content=\"\u00c9crit par\" \/>\n\t<meta name=\"twitter:data1\" content=\"Mathieu\" \/>\n\t<meta name=\"twitter:label2\" content=\"Dur\u00e9e de lecture estim\u00e9e\" \/>\n\t<meta name=\"twitter:data2\" content=\"2 minutes\" \/>\n<script type=\"application\/ld+json\" class=\"yoast-schema-graph\">{\"@context\":\"https:\\\/\\\/schema.org\",\"@graph\":[{\"@type\":\"Article\",\"@id\":\"https:\\\/\\\/www.altercampagne.net\\\/?p=5197#article\",\"isPartOf\":{\"@id\":\"https:\\\/\\\/www.altercampagne.net\\\/?p=5197\"},\"author\":{\"name\":\"Mathieu\",\"@id\":\"https:\\\/\\\/www.altercampagne.net\\\/#\\\/schema\\\/person\\\/0f261460c09e430caa0f9bcffa319109\"},\"headline\":\"Nomad\u2019Yo le 5 ao\u00fbt \u00e0 la Feuill\u00e9e\",\"datePublished\":\"2016-06-17T05:57:04+00:00\",\"dateModified\":\"2019-09-13T13:39:58+00:00\",\"mainEntityOfPage\":{\"@id\":\"https:\\\/\\\/www.altercampagne.net\\\/?p=5197\"},\"wordCount\":498,\"image\":{\"@id\":\"https:\\\/\\\/www.altercampagne.net\\\/?p=5197#primaryimage\"},\"thumbnailUrl\":\"https:\\\/\\\/www.altercampagne.net\\\/wp-content\\\/uploads\\\/2016\\\/06\\\/2016-06-17-nomad-yo.jpg\",\"keywords\":[\"revue Silence\",\"bretagne\",\"AlterTour\",\"AlterTour 2016\",\"finist\u00e8re\",\"2016\",\"La Feuill\u00e9e\",\"Plurielle\",\"Christophe Favrot\",\"Nathalie MOUILLOT\",\"yaourts v\u00e9g\u00e9taux\",\"accueillant\",\"accueillant2016\",\"accueillant 2016\",\"AlterTour2016\",\"Nomad Yo\"],\"articleSection\":[\"Alimentation\",\"Bretagne\",\"\u00c9dition 2016\"],\"inLanguage\":\"fr-FR\"},{\"@type\":\"WebPage\",\"@id\":\"https:\\\/\\\/www.altercampagne.net\\\/?p=5197\",\"url\":\"https:\\\/\\\/www.altercampagne.net\\\/?p=5197\",\"name\":\"Nomad\u2019Yo le 5 ao\u00fbt \u00e0 la Feuill\u00e9e - AlterTour\",\"isPartOf\":{\"@id\":\"https:\\\/\\\/www.altercampagne.net\\\/#website\"},\"primaryImageOfPage\":{\"@id\":\"https:\\\/\\\/www.altercampagne.net\\\/?p=5197#primaryimage\"},\"image\":{\"@id\":\"https:\\\/\\\/www.altercampagne.net\\\/?p=5197#primaryimage\"},\"thumbnailUrl\":\"https:\\\/\\\/www.altercampagne.net\\\/wp-content\\\/uploads\\\/2016\\\/06\\\/2016-06-17-nomad-yo.jpg\",\"datePublished\":\"2016-06-17T05:57:04+00:00\",\"dateModified\":\"2019-09-13T13:39:58+00:00\",\"author\":{\"@id\":\"https:\\\/\\\/www.altercampagne.net\\\/#\\\/schema\\\/person\\\/0f261460c09e430caa0f9bcffa319109\"},\"breadcrumb\":{\"@id\":\"https:\\\/\\\/www.altercampagne.net\\\/?p=5197#breadcrumb\"},\"inLanguage\":\"fr-FR\",\"potentialAction\":[{\"@type\":\"ReadAction\",\"target\":[\"https:\\\/\\\/www.altercampagne.net\\\/?p=5197\"]}]},{\"@type\":\"ImageObject\",\"inLanguage\":\"fr-FR\",\"@id\":\"https:\\\/\\\/www.altercampagne.net\\\/?p=5197#primaryimage\",\"url\":\"https:\\\/\\\/www.altercampagne.net\\\/wp-content\\\/uploads\\\/2016\\\/06\\\/2016-06-17-nomad-yo.jpg\",\"contentUrl\":\"https:\\\/\\\/www.altercampagne.net\\\/wp-content\\\/uploads\\\/2016\\\/06\\\/2016-06-17-nomad-yo.jpg\",\"width\":900,\"height\":470},{\"@type\":\"BreadcrumbList\",\"@id\":\"https:\\\/\\\/www.altercampagne.net\\\/?p=5197#breadcrumb\",\"itemListElement\":[{\"@type\":\"ListItem\",\"position\":1,\"name\":\"Accueil\",\"item\":\"https:\\\/\\\/www.altercampagne.net\\\/\"},{\"@type\":\"ListItem\",\"position\":2,\"name\":\"Nomad\u2019Yo le 5 ao\u00fbt \u00e0 la Feuill\u00e9e\"}]},{\"@type\":\"WebSite\",\"@id\":\"https:\\\/\\\/www.altercampagne.net\\\/#website\",\"url\":\"https:\\\/\\\/www.altercampagne.net\\\/\",\"name\":\"AlterTour\",\"description\":\"Reliez les Alternatives \u00e0 v\u00e9lo\",\"potentialAction\":[{\"@type\":\"SearchAction\",\"target\":{\"@type\":\"EntryPoint\",\"urlTemplate\":\"https:\\\/\\\/www.altercampagne.net\\\/?s={search_term_string}\"},\"query-input\":{\"@type\":\"PropertyValueSpecification\",\"valueRequired\":true,\"valueName\":\"search_term_string\"}}],\"inLanguage\":\"fr-FR\"},{\"@type\":\"Person\",\"@id\":\"https:\\\/\\\/www.altercampagne.net\\\/#\\\/schema\\\/person\\\/0f261460c09e430caa0f9bcffa319109\",\"name\":\"Mathieu\",\"image\":{\"@type\":\"ImageObject\",\"inLanguage\":\"fr-FR\",\"@id\":\"https:\\\/\\\/secure.gravatar.com\\\/avatar\\\/aa9d3d24c83f2141e5e2709d0f63d09a99f6be6bb7a50abc4915838d9f54501a?s=96&d=mm&r=g\",\"url\":\"https:\\\/\\\/secure.gravatar.com\\\/avatar\\\/aa9d3d24c83f2141e5e2709d0f63d09a99f6be6bb7a50abc4915838d9f54501a?s=96&d=mm&r=g\",\"contentUrl\":\"https:\\\/\\\/secure.gravatar.com\\\/avatar\\\/aa9d3d24c83f2141e5e2709d0f63d09a99f6be6bb7a50abc4915838d9f54501a?s=96&d=mm&r=g\",\"caption\":\"Mathieu\"},\"url\":\"https:\\\/\\\/www.altercampagne.net\\\/?author=214\"}]}<\/script>\n<!-- \/ Yoast SEO plugin. -->","yoast_head_json":{"title":"Nomad\u2019Yo le 5 ao\u00fbt \u00e0 la Feuill\u00e9e - AlterTour","robots":{"index":"index","follow":"follow","max-snippet":"max-snippet:-1","max-image-preview":"max-image-preview:large","max-video-preview":"max-video-preview:-1"},"canonical":"https:\/\/www.altercampagne.net\/?p=5197","og_locale":"fr_FR","og_type":"article","og_title":"Nomad\u2019Yo le 5 ao\u00fbt \u00e0 la Feuill\u00e9e - AlterTour","og_description":"Je suis rondelet, blanc et aime le froid. Qui suis-je ? Eh bien non, pas un ours polaire mais bien un yaourt aux c\u00e9r\u00e9ales ! Ce qui ne nous emp\u00eache pas d\u2019\u00eatre tous deux des biens communs. Comment ? \u00c0 base de riz, sarrasin et millet, je b\u00e9n\u00e9ficie d\u2019un proc\u00e9d\u00e9 ... Read More","og_url":"https:\/\/www.altercampagne.net\/?p=5197","og_site_name":"AlterTour","article_published_time":"2016-06-17T05:57:04+00:00","article_modified_time":"2019-09-13T13:39:58+00:00","og_image":[{"width":900,"height":470,"url":"https:\/\/www.altercampagne.net\/wp-content\/uploads\/2016\/06\/2016-06-17-nomad-yo.jpg","type":"image\/jpeg"}],"author":"Mathieu","twitter_card":"summary_large_image","twitter_misc":{"\u00c9crit par":"Mathieu","Dur\u00e9e de lecture estim\u00e9e":"2 minutes"},"schema":{"@context":"https:\/\/schema.org","@graph":[{"@type":"Article","@id":"https:\/\/www.altercampagne.net\/?p=5197#article","isPartOf":{"@id":"https:\/\/www.altercampagne.net\/?p=5197"},"author":{"name":"Mathieu","@id":"https:\/\/www.altercampagne.net\/#\/schema\/person\/0f261460c09e430caa0f9bcffa319109"},"headline":"Nomad\u2019Yo le 5 ao\u00fbt \u00e0 la Feuill\u00e9e","datePublished":"2016-06-17T05:57:04+00:00","dateModified":"2019-09-13T13:39:58+00:00","mainEntityOfPage":{"@id":"https:\/\/www.altercampagne.net\/?p=5197"},"wordCount":498,"image":{"@id":"https:\/\/www.altercampagne.net\/?p=5197#primaryimage"},"thumbnailUrl":"https:\/\/www.altercampagne.net\/wp-content\/uploads\/2016\/06\/2016-06-17-nomad-yo.jpg","keywords":["revue Silence","bretagne","AlterTour","AlterTour 2016","finist\u00e8re","2016","La Feuill\u00e9e","Plurielle","Christophe Favrot","Nathalie MOUILLOT","yaourts v\u00e9g\u00e9taux","accueillant","accueillant2016","accueillant 2016","AlterTour2016","Nomad Yo"],"articleSection":["Alimentation","Bretagne","\u00c9dition 2016"],"inLanguage":"fr-FR"},{"@type":"WebPage","@id":"https:\/\/www.altercampagne.net\/?p=5197","url":"https:\/\/www.altercampagne.net\/?p=5197","name":"Nomad\u2019Yo le 5 ao\u00fbt \u00e0 la Feuill\u00e9e - AlterTour","isPartOf":{"@id":"https:\/\/www.altercampagne.net\/#website"},"primaryImageOfPage":{"@id":"https:\/\/www.altercampagne.net\/?p=5197#primaryimage"},"image":{"@id":"https:\/\/www.altercampagne.net\/?p=5197#primaryimage"},"thumbnailUrl":"https:\/\/www.altercampagne.net\/wp-content\/uploads\/2016\/06\/2016-06-17-nomad-yo.jpg","datePublished":"2016-06-17T05:57:04+00:00","dateModified":"2019-09-13T13:39:58+00:00","author":{"@id":"https:\/\/www.altercampagne.net\/#\/schema\/person\/0f261460c09e430caa0f9bcffa319109"},"breadcrumb":{"@id":"https:\/\/www.altercampagne.net\/?p=5197#breadcrumb"},"inLanguage":"fr-FR","potentialAction":[{"@type":"ReadAction","target":["https:\/\/www.altercampagne.net\/?p=5197"]}]},{"@type":"ImageObject","inLanguage":"fr-FR","@id":"https:\/\/www.altercampagne.net\/?p=5197#primaryimage","url":"https:\/\/www.altercampagne.net\/wp-content\/uploads\/2016\/06\/2016-06-17-nomad-yo.jpg","contentUrl":"https:\/\/www.altercampagne.net\/wp-content\/uploads\/2016\/06\/2016-06-17-nomad-yo.jpg","width":900,"height":470},{"@type":"BreadcrumbList","@id":"https:\/\/www.altercampagne.net\/?p=5197#breadcrumb","itemListElement":[{"@type":"ListItem","position":1,"name":"Accueil","item":"https:\/\/www.altercampagne.net\/"},{"@type":"ListItem","position":2,"name":"Nomad\u2019Yo le 5 ao\u00fbt \u00e0 la Feuill\u00e9e"}]},{"@type":"WebSite","@id":"https:\/\/www.altercampagne.net\/#website","url":"https:\/\/www.altercampagne.net\/","name":"AlterTour","description":"Reliez les Alternatives \u00e0 v\u00e9lo","potentialAction":[{"@type":"SearchAction","target":{"@type":"EntryPoint","urlTemplate":"https:\/\/www.altercampagne.net\/?s={search_term_string}"},"query-input":{"@type":"PropertyValueSpecification","valueRequired":true,"valueName":"search_term_string"}}],"inLanguage":"fr-FR"},{"@type":"Person","@id":"https:\/\/www.altercampagne.net\/#\/schema\/person\/0f261460c09e430caa0f9bcffa319109","name":"Mathieu","image":{"@type":"ImageObject","inLanguage":"fr-FR","@id":"https:\/\/secure.gravatar.com\/avatar\/aa9d3d24c83f2141e5e2709d0f63d09a99f6be6bb7a50abc4915838d9f54501a?s=96&d=mm&r=g","url":"https:\/\/secure.gravatar.com\/avatar\/aa9d3d24c83f2141e5e2709d0f63d09a99f6be6bb7a50abc4915838d9f54501a?s=96&d=mm&r=g","contentUrl":"https:\/\/secure.gravatar.com\/avatar\/aa9d3d24c83f2141e5e2709d0f63d09a99f6be6bb7a50abc4915838d9f54501a?s=96&d=mm&r=g","caption":"Mathieu"},"url":"https:\/\/www.altercampagne.net\/?author=214"}]}},"_links":{"self":[{"href":"https:\/\/www.altercampagne.net\/index.php?rest_route=\/wp\/v2\/posts\/5197","targetHints":{"allow":["GET"]}}],"collection":[{"href":"https:\/\/www.altercampagne.net\/index.php?rest_route=\/wp\/v2\/posts"}],"about":[{"href":"https:\/\/www.altercampagne.net\/index.php?rest_route=\/wp\/v2\/types\/post"}],"author":[{"embeddable":true,"href":"https:\/\/www.altercampagne.net\/index.php?rest_route=\/wp\/v2\/users\/214"}],"replies":[{"embeddable":true,"href":"https:\/\/www.altercampagne.net\/index.php?rest_route=%2Fwp%2Fv2%2Fcomments&post=5197"}],"version-history":[{"count":0,"href":"https:\/\/www.altercampagne.net\/index.php?rest_route=\/wp\/v2\/posts\/5197\/revisions"}],"wp:featuredmedia":[{"embeddable":true,"href":"https:\/\/www.altercampagne.net\/index.php?rest_route=\/wp\/v2\/media\/15448"}],"wp:attachment":[{"href":"https:\/\/www.altercampagne.net\/index.php?rest_route=%2Fwp%2Fv2%2Fmedia&parent=5197"}],"wp:term":[{"taxonomy":"category","embeddable":true,"href":"https:\/\/www.altercampagne.net\/index.php?rest_route=%2Fwp%2Fv2%2Fcategories&post=5197"},{"taxonomy":"post_tag","embeddable":true,"href":"https:\/\/www.altercampagne.net\/index.php?rest_route=%2Fwp%2Fv2%2Ftags&post=5197"}],"curies":[{"name":"wp","href":"https:\/\/api.w.org\/{rel}","templated":true}]}}