{"id":5199,"date":"2016-06-20T08:05:48","date_gmt":"2016-06-20T06:05:48","guid":{"rendered":"http:\/\/www.altercampagne.net\/?p=5199"},"modified":"2019-09-13T15:43:41","modified_gmt":"2019-09-13T13:43:41","slug":"oasis-ti-lipouz-les-6-et-7-aout-a-plevin","status":"publish","type":"post","link":"https:\/\/www.altercampagne.net\/?p=5199","title":{"rendered":"Oasis Ti Lipouz les 6 et 7 ao\u00fbt \u00e0 Pl\u00e9vin"},"content":{"rendered":"<p style=\"text-align: justify;\"><a href=\"http:\/\/www.altercampagne.net\/wp-content\/uploads\/2016\/05\/2016-08-06-Tilipouz.jpg\"><img loading=\"lazy\" decoding=\"async\" class=\" size-medium wp-image-4870 alignleft\" src=\"http:\/\/www.altercampagne.net\/wp-content\/uploads\/2016\/05\/2016-08-06-Tilipouz-300x219.jpg\" alt=\"Oasis Tilipouz\" width=\"300\" height=\"219\" srcset=\"https:\/\/www.altercampagne.net\/wp-content\/uploads\/2016\/05\/2016-08-06-Tilipouz-300x219.jpg 300w, https:\/\/www.altercampagne.net\/wp-content\/uploads\/2016\/05\/2016-08-06-Tilipouz.jpg 686w\" sizes=\"auto, (max-width: 300px) 100vw, 300px\" \/><\/a>La Montagne Noire d\u2019un c\u00f4t\u00e9, une ancienne ardoisi\u00e8re d\u2019un autre, Virginie et S\u00e9bastien investissent un terrain de 3 ha \u00e0 Pl\u00e9vin en avril 2015. Ti Lipouz, micro-ferme paysanne en agro\u00e9cologie, est n\u00e9e. Et depuis, ce lieu atypique ouvre ses portes \u00e0 mille possibles pour agir, inventer et cr\u00e9er ! Autodidactes et touche-\u00e0-tout, ils cr\u00e9ent un verger multi-\u00e9tages en permaculture, des zones de mara\u00eechage sur sol vivant, installent des ruchers en \u00e9levage conscient, des serres, un poulailler mobile. Les id\u00e9es foisonnent, l\u2019oasis \u00ab maison gourmande \u00bb grandit, soutenue par les copains du Jardin d\u2019Humains. On exp\u00e9rimente, on prend le temps, on \u00e9change et on cultive les liens avec d\u2019autres initiatives locales. En projet, la transformation de petits fruits, un pressoir, des champignons, et puis une sc\u00e8ne sous le vieux ch\u00e2taigner, une aire d\u2019accueil\u2026 Rien n\u2019est fig\u00e9, et tout probl\u00e8me devient une ressource pour faire de cette oasis, adh\u00e9rente aux Colibris, un lieu de vie. \u00ab Quand ti l\u2019y s\u2019aime, ti l\u2019y pousse ! \u00bb<\/p>\n<p><strong>\u00ab Le savoir, c\u2019est le pouvoir. Il ne doit pas \u00eatre dans les mains d\u2019un-e seul-e ! \u00bb<\/strong><\/p>\n<p style=\"text-align: justify;\">\u00ab Il est temps de prendre conscience que les biens communs, ce qui est \u00e0 chacun et \u00e0 tout le monde, sont \u00e0 pr\u00e9server, \u00e0 prot\u00e9ger, et \u00e0 partager ! Au-del\u00e0 de la biodiversit\u00e9 par exemple, un bien commun vital pour nous est le savoir, la connaissance. Nous l\u2019envisageons comme quelque chose de mouvant, le r\u00e9sultat de la somme d\u2019exp\u00e9riences, d\u2019observations, qui se compl\u00e8tent et se partagent, qu\u2019il est important de transmettre. Le savoir, c\u2019est le pouvoir. Il ne doit pas \u00eatre dans les mains d\u2019un-e seul-e ! Ici \u00e0 Ti Lipouz, nous voulons cr\u00e9er les conditions d\u2019un partage mutuel \u00e9quilibr\u00e9 de savoirs, de temps, d\u2019id\u00e9es, sans passer par la mon\u00e9tisation, mais plut\u00f4t par le don et l\u2019\u00e9change. Nous avons par exemple co-initi\u00e9 un JEU, le Jardin d\u2019\u00c9changes Universels, et depuis quelque temps le Jardin des Savoirs : nous initions formations, ateliers et chantiers participatifs, pour que des visions et exp\u00e9riences diff\u00e9rentes puissent circuler et permettre \u00e0 chacun-e de prendre soin de la vie. \u00bb<\/p>\n<p style=\"text-align: right;\"><strong>S\u00e9bastien, cofondateur de Ti Lipouz<\/strong><\/p>\n<p>Extrait du Recueil des Alternatives de l\u2019AlterTour 2016, disponible dans le num\u00e9ro de juin de la <a title=\"Revue Silence\" href=\"http:\/\/www.revuesilence.net\/\" target=\"_blank\" rel=\"noopener noreferrer\">Revue Silence<\/a>.<\/p>\n<p>L&rsquo;Oasis Ti Lipouz (22340 Pl\u00e9vin) accueillera l\u2019AlterTour les 6 et 7 ao\u00fbt 2016 \u00e0 Pl\u00e9vin. D\u00e9tail des \u00e9tapes : <a href=\"http:\/\/www.altercampagne.net\/?page_id=172&amp;route=80\">ici<\/a><\/p>\n","protected":false},"excerpt":{"rendered":"<p>La Montagne Noire d\u2019un c\u00f4t\u00e9, une ancienne ardoisi\u00e8re d\u2019un autre, Virginie et S\u00e9bastien investissent un terrain de 3 ha \u00e0 Pl\u00e9vin en avril 2015. Ti Lipouz, micro-ferme paysanne en agro\u00e9cologie, est n\u00e9e. Et depuis, ce lieu atypique ouvre ses portes \u00e0 mille possibles pour agir, inventer et cr\u00e9er ! Autodidactes &#8230; <\/p>\n<div><a href=\"https:\/\/www.altercampagne.net\/?p=5199\" class=\"more-link\">Read More<\/a><\/div>\n","protected":false},"author":214,"featured_media":15450,"comment_status":"closed","ping_status":"closed","sticky":false,"template":"","format":"standard","meta":{"footnotes":""},"categories":[3483,3472,3459],"tags":[20,383,405,573,1652,1669,2407,2440,2441,2442,2846,2849,2850,2851],"class_list":["post-5199","post","type-post","status-publish","format-standard","has-post-thumbnail","hentry","category-agriculture","category-bretagne","category-edition-2016","tag-bretagne","tag-altertour-2016","tag-agroecologie","tag-biodiversite","tag-1652","tag-cotes-darmor","tag-oasis","tag-plevin","tag-ti-lipouz","tag-oasis-en-tout-lieux","tag-accueillant","tag-accueillant2016","tag-accueillant-2016","tag-altertour2016"],"yoast_head":"<!-- This site is optimized with the Yoast SEO plugin v27.3 - https:\/\/yoast.com\/product\/yoast-seo-wordpress\/ -->\n<title>Oasis Ti Lipouz les 6 et 7 ao\u00fbt \u00e0 Pl\u00e9vin - AlterTour<\/title>\n<meta name=\"robots\" content=\"index, follow, max-snippet:-1, max-image-preview:large, max-video-preview:-1\" \/>\n<link rel=\"canonical\" href=\"https:\/\/www.altercampagne.net\/?p=5199\" \/>\n<meta property=\"og:locale\" content=\"fr_FR\" \/>\n<meta property=\"og:type\" content=\"article\" \/>\n<meta property=\"og:title\" content=\"Oasis Ti Lipouz les 6 et 7 ao\u00fbt \u00e0 Pl\u00e9vin - AlterTour\" \/>\n<meta property=\"og:description\" content=\"La Montagne Noire d\u2019un c\u00f4t\u00e9, une ancienne ardoisi\u00e8re d\u2019un autre, Virginie et S\u00e9bastien investissent un terrain de 3 ha \u00e0 Pl\u00e9vin en avril 2015. Ti Lipouz, micro-ferme paysanne en agro\u00e9cologie, est n\u00e9e. Et depuis, ce lieu atypique ouvre ses portes \u00e0 mille possibles pour agir, inventer et cr\u00e9er ! Autodidactes ... Read More\" \/>\n<meta property=\"og:url\" content=\"https:\/\/www.altercampagne.net\/?p=5199\" \/>\n<meta property=\"og:site_name\" content=\"AlterTour\" \/>\n<meta property=\"article:published_time\" content=\"2016-06-20T06:05:48+00:00\" \/>\n<meta property=\"article:modified_time\" content=\"2019-09-13T13:43:41+00:00\" \/>\n<meta property=\"og:image\" content=\"https:\/\/www.altercampagne.net\/wp-content\/uploads\/2016\/06\/2016-06-20-021.jpg\" \/>\n\t<meta property=\"og:image:width\" content=\"900\" \/>\n\t<meta property=\"og:image:height\" content=\"470\" \/>\n\t<meta property=\"og:image:type\" content=\"image\/jpeg\" \/>\n<meta name=\"author\" content=\"Mathieu\" \/>\n<meta name=\"twitter:card\" content=\"summary_large_image\" \/>\n<meta name=\"twitter:label1\" content=\"\u00c9crit par\" \/>\n\t<meta name=\"twitter:data1\" content=\"Mathieu\" \/>\n\t<meta name=\"twitter:label2\" content=\"Dur\u00e9e de lecture estim\u00e9e\" \/>\n\t<meta name=\"twitter:data2\" content=\"2 minutes\" \/>\n<script type=\"application\/ld+json\" class=\"yoast-schema-graph\">{\"@context\":\"https:\\\/\\\/schema.org\",\"@graph\":[{\"@type\":\"Article\",\"@id\":\"https:\\\/\\\/www.altercampagne.net\\\/?p=5199#article\",\"isPartOf\":{\"@id\":\"https:\\\/\\\/www.altercampagne.net\\\/?p=5199\"},\"author\":{\"name\":\"Mathieu\",\"@id\":\"https:\\\/\\\/www.altercampagne.net\\\/#\\\/schema\\\/person\\\/0f261460c09e430caa0f9bcffa319109\"},\"headline\":\"Oasis Ti Lipouz les 6 et 7 ao\u00fbt \u00e0 Pl\u00e9vin\",\"datePublished\":\"2016-06-20T06:05:48+00:00\",\"dateModified\":\"2019-09-13T13:43:41+00:00\",\"mainEntityOfPage\":{\"@id\":\"https:\\\/\\\/www.altercampagne.net\\\/?p=5199\"},\"wordCount\":425,\"image\":{\"@id\":\"https:\\\/\\\/www.altercampagne.net\\\/?p=5199#primaryimage\"},\"thumbnailUrl\":\"https:\\\/\\\/www.altercampagne.net\\\/wp-content\\\/uploads\\\/2016\\\/06\\\/2016-06-20-021.jpg\",\"keywords\":[\"bretagne\",\"AlterTour 2016\",\"agro\u00e9cologie\",\"biodiversit\u00e9\",\"2016\",\"C\u00f4tes-d'Armor\",\"oasis\",\"Pl\u00e9vin\",\"Ti Lipouz\",\"Oasis en tout lieux\",\"accueillant\",\"accueillant2016\",\"accueillant 2016\",\"AlterTour2016\"],\"articleSection\":[\"Agriculture\",\"Bretagne\",\"\u00c9dition 2016\"],\"inLanguage\":\"fr-FR\"},{\"@type\":\"WebPage\",\"@id\":\"https:\\\/\\\/www.altercampagne.net\\\/?p=5199\",\"url\":\"https:\\\/\\\/www.altercampagne.net\\\/?p=5199\",\"name\":\"Oasis Ti Lipouz les 6 et 7 ao\u00fbt \u00e0 Pl\u00e9vin - AlterTour\",\"isPartOf\":{\"@id\":\"https:\\\/\\\/www.altercampagne.net\\\/#website\"},\"primaryImageOfPage\":{\"@id\":\"https:\\\/\\\/www.altercampagne.net\\\/?p=5199#primaryimage\"},\"image\":{\"@id\":\"https:\\\/\\\/www.altercampagne.net\\\/?p=5199#primaryimage\"},\"thumbnailUrl\":\"https:\\\/\\\/www.altercampagne.net\\\/wp-content\\\/uploads\\\/2016\\\/06\\\/2016-06-20-021.jpg\",\"datePublished\":\"2016-06-20T06:05:48+00:00\",\"dateModified\":\"2019-09-13T13:43:41+00:00\",\"author\":{\"@id\":\"https:\\\/\\\/www.altercampagne.net\\\/#\\\/schema\\\/person\\\/0f261460c09e430caa0f9bcffa319109\"},\"breadcrumb\":{\"@id\":\"https:\\\/\\\/www.altercampagne.net\\\/?p=5199#breadcrumb\"},\"inLanguage\":\"fr-FR\",\"potentialAction\":[{\"@type\":\"ReadAction\",\"target\":[\"https:\\\/\\\/www.altercampagne.net\\\/?p=5199\"]}]},{\"@type\":\"ImageObject\",\"inLanguage\":\"fr-FR\",\"@id\":\"https:\\\/\\\/www.altercampagne.net\\\/?p=5199#primaryimage\",\"url\":\"https:\\\/\\\/www.altercampagne.net\\\/wp-content\\\/uploads\\\/2016\\\/06\\\/2016-06-20-021.jpg\",\"contentUrl\":\"https:\\\/\\\/www.altercampagne.net\\\/wp-content\\\/uploads\\\/2016\\\/06\\\/2016-06-20-021.jpg\",\"width\":900,\"height\":470},{\"@type\":\"BreadcrumbList\",\"@id\":\"https:\\\/\\\/www.altercampagne.net\\\/?p=5199#breadcrumb\",\"itemListElement\":[{\"@type\":\"ListItem\",\"position\":1,\"name\":\"Accueil\",\"item\":\"https:\\\/\\\/www.altercampagne.net\\\/\"},{\"@type\":\"ListItem\",\"position\":2,\"name\":\"Oasis Ti Lipouz les 6 et 7 ao\u00fbt \u00e0 Pl\u00e9vin\"}]},{\"@type\":\"WebSite\",\"@id\":\"https:\\\/\\\/www.altercampagne.net\\\/#website\",\"url\":\"https:\\\/\\\/www.altercampagne.net\\\/\",\"name\":\"AlterTour\",\"description\":\"Reliez les Alternatives \u00e0 v\u00e9lo\",\"potentialAction\":[{\"@type\":\"SearchAction\",\"target\":{\"@type\":\"EntryPoint\",\"urlTemplate\":\"https:\\\/\\\/www.altercampagne.net\\\/?s={search_term_string}\"},\"query-input\":{\"@type\":\"PropertyValueSpecification\",\"valueRequired\":true,\"valueName\":\"search_term_string\"}}],\"inLanguage\":\"fr-FR\"},{\"@type\":\"Person\",\"@id\":\"https:\\\/\\\/www.altercampagne.net\\\/#\\\/schema\\\/person\\\/0f261460c09e430caa0f9bcffa319109\",\"name\":\"Mathieu\",\"image\":{\"@type\":\"ImageObject\",\"inLanguage\":\"fr-FR\",\"@id\":\"https:\\\/\\\/secure.gravatar.com\\\/avatar\\\/aa9d3d24c83f2141e5e2709d0f63d09a99f6be6bb7a50abc4915838d9f54501a?s=96&d=mm&r=g\",\"url\":\"https:\\\/\\\/secure.gravatar.com\\\/avatar\\\/aa9d3d24c83f2141e5e2709d0f63d09a99f6be6bb7a50abc4915838d9f54501a?s=96&d=mm&r=g\",\"contentUrl\":\"https:\\\/\\\/secure.gravatar.com\\\/avatar\\\/aa9d3d24c83f2141e5e2709d0f63d09a99f6be6bb7a50abc4915838d9f54501a?s=96&d=mm&r=g\",\"caption\":\"Mathieu\"},\"url\":\"https:\\\/\\\/www.altercampagne.net\\\/?author=214\"}]}<\/script>\n<!-- \/ Yoast SEO plugin. -->","yoast_head_json":{"title":"Oasis Ti Lipouz les 6 et 7 ao\u00fbt \u00e0 Pl\u00e9vin - AlterTour","robots":{"index":"index","follow":"follow","max-snippet":"max-snippet:-1","max-image-preview":"max-image-preview:large","max-video-preview":"max-video-preview:-1"},"canonical":"https:\/\/www.altercampagne.net\/?p=5199","og_locale":"fr_FR","og_type":"article","og_title":"Oasis Ti Lipouz les 6 et 7 ao\u00fbt \u00e0 Pl\u00e9vin - AlterTour","og_description":"La Montagne Noire d\u2019un c\u00f4t\u00e9, une ancienne ardoisi\u00e8re d\u2019un autre, Virginie et S\u00e9bastien investissent un terrain de 3 ha \u00e0 Pl\u00e9vin en avril 2015. Ti Lipouz, micro-ferme paysanne en agro\u00e9cologie, est n\u00e9e. Et depuis, ce lieu atypique ouvre ses portes \u00e0 mille possibles pour agir, inventer et cr\u00e9er ! Autodidactes ... Read More","og_url":"https:\/\/www.altercampagne.net\/?p=5199","og_site_name":"AlterTour","article_published_time":"2016-06-20T06:05:48+00:00","article_modified_time":"2019-09-13T13:43:41+00:00","og_image":[{"width":900,"height":470,"url":"https:\/\/www.altercampagne.net\/wp-content\/uploads\/2016\/06\/2016-06-20-021.jpg","type":"image\/jpeg"}],"author":"Mathieu","twitter_card":"summary_large_image","twitter_misc":{"\u00c9crit par":"Mathieu","Dur\u00e9e de lecture estim\u00e9e":"2 minutes"},"schema":{"@context":"https:\/\/schema.org","@graph":[{"@type":"Article","@id":"https:\/\/www.altercampagne.net\/?p=5199#article","isPartOf":{"@id":"https:\/\/www.altercampagne.net\/?p=5199"},"author":{"name":"Mathieu","@id":"https:\/\/www.altercampagne.net\/#\/schema\/person\/0f261460c09e430caa0f9bcffa319109"},"headline":"Oasis Ti Lipouz les 6 et 7 ao\u00fbt \u00e0 Pl\u00e9vin","datePublished":"2016-06-20T06:05:48+00:00","dateModified":"2019-09-13T13:43:41+00:00","mainEntityOfPage":{"@id":"https:\/\/www.altercampagne.net\/?p=5199"},"wordCount":425,"image":{"@id":"https:\/\/www.altercampagne.net\/?p=5199#primaryimage"},"thumbnailUrl":"https:\/\/www.altercampagne.net\/wp-content\/uploads\/2016\/06\/2016-06-20-021.jpg","keywords":["bretagne","AlterTour 2016","agro\u00e9cologie","biodiversit\u00e9","2016","C\u00f4tes-d'Armor","oasis","Pl\u00e9vin","Ti Lipouz","Oasis en tout lieux","accueillant","accueillant2016","accueillant 2016","AlterTour2016"],"articleSection":["Agriculture","Bretagne","\u00c9dition 2016"],"inLanguage":"fr-FR"},{"@type":"WebPage","@id":"https:\/\/www.altercampagne.net\/?p=5199","url":"https:\/\/www.altercampagne.net\/?p=5199","name":"Oasis Ti Lipouz les 6 et 7 ao\u00fbt \u00e0 Pl\u00e9vin - AlterTour","isPartOf":{"@id":"https:\/\/www.altercampagne.net\/#website"},"primaryImageOfPage":{"@id":"https:\/\/www.altercampagne.net\/?p=5199#primaryimage"},"image":{"@id":"https:\/\/www.altercampagne.net\/?p=5199#primaryimage"},"thumbnailUrl":"https:\/\/www.altercampagne.net\/wp-content\/uploads\/2016\/06\/2016-06-20-021.jpg","datePublished":"2016-06-20T06:05:48+00:00","dateModified":"2019-09-13T13:43:41+00:00","author":{"@id":"https:\/\/www.altercampagne.net\/#\/schema\/person\/0f261460c09e430caa0f9bcffa319109"},"breadcrumb":{"@id":"https:\/\/www.altercampagne.net\/?p=5199#breadcrumb"},"inLanguage":"fr-FR","potentialAction":[{"@type":"ReadAction","target":["https:\/\/www.altercampagne.net\/?p=5199"]}]},{"@type":"ImageObject","inLanguage":"fr-FR","@id":"https:\/\/www.altercampagne.net\/?p=5199#primaryimage","url":"https:\/\/www.altercampagne.net\/wp-content\/uploads\/2016\/06\/2016-06-20-021.jpg","contentUrl":"https:\/\/www.altercampagne.net\/wp-content\/uploads\/2016\/06\/2016-06-20-021.jpg","width":900,"height":470},{"@type":"BreadcrumbList","@id":"https:\/\/www.altercampagne.net\/?p=5199#breadcrumb","itemListElement":[{"@type":"ListItem","position":1,"name":"Accueil","item":"https:\/\/www.altercampagne.net\/"},{"@type":"ListItem","position":2,"name":"Oasis Ti Lipouz les 6 et 7 ao\u00fbt \u00e0 Pl\u00e9vin"}]},{"@type":"WebSite","@id":"https:\/\/www.altercampagne.net\/#website","url":"https:\/\/www.altercampagne.net\/","name":"AlterTour","description":"Reliez les Alternatives \u00e0 v\u00e9lo","potentialAction":[{"@type":"SearchAction","target":{"@type":"EntryPoint","urlTemplate":"https:\/\/www.altercampagne.net\/?s={search_term_string}"},"query-input":{"@type":"PropertyValueSpecification","valueRequired":true,"valueName":"search_term_string"}}],"inLanguage":"fr-FR"},{"@type":"Person","@id":"https:\/\/www.altercampagne.net\/#\/schema\/person\/0f261460c09e430caa0f9bcffa319109","name":"Mathieu","image":{"@type":"ImageObject","inLanguage":"fr-FR","@id":"https:\/\/secure.gravatar.com\/avatar\/aa9d3d24c83f2141e5e2709d0f63d09a99f6be6bb7a50abc4915838d9f54501a?s=96&d=mm&r=g","url":"https:\/\/secure.gravatar.com\/avatar\/aa9d3d24c83f2141e5e2709d0f63d09a99f6be6bb7a50abc4915838d9f54501a?s=96&d=mm&r=g","contentUrl":"https:\/\/secure.gravatar.com\/avatar\/aa9d3d24c83f2141e5e2709d0f63d09a99f6be6bb7a50abc4915838d9f54501a?s=96&d=mm&r=g","caption":"Mathieu"},"url":"https:\/\/www.altercampagne.net\/?author=214"}]}},"_links":{"self":[{"href":"https:\/\/www.altercampagne.net\/index.php?rest_route=\/wp\/v2\/posts\/5199","targetHints":{"allow":["GET"]}}],"collection":[{"href":"https:\/\/www.altercampagne.net\/index.php?rest_route=\/wp\/v2\/posts"}],"about":[{"href":"https:\/\/www.altercampagne.net\/index.php?rest_route=\/wp\/v2\/types\/post"}],"author":[{"embeddable":true,"href":"https:\/\/www.altercampagne.net\/index.php?rest_route=\/wp\/v2\/users\/214"}],"replies":[{"embeddable":true,"href":"https:\/\/www.altercampagne.net\/index.php?rest_route=%2Fwp%2Fv2%2Fcomments&post=5199"}],"version-history":[{"count":0,"href":"https:\/\/www.altercampagne.net\/index.php?rest_route=\/wp\/v2\/posts\/5199\/revisions"}],"wp:featuredmedia":[{"embeddable":true,"href":"https:\/\/www.altercampagne.net\/index.php?rest_route=\/wp\/v2\/media\/15450"}],"wp:attachment":[{"href":"https:\/\/www.altercampagne.net\/index.php?rest_route=%2Fwp%2Fv2%2Fmedia&parent=5199"}],"wp:term":[{"taxonomy":"category","embeddable":true,"href":"https:\/\/www.altercampagne.net\/index.php?rest_route=%2Fwp%2Fv2%2Fcategories&post=5199"},{"taxonomy":"post_tag","embeddable":true,"href":"https:\/\/www.altercampagne.net\/index.php?rest_route=%2Fwp%2Fv2%2Ftags&post=5199"}],"curies":[{"name":"wp","href":"https:\/\/api.w.org\/{rel}","templated":true}]}}