{"id":5201,"date":"2016-06-22T08:21:26","date_gmt":"2016-06-22T06:21:26","guid":{"rendered":"http:\/\/www.altercampagne.net\/?p=5201"},"modified":"2019-09-13T15:47:53","modified_gmt":"2019-09-13T13:47:53","slug":"quilombo-le-10-aout-a-inguiniel","status":"publish","type":"post","link":"https:\/\/www.altercampagne.net\/?p=5201","title":{"rendered":"Quilombo le 10 ao\u00fbt \u00e0 Inguiniel"},"content":{"rendered":"<p style=\"text-align: justify;\"><a href=\"http:\/\/www.altercampagne.net\/wp-content\/uploads\/2016\/05\/2016-08-10-Quilombo.jpg\"><img loading=\"lazy\" decoding=\"async\" class=\" size-medium wp-image-4868 alignright\" src=\"http:\/\/www.altercampagne.net\/wp-content\/uploads\/2016\/05\/2016-08-10-Quilombo-300x219.jpg\" alt=\"Quilombo\" width=\"300\" height=\"219\" srcset=\"https:\/\/www.altercampagne.net\/wp-content\/uploads\/2016\/05\/2016-08-10-Quilombo-300x219.jpg 300w, https:\/\/www.altercampagne.net\/wp-content\/uploads\/2016\/05\/2016-08-10-Quilombo.jpg 686w\" sizes=\"auto, (max-width: 300px) 100vw, 300px\" \/><\/a>La notion de cercle s\u2019entend souvent au sein des collectifs. Et c\u2019est justement ce que forment Marion, Simon, Virginie et Abel au Quilombo. Un cercle particulier puisque d\u00e9fini par au moins 4 points : des yourtes pour l\u2019habitat, la parole pour l\u2019\u00e9change, la roda de la Capoeira, danse martiale afro-br\u00e9silienne, pour la rencontre, et la permaculture pour l\u2019alimentation&#8230; Plut\u00f4t d\u2019origines citadines, tous exp\u00e9rimentent savoir-vivre et savoir-faire ensemble, tels que la plantation d\u2019arbres fruitiers, la culture sur buttes ou l\u2019entretien du terrain partag\u00e9, y compris avec quelques poules et ch\u00e8vres. Avec l\u2019objectif de faire du Quilombo un espace d\u2019activit\u00e9s professionnelles, chacun apporte ses envies et connaissances : artistiques pour Marion, \u00e9ducatives pour Virginie, l\u2019artisanat et le travail du bois pour Simon et G\u00e9raud. Le groupe souhaite trouver un \u00e9quilibre en se basant sur l\u2019accueil et la communication, sujets centraux de leurs \u00e9changes.<\/p>\n<p><strong>\u00ab Je vois ce lieu comme un espace d\u00e9di\u00e9 au vivant \u00bb<\/strong><\/p>\n<p style=\"text-align: justify;\">\u00ab Notre projet s\u2019est lanc\u00e9 il y a 2 ans. Il \u00e9volue constamment, et nous sommes aujourd\u2019hui dans une p\u00e9riode de d\u00e9veloppement de nos propres individualit\u00e9s, avec un cap commun visant \u00e0 plus de collectif, plus d\u2019activit\u00e9s sur notre lieu de vie. Chacun de nous apporte ses envies et sa dynamique personnelle dans cette co-construction. Les mots cl\u00e9s qui me parlent sont, stimulation collective, trouver sa place, gestion de l\u2019espace de ce et de ceux qui vivent dessus, lutter par la mutualisation, \u00e9nergie du Buen vivir ! La notion de biens communs est au centre de nos (pr\u00e9)occupations, \u00e9tant donn\u00e9 que l\u2019on partage un terrain et des activit\u00e9s communes. Il me parait essentiel d\u2019\u00e9tablir un cadre coh\u00e9sif adaptable \u00e0 nos dynamiques et \u00e9nergies du moment. On se stimule par nos envies et nos propres conceptions de la notion de collectif. Je vois ce lieu comme un espace d\u00e9di\u00e9 au vivant, riche de par son ouverture \u00e0 la diversit\u00e9 et aux autres, et autant que possible autonome sur l\u2019alimentation et l\u2019\u00e9nergie. \u00bb<\/p>\n<p style=\"text-align: right;\"><strong>Virginie, habitante et professeure des \u00e9coles bilingue breton\/fran\u00e7ais<\/strong><\/p>\n<p>Extrait du Recueil des Alternatives de l\u2019AlterTour 2016, disponible dans le num\u00e9ro de juin de la <a title=\"Revue Silence\" href=\"http:\/\/www.revuesilence.net\/\" target=\"_blank\" rel=\"noopener noreferrer\">Revue Silence<\/a>.<\/p>\n<p>Quilombo accueillera l\u2019AlterTour le 10 ao\u00fbt 2016 \u00e0 Inguiniel (Morbihan). D\u00e9tail de l&rsquo;\u00e9tape : <a href=\"http:\/\/www.altercampagne.net\/?page_id=172&amp;route=84\">ici<\/a><\/p>\n","protected":false},"excerpt":{"rendered":"<p>La notion de cercle s\u2019entend souvent au sein des collectifs. Et c\u2019est justement ce que forment Marion, Simon, Virginie et Abel au Quilombo. Un cercle particulier puisque d\u00e9fini par au moins 4 points : des yourtes pour l\u2019habitat, la parole pour l\u2019\u00e9change, la roda de la Capoeira, danse martiale afro-br\u00e9silienne, &#8230; <\/p>\n<div><a href=\"https:\/\/www.altercampagne.net\/?p=5201\" class=\"more-link\">Read More<\/a><\/div>\n","protected":false},"author":214,"featured_media":15452,"comment_status":"closed","ping_status":"closed","sticky":false,"template":"","format":"standard","meta":{"footnotes":""},"categories":[3483,3472,3490,3459,3485],"tags":[20,383,412,1652,2443,2444,2445,2446,2846,2849,2850,2851],"class_list":["post-5201","post","type-post","status-publish","format-standard","has-post-thumbnail","hentry","category-agriculture","category-bretagne","category-culture","category-edition-2016","category-habitat","tag-bretagne","tag-altertour-2016","tag-morbihan","tag-1652","tag-quilombo","tag-de-cercle-en-cercle","tag-inguigniel","tag-capoeira","tag-accueillant","tag-accueillant2016","tag-accueillant-2016","tag-altertour2016"],"yoast_head":"<!-- This site is optimized with the Yoast SEO plugin v27.3 - https:\/\/yoast.com\/product\/yoast-seo-wordpress\/ -->\n<title>Quilombo le 10 ao\u00fbt \u00e0 Inguiniel - AlterTour<\/title>\n<meta name=\"robots\" content=\"index, follow, max-snippet:-1, max-image-preview:large, max-video-preview:-1\" \/>\n<link rel=\"canonical\" href=\"https:\/\/www.altercampagne.net\/?p=5201\" \/>\n<meta property=\"og:locale\" content=\"fr_FR\" \/>\n<meta property=\"og:type\" content=\"article\" \/>\n<meta property=\"og:title\" content=\"Quilombo le 10 ao\u00fbt \u00e0 Inguiniel - AlterTour\" \/>\n<meta property=\"og:description\" content=\"La notion de cercle s\u2019entend souvent au sein des collectifs. Et c\u2019est justement ce que forment Marion, Simon, Virginie et Abel au Quilombo. Un cercle particulier puisque d\u00e9fini par au moins 4 points : des yourtes pour l\u2019habitat, la parole pour l\u2019\u00e9change, la roda de la Capoeira, danse martiale afro-br\u00e9silienne, ... Read More\" \/>\n<meta property=\"og:url\" content=\"https:\/\/www.altercampagne.net\/?p=5201\" \/>\n<meta property=\"og:site_name\" content=\"AlterTour\" \/>\n<meta property=\"article:published_time\" content=\"2016-06-22T06:21:26+00:00\" \/>\n<meta property=\"article:modified_time\" content=\"2019-09-13T13:47:53+00:00\" \/>\n<meta property=\"og:image\" content=\"https:\/\/www.altercampagne.net\/wp-content\/uploads\/2016\/06\/2016-06-22-SAM_4781.jpg\" \/>\n\t<meta property=\"og:image:width\" content=\"900\" \/>\n\t<meta property=\"og:image:height\" content=\"470\" \/>\n\t<meta property=\"og:image:type\" content=\"image\/jpeg\" \/>\n<meta name=\"author\" content=\"Mathieu\" \/>\n<meta name=\"twitter:card\" content=\"summary_large_image\" \/>\n<meta name=\"twitter:label1\" content=\"\u00c9crit par\" \/>\n\t<meta name=\"twitter:data1\" content=\"Mathieu\" \/>\n\t<meta name=\"twitter:label2\" content=\"Dur\u00e9e de lecture estim\u00e9e\" \/>\n\t<meta name=\"twitter:data2\" content=\"2 minutes\" \/>\n<script type=\"application\/ld+json\" class=\"yoast-schema-graph\">{\"@context\":\"https:\\\/\\\/schema.org\",\"@graph\":[{\"@type\":\"Article\",\"@id\":\"https:\\\/\\\/www.altercampagne.net\\\/?p=5201#article\",\"isPartOf\":{\"@id\":\"https:\\\/\\\/www.altercampagne.net\\\/?p=5201\"},\"author\":{\"name\":\"Mathieu\",\"@id\":\"https:\\\/\\\/www.altercampagne.net\\\/#\\\/schema\\\/person\\\/0f261460c09e430caa0f9bcffa319109\"},\"headline\":\"Quilombo le 10 ao\u00fbt \u00e0 Inguiniel\",\"datePublished\":\"2016-06-22T06:21:26+00:00\",\"dateModified\":\"2019-09-13T13:47:53+00:00\",\"mainEntityOfPage\":{\"@id\":\"https:\\\/\\\/www.altercampagne.net\\\/?p=5201\"},\"wordCount\":398,\"image\":{\"@id\":\"https:\\\/\\\/www.altercampagne.net\\\/?p=5201#primaryimage\"},\"thumbnailUrl\":\"https:\\\/\\\/www.altercampagne.net\\\/wp-content\\\/uploads\\\/2016\\\/06\\\/2016-06-22-SAM_4781.jpg\",\"keywords\":[\"bretagne\",\"AlterTour 2016\",\"morbihan\",\"2016\",\"Quilombo\",\"de cercle en cercle\",\"Inguigniel\",\"Capoeira\",\"accueillant\",\"accueillant2016\",\"accueillant 2016\",\"AlterTour2016\"],\"articleSection\":[\"Agriculture\",\"Bretagne\",\"Culture\",\"\u00c9dition 2016\",\"Habitat\"],\"inLanguage\":\"fr-FR\"},{\"@type\":\"WebPage\",\"@id\":\"https:\\\/\\\/www.altercampagne.net\\\/?p=5201\",\"url\":\"https:\\\/\\\/www.altercampagne.net\\\/?p=5201\",\"name\":\"Quilombo le 10 ao\u00fbt \u00e0 Inguiniel - AlterTour\",\"isPartOf\":{\"@id\":\"https:\\\/\\\/www.altercampagne.net\\\/#website\"},\"primaryImageOfPage\":{\"@id\":\"https:\\\/\\\/www.altercampagne.net\\\/?p=5201#primaryimage\"},\"image\":{\"@id\":\"https:\\\/\\\/www.altercampagne.net\\\/?p=5201#primaryimage\"},\"thumbnailUrl\":\"https:\\\/\\\/www.altercampagne.net\\\/wp-content\\\/uploads\\\/2016\\\/06\\\/2016-06-22-SAM_4781.jpg\",\"datePublished\":\"2016-06-22T06:21:26+00:00\",\"dateModified\":\"2019-09-13T13:47:53+00:00\",\"author\":{\"@id\":\"https:\\\/\\\/www.altercampagne.net\\\/#\\\/schema\\\/person\\\/0f261460c09e430caa0f9bcffa319109\"},\"breadcrumb\":{\"@id\":\"https:\\\/\\\/www.altercampagne.net\\\/?p=5201#breadcrumb\"},\"inLanguage\":\"fr-FR\",\"potentialAction\":[{\"@type\":\"ReadAction\",\"target\":[\"https:\\\/\\\/www.altercampagne.net\\\/?p=5201\"]}]},{\"@type\":\"ImageObject\",\"inLanguage\":\"fr-FR\",\"@id\":\"https:\\\/\\\/www.altercampagne.net\\\/?p=5201#primaryimage\",\"url\":\"https:\\\/\\\/www.altercampagne.net\\\/wp-content\\\/uploads\\\/2016\\\/06\\\/2016-06-22-SAM_4781.jpg\",\"contentUrl\":\"https:\\\/\\\/www.altercampagne.net\\\/wp-content\\\/uploads\\\/2016\\\/06\\\/2016-06-22-SAM_4781.jpg\",\"width\":900,\"height\":470},{\"@type\":\"BreadcrumbList\",\"@id\":\"https:\\\/\\\/www.altercampagne.net\\\/?p=5201#breadcrumb\",\"itemListElement\":[{\"@type\":\"ListItem\",\"position\":1,\"name\":\"Accueil\",\"item\":\"https:\\\/\\\/www.altercampagne.net\\\/\"},{\"@type\":\"ListItem\",\"position\":2,\"name\":\"Quilombo le 10 ao\u00fbt \u00e0 Inguiniel\"}]},{\"@type\":\"WebSite\",\"@id\":\"https:\\\/\\\/www.altercampagne.net\\\/#website\",\"url\":\"https:\\\/\\\/www.altercampagne.net\\\/\",\"name\":\"AlterTour\",\"description\":\"Reliez les Alternatives \u00e0 v\u00e9lo\",\"potentialAction\":[{\"@type\":\"SearchAction\",\"target\":{\"@type\":\"EntryPoint\",\"urlTemplate\":\"https:\\\/\\\/www.altercampagne.net\\\/?s={search_term_string}\"},\"query-input\":{\"@type\":\"PropertyValueSpecification\",\"valueRequired\":true,\"valueName\":\"search_term_string\"}}],\"inLanguage\":\"fr-FR\"},{\"@type\":\"Person\",\"@id\":\"https:\\\/\\\/www.altercampagne.net\\\/#\\\/schema\\\/person\\\/0f261460c09e430caa0f9bcffa319109\",\"name\":\"Mathieu\",\"image\":{\"@type\":\"ImageObject\",\"inLanguage\":\"fr-FR\",\"@id\":\"https:\\\/\\\/secure.gravatar.com\\\/avatar\\\/aa9d3d24c83f2141e5e2709d0f63d09a99f6be6bb7a50abc4915838d9f54501a?s=96&d=mm&r=g\",\"url\":\"https:\\\/\\\/secure.gravatar.com\\\/avatar\\\/aa9d3d24c83f2141e5e2709d0f63d09a99f6be6bb7a50abc4915838d9f54501a?s=96&d=mm&r=g\",\"contentUrl\":\"https:\\\/\\\/secure.gravatar.com\\\/avatar\\\/aa9d3d24c83f2141e5e2709d0f63d09a99f6be6bb7a50abc4915838d9f54501a?s=96&d=mm&r=g\",\"caption\":\"Mathieu\"},\"url\":\"https:\\\/\\\/www.altercampagne.net\\\/?author=214\"}]}<\/script>\n<!-- \/ Yoast SEO plugin. -->","yoast_head_json":{"title":"Quilombo le 10 ao\u00fbt \u00e0 Inguiniel - AlterTour","robots":{"index":"index","follow":"follow","max-snippet":"max-snippet:-1","max-image-preview":"max-image-preview:large","max-video-preview":"max-video-preview:-1"},"canonical":"https:\/\/www.altercampagne.net\/?p=5201","og_locale":"fr_FR","og_type":"article","og_title":"Quilombo le 10 ao\u00fbt \u00e0 Inguiniel - AlterTour","og_description":"La notion de cercle s\u2019entend souvent au sein des collectifs. Et c\u2019est justement ce que forment Marion, Simon, Virginie et Abel au Quilombo. Un cercle particulier puisque d\u00e9fini par au moins 4 points : des yourtes pour l\u2019habitat, la parole pour l\u2019\u00e9change, la roda de la Capoeira, danse martiale afro-br\u00e9silienne, ... Read More","og_url":"https:\/\/www.altercampagne.net\/?p=5201","og_site_name":"AlterTour","article_published_time":"2016-06-22T06:21:26+00:00","article_modified_time":"2019-09-13T13:47:53+00:00","og_image":[{"width":900,"height":470,"url":"https:\/\/www.altercampagne.net\/wp-content\/uploads\/2016\/06\/2016-06-22-SAM_4781.jpg","type":"image\/jpeg"}],"author":"Mathieu","twitter_card":"summary_large_image","twitter_misc":{"\u00c9crit par":"Mathieu","Dur\u00e9e de lecture estim\u00e9e":"2 minutes"},"schema":{"@context":"https:\/\/schema.org","@graph":[{"@type":"Article","@id":"https:\/\/www.altercampagne.net\/?p=5201#article","isPartOf":{"@id":"https:\/\/www.altercampagne.net\/?p=5201"},"author":{"name":"Mathieu","@id":"https:\/\/www.altercampagne.net\/#\/schema\/person\/0f261460c09e430caa0f9bcffa319109"},"headline":"Quilombo le 10 ao\u00fbt \u00e0 Inguiniel","datePublished":"2016-06-22T06:21:26+00:00","dateModified":"2019-09-13T13:47:53+00:00","mainEntityOfPage":{"@id":"https:\/\/www.altercampagne.net\/?p=5201"},"wordCount":398,"image":{"@id":"https:\/\/www.altercampagne.net\/?p=5201#primaryimage"},"thumbnailUrl":"https:\/\/www.altercampagne.net\/wp-content\/uploads\/2016\/06\/2016-06-22-SAM_4781.jpg","keywords":["bretagne","AlterTour 2016","morbihan","2016","Quilombo","de cercle en cercle","Inguigniel","Capoeira","accueillant","accueillant2016","accueillant 2016","AlterTour2016"],"articleSection":["Agriculture","Bretagne","Culture","\u00c9dition 2016","Habitat"],"inLanguage":"fr-FR"},{"@type":"WebPage","@id":"https:\/\/www.altercampagne.net\/?p=5201","url":"https:\/\/www.altercampagne.net\/?p=5201","name":"Quilombo le 10 ao\u00fbt \u00e0 Inguiniel - AlterTour","isPartOf":{"@id":"https:\/\/www.altercampagne.net\/#website"},"primaryImageOfPage":{"@id":"https:\/\/www.altercampagne.net\/?p=5201#primaryimage"},"image":{"@id":"https:\/\/www.altercampagne.net\/?p=5201#primaryimage"},"thumbnailUrl":"https:\/\/www.altercampagne.net\/wp-content\/uploads\/2016\/06\/2016-06-22-SAM_4781.jpg","datePublished":"2016-06-22T06:21:26+00:00","dateModified":"2019-09-13T13:47:53+00:00","author":{"@id":"https:\/\/www.altercampagne.net\/#\/schema\/person\/0f261460c09e430caa0f9bcffa319109"},"breadcrumb":{"@id":"https:\/\/www.altercampagne.net\/?p=5201#breadcrumb"},"inLanguage":"fr-FR","potentialAction":[{"@type":"ReadAction","target":["https:\/\/www.altercampagne.net\/?p=5201"]}]},{"@type":"ImageObject","inLanguage":"fr-FR","@id":"https:\/\/www.altercampagne.net\/?p=5201#primaryimage","url":"https:\/\/www.altercampagne.net\/wp-content\/uploads\/2016\/06\/2016-06-22-SAM_4781.jpg","contentUrl":"https:\/\/www.altercampagne.net\/wp-content\/uploads\/2016\/06\/2016-06-22-SAM_4781.jpg","width":900,"height":470},{"@type":"BreadcrumbList","@id":"https:\/\/www.altercampagne.net\/?p=5201#breadcrumb","itemListElement":[{"@type":"ListItem","position":1,"name":"Accueil","item":"https:\/\/www.altercampagne.net\/"},{"@type":"ListItem","position":2,"name":"Quilombo le 10 ao\u00fbt \u00e0 Inguiniel"}]},{"@type":"WebSite","@id":"https:\/\/www.altercampagne.net\/#website","url":"https:\/\/www.altercampagne.net\/","name":"AlterTour","description":"Reliez les Alternatives \u00e0 v\u00e9lo","potentialAction":[{"@type":"SearchAction","target":{"@type":"EntryPoint","urlTemplate":"https:\/\/www.altercampagne.net\/?s={search_term_string}"},"query-input":{"@type":"PropertyValueSpecification","valueRequired":true,"valueName":"search_term_string"}}],"inLanguage":"fr-FR"},{"@type":"Person","@id":"https:\/\/www.altercampagne.net\/#\/schema\/person\/0f261460c09e430caa0f9bcffa319109","name":"Mathieu","image":{"@type":"ImageObject","inLanguage":"fr-FR","@id":"https:\/\/secure.gravatar.com\/avatar\/aa9d3d24c83f2141e5e2709d0f63d09a99f6be6bb7a50abc4915838d9f54501a?s=96&d=mm&r=g","url":"https:\/\/secure.gravatar.com\/avatar\/aa9d3d24c83f2141e5e2709d0f63d09a99f6be6bb7a50abc4915838d9f54501a?s=96&d=mm&r=g","contentUrl":"https:\/\/secure.gravatar.com\/avatar\/aa9d3d24c83f2141e5e2709d0f63d09a99f6be6bb7a50abc4915838d9f54501a?s=96&d=mm&r=g","caption":"Mathieu"},"url":"https:\/\/www.altercampagne.net\/?author=214"}]}},"_links":{"self":[{"href":"https:\/\/www.altercampagne.net\/index.php?rest_route=\/wp\/v2\/posts\/5201","targetHints":{"allow":["GET"]}}],"collection":[{"href":"https:\/\/www.altercampagne.net\/index.php?rest_route=\/wp\/v2\/posts"}],"about":[{"href":"https:\/\/www.altercampagne.net\/index.php?rest_route=\/wp\/v2\/types\/post"}],"author":[{"embeddable":true,"href":"https:\/\/www.altercampagne.net\/index.php?rest_route=\/wp\/v2\/users\/214"}],"replies":[{"embeddable":true,"href":"https:\/\/www.altercampagne.net\/index.php?rest_route=%2Fwp%2Fv2%2Fcomments&post=5201"}],"version-history":[{"count":0,"href":"https:\/\/www.altercampagne.net\/index.php?rest_route=\/wp\/v2\/posts\/5201\/revisions"}],"wp:featuredmedia":[{"embeddable":true,"href":"https:\/\/www.altercampagne.net\/index.php?rest_route=\/wp\/v2\/media\/15452"}],"wp:attachment":[{"href":"https:\/\/www.altercampagne.net\/index.php?rest_route=%2Fwp%2Fv2%2Fmedia&parent=5201"}],"wp:term":[{"taxonomy":"category","embeddable":true,"href":"https:\/\/www.altercampagne.net\/index.php?rest_route=%2Fwp%2Fv2%2Fcategories&post=5201"},{"taxonomy":"post_tag","embeddable":true,"href":"https:\/\/www.altercampagne.net\/index.php?rest_route=%2Fwp%2Fv2%2Ftags&post=5201"}],"curies":[{"name":"wp","href":"https:\/\/api.w.org\/{rel}","templated":true}]}}