{"id":5205,"date":"2016-06-06T18:30:10","date_gmt":"2016-06-06T16:30:10","guid":{"rendered":"http:\/\/www.altercampagne.net\/?p=5205"},"modified":"2016-06-06T18:30:46","modified_gmt":"2016-06-06T16:30:46","slug":"la-dromoise-du-nucleaire-pour-que-tous-ceux-qui-aiment-la-drome-demandent-larret-de-la-centrale-du-tricastin","status":"publish","type":"post","link":"https:\/\/www.altercampagne.net\/?p=5205","title":{"rendered":"La Dr\u00f4moise du nucl\u00e9aire : pour que tous ceux qui aiment la Dr\u00f4me, demandent l\u2019arr\u00eat de la centrale du Tricastin !"},"content":{"rendered":"<p><a href=\"http:\/\/www.altercampagne.net\/wp-content\/uploads\/2016\/06\/index.jpg\"><img loading=\"lazy\" decoding=\"async\" class=\" size-full wp-image-5206 alignleft\" src=\"http:\/\/www.altercampagne.net\/wp-content\/uploads\/2016\/06\/index.jpg\" alt=\"index\" width=\"321\" height=\"454\" srcset=\"https:\/\/www.altercampagne.net\/wp-content\/uploads\/2016\/06\/index.jpg 321w, https:\/\/www.altercampagne.net\/wp-content\/uploads\/2016\/06\/index-212x300.jpg 212w\" sizes=\"auto, (max-width: 321px) 100vw, 321px\" \/><\/a>La \u00ab Dr\u00f4moise du nucl\u00e9aire \u00bb aura lieu le samedi 2 et dimanche 3 juillet 2016.<\/p>\n<p style=\"text-align: justify;\">C\u2019est une animation que Frapna Dr\u00f4me Nature Environnement met en place, pour demander l\u2019arr\u00eat de la centrale du Tricastin avec tous les partenaires qui voudront bien jouer. Un groupe de 10 adh\u00e9rents partiront \u00e0 v\u00e9lo de Romans pour relier la FBFC au Tricastin par la ViaRhona. L\u2019objectif est de faire un \u00e9v\u00e9nement visible et m\u00e9diatique, mais surtout d\u2019aller \u00e0 la rencontre des personnes nombreuses qui se baladent sur les voies vertes le week-end. Les cyclistes qui appr\u00e9cient la qualit\u00e9 de vie g\u00e9n\u00e9r\u00e9e par ces nouvelles voies vertes, partageront l\u2019inqui\u00e9tude de l\u2019association en utilisant les affichettes publi\u00e9es dans les derni\u00e8res \u00e9pines dr\u00f4moises, d\u00e9crivant quelques cons\u00e9quences de la production d\u2019\u00e9lectricit\u00e9 nucl\u00e9aire (voir notre site internet).<\/p>\n<p style=\"text-align: justify;\">Toutes les associations ou les citoyens qui soutiennent la d\u00e9marche peuvent accompagner librement les dix adh\u00e9rents dans le parcours. Les \u00e9tapes permettant au public de rejoindre le groupe sont les suivantes (on peut les rejoindre en train avec son v\u00e9lo) :<\/p>\n<p><strong>Samedi 2 juillet 2016<\/strong><br \/>\n\u00b7 Romans, gare SNCF (9h30) \u00e0 Ch\u00e2teauneuf-sur-Is\u00e8re, place de la Mairie (11h).<br \/>\n\u00b7 Ch\u00e2teauneuf-sur-Is\u00e8re, place de la Mairie (11h30), \u00e0 Valence, fontaine monumentale (13h00).<br \/>\n\u00b7 Valence, Fontaine Monumentale (14h30), \u00e0 La Voulte, Office du Tourisme (17h) (par le Port de l\u2019Epervi\u00e8re et le pont de L\u00f4nes).<\/p>\n<p><strong>Dimanche 3 juillet<\/strong><br \/>\n\u00b7 La Voulte, Office du Tourisme (9h) \u00e0 Mont\u00e9limar, gare SNCF (13h) (par Cruas).<br \/>\n\u00b7 Mont\u00e9limar, gare SNCF (14h30), \u00e0 Tricastin, centrale EDF (17h30).<br \/>\n\u00b7 De Tricastin, centrale EDF (18h), \u00e0 Pierrelatte, gare SNCF (18h30).<\/p>\n<p style=\"text-align: justify;\">Plusieurs points d\u2019arr\u00eat sont pr\u00e9vus pour \u00e9changer avec le public : \u00e0 Romans (gare SNCF et \u00e9tablissement AREVA NP), \u00e0 Ch\u00e2teauneuf-sur-Is\u00e8re (place de la mairie), \u00e0 Bourg-l\u00e8s-Valence (place devant la m\u00e9diath\u00e8que), \u00e0 Valence (fontaine monumentale et port de l\u2019Epervi\u00e8re), \u00e0 La Voulte (place de l\u2019office du tourisme), \u00e0 Cruas (devant la centrale EDF), \u00e0 Mont\u00e9limar (parc en face de la gare SNCF), \u00e0 Tricastin (devant la centrale EDF).<\/p>\n<p>Le samedi soir les cyclistes feront halte \u00e0 La Voulte qui se trouve \u00e0 peu pr\u00e8s \u00e0 mi-parcours.<\/p>\n<p>\u00cates-vous pr\u00eats \u00e0 soutenir cette action, la relayer dans votre r\u00e9seau, et participer ?<\/p>\n<p style=\"text-align: justify;\">Comme le fait Frapna Dr\u00f4me Nature Environnement, il est important que tous ceux qui sont attach\u00e9s \u00e0 notre d\u00e9partement et \u00e0 notre r\u00e9gion montrent leur engagement sur ce sujet. Il faut faire sortir la lutte anti-nucl\u00e9aire du microcosme politique et associatif o\u00f9 elle reste malheureusement confin\u00e9e : les cyclistes, les randonneurs, les p\u00eacheurs, les amateurs de nature particuli\u00e8rement attach\u00e9s \u00e0 notre environnement doivent d\u00e9sormais aussi se positionner entrainant toute la soci\u00e9t\u00e9 fran\u00e7aise, \u00e0 l\u2019image de plusieurs pays europ\u00e9ens. Il s\u2019agit de contribuer \u00e0 renverser l\u2019opinion publique et mettre enfin les pro-nucl\u00e9aires en marginalit\u00e9 d\u00e9pass\u00e9e, comme le sont d\u00e9sormais les climato-sceptiques.<\/p>\n<p>N\u2019h\u00e9sitez pas \u00e0 contacter <a href=\"http:\/\/www.frapna-drome.org\/\" target=\"_blank\">Frapna Dr\u00f4me Nature Environnement<\/a> pour avancer ensemble.<\/p>\n","protected":false},"excerpt":{"rendered":"<p>La \u00ab Dr\u00f4moise du nucl\u00e9aire \u00bb aura lieu le samedi 2 et dimanche 3 juillet 2016. C\u2019est une animation que Frapna Dr\u00f4me Nature Environnement met en place, pour demander l\u2019arr\u00eat de la centrale du Tricastin avec tous les partenaires qui voudront bien jouer. Un groupe de 10 adh\u00e9rents partiront \u00e0 &#8230; <\/p>\n<div><a href=\"https:\/\/www.altercampagne.net\/?p=5205\" class=\"more-link\">Read More<\/a><\/div>\n","protected":false},"author":214,"featured_media":0,"comment_status":"closed","ping_status":"closed","sticky":false,"template":"","format":"standard","meta":{"footnotes":""},"categories":[1],"tags":[286,1091,1340,1489,1650,2042,2447,2448,2449,2450,2451,2452,2453,2454,2455,2456],"class_list":["post-5205","post","type-post","status-publish","format-standard","hentry","category-non-classe","tag-areva","tag-drome","tag-pierrelatte","tag-auvergne-rhone-alpes","tag-rhone-alpes","tag-valence","tag-dromoise","tag-tricastin","tag-dromoise-du-nucleaire","tag-frapna-drome-nature-environnement","tag-romans","tag-viarhona","tag-chateauneuf-sur-isere","tag-la-voulte","tag-montelimar","tag-cruas","no-post-thumbnail"],"yoast_head":"<!-- This site is optimized with the Yoast SEO plugin v27.3 - https:\/\/yoast.com\/product\/yoast-seo-wordpress\/ -->\n<title>La Dr\u00f4moise du nucl\u00e9aire : pour que tous ceux qui aiment la Dr\u00f4me, demandent l\u2019arr\u00eat de la centrale du Tricastin ! - AlterTour<\/title>\n<meta name=\"robots\" content=\"index, follow, max-snippet:-1, max-image-preview:large, max-video-preview:-1\" \/>\n<link rel=\"canonical\" href=\"https:\/\/www.altercampagne.net\/?p=5205\" \/>\n<meta property=\"og:locale\" content=\"fr_FR\" \/>\n<meta property=\"og:type\" content=\"article\" \/>\n<meta property=\"og:title\" content=\"La Dr\u00f4moise du nucl\u00e9aire : pour que tous ceux qui aiment la Dr\u00f4me, demandent l\u2019arr\u00eat de la centrale du Tricastin ! - AlterTour\" \/>\n<meta property=\"og:description\" content=\"La \u00ab Dr\u00f4moise du nucl\u00e9aire \u00bb aura lieu le samedi 2 et dimanche 3 juillet 2016. C\u2019est une animation que Frapna Dr\u00f4me Nature Environnement met en place, pour demander l\u2019arr\u00eat de la centrale du Tricastin avec tous les partenaires qui voudront bien jouer. Un groupe de 10 adh\u00e9rents partiront \u00e0 ... Read More\" \/>\n<meta property=\"og:url\" content=\"https:\/\/www.altercampagne.net\/?p=5205\" \/>\n<meta property=\"og:site_name\" content=\"AlterTour\" \/>\n<meta property=\"article:published_time\" content=\"2016-06-06T16:30:10+00:00\" \/>\n<meta property=\"article:modified_time\" content=\"2016-06-06T16:30:46+00:00\" \/>\n<meta property=\"og:image\" content=\"http:\/\/www.altercampagne.net\/wp-content\/uploads\/2016\/06\/index.jpg\" \/>\n<meta name=\"author\" content=\"Mathieu\" \/>\n<meta name=\"twitter:card\" content=\"summary_large_image\" \/>\n<meta name=\"twitter:label1\" content=\"\u00c9crit par\" \/>\n\t<meta name=\"twitter:data1\" content=\"Mathieu\" \/>\n\t<meta name=\"twitter:label2\" content=\"Dur\u00e9e de lecture estim\u00e9e\" \/>\n\t<meta name=\"twitter:data2\" content=\"3 minutes\" \/>\n<script type=\"application\/ld+json\" class=\"yoast-schema-graph\">{\"@context\":\"https:\\\/\\\/schema.org\",\"@graph\":[{\"@type\":\"Article\",\"@id\":\"https:\\\/\\\/www.altercampagne.net\\\/?p=5205#article\",\"isPartOf\":{\"@id\":\"https:\\\/\\\/www.altercampagne.net\\\/?p=5205\"},\"author\":{\"name\":\"Mathieu\",\"@id\":\"https:\\\/\\\/www.altercampagne.net\\\/#\\\/schema\\\/person\\\/0f261460c09e430caa0f9bcffa319109\"},\"headline\":\"La Dr\u00f4moise du nucl\u00e9aire : pour que tous ceux qui aiment la Dr\u00f4me, demandent l\u2019arr\u00eat de la centrale du Tricastin !\",\"datePublished\":\"2016-06-06T16:30:10+00:00\",\"dateModified\":\"2016-06-06T16:30:46+00:00\",\"mainEntityOfPage\":{\"@id\":\"https:\\\/\\\/www.altercampagne.net\\\/?p=5205\"},\"wordCount\":524,\"image\":{\"@id\":\"https:\\\/\\\/www.altercampagne.net\\\/?p=5205#primaryimage\"},\"thumbnailUrl\":\"http:\\\/\\\/www.altercampagne.net\\\/wp-content\\\/uploads\\\/2016\\\/06\\\/index.jpg\",\"keywords\":[\"Areva\",\"Dr\u00f4me\",\"pierrelatte\",\"Auvergne-Rh\u00f4ne-Alpes\",\"Rhone-Alpes\",\"Valence\",\"Dr\u00f4moise\",\"Tricastin\",\"Dr\u00f4moise du nucl\u00e9aire\",\"Frapna Dr\u00f4me Nature Environnement\",\"Romans\",\"ViaRhona\",\"Ch\u00e2teauneuf-sur-Is\u00e8re\",\"La Voulte\",\"Mont\u00e9limar\",\"Cruas\"],\"inLanguage\":\"fr-FR\"},{\"@type\":\"WebPage\",\"@id\":\"https:\\\/\\\/www.altercampagne.net\\\/?p=5205\",\"url\":\"https:\\\/\\\/www.altercampagne.net\\\/?p=5205\",\"name\":\"La Dr\u00f4moise du nucl\u00e9aire : pour que tous ceux qui aiment la Dr\u00f4me, demandent l\u2019arr\u00eat de la centrale du Tricastin ! - AlterTour\",\"isPartOf\":{\"@id\":\"https:\\\/\\\/www.altercampagne.net\\\/#website\"},\"primaryImageOfPage\":{\"@id\":\"https:\\\/\\\/www.altercampagne.net\\\/?p=5205#primaryimage\"},\"image\":{\"@id\":\"https:\\\/\\\/www.altercampagne.net\\\/?p=5205#primaryimage\"},\"thumbnailUrl\":\"http:\\\/\\\/www.altercampagne.net\\\/wp-content\\\/uploads\\\/2016\\\/06\\\/index.jpg\",\"datePublished\":\"2016-06-06T16:30:10+00:00\",\"dateModified\":\"2016-06-06T16:30:46+00:00\",\"author\":{\"@id\":\"https:\\\/\\\/www.altercampagne.net\\\/#\\\/schema\\\/person\\\/0f261460c09e430caa0f9bcffa319109\"},\"breadcrumb\":{\"@id\":\"https:\\\/\\\/www.altercampagne.net\\\/?p=5205#breadcrumb\"},\"inLanguage\":\"fr-FR\",\"potentialAction\":[{\"@type\":\"ReadAction\",\"target\":[\"https:\\\/\\\/www.altercampagne.net\\\/?p=5205\"]}]},{\"@type\":\"ImageObject\",\"inLanguage\":\"fr-FR\",\"@id\":\"https:\\\/\\\/www.altercampagne.net\\\/?p=5205#primaryimage\",\"url\":\"https:\\\/\\\/www.altercampagne.net\\\/wp-content\\\/uploads\\\/2016\\\/06\\\/index.jpg\",\"contentUrl\":\"https:\\\/\\\/www.altercampagne.net\\\/wp-content\\\/uploads\\\/2016\\\/06\\\/index.jpg\",\"width\":321,\"height\":454},{\"@type\":\"BreadcrumbList\",\"@id\":\"https:\\\/\\\/www.altercampagne.net\\\/?p=5205#breadcrumb\",\"itemListElement\":[{\"@type\":\"ListItem\",\"position\":1,\"name\":\"Accueil\",\"item\":\"https:\\\/\\\/www.altercampagne.net\\\/\"},{\"@type\":\"ListItem\",\"position\":2,\"name\":\"La Dr\u00f4moise du nucl\u00e9aire : pour que tous ceux qui aiment la Dr\u00f4me, demandent l\u2019arr\u00eat de la centrale du Tricastin !\"}]},{\"@type\":\"WebSite\",\"@id\":\"https:\\\/\\\/www.altercampagne.net\\\/#website\",\"url\":\"https:\\\/\\\/www.altercampagne.net\\\/\",\"name\":\"AlterTour\",\"description\":\"Reliez les Alternatives \u00e0 v\u00e9lo\",\"potentialAction\":[{\"@type\":\"SearchAction\",\"target\":{\"@type\":\"EntryPoint\",\"urlTemplate\":\"https:\\\/\\\/www.altercampagne.net\\\/?s={search_term_string}\"},\"query-input\":{\"@type\":\"PropertyValueSpecification\",\"valueRequired\":true,\"valueName\":\"search_term_string\"}}],\"inLanguage\":\"fr-FR\"},{\"@type\":\"Person\",\"@id\":\"https:\\\/\\\/www.altercampagne.net\\\/#\\\/schema\\\/person\\\/0f261460c09e430caa0f9bcffa319109\",\"name\":\"Mathieu\",\"image\":{\"@type\":\"ImageObject\",\"inLanguage\":\"fr-FR\",\"@id\":\"https:\\\/\\\/secure.gravatar.com\\\/avatar\\\/aa9d3d24c83f2141e5e2709d0f63d09a99f6be6bb7a50abc4915838d9f54501a?s=96&d=mm&r=g\",\"url\":\"https:\\\/\\\/secure.gravatar.com\\\/avatar\\\/aa9d3d24c83f2141e5e2709d0f63d09a99f6be6bb7a50abc4915838d9f54501a?s=96&d=mm&r=g\",\"contentUrl\":\"https:\\\/\\\/secure.gravatar.com\\\/avatar\\\/aa9d3d24c83f2141e5e2709d0f63d09a99f6be6bb7a50abc4915838d9f54501a?s=96&d=mm&r=g\",\"caption\":\"Mathieu\"},\"url\":\"https:\\\/\\\/www.altercampagne.net\\\/?author=214\"}]}<\/script>\n<!-- \/ Yoast SEO plugin. -->","yoast_head_json":{"title":"La Dr\u00f4moise du nucl\u00e9aire : pour que tous ceux qui aiment la Dr\u00f4me, demandent l\u2019arr\u00eat de la centrale du Tricastin ! - AlterTour","robots":{"index":"index","follow":"follow","max-snippet":"max-snippet:-1","max-image-preview":"max-image-preview:large","max-video-preview":"max-video-preview:-1"},"canonical":"https:\/\/www.altercampagne.net\/?p=5205","og_locale":"fr_FR","og_type":"article","og_title":"La Dr\u00f4moise du nucl\u00e9aire : pour que tous ceux qui aiment la Dr\u00f4me, demandent l\u2019arr\u00eat de la centrale du Tricastin ! - AlterTour","og_description":"La \u00ab Dr\u00f4moise du nucl\u00e9aire \u00bb aura lieu le samedi 2 et dimanche 3 juillet 2016. C\u2019est une animation que Frapna Dr\u00f4me Nature Environnement met en place, pour demander l\u2019arr\u00eat de la centrale du Tricastin avec tous les partenaires qui voudront bien jouer. Un groupe de 10 adh\u00e9rents partiront \u00e0 ... Read More","og_url":"https:\/\/www.altercampagne.net\/?p=5205","og_site_name":"AlterTour","article_published_time":"2016-06-06T16:30:10+00:00","article_modified_time":"2016-06-06T16:30:46+00:00","og_image":[{"url":"http:\/\/www.altercampagne.net\/wp-content\/uploads\/2016\/06\/index.jpg","type":"","width":"","height":""}],"author":"Mathieu","twitter_card":"summary_large_image","twitter_misc":{"\u00c9crit par":"Mathieu","Dur\u00e9e de lecture estim\u00e9e":"3 minutes"},"schema":{"@context":"https:\/\/schema.org","@graph":[{"@type":"Article","@id":"https:\/\/www.altercampagne.net\/?p=5205#article","isPartOf":{"@id":"https:\/\/www.altercampagne.net\/?p=5205"},"author":{"name":"Mathieu","@id":"https:\/\/www.altercampagne.net\/#\/schema\/person\/0f261460c09e430caa0f9bcffa319109"},"headline":"La Dr\u00f4moise du nucl\u00e9aire : pour que tous ceux qui aiment la Dr\u00f4me, demandent l\u2019arr\u00eat de la centrale du Tricastin !","datePublished":"2016-06-06T16:30:10+00:00","dateModified":"2016-06-06T16:30:46+00:00","mainEntityOfPage":{"@id":"https:\/\/www.altercampagne.net\/?p=5205"},"wordCount":524,"image":{"@id":"https:\/\/www.altercampagne.net\/?p=5205#primaryimage"},"thumbnailUrl":"http:\/\/www.altercampagne.net\/wp-content\/uploads\/2016\/06\/index.jpg","keywords":["Areva","Dr\u00f4me","pierrelatte","Auvergne-Rh\u00f4ne-Alpes","Rhone-Alpes","Valence","Dr\u00f4moise","Tricastin","Dr\u00f4moise du nucl\u00e9aire","Frapna Dr\u00f4me Nature Environnement","Romans","ViaRhona","Ch\u00e2teauneuf-sur-Is\u00e8re","La Voulte","Mont\u00e9limar","Cruas"],"inLanguage":"fr-FR"},{"@type":"WebPage","@id":"https:\/\/www.altercampagne.net\/?p=5205","url":"https:\/\/www.altercampagne.net\/?p=5205","name":"La Dr\u00f4moise du nucl\u00e9aire : pour que tous ceux qui aiment la Dr\u00f4me, demandent l\u2019arr\u00eat de la centrale du Tricastin ! - AlterTour","isPartOf":{"@id":"https:\/\/www.altercampagne.net\/#website"},"primaryImageOfPage":{"@id":"https:\/\/www.altercampagne.net\/?p=5205#primaryimage"},"image":{"@id":"https:\/\/www.altercampagne.net\/?p=5205#primaryimage"},"thumbnailUrl":"http:\/\/www.altercampagne.net\/wp-content\/uploads\/2016\/06\/index.jpg","datePublished":"2016-06-06T16:30:10+00:00","dateModified":"2016-06-06T16:30:46+00:00","author":{"@id":"https:\/\/www.altercampagne.net\/#\/schema\/person\/0f261460c09e430caa0f9bcffa319109"},"breadcrumb":{"@id":"https:\/\/www.altercampagne.net\/?p=5205#breadcrumb"},"inLanguage":"fr-FR","potentialAction":[{"@type":"ReadAction","target":["https:\/\/www.altercampagne.net\/?p=5205"]}]},{"@type":"ImageObject","inLanguage":"fr-FR","@id":"https:\/\/www.altercampagne.net\/?p=5205#primaryimage","url":"https:\/\/www.altercampagne.net\/wp-content\/uploads\/2016\/06\/index.jpg","contentUrl":"https:\/\/www.altercampagne.net\/wp-content\/uploads\/2016\/06\/index.jpg","width":321,"height":454},{"@type":"BreadcrumbList","@id":"https:\/\/www.altercampagne.net\/?p=5205#breadcrumb","itemListElement":[{"@type":"ListItem","position":1,"name":"Accueil","item":"https:\/\/www.altercampagne.net\/"},{"@type":"ListItem","position":2,"name":"La Dr\u00f4moise du nucl\u00e9aire : pour que tous ceux qui aiment la Dr\u00f4me, demandent l\u2019arr\u00eat de la centrale du Tricastin !"}]},{"@type":"WebSite","@id":"https:\/\/www.altercampagne.net\/#website","url":"https:\/\/www.altercampagne.net\/","name":"AlterTour","description":"Reliez les Alternatives \u00e0 v\u00e9lo","potentialAction":[{"@type":"SearchAction","target":{"@type":"EntryPoint","urlTemplate":"https:\/\/www.altercampagne.net\/?s={search_term_string}"},"query-input":{"@type":"PropertyValueSpecification","valueRequired":true,"valueName":"search_term_string"}}],"inLanguage":"fr-FR"},{"@type":"Person","@id":"https:\/\/www.altercampagne.net\/#\/schema\/person\/0f261460c09e430caa0f9bcffa319109","name":"Mathieu","image":{"@type":"ImageObject","inLanguage":"fr-FR","@id":"https:\/\/secure.gravatar.com\/avatar\/aa9d3d24c83f2141e5e2709d0f63d09a99f6be6bb7a50abc4915838d9f54501a?s=96&d=mm&r=g","url":"https:\/\/secure.gravatar.com\/avatar\/aa9d3d24c83f2141e5e2709d0f63d09a99f6be6bb7a50abc4915838d9f54501a?s=96&d=mm&r=g","contentUrl":"https:\/\/secure.gravatar.com\/avatar\/aa9d3d24c83f2141e5e2709d0f63d09a99f6be6bb7a50abc4915838d9f54501a?s=96&d=mm&r=g","caption":"Mathieu"},"url":"https:\/\/www.altercampagne.net\/?author=214"}]}},"_links":{"self":[{"href":"https:\/\/www.altercampagne.net\/index.php?rest_route=\/wp\/v2\/posts\/5205","targetHints":{"allow":["GET"]}}],"collection":[{"href":"https:\/\/www.altercampagne.net\/index.php?rest_route=\/wp\/v2\/posts"}],"about":[{"href":"https:\/\/www.altercampagne.net\/index.php?rest_route=\/wp\/v2\/types\/post"}],"author":[{"embeddable":true,"href":"https:\/\/www.altercampagne.net\/index.php?rest_route=\/wp\/v2\/users\/214"}],"replies":[{"embeddable":true,"href":"https:\/\/www.altercampagne.net\/index.php?rest_route=%2Fwp%2Fv2%2Fcomments&post=5205"}],"version-history":[{"count":0,"href":"https:\/\/www.altercampagne.net\/index.php?rest_route=\/wp\/v2\/posts\/5205\/revisions"}],"wp:attachment":[{"href":"https:\/\/www.altercampagne.net\/index.php?rest_route=%2Fwp%2Fv2%2Fmedia&parent=5205"}],"wp:term":[{"taxonomy":"category","embeddable":true,"href":"https:\/\/www.altercampagne.net\/index.php?rest_route=%2Fwp%2Fv2%2Fcategories&post=5205"},{"taxonomy":"post_tag","embeddable":true,"href":"https:\/\/www.altercampagne.net\/index.php?rest_route=%2Fwp%2Fv2%2Ftags&post=5205"}],"curies":[{"name":"wp","href":"https:\/\/api.w.org\/{rel}","templated":true}]}}