{"id":5213,"date":"2016-06-08T19:38:17","date_gmt":"2016-06-08T17:38:17","guid":{"rendered":"http:\/\/www.altercampagne.net\/?p=5213"},"modified":"2016-06-09T11:33:53","modified_gmt":"2016-06-09T09:33:53","slug":"7eme-velorution-universelle-a-toulouse-du-7-au-10-juillet-2016","status":"publish","type":"post","link":"https:\/\/www.altercampagne.net\/?p=5213","title":{"rendered":"7\u00e8me V\u00e9lorution Universelle \u00e0 Toulouse du 7 au 10 juillet 2016 !"},"content":{"rendered":"<p><a href=\"http:\/\/velorutionuniverselle.org\/\" target=\"_blank\"><img loading=\"lazy\" decoding=\"async\" class=\"alignleft wp-image-5214\" src=\"http:\/\/www.altercampagne.net\/wp-content\/uploads\/2016\/06\/13147814_637779259710978_1488247830523340058_o-212x300.png\" alt=\"V\u00e9lorution Universelle 2016\" width=\"300\" height=\"425\" srcset=\"https:\/\/www.altercampagne.net\/wp-content\/uploads\/2016\/06\/13147814_637779259710978_1488247830523340058_o-212x300.png 212w, https:\/\/www.altercampagne.net\/wp-content\/uploads\/2016\/06\/13147814_637779259710978_1488247830523340058_o.png 678w\" sizes=\"auto, (max-width: 300px) 100vw, 300px\" \/><\/a>Vous, heureux v\u00e9lorutionnaires, cyclistes amateurs ou du dimanche, \u00eates attendu-es par centaines pour refaire le monde, d\u00e9battre, rire, camper et rigoler dans une ambiance festive et conviviale.<\/p>\n<p>Temps fort de l\u2019\u00e9v\u00e9nement, un grand d\u00e9fil\u00e9 festif cycliste (aka masse critique) aura lieu le samedi, pour se r\u00e9approprier un segment de rocades et de routes dans la joie et la bonne humeur !<\/p>\n<p><strong>Jeudi 07 juillet :<\/strong><br \/>\n&#8211; 17h00 : D\u00e9but des festivit\u00e9s avec une balade cycliste \u00e0 la d\u00e9couverte des richesses arch\u00e9ologiques de Toulouse<br \/>\n&#8211; 19h00 : on se retrouve pour un pot d\u2019accueil\/repas. Avec toutes les infos pour que votre s\u00e9jour se d\u00e9roule au mieux (h\u00e9bergements, adresse des lieux, programme). Lieu encore ind\u00e9fini&#8230;<\/p>\n<p><strong>Vendredi 08 juillet :<\/strong><br \/>\n&#8211; 10h00 \u00e0 13h00 : petit d\u00e9j et d\u00e9bat<br \/>\n&#8211; 13h \u00e0 14h30 : repas, suivi d\u2019ateliers et de bike games<br \/>\n&#8211; 15h00 : Alleycat, d\u00e9part &#8230;<br \/>\n&#8211; 18h30 : Masse critique au d\u00e9part du jardin du capitole<br \/>\n&#8211; 20h : soir\u00e9e surprise au labo de la V\u00e9lorution, repas sur place<\/p>\n<p><strong>Samedi 09 juillet :<\/strong><br \/>\n&#8211; 10h \u00e0 13h : petit d\u00e9j et d\u00e9bat<br \/>\n&#8211; 13h \u00e0 14h30 : repas, suivi d\u2019ateliers et de bike games<br \/>\n&#8211; 15h : Masse critique au d\u00e9part de la place Arnaud Bernard<br \/>\n&#8211; \u00e0 partir de 18 h : repas et soir\u00e9e surprise (pour le moment !)<\/p>\n<p><strong>Dimanche 10 juillet :<\/strong><br \/>\n&#8211; 10h00 : au Grand Rond, pour une balade bucolique sur les bords de l\u2019Ari\u00e8ge. On sort de Toulouse pour un gros plouf \u00e0 la campagne !<\/p>\n<p>Plus d&rsquo;infos sur : <a href=\"http:\/\/velorutionuniverselle.org\/\" target=\"_blank\">http:\/\/velorutionuniverselle.org\/<\/a><\/p>\n","protected":false},"excerpt":{"rendered":"<p>Vous, heureux v\u00e9lorutionnaires, cyclistes amateurs ou du dimanche, \u00eates attendu-es par centaines pour refaire le monde, d\u00e9battre, rire, camper et rigoler dans une ambiance festive et conviviale. Temps fort de l\u2019\u00e9v\u00e9nement, un grand d\u00e9fil\u00e9 festif cycliste (aka masse critique) aura lieu le samedi, pour se r\u00e9approprier un segment de rocades &#8230; <\/p>\n<div><a href=\"https:\/\/www.altercampagne.net\/?p=5213\" class=\"more-link\">Read More<\/a><\/div>\n","protected":false},"author":214,"featured_media":0,"comment_status":"closed","ping_status":"closed","sticky":false,"template":"","format":"standard","meta":{"footnotes":""},"categories":[1],"tags":[85,88,102,333,1000,1003,1844,2464,2465],"class_list":["post-5213","post","type-post","status-publish","format-standard","hentry","category-non-classe","tag-haute-garonne","tag-toulouse","tag-velorution","tag-masse-critique","tag-velorution-universelle","tag-velorutionnaires","tag-midi-pyrenees","tag-bike-games","tag-alleycat","no-post-thumbnail"],"yoast_head":"<!-- This site is optimized with the Yoast SEO plugin v27.3 - https:\/\/yoast.com\/product\/yoast-seo-wordpress\/ -->\n<title>7\u00e8me V\u00e9lorution Universelle \u00e0 Toulouse du 7 au 10 juillet 2016 ! - AlterTour<\/title>\n<meta name=\"robots\" content=\"index, follow, max-snippet:-1, max-image-preview:large, max-video-preview:-1\" \/>\n<link rel=\"canonical\" href=\"https:\/\/www.altercampagne.net\/?p=5213\" \/>\n<meta property=\"og:locale\" content=\"fr_FR\" \/>\n<meta property=\"og:type\" content=\"article\" \/>\n<meta property=\"og:title\" content=\"7\u00e8me V\u00e9lorution Universelle \u00e0 Toulouse du 7 au 10 juillet 2016 ! - AlterTour\" \/>\n<meta property=\"og:description\" content=\"Vous, heureux v\u00e9lorutionnaires, cyclistes amateurs ou du dimanche, \u00eates attendu-es par centaines pour refaire le monde, d\u00e9battre, rire, camper et rigoler dans une ambiance festive et conviviale. Temps fort de l\u2019\u00e9v\u00e9nement, un grand d\u00e9fil\u00e9 festif cycliste (aka masse critique) aura lieu le samedi, pour se r\u00e9approprier un segment de rocades ... Read More\" \/>\n<meta property=\"og:url\" content=\"https:\/\/www.altercampagne.net\/?p=5213\" \/>\n<meta property=\"og:site_name\" content=\"AlterTour\" \/>\n<meta property=\"article:published_time\" content=\"2016-06-08T17:38:17+00:00\" \/>\n<meta property=\"article:modified_time\" content=\"2016-06-09T09:33:53+00:00\" \/>\n<meta property=\"og:image\" content=\"http:\/\/www.altercampagne.net\/wp-content\/uploads\/2016\/06\/13147814_637779259710978_1488247830523340058_o-212x300.png\" \/>\n<meta name=\"author\" content=\"Mathieu\" \/>\n<meta name=\"twitter:card\" content=\"summary_large_image\" \/>\n<meta name=\"twitter:label1\" content=\"\u00c9crit par\" \/>\n\t<meta name=\"twitter:data1\" content=\"Mathieu\" \/>\n\t<meta name=\"twitter:label2\" content=\"Dur\u00e9e de lecture estim\u00e9e\" \/>\n\t<meta name=\"twitter:data2\" content=\"1 minute\" \/>\n<script type=\"application\/ld+json\" class=\"yoast-schema-graph\">{\"@context\":\"https:\\\/\\\/schema.org\",\"@graph\":[{\"@type\":\"Article\",\"@id\":\"https:\\\/\\\/www.altercampagne.net\\\/?p=5213#article\",\"isPartOf\":{\"@id\":\"https:\\\/\\\/www.altercampagne.net\\\/?p=5213\"},\"author\":{\"name\":\"Mathieu\",\"@id\":\"https:\\\/\\\/www.altercampagne.net\\\/#\\\/schema\\\/person\\\/0f261460c09e430caa0f9bcffa319109\"},\"headline\":\"7\u00e8me V\u00e9lorution Universelle \u00e0 Toulouse du 7 au 10 juillet 2016 !\",\"datePublished\":\"2016-06-08T17:38:17+00:00\",\"dateModified\":\"2016-06-09T09:33:53+00:00\",\"mainEntityOfPage\":{\"@id\":\"https:\\\/\\\/www.altercampagne.net\\\/?p=5213\"},\"wordCount\":264,\"image\":{\"@id\":\"https:\\\/\\\/www.altercampagne.net\\\/?p=5213#primaryimage\"},\"thumbnailUrl\":\"http:\\\/\\\/www.altercampagne.net\\\/wp-content\\\/uploads\\\/2016\\\/06\\\/13147814_637779259710978_1488247830523340058_o-212x300.png\",\"keywords\":[\"Haute-Garonne\",\"Toulouse\",\"v\u00e9lorution\",\"masse critique\",\"V\u00e9lorution Universelle\",\"v\u00e9lorutionnaires\",\"Midi-Pyr\u00e9n\u00e9es\",\"bike games\",\"Alleycat\"],\"inLanguage\":\"fr-FR\"},{\"@type\":\"WebPage\",\"@id\":\"https:\\\/\\\/www.altercampagne.net\\\/?p=5213\",\"url\":\"https:\\\/\\\/www.altercampagne.net\\\/?p=5213\",\"name\":\"7\u00e8me V\u00e9lorution Universelle \u00e0 Toulouse du 7 au 10 juillet 2016 ! - AlterTour\",\"isPartOf\":{\"@id\":\"https:\\\/\\\/www.altercampagne.net\\\/#website\"},\"primaryImageOfPage\":{\"@id\":\"https:\\\/\\\/www.altercampagne.net\\\/?p=5213#primaryimage\"},\"image\":{\"@id\":\"https:\\\/\\\/www.altercampagne.net\\\/?p=5213#primaryimage\"},\"thumbnailUrl\":\"http:\\\/\\\/www.altercampagne.net\\\/wp-content\\\/uploads\\\/2016\\\/06\\\/13147814_637779259710978_1488247830523340058_o-212x300.png\",\"datePublished\":\"2016-06-08T17:38:17+00:00\",\"dateModified\":\"2016-06-09T09:33:53+00:00\",\"author\":{\"@id\":\"https:\\\/\\\/www.altercampagne.net\\\/#\\\/schema\\\/person\\\/0f261460c09e430caa0f9bcffa319109\"},\"breadcrumb\":{\"@id\":\"https:\\\/\\\/www.altercampagne.net\\\/?p=5213#breadcrumb\"},\"inLanguage\":\"fr-FR\",\"potentialAction\":[{\"@type\":\"ReadAction\",\"target\":[\"https:\\\/\\\/www.altercampagne.net\\\/?p=5213\"]}]},{\"@type\":\"ImageObject\",\"inLanguage\":\"fr-FR\",\"@id\":\"https:\\\/\\\/www.altercampagne.net\\\/?p=5213#primaryimage\",\"url\":\"https:\\\/\\\/www.altercampagne.net\\\/wp-content\\\/uploads\\\/2016\\\/06\\\/13147814_637779259710978_1488247830523340058_o.png\",\"contentUrl\":\"https:\\\/\\\/www.altercampagne.net\\\/wp-content\\\/uploads\\\/2016\\\/06\\\/13147814_637779259710978_1488247830523340058_o.png\",\"width\":678,\"height\":960},{\"@type\":\"BreadcrumbList\",\"@id\":\"https:\\\/\\\/www.altercampagne.net\\\/?p=5213#breadcrumb\",\"itemListElement\":[{\"@type\":\"ListItem\",\"position\":1,\"name\":\"Accueil\",\"item\":\"https:\\\/\\\/www.altercampagne.net\\\/\"},{\"@type\":\"ListItem\",\"position\":2,\"name\":\"7\u00e8me V\u00e9lorution Universelle \u00e0 Toulouse du 7 au 10 juillet 2016 !\"}]},{\"@type\":\"WebSite\",\"@id\":\"https:\\\/\\\/www.altercampagne.net\\\/#website\",\"url\":\"https:\\\/\\\/www.altercampagne.net\\\/\",\"name\":\"AlterTour\",\"description\":\"Reliez les Alternatives \u00e0 v\u00e9lo\",\"potentialAction\":[{\"@type\":\"SearchAction\",\"target\":{\"@type\":\"EntryPoint\",\"urlTemplate\":\"https:\\\/\\\/www.altercampagne.net\\\/?s={search_term_string}\"},\"query-input\":{\"@type\":\"PropertyValueSpecification\",\"valueRequired\":true,\"valueName\":\"search_term_string\"}}],\"inLanguage\":\"fr-FR\"},{\"@type\":\"Person\",\"@id\":\"https:\\\/\\\/www.altercampagne.net\\\/#\\\/schema\\\/person\\\/0f261460c09e430caa0f9bcffa319109\",\"name\":\"Mathieu\",\"image\":{\"@type\":\"ImageObject\",\"inLanguage\":\"fr-FR\",\"@id\":\"https:\\\/\\\/secure.gravatar.com\\\/avatar\\\/aa9d3d24c83f2141e5e2709d0f63d09a99f6be6bb7a50abc4915838d9f54501a?s=96&d=mm&r=g\",\"url\":\"https:\\\/\\\/secure.gravatar.com\\\/avatar\\\/aa9d3d24c83f2141e5e2709d0f63d09a99f6be6bb7a50abc4915838d9f54501a?s=96&d=mm&r=g\",\"contentUrl\":\"https:\\\/\\\/secure.gravatar.com\\\/avatar\\\/aa9d3d24c83f2141e5e2709d0f63d09a99f6be6bb7a50abc4915838d9f54501a?s=96&d=mm&r=g\",\"caption\":\"Mathieu\"},\"url\":\"https:\\\/\\\/www.altercampagne.net\\\/?author=214\"}]}<\/script>\n<!-- \/ Yoast SEO plugin. -->","yoast_head_json":{"title":"7\u00e8me V\u00e9lorution Universelle \u00e0 Toulouse du 7 au 10 juillet 2016 ! - AlterTour","robots":{"index":"index","follow":"follow","max-snippet":"max-snippet:-1","max-image-preview":"max-image-preview:large","max-video-preview":"max-video-preview:-1"},"canonical":"https:\/\/www.altercampagne.net\/?p=5213","og_locale":"fr_FR","og_type":"article","og_title":"7\u00e8me V\u00e9lorution Universelle \u00e0 Toulouse du 7 au 10 juillet 2016 ! - AlterTour","og_description":"Vous, heureux v\u00e9lorutionnaires, cyclistes amateurs ou du dimanche, \u00eates attendu-es par centaines pour refaire le monde, d\u00e9battre, rire, camper et rigoler dans une ambiance festive et conviviale. Temps fort de l\u2019\u00e9v\u00e9nement, un grand d\u00e9fil\u00e9 festif cycliste (aka masse critique) aura lieu le samedi, pour se r\u00e9approprier un segment de rocades ... Read More","og_url":"https:\/\/www.altercampagne.net\/?p=5213","og_site_name":"AlterTour","article_published_time":"2016-06-08T17:38:17+00:00","article_modified_time":"2016-06-09T09:33:53+00:00","og_image":[{"url":"http:\/\/www.altercampagne.net\/wp-content\/uploads\/2016\/06\/13147814_637779259710978_1488247830523340058_o-212x300.png","type":"","width":"","height":""}],"author":"Mathieu","twitter_card":"summary_large_image","twitter_misc":{"\u00c9crit par":"Mathieu","Dur\u00e9e de lecture estim\u00e9e":"1 minute"},"schema":{"@context":"https:\/\/schema.org","@graph":[{"@type":"Article","@id":"https:\/\/www.altercampagne.net\/?p=5213#article","isPartOf":{"@id":"https:\/\/www.altercampagne.net\/?p=5213"},"author":{"name":"Mathieu","@id":"https:\/\/www.altercampagne.net\/#\/schema\/person\/0f261460c09e430caa0f9bcffa319109"},"headline":"7\u00e8me V\u00e9lorution Universelle \u00e0 Toulouse du 7 au 10 juillet 2016 !","datePublished":"2016-06-08T17:38:17+00:00","dateModified":"2016-06-09T09:33:53+00:00","mainEntityOfPage":{"@id":"https:\/\/www.altercampagne.net\/?p=5213"},"wordCount":264,"image":{"@id":"https:\/\/www.altercampagne.net\/?p=5213#primaryimage"},"thumbnailUrl":"http:\/\/www.altercampagne.net\/wp-content\/uploads\/2016\/06\/13147814_637779259710978_1488247830523340058_o-212x300.png","keywords":["Haute-Garonne","Toulouse","v\u00e9lorution","masse critique","V\u00e9lorution Universelle","v\u00e9lorutionnaires","Midi-Pyr\u00e9n\u00e9es","bike games","Alleycat"],"inLanguage":"fr-FR"},{"@type":"WebPage","@id":"https:\/\/www.altercampagne.net\/?p=5213","url":"https:\/\/www.altercampagne.net\/?p=5213","name":"7\u00e8me V\u00e9lorution Universelle \u00e0 Toulouse du 7 au 10 juillet 2016 ! - AlterTour","isPartOf":{"@id":"https:\/\/www.altercampagne.net\/#website"},"primaryImageOfPage":{"@id":"https:\/\/www.altercampagne.net\/?p=5213#primaryimage"},"image":{"@id":"https:\/\/www.altercampagne.net\/?p=5213#primaryimage"},"thumbnailUrl":"http:\/\/www.altercampagne.net\/wp-content\/uploads\/2016\/06\/13147814_637779259710978_1488247830523340058_o-212x300.png","datePublished":"2016-06-08T17:38:17+00:00","dateModified":"2016-06-09T09:33:53+00:00","author":{"@id":"https:\/\/www.altercampagne.net\/#\/schema\/person\/0f261460c09e430caa0f9bcffa319109"},"breadcrumb":{"@id":"https:\/\/www.altercampagne.net\/?p=5213#breadcrumb"},"inLanguage":"fr-FR","potentialAction":[{"@type":"ReadAction","target":["https:\/\/www.altercampagne.net\/?p=5213"]}]},{"@type":"ImageObject","inLanguage":"fr-FR","@id":"https:\/\/www.altercampagne.net\/?p=5213#primaryimage","url":"https:\/\/www.altercampagne.net\/wp-content\/uploads\/2016\/06\/13147814_637779259710978_1488247830523340058_o.png","contentUrl":"https:\/\/www.altercampagne.net\/wp-content\/uploads\/2016\/06\/13147814_637779259710978_1488247830523340058_o.png","width":678,"height":960},{"@type":"BreadcrumbList","@id":"https:\/\/www.altercampagne.net\/?p=5213#breadcrumb","itemListElement":[{"@type":"ListItem","position":1,"name":"Accueil","item":"https:\/\/www.altercampagne.net\/"},{"@type":"ListItem","position":2,"name":"7\u00e8me V\u00e9lorution Universelle \u00e0 Toulouse du 7 au 10 juillet 2016 !"}]},{"@type":"WebSite","@id":"https:\/\/www.altercampagne.net\/#website","url":"https:\/\/www.altercampagne.net\/","name":"AlterTour","description":"Reliez les Alternatives \u00e0 v\u00e9lo","potentialAction":[{"@type":"SearchAction","target":{"@type":"EntryPoint","urlTemplate":"https:\/\/www.altercampagne.net\/?s={search_term_string}"},"query-input":{"@type":"PropertyValueSpecification","valueRequired":true,"valueName":"search_term_string"}}],"inLanguage":"fr-FR"},{"@type":"Person","@id":"https:\/\/www.altercampagne.net\/#\/schema\/person\/0f261460c09e430caa0f9bcffa319109","name":"Mathieu","image":{"@type":"ImageObject","inLanguage":"fr-FR","@id":"https:\/\/secure.gravatar.com\/avatar\/aa9d3d24c83f2141e5e2709d0f63d09a99f6be6bb7a50abc4915838d9f54501a?s=96&d=mm&r=g","url":"https:\/\/secure.gravatar.com\/avatar\/aa9d3d24c83f2141e5e2709d0f63d09a99f6be6bb7a50abc4915838d9f54501a?s=96&d=mm&r=g","contentUrl":"https:\/\/secure.gravatar.com\/avatar\/aa9d3d24c83f2141e5e2709d0f63d09a99f6be6bb7a50abc4915838d9f54501a?s=96&d=mm&r=g","caption":"Mathieu"},"url":"https:\/\/www.altercampagne.net\/?author=214"}]}},"_links":{"self":[{"href":"https:\/\/www.altercampagne.net\/index.php?rest_route=\/wp\/v2\/posts\/5213","targetHints":{"allow":["GET"]}}],"collection":[{"href":"https:\/\/www.altercampagne.net\/index.php?rest_route=\/wp\/v2\/posts"}],"about":[{"href":"https:\/\/www.altercampagne.net\/index.php?rest_route=\/wp\/v2\/types\/post"}],"author":[{"embeddable":true,"href":"https:\/\/www.altercampagne.net\/index.php?rest_route=\/wp\/v2\/users\/214"}],"replies":[{"embeddable":true,"href":"https:\/\/www.altercampagne.net\/index.php?rest_route=%2Fwp%2Fv2%2Fcomments&post=5213"}],"version-history":[{"count":0,"href":"https:\/\/www.altercampagne.net\/index.php?rest_route=\/wp\/v2\/posts\/5213\/revisions"}],"wp:attachment":[{"href":"https:\/\/www.altercampagne.net\/index.php?rest_route=%2Fwp%2Fv2%2Fmedia&parent=5213"}],"wp:term":[{"taxonomy":"category","embeddable":true,"href":"https:\/\/www.altercampagne.net\/index.php?rest_route=%2Fwp%2Fv2%2Fcategories&post=5213"},{"taxonomy":"post_tag","embeddable":true,"href":"https:\/\/www.altercampagne.net\/index.php?rest_route=%2Fwp%2Fv2%2Ftags&post=5213"}],"curies":[{"name":"wp","href":"https:\/\/api.w.org\/{rel}","templated":true}]}}