{"id":5220,"date":"2015-06-01T09:26:27","date_gmt":"2015-06-01T07:26:27","guid":{"rendered":"http:\/\/www.altercampagne.net\/?p=5220"},"modified":"2016-06-09T11:32:36","modified_gmt":"2016-06-09T09:32:36","slug":"6eme-velorution-universelle-a-bruxelles-du-8-au-11-juin-2015","status":"publish","type":"post","link":"https:\/\/www.altercampagne.net\/?p=5220","title":{"rendered":"6\u00e8me V\u00e9lorution Universelle \u00e0 Bruxelles du 8 au 11 juillet 2015 !"},"content":{"rendered":"<p><strong><a href=\"http:\/\/velorutionuniverselle.org\/spip.php?rubrique57\" target=\"_blank\"><img loading=\"lazy\" decoding=\"async\" class=\"alignleft wp-image-5221 size-full\" src=\"http:\/\/www.altercampagne.net\/wp-content\/uploads\/2016\/06\/10456435_606738696148368_5332097821165274139_n.jpg\" alt=\"V\u00e9lorution Universelle 2015\" width=\"300\" height=\"424\" srcset=\"https:\/\/www.altercampagne.net\/wp-content\/uploads\/2016\/06\/10456435_606738696148368_5332097821165274139_n.jpg 300w, https:\/\/www.altercampagne.net\/wp-content\/uploads\/2016\/06\/10456435_606738696148368_5332097821165274139_n-212x300.jpg 212w\" sizes=\"auto, (max-width: 300px) 100vw, 300px\" \/><\/a>MERCREDI 8\/07<\/strong> (Pour les courageux motiv\u00e9s uniquement)<br \/>\n16:00 place Saint-L\u00e9onard \u00e0 LIEGE pour le trajet du lendemain de 120km (logement pr\u00e9vu &#8211; contact : yves@blablaxpress.org)<\/p>\n<p><strong>JEUDI 9\/07<\/strong><br \/>\n09:00 d\u00e9part group\u00e9 de LIEGE @ place Saint-L\u00e9onard<\/p>\n<p>14:00 Accueil des cyclo-voyageurs \u00e0 BRUXELLES @ Barlok 57 av. du port<br \/>\n18:00 manger (collectactif &#8211; @ Barlok avenue du Port)<br \/>\n20:00 soir\u00e9e au choix : @ 123 rue Royale \/ @ Barlok 55 avenue du Port (concert)<\/p>\n<p><strong>VENDREDI 10\/07<\/strong><br \/>\n11h \u2013 13:30h : r\u00e9parations express @ All\u00e9e du Kaai<br \/>\n12:00 &#8211; Table d\u2019h\u00f4tes avec collectactif @ All\u00e9e du Kaai<br \/>\n14h-18h Visite des Ateliers V\u00e9lo alternatifs de Bruxelles. Par petites masses critiques pour aller f\u00eater chaque atelier. Suivez la carte fournie \u00e0 l\u2019accueil !<br \/>\n18:00 Table d\u2019h\u00f4te avec collectactif @ All\u00e9e du Kaai<br \/>\n21:00 Rendez-vous @ Recyclart<br \/>\n22 :00 d\u00e9part de la masse critique nocturne depuis @ Recyclart.<br \/>\nDress code : indiens flashy, lumi\u00e8res et \u00e9tincelles<br \/>\nd\u00e8s 24:00 soir\u00e9e @Barlok<\/p>\n<p><strong>SAMEDI 11\/07<\/strong><br \/>\n11:00 Jeux v\u00e9lo (pimp your bike\/parcours\/polo\/s\u00e9rigraphie\/&#8230;) @ all\u00e9e du Kaai<br \/>\n12:00 Table d\u2019h\u00f4tes avec collectactif @ all\u00e9e du Kaai<br \/>\n14:00 D\u00e9part de l\u2019All\u00e9e du Kaai<br \/>\n15:00 MASSE CRITIQUE GEANTE @ Parc du Cinquantenaire (c\u00f4t\u00e9 Schuman)<\/p>\n<p>Plus d&rsquo;infos sur : <a href=\"http:\/\/velorutionuniverselle.org\/spip.php?rubrique57\" target=\"_blank\">http:\/\/velorutionuniverselle.org\/spip.php?rubrique57<\/a><\/p>\n","protected":false},"excerpt":{"rendered":"<p>MERCREDI 8\/07 (Pour les courageux motiv\u00e9s uniquement) 16:00 place Saint-L\u00e9onard \u00e0 LIEGE pour le trajet du lendemain de 120km (logement pr\u00e9vu &#8211; contact : yves@blablaxpress.org) JEUDI 9\/07 09:00 d\u00e9part group\u00e9 de LIEGE @ place Saint-L\u00e9onard 14:00 Accueil des cyclo-voyageurs \u00e0 BRUXELLES @ Barlok 57 av. du port 18:00 manger (collectactif &#8230; <\/p>\n<div><a href=\"https:\/\/www.altercampagne.net\/?p=5220\" class=\"more-link\">Read More<\/a><\/div>\n","protected":false},"author":214,"featured_media":0,"comment_status":"closed","ping_status":"closed","sticky":false,"template":"","format":"standard","meta":{"footnotes":""},"categories":[1],"tags":[10,23,30,102,333,1000,1003,1679,2466,2467],"class_list":["post-5220","post","type-post","status-publish","format-standard","hentry","category-non-classe","tag-bruxelles","tag-belgique","tag-liege","tag-velorution","tag-masse-critique","tag-velorution-universelle","tag-velorutionnaires","tag-bruxelles-capitale","tag-recyclart","tag-barlok","no-post-thumbnail"],"yoast_head":"<!-- This site is optimized with the Yoast SEO plugin v27.3 - https:\/\/yoast.com\/product\/yoast-seo-wordpress\/ -->\n<title>6\u00e8me V\u00e9lorution Universelle \u00e0 Bruxelles du 8 au 11 juillet 2015 ! - AlterTour<\/title>\n<meta name=\"robots\" content=\"index, follow, max-snippet:-1, max-image-preview:large, max-video-preview:-1\" \/>\n<link rel=\"canonical\" href=\"https:\/\/www.altercampagne.net\/?p=5220\" \/>\n<meta property=\"og:locale\" content=\"fr_FR\" \/>\n<meta property=\"og:type\" content=\"article\" \/>\n<meta property=\"og:title\" content=\"6\u00e8me V\u00e9lorution Universelle \u00e0 Bruxelles du 8 au 11 juillet 2015 ! - AlterTour\" \/>\n<meta property=\"og:description\" content=\"MERCREDI 8\/07 (Pour les courageux motiv\u00e9s uniquement) 16:00 place Saint-L\u00e9onard \u00e0 LIEGE pour le trajet du lendemain de 120km (logement pr\u00e9vu &#8211; contact : yves@blablaxpress.org) JEUDI 9\/07 09:00 d\u00e9part group\u00e9 de LIEGE @ place Saint-L\u00e9onard 14:00 Accueil des cyclo-voyageurs \u00e0 BRUXELLES @ Barlok 57 av. du port 18:00 manger (collectactif ... Read More\" \/>\n<meta property=\"og:url\" content=\"https:\/\/www.altercampagne.net\/?p=5220\" \/>\n<meta property=\"og:site_name\" content=\"AlterTour\" \/>\n<meta property=\"article:published_time\" content=\"2015-06-01T07:26:27+00:00\" \/>\n<meta property=\"article:modified_time\" content=\"2016-06-09T09:32:36+00:00\" \/>\n<meta property=\"og:image\" content=\"http:\/\/www.altercampagne.net\/wp-content\/uploads\/2016\/06\/10456435_606738696148368_5332097821165274139_n.jpg\" \/>\n<meta name=\"author\" content=\"Mathieu\" \/>\n<meta name=\"twitter:card\" content=\"summary_large_image\" \/>\n<meta name=\"twitter:label1\" content=\"\u00c9crit par\" \/>\n\t<meta name=\"twitter:data1\" content=\"Mathieu\" \/>\n\t<meta name=\"twitter:label2\" content=\"Dur\u00e9e de lecture estim\u00e9e\" \/>\n\t<meta name=\"twitter:data2\" content=\"1 minute\" \/>\n<script type=\"application\/ld+json\" class=\"yoast-schema-graph\">{\"@context\":\"https:\\\/\\\/schema.org\",\"@graph\":[{\"@type\":\"Article\",\"@id\":\"https:\\\/\\\/www.altercampagne.net\\\/?p=5220#article\",\"isPartOf\":{\"@id\":\"https:\\\/\\\/www.altercampagne.net\\\/?p=5220\"},\"author\":{\"name\":\"Mathieu\",\"@id\":\"https:\\\/\\\/www.altercampagne.net\\\/#\\\/schema\\\/person\\\/0f261460c09e430caa0f9bcffa319109\"},\"headline\":\"6\u00e8me V\u00e9lorution Universelle \u00e0 Bruxelles du 8 au 11 juillet 2015 !\",\"datePublished\":\"2015-06-01T07:26:27+00:00\",\"dateModified\":\"2016-06-09T09:32:36+00:00\",\"mainEntityOfPage\":{\"@id\":\"https:\\\/\\\/www.altercampagne.net\\\/?p=5220\"},\"wordCount\":202,\"image\":{\"@id\":\"https:\\\/\\\/www.altercampagne.net\\\/?p=5220#primaryimage\"},\"thumbnailUrl\":\"http:\\\/\\\/www.altercampagne.net\\\/wp-content\\\/uploads\\\/2016\\\/06\\\/10456435_606738696148368_5332097821165274139_n.jpg\",\"keywords\":[\"bruxelles\",\"belgique\",\"Li\u00e8ge\",\"v\u00e9lorution\",\"masse critique\",\"V\u00e9lorution Universelle\",\"v\u00e9lorutionnaires\",\"Bruxelles-Capitale\",\"Recyclart\",\"Barlok\"],\"inLanguage\":\"fr-FR\"},{\"@type\":\"WebPage\",\"@id\":\"https:\\\/\\\/www.altercampagne.net\\\/?p=5220\",\"url\":\"https:\\\/\\\/www.altercampagne.net\\\/?p=5220\",\"name\":\"6\u00e8me V\u00e9lorution Universelle \u00e0 Bruxelles du 8 au 11 juillet 2015 ! - AlterTour\",\"isPartOf\":{\"@id\":\"https:\\\/\\\/www.altercampagne.net\\\/#website\"},\"primaryImageOfPage\":{\"@id\":\"https:\\\/\\\/www.altercampagne.net\\\/?p=5220#primaryimage\"},\"image\":{\"@id\":\"https:\\\/\\\/www.altercampagne.net\\\/?p=5220#primaryimage\"},\"thumbnailUrl\":\"http:\\\/\\\/www.altercampagne.net\\\/wp-content\\\/uploads\\\/2016\\\/06\\\/10456435_606738696148368_5332097821165274139_n.jpg\",\"datePublished\":\"2015-06-01T07:26:27+00:00\",\"dateModified\":\"2016-06-09T09:32:36+00:00\",\"author\":{\"@id\":\"https:\\\/\\\/www.altercampagne.net\\\/#\\\/schema\\\/person\\\/0f261460c09e430caa0f9bcffa319109\"},\"breadcrumb\":{\"@id\":\"https:\\\/\\\/www.altercampagne.net\\\/?p=5220#breadcrumb\"},\"inLanguage\":\"fr-FR\",\"potentialAction\":[{\"@type\":\"ReadAction\",\"target\":[\"https:\\\/\\\/www.altercampagne.net\\\/?p=5220\"]}]},{\"@type\":\"ImageObject\",\"inLanguage\":\"fr-FR\",\"@id\":\"https:\\\/\\\/www.altercampagne.net\\\/?p=5220#primaryimage\",\"url\":\"https:\\\/\\\/www.altercampagne.net\\\/wp-content\\\/uploads\\\/2016\\\/06\\\/10456435_606738696148368_5332097821165274139_n.jpg\",\"contentUrl\":\"https:\\\/\\\/www.altercampagne.net\\\/wp-content\\\/uploads\\\/2016\\\/06\\\/10456435_606738696148368_5332097821165274139_n.jpg\",\"width\":300,\"height\":424},{\"@type\":\"BreadcrumbList\",\"@id\":\"https:\\\/\\\/www.altercampagne.net\\\/?p=5220#breadcrumb\",\"itemListElement\":[{\"@type\":\"ListItem\",\"position\":1,\"name\":\"Accueil\",\"item\":\"https:\\\/\\\/www.altercampagne.net\\\/\"},{\"@type\":\"ListItem\",\"position\":2,\"name\":\"6\u00e8me V\u00e9lorution Universelle \u00e0 Bruxelles du 8 au 11 juillet 2015 !\"}]},{\"@type\":\"WebSite\",\"@id\":\"https:\\\/\\\/www.altercampagne.net\\\/#website\",\"url\":\"https:\\\/\\\/www.altercampagne.net\\\/\",\"name\":\"AlterTour\",\"description\":\"Reliez les Alternatives \u00e0 v\u00e9lo\",\"potentialAction\":[{\"@type\":\"SearchAction\",\"target\":{\"@type\":\"EntryPoint\",\"urlTemplate\":\"https:\\\/\\\/www.altercampagne.net\\\/?s={search_term_string}\"},\"query-input\":{\"@type\":\"PropertyValueSpecification\",\"valueRequired\":true,\"valueName\":\"search_term_string\"}}],\"inLanguage\":\"fr-FR\"},{\"@type\":\"Person\",\"@id\":\"https:\\\/\\\/www.altercampagne.net\\\/#\\\/schema\\\/person\\\/0f261460c09e430caa0f9bcffa319109\",\"name\":\"Mathieu\",\"image\":{\"@type\":\"ImageObject\",\"inLanguage\":\"fr-FR\",\"@id\":\"https:\\\/\\\/secure.gravatar.com\\\/avatar\\\/aa9d3d24c83f2141e5e2709d0f63d09a99f6be6bb7a50abc4915838d9f54501a?s=96&d=mm&r=g\",\"url\":\"https:\\\/\\\/secure.gravatar.com\\\/avatar\\\/aa9d3d24c83f2141e5e2709d0f63d09a99f6be6bb7a50abc4915838d9f54501a?s=96&d=mm&r=g\",\"contentUrl\":\"https:\\\/\\\/secure.gravatar.com\\\/avatar\\\/aa9d3d24c83f2141e5e2709d0f63d09a99f6be6bb7a50abc4915838d9f54501a?s=96&d=mm&r=g\",\"caption\":\"Mathieu\"},\"url\":\"https:\\\/\\\/www.altercampagne.net\\\/?author=214\"}]}<\/script>\n<!-- \/ Yoast SEO plugin. -->","yoast_head_json":{"title":"6\u00e8me V\u00e9lorution Universelle \u00e0 Bruxelles du 8 au 11 juillet 2015 ! - AlterTour","robots":{"index":"index","follow":"follow","max-snippet":"max-snippet:-1","max-image-preview":"max-image-preview:large","max-video-preview":"max-video-preview:-1"},"canonical":"https:\/\/www.altercampagne.net\/?p=5220","og_locale":"fr_FR","og_type":"article","og_title":"6\u00e8me V\u00e9lorution Universelle \u00e0 Bruxelles du 8 au 11 juillet 2015 ! - AlterTour","og_description":"MERCREDI 8\/07 (Pour les courageux motiv\u00e9s uniquement) 16:00 place Saint-L\u00e9onard \u00e0 LIEGE pour le trajet du lendemain de 120km (logement pr\u00e9vu &#8211; contact : yves@blablaxpress.org) JEUDI 9\/07 09:00 d\u00e9part group\u00e9 de LIEGE @ place Saint-L\u00e9onard 14:00 Accueil des cyclo-voyageurs \u00e0 BRUXELLES @ Barlok 57 av. du port 18:00 manger (collectactif ... Read More","og_url":"https:\/\/www.altercampagne.net\/?p=5220","og_site_name":"AlterTour","article_published_time":"2015-06-01T07:26:27+00:00","article_modified_time":"2016-06-09T09:32:36+00:00","og_image":[{"url":"http:\/\/www.altercampagne.net\/wp-content\/uploads\/2016\/06\/10456435_606738696148368_5332097821165274139_n.jpg","type":"","width":"","height":""}],"author":"Mathieu","twitter_card":"summary_large_image","twitter_misc":{"\u00c9crit par":"Mathieu","Dur\u00e9e de lecture estim\u00e9e":"1 minute"},"schema":{"@context":"https:\/\/schema.org","@graph":[{"@type":"Article","@id":"https:\/\/www.altercampagne.net\/?p=5220#article","isPartOf":{"@id":"https:\/\/www.altercampagne.net\/?p=5220"},"author":{"name":"Mathieu","@id":"https:\/\/www.altercampagne.net\/#\/schema\/person\/0f261460c09e430caa0f9bcffa319109"},"headline":"6\u00e8me V\u00e9lorution Universelle \u00e0 Bruxelles du 8 au 11 juillet 2015 !","datePublished":"2015-06-01T07:26:27+00:00","dateModified":"2016-06-09T09:32:36+00:00","mainEntityOfPage":{"@id":"https:\/\/www.altercampagne.net\/?p=5220"},"wordCount":202,"image":{"@id":"https:\/\/www.altercampagne.net\/?p=5220#primaryimage"},"thumbnailUrl":"http:\/\/www.altercampagne.net\/wp-content\/uploads\/2016\/06\/10456435_606738696148368_5332097821165274139_n.jpg","keywords":["bruxelles","belgique","Li\u00e8ge","v\u00e9lorution","masse critique","V\u00e9lorution Universelle","v\u00e9lorutionnaires","Bruxelles-Capitale","Recyclart","Barlok"],"inLanguage":"fr-FR"},{"@type":"WebPage","@id":"https:\/\/www.altercampagne.net\/?p=5220","url":"https:\/\/www.altercampagne.net\/?p=5220","name":"6\u00e8me V\u00e9lorution Universelle \u00e0 Bruxelles du 8 au 11 juillet 2015 ! - AlterTour","isPartOf":{"@id":"https:\/\/www.altercampagne.net\/#website"},"primaryImageOfPage":{"@id":"https:\/\/www.altercampagne.net\/?p=5220#primaryimage"},"image":{"@id":"https:\/\/www.altercampagne.net\/?p=5220#primaryimage"},"thumbnailUrl":"http:\/\/www.altercampagne.net\/wp-content\/uploads\/2016\/06\/10456435_606738696148368_5332097821165274139_n.jpg","datePublished":"2015-06-01T07:26:27+00:00","dateModified":"2016-06-09T09:32:36+00:00","author":{"@id":"https:\/\/www.altercampagne.net\/#\/schema\/person\/0f261460c09e430caa0f9bcffa319109"},"breadcrumb":{"@id":"https:\/\/www.altercampagne.net\/?p=5220#breadcrumb"},"inLanguage":"fr-FR","potentialAction":[{"@type":"ReadAction","target":["https:\/\/www.altercampagne.net\/?p=5220"]}]},{"@type":"ImageObject","inLanguage":"fr-FR","@id":"https:\/\/www.altercampagne.net\/?p=5220#primaryimage","url":"https:\/\/www.altercampagne.net\/wp-content\/uploads\/2016\/06\/10456435_606738696148368_5332097821165274139_n.jpg","contentUrl":"https:\/\/www.altercampagne.net\/wp-content\/uploads\/2016\/06\/10456435_606738696148368_5332097821165274139_n.jpg","width":300,"height":424},{"@type":"BreadcrumbList","@id":"https:\/\/www.altercampagne.net\/?p=5220#breadcrumb","itemListElement":[{"@type":"ListItem","position":1,"name":"Accueil","item":"https:\/\/www.altercampagne.net\/"},{"@type":"ListItem","position":2,"name":"6\u00e8me V\u00e9lorution Universelle \u00e0 Bruxelles du 8 au 11 juillet 2015 !"}]},{"@type":"WebSite","@id":"https:\/\/www.altercampagne.net\/#website","url":"https:\/\/www.altercampagne.net\/","name":"AlterTour","description":"Reliez les Alternatives \u00e0 v\u00e9lo","potentialAction":[{"@type":"SearchAction","target":{"@type":"EntryPoint","urlTemplate":"https:\/\/www.altercampagne.net\/?s={search_term_string}"},"query-input":{"@type":"PropertyValueSpecification","valueRequired":true,"valueName":"search_term_string"}}],"inLanguage":"fr-FR"},{"@type":"Person","@id":"https:\/\/www.altercampagne.net\/#\/schema\/person\/0f261460c09e430caa0f9bcffa319109","name":"Mathieu","image":{"@type":"ImageObject","inLanguage":"fr-FR","@id":"https:\/\/secure.gravatar.com\/avatar\/aa9d3d24c83f2141e5e2709d0f63d09a99f6be6bb7a50abc4915838d9f54501a?s=96&d=mm&r=g","url":"https:\/\/secure.gravatar.com\/avatar\/aa9d3d24c83f2141e5e2709d0f63d09a99f6be6bb7a50abc4915838d9f54501a?s=96&d=mm&r=g","contentUrl":"https:\/\/secure.gravatar.com\/avatar\/aa9d3d24c83f2141e5e2709d0f63d09a99f6be6bb7a50abc4915838d9f54501a?s=96&d=mm&r=g","caption":"Mathieu"},"url":"https:\/\/www.altercampagne.net\/?author=214"}]}},"_links":{"self":[{"href":"https:\/\/www.altercampagne.net\/index.php?rest_route=\/wp\/v2\/posts\/5220","targetHints":{"allow":["GET"]}}],"collection":[{"href":"https:\/\/www.altercampagne.net\/index.php?rest_route=\/wp\/v2\/posts"}],"about":[{"href":"https:\/\/www.altercampagne.net\/index.php?rest_route=\/wp\/v2\/types\/post"}],"author":[{"embeddable":true,"href":"https:\/\/www.altercampagne.net\/index.php?rest_route=\/wp\/v2\/users\/214"}],"replies":[{"embeddable":true,"href":"https:\/\/www.altercampagne.net\/index.php?rest_route=%2Fwp%2Fv2%2Fcomments&post=5220"}],"version-history":[{"count":0,"href":"https:\/\/www.altercampagne.net\/index.php?rest_route=\/wp\/v2\/posts\/5220\/revisions"}],"wp:attachment":[{"href":"https:\/\/www.altercampagne.net\/index.php?rest_route=%2Fwp%2Fv2%2Fmedia&parent=5220"}],"wp:term":[{"taxonomy":"category","embeddable":true,"href":"https:\/\/www.altercampagne.net\/index.php?rest_route=%2Fwp%2Fv2%2Fcategories&post=5220"},{"taxonomy":"post_tag","embeddable":true,"href":"https:\/\/www.altercampagne.net\/index.php?rest_route=%2Fwp%2Fv2%2Ftags&post=5220"}],"curies":[{"name":"wp","href":"https:\/\/api.w.org\/{rel}","templated":true}]}}