{"id":5224,"date":"2014-06-02T09:39:57","date_gmt":"2014-06-02T07:39:57","guid":{"rendered":"http:\/\/www.altercampagne.net\/?p=5224"},"modified":"2016-06-09T11:31:31","modified_gmt":"2016-06-09T09:31:31","slug":"5eme-velorution-universelle-a-grenoble-du-3-au-6-juillet-2014","status":"publish","type":"post","link":"https:\/\/www.altercampagne.net\/?p=5224","title":{"rendered":"5\u00e8me V\u00e9lorution Universelle \u00e0 Grenoble du 3 au 6 juillet 2014 !"},"content":{"rendered":"<p><strong><a href=\"http:\/\/velorutionuniverselle.org\/spip.php?rubrique54\" target=\"_blank\"><img loading=\"lazy\" decoding=\"async\" class=\"alignleft wp-image-5225 size-full\" src=\"http:\/\/www.altercampagne.net\/wp-content\/uploads\/2016\/06\/vu_2014_affiche.jpg\" alt=\"V\u00e9lorution Universelle 2014\" width=\"300\" height=\"424\" srcset=\"https:\/\/www.altercampagne.net\/wp-content\/uploads\/2016\/06\/vu_2014_affiche.jpg 300w, https:\/\/www.altercampagne.net\/wp-content\/uploads\/2016\/06\/vu_2014_affiche-212x300.jpg 212w\" sizes=\"auto, (max-width: 300px) 100vw, 300px\" \/><\/a>Jeudi 3 Juillet<\/strong><br \/>\n18h \u00e0 la Bifurk Accueil des v\u00e9lorutionnaires, soir\u00e9e barbecue, jeux, d\u00e9tente !<\/p>\n<p><strong>Vendredi 4 Juillet<\/strong><br \/>\n10h-16h \u00e0 la Bifurk : D\u00e9corations (s\u00e9rigraphie t-shirts, drapeaux, etc., marquage des selles en cuir, badges, d\u00e9coration de v\u00e9los).<br \/>\n15h-18h d\u00e9part de la Bifurk : Masse-Critique exp\u00e9rimentale : \u00ab prise de quartier \u00bb !<br \/>\n18h \u00e0 la Tour Perret : Pique-nique partag\u00e9.<br \/>\n20h d\u00e9part de la Tour Perret : Masse critique nocturne.<\/p>\n<p><strong>Samedi 5 Juillet<\/strong><br \/>\n10h-14h \u00e0 la Bifurk : Ateliers (s\u00e9rigraphie t-shirts, drapeaux, etc., marquage des selles en cuir, badges, d\u00e9coration de v\u00e9los).<br \/>\n14h30 d\u00e9part de la Tour Perret : Super Masse-Critique.<br \/>\n20h arriv\u00e9e de la Super Masse-Critique \u00e0 la Bifurk, Soir\u00e9e festive :<br \/>\nLes Affranchistes (Punky swing) ;<br \/>\nRilojosa (Cabaret rock electro) ;<br \/>\nDj Vinodilo (Electro balkan) ;<br \/>\nSpinsight (Progressive).<\/p>\n<p><strong>Dimanche 6 Juillet<\/strong><br \/>\n13h au parc Paul Mistral : jeux, animations, d\u00e9tente.<br \/>\n20h : Fin de la V\u00e9lorution Universelle, discussions, soir\u00e9e tranquille, r\u00eaver de l\u2019ann\u00e9e prochaine.<\/p>\n<p>Plus d&rsquo;infos sur : <a href=\"http:\/\/velorutionuniverselle.org\/spip.php?rubrique54\" target=\"_blank\">http:\/\/velorutionuniverselle.org\/spip.php?rubrique54<\/a><\/p>\n","protected":false},"excerpt":{"rendered":"<p>Jeudi 3 Juillet 18h \u00e0 la Bifurk Accueil des v\u00e9lorutionnaires, soir\u00e9e barbecue, jeux, d\u00e9tente ! Vendredi 4 Juillet 10h-16h \u00e0 la Bifurk : D\u00e9corations (s\u00e9rigraphie t-shirts, drapeaux, etc., marquage des selles en cuir, badges, d\u00e9coration de v\u00e9los). 15h-18h d\u00e9part de la Bifurk : Masse-Critique exp\u00e9rimentale : \u00ab prise de quartier &#8230; <\/p>\n<div><a href=\"https:\/\/www.altercampagne.net\/?p=5224\" class=\"more-link\">Read More<\/a><\/div>\n","protected":false},"author":214,"featured_media":0,"comment_status":"closed","ping_status":"closed","sticky":false,"template":"","format":"standard","meta":{"footnotes":""},"categories":[1],"tags":[102,333,1000,1003,1310,1650,1982,2468],"class_list":["post-5224","post","type-post","status-publish","format-standard","hentry","category-non-classe","tag-velorution","tag-masse-critique","tag-velorution-universelle","tag-velorutionnaires","tag-grenoble","tag-rhone-alpes","tag-isere","tag-bifurk","no-post-thumbnail"],"yoast_head":"<!-- This site is optimized with the Yoast SEO plugin v27.3 - https:\/\/yoast.com\/product\/yoast-seo-wordpress\/ -->\n<title>5\u00e8me V\u00e9lorution Universelle \u00e0 Grenoble du 3 au 6 juillet 2014 ! - AlterTour<\/title>\n<meta name=\"robots\" content=\"index, follow, max-snippet:-1, max-image-preview:large, max-video-preview:-1\" \/>\n<link rel=\"canonical\" href=\"https:\/\/www.altercampagne.net\/?p=5224\" \/>\n<meta property=\"og:locale\" content=\"fr_FR\" \/>\n<meta property=\"og:type\" content=\"article\" \/>\n<meta property=\"og:title\" content=\"5\u00e8me V\u00e9lorution Universelle \u00e0 Grenoble du 3 au 6 juillet 2014 ! - AlterTour\" \/>\n<meta property=\"og:description\" content=\"Jeudi 3 Juillet 18h \u00e0 la Bifurk Accueil des v\u00e9lorutionnaires, soir\u00e9e barbecue, jeux, d\u00e9tente ! Vendredi 4 Juillet 10h-16h \u00e0 la Bifurk : D\u00e9corations (s\u00e9rigraphie t-shirts, drapeaux, etc., marquage des selles en cuir, badges, d\u00e9coration de v\u00e9los). 15h-18h d\u00e9part de la Bifurk : Masse-Critique exp\u00e9rimentale : \u00ab prise de quartier ... Read More\" \/>\n<meta property=\"og:url\" content=\"https:\/\/www.altercampagne.net\/?p=5224\" \/>\n<meta property=\"og:site_name\" content=\"AlterTour\" \/>\n<meta property=\"article:published_time\" content=\"2014-06-02T07:39:57+00:00\" \/>\n<meta property=\"article:modified_time\" content=\"2016-06-09T09:31:31+00:00\" \/>\n<meta property=\"og:image\" content=\"http:\/\/www.altercampagne.net\/wp-content\/uploads\/2016\/06\/vu_2014_affiche.jpg\" \/>\n<meta name=\"author\" content=\"Mathieu\" \/>\n<meta name=\"twitter:card\" content=\"summary_large_image\" \/>\n<meta name=\"twitter:label1\" content=\"\u00c9crit par\" \/>\n\t<meta name=\"twitter:data1\" content=\"Mathieu\" \/>\n\t<meta name=\"twitter:label2\" content=\"Dur\u00e9e de lecture estim\u00e9e\" \/>\n\t<meta name=\"twitter:data2\" content=\"1 minute\" \/>\n<script type=\"application\/ld+json\" class=\"yoast-schema-graph\">{\"@context\":\"https:\\\/\\\/schema.org\",\"@graph\":[{\"@type\":\"Article\",\"@id\":\"https:\\\/\\\/www.altercampagne.net\\\/?p=5224#article\",\"isPartOf\":{\"@id\":\"https:\\\/\\\/www.altercampagne.net\\\/?p=5224\"},\"author\":{\"name\":\"Mathieu\",\"@id\":\"https:\\\/\\\/www.altercampagne.net\\\/#\\\/schema\\\/person\\\/0f261460c09e430caa0f9bcffa319109\"},\"headline\":\"5\u00e8me V\u00e9lorution Universelle \u00e0 Grenoble du 3 au 6 juillet 2014 !\",\"datePublished\":\"2014-06-02T07:39:57+00:00\",\"dateModified\":\"2016-06-09T09:31:31+00:00\",\"mainEntityOfPage\":{\"@id\":\"https:\\\/\\\/www.altercampagne.net\\\/?p=5224\"},\"wordCount\":173,\"image\":{\"@id\":\"https:\\\/\\\/www.altercampagne.net\\\/?p=5224#primaryimage\"},\"thumbnailUrl\":\"http:\\\/\\\/www.altercampagne.net\\\/wp-content\\\/uploads\\\/2016\\\/06\\\/vu_2014_affiche.jpg\",\"keywords\":[\"v\u00e9lorution\",\"masse critique\",\"V\u00e9lorution Universelle\",\"v\u00e9lorutionnaires\",\"Grenoble\",\"Rhone-Alpes\",\"Is\u00e8re\",\"Bifurk\"],\"inLanguage\":\"fr-FR\"},{\"@type\":\"WebPage\",\"@id\":\"https:\\\/\\\/www.altercampagne.net\\\/?p=5224\",\"url\":\"https:\\\/\\\/www.altercampagne.net\\\/?p=5224\",\"name\":\"5\u00e8me V\u00e9lorution Universelle \u00e0 Grenoble du 3 au 6 juillet 2014 ! - AlterTour\",\"isPartOf\":{\"@id\":\"https:\\\/\\\/www.altercampagne.net\\\/#website\"},\"primaryImageOfPage\":{\"@id\":\"https:\\\/\\\/www.altercampagne.net\\\/?p=5224#primaryimage\"},\"image\":{\"@id\":\"https:\\\/\\\/www.altercampagne.net\\\/?p=5224#primaryimage\"},\"thumbnailUrl\":\"http:\\\/\\\/www.altercampagne.net\\\/wp-content\\\/uploads\\\/2016\\\/06\\\/vu_2014_affiche.jpg\",\"datePublished\":\"2014-06-02T07:39:57+00:00\",\"dateModified\":\"2016-06-09T09:31:31+00:00\",\"author\":{\"@id\":\"https:\\\/\\\/www.altercampagne.net\\\/#\\\/schema\\\/person\\\/0f261460c09e430caa0f9bcffa319109\"},\"breadcrumb\":{\"@id\":\"https:\\\/\\\/www.altercampagne.net\\\/?p=5224#breadcrumb\"},\"inLanguage\":\"fr-FR\",\"potentialAction\":[{\"@type\":\"ReadAction\",\"target\":[\"https:\\\/\\\/www.altercampagne.net\\\/?p=5224\"]}]},{\"@type\":\"ImageObject\",\"inLanguage\":\"fr-FR\",\"@id\":\"https:\\\/\\\/www.altercampagne.net\\\/?p=5224#primaryimage\",\"url\":\"https:\\\/\\\/www.altercampagne.net\\\/wp-content\\\/uploads\\\/2016\\\/06\\\/vu_2014_affiche.jpg\",\"contentUrl\":\"https:\\\/\\\/www.altercampagne.net\\\/wp-content\\\/uploads\\\/2016\\\/06\\\/vu_2014_affiche.jpg\",\"width\":300,\"height\":424},{\"@type\":\"BreadcrumbList\",\"@id\":\"https:\\\/\\\/www.altercampagne.net\\\/?p=5224#breadcrumb\",\"itemListElement\":[{\"@type\":\"ListItem\",\"position\":1,\"name\":\"Accueil\",\"item\":\"https:\\\/\\\/www.altercampagne.net\\\/\"},{\"@type\":\"ListItem\",\"position\":2,\"name\":\"5\u00e8me V\u00e9lorution Universelle \u00e0 Grenoble du 3 au 6 juillet 2014 !\"}]},{\"@type\":\"WebSite\",\"@id\":\"https:\\\/\\\/www.altercampagne.net\\\/#website\",\"url\":\"https:\\\/\\\/www.altercampagne.net\\\/\",\"name\":\"AlterTour\",\"description\":\"Reliez les Alternatives \u00e0 v\u00e9lo\",\"potentialAction\":[{\"@type\":\"SearchAction\",\"target\":{\"@type\":\"EntryPoint\",\"urlTemplate\":\"https:\\\/\\\/www.altercampagne.net\\\/?s={search_term_string}\"},\"query-input\":{\"@type\":\"PropertyValueSpecification\",\"valueRequired\":true,\"valueName\":\"search_term_string\"}}],\"inLanguage\":\"fr-FR\"},{\"@type\":\"Person\",\"@id\":\"https:\\\/\\\/www.altercampagne.net\\\/#\\\/schema\\\/person\\\/0f261460c09e430caa0f9bcffa319109\",\"name\":\"Mathieu\",\"image\":{\"@type\":\"ImageObject\",\"inLanguage\":\"fr-FR\",\"@id\":\"https:\\\/\\\/secure.gravatar.com\\\/avatar\\\/aa9d3d24c83f2141e5e2709d0f63d09a99f6be6bb7a50abc4915838d9f54501a?s=96&d=mm&r=g\",\"url\":\"https:\\\/\\\/secure.gravatar.com\\\/avatar\\\/aa9d3d24c83f2141e5e2709d0f63d09a99f6be6bb7a50abc4915838d9f54501a?s=96&d=mm&r=g\",\"contentUrl\":\"https:\\\/\\\/secure.gravatar.com\\\/avatar\\\/aa9d3d24c83f2141e5e2709d0f63d09a99f6be6bb7a50abc4915838d9f54501a?s=96&d=mm&r=g\",\"caption\":\"Mathieu\"},\"url\":\"https:\\\/\\\/www.altercampagne.net\\\/?author=214\"}]}<\/script>\n<!-- \/ Yoast SEO plugin. -->","yoast_head_json":{"title":"5\u00e8me V\u00e9lorution Universelle \u00e0 Grenoble du 3 au 6 juillet 2014 ! - AlterTour","robots":{"index":"index","follow":"follow","max-snippet":"max-snippet:-1","max-image-preview":"max-image-preview:large","max-video-preview":"max-video-preview:-1"},"canonical":"https:\/\/www.altercampagne.net\/?p=5224","og_locale":"fr_FR","og_type":"article","og_title":"5\u00e8me V\u00e9lorution Universelle \u00e0 Grenoble du 3 au 6 juillet 2014 ! - AlterTour","og_description":"Jeudi 3 Juillet 18h \u00e0 la Bifurk Accueil des v\u00e9lorutionnaires, soir\u00e9e barbecue, jeux, d\u00e9tente ! Vendredi 4 Juillet 10h-16h \u00e0 la Bifurk : D\u00e9corations (s\u00e9rigraphie t-shirts, drapeaux, etc., marquage des selles en cuir, badges, d\u00e9coration de v\u00e9los). 15h-18h d\u00e9part de la Bifurk : Masse-Critique exp\u00e9rimentale : \u00ab prise de quartier ... Read More","og_url":"https:\/\/www.altercampagne.net\/?p=5224","og_site_name":"AlterTour","article_published_time":"2014-06-02T07:39:57+00:00","article_modified_time":"2016-06-09T09:31:31+00:00","og_image":[{"url":"http:\/\/www.altercampagne.net\/wp-content\/uploads\/2016\/06\/vu_2014_affiche.jpg","type":"","width":"","height":""}],"author":"Mathieu","twitter_card":"summary_large_image","twitter_misc":{"\u00c9crit par":"Mathieu","Dur\u00e9e de lecture estim\u00e9e":"1 minute"},"schema":{"@context":"https:\/\/schema.org","@graph":[{"@type":"Article","@id":"https:\/\/www.altercampagne.net\/?p=5224#article","isPartOf":{"@id":"https:\/\/www.altercampagne.net\/?p=5224"},"author":{"name":"Mathieu","@id":"https:\/\/www.altercampagne.net\/#\/schema\/person\/0f261460c09e430caa0f9bcffa319109"},"headline":"5\u00e8me V\u00e9lorution Universelle \u00e0 Grenoble du 3 au 6 juillet 2014 !","datePublished":"2014-06-02T07:39:57+00:00","dateModified":"2016-06-09T09:31:31+00:00","mainEntityOfPage":{"@id":"https:\/\/www.altercampagne.net\/?p=5224"},"wordCount":173,"image":{"@id":"https:\/\/www.altercampagne.net\/?p=5224#primaryimage"},"thumbnailUrl":"http:\/\/www.altercampagne.net\/wp-content\/uploads\/2016\/06\/vu_2014_affiche.jpg","keywords":["v\u00e9lorution","masse critique","V\u00e9lorution Universelle","v\u00e9lorutionnaires","Grenoble","Rhone-Alpes","Is\u00e8re","Bifurk"],"inLanguage":"fr-FR"},{"@type":"WebPage","@id":"https:\/\/www.altercampagne.net\/?p=5224","url":"https:\/\/www.altercampagne.net\/?p=5224","name":"5\u00e8me V\u00e9lorution Universelle \u00e0 Grenoble du 3 au 6 juillet 2014 ! - AlterTour","isPartOf":{"@id":"https:\/\/www.altercampagne.net\/#website"},"primaryImageOfPage":{"@id":"https:\/\/www.altercampagne.net\/?p=5224#primaryimage"},"image":{"@id":"https:\/\/www.altercampagne.net\/?p=5224#primaryimage"},"thumbnailUrl":"http:\/\/www.altercampagne.net\/wp-content\/uploads\/2016\/06\/vu_2014_affiche.jpg","datePublished":"2014-06-02T07:39:57+00:00","dateModified":"2016-06-09T09:31:31+00:00","author":{"@id":"https:\/\/www.altercampagne.net\/#\/schema\/person\/0f261460c09e430caa0f9bcffa319109"},"breadcrumb":{"@id":"https:\/\/www.altercampagne.net\/?p=5224#breadcrumb"},"inLanguage":"fr-FR","potentialAction":[{"@type":"ReadAction","target":["https:\/\/www.altercampagne.net\/?p=5224"]}]},{"@type":"ImageObject","inLanguage":"fr-FR","@id":"https:\/\/www.altercampagne.net\/?p=5224#primaryimage","url":"https:\/\/www.altercampagne.net\/wp-content\/uploads\/2016\/06\/vu_2014_affiche.jpg","contentUrl":"https:\/\/www.altercampagne.net\/wp-content\/uploads\/2016\/06\/vu_2014_affiche.jpg","width":300,"height":424},{"@type":"BreadcrumbList","@id":"https:\/\/www.altercampagne.net\/?p=5224#breadcrumb","itemListElement":[{"@type":"ListItem","position":1,"name":"Accueil","item":"https:\/\/www.altercampagne.net\/"},{"@type":"ListItem","position":2,"name":"5\u00e8me V\u00e9lorution Universelle \u00e0 Grenoble du 3 au 6 juillet 2014 !"}]},{"@type":"WebSite","@id":"https:\/\/www.altercampagne.net\/#website","url":"https:\/\/www.altercampagne.net\/","name":"AlterTour","description":"Reliez les Alternatives \u00e0 v\u00e9lo","potentialAction":[{"@type":"SearchAction","target":{"@type":"EntryPoint","urlTemplate":"https:\/\/www.altercampagne.net\/?s={search_term_string}"},"query-input":{"@type":"PropertyValueSpecification","valueRequired":true,"valueName":"search_term_string"}}],"inLanguage":"fr-FR"},{"@type":"Person","@id":"https:\/\/www.altercampagne.net\/#\/schema\/person\/0f261460c09e430caa0f9bcffa319109","name":"Mathieu","image":{"@type":"ImageObject","inLanguage":"fr-FR","@id":"https:\/\/secure.gravatar.com\/avatar\/aa9d3d24c83f2141e5e2709d0f63d09a99f6be6bb7a50abc4915838d9f54501a?s=96&d=mm&r=g","url":"https:\/\/secure.gravatar.com\/avatar\/aa9d3d24c83f2141e5e2709d0f63d09a99f6be6bb7a50abc4915838d9f54501a?s=96&d=mm&r=g","contentUrl":"https:\/\/secure.gravatar.com\/avatar\/aa9d3d24c83f2141e5e2709d0f63d09a99f6be6bb7a50abc4915838d9f54501a?s=96&d=mm&r=g","caption":"Mathieu"},"url":"https:\/\/www.altercampagne.net\/?author=214"}]}},"_links":{"self":[{"href":"https:\/\/www.altercampagne.net\/index.php?rest_route=\/wp\/v2\/posts\/5224","targetHints":{"allow":["GET"]}}],"collection":[{"href":"https:\/\/www.altercampagne.net\/index.php?rest_route=\/wp\/v2\/posts"}],"about":[{"href":"https:\/\/www.altercampagne.net\/index.php?rest_route=\/wp\/v2\/types\/post"}],"author":[{"embeddable":true,"href":"https:\/\/www.altercampagne.net\/index.php?rest_route=\/wp\/v2\/users\/214"}],"replies":[{"embeddable":true,"href":"https:\/\/www.altercampagne.net\/index.php?rest_route=%2Fwp%2Fv2%2Fcomments&post=5224"}],"version-history":[{"count":0,"href":"https:\/\/www.altercampagne.net\/index.php?rest_route=\/wp\/v2\/posts\/5224\/revisions"}],"wp:attachment":[{"href":"https:\/\/www.altercampagne.net\/index.php?rest_route=%2Fwp%2Fv2%2Fmedia&parent=5224"}],"wp:term":[{"taxonomy":"category","embeddable":true,"href":"https:\/\/www.altercampagne.net\/index.php?rest_route=%2Fwp%2Fv2%2Fcategories&post=5224"},{"taxonomy":"post_tag","embeddable":true,"href":"https:\/\/www.altercampagne.net\/index.php?rest_route=%2Fwp%2Fv2%2Ftags&post=5224"}],"curies":[{"name":"wp","href":"https:\/\/api.w.org\/{rel}","templated":true}]}}