{"id":5234,"date":"2011-06-06T09:07:06","date_gmt":"2011-06-06T07:07:06","guid":{"rendered":"http:\/\/www.altercampagne.net\/?p=5234"},"modified":"2016-06-09T11:28:32","modified_gmt":"2016-06-09T09:28:32","slug":"2eme-velorution-universelle-a-paris-du-30-juin-au-3-juillet-2011","status":"publish","type":"post","link":"https:\/\/www.altercampagne.net\/?p=5234","title":{"rendered":"2\u00e8me V\u00e9lorution Universelle \u00e0 Paris du 30 juin au 3 juillet 2011 !"},"content":{"rendered":"<p><strong><a href=\"http:\/\/velorutionuniverselle.org\/spip.php?article65\" target=\"_blank\"><img loading=\"lazy\" decoding=\"async\" class=\"alignleft wp-image-5242 size-full\" src=\"http:\/\/www.altercampagne.net\/wp-content\/uploads\/2011\/06\/afficheSimple_couleur_A4bd.jpg\" alt=\"V\u00e9lorution Universelle 2011\" width=\"300\" height=\"422\" srcset=\"https:\/\/www.altercampagne.net\/wp-content\/uploads\/2011\/06\/afficheSimple_couleur_A4bd.jpg 300w, https:\/\/www.altercampagne.net\/wp-content\/uploads\/2011\/06\/afficheSimple_couleur_A4bd-213x300.jpg 213w\" sizes=\"auto, (max-width: 300px) 100vw, 300px\" \/><\/a>Jeudi 30 juin<\/strong> \/\/ entr\u00e9e froide<br \/>\n&#8211; Accueil des premiers arrivants \u00e9trangers et fran\u00e7ais<br \/>\nOuverture de festivit\u00e9s :<br \/>\n&#8211; 18h00 \u00e0 22h30 : rencontre des collectifs v\u00e9lorutionnaires autour d\u2019un ap\u00e9ro \/ pique-nique. Chacun apporte des bonnes choses \u00e0 manger et \u00e0 partager.<br \/>\n#Lieu : jardin Tino Rossi 75005 Paris<br \/>\n&#8211; 22h30 : Masse Critique nocturne lumineuse : sortez les lumi\u00e8res et tout ce qui brille !!<br \/>\n# D\u00e9part : jardin Tino Rossi 75005 Paris<\/p>\n<p><strong>Vendredi 1 juillet<\/strong> \/\/ entr\u00e9e chaude<br \/>\nGrande apr\u00e8s midi cyclo-festive avec la Commune Libre d\u2019Aligre :<br \/>\n&#8211; 14h00 &#8211; 20h00 : Projection de films : le v\u00e9lo dans tous \u00e9tats&#8230; (14h00 films pour les enfants). caf\u00e9 d\u2019Aligre, 3 Rue Aligre<br \/>\n75012 Paris<br \/>\n&#8211; 16h00 &#8211; 20h00 : Grand repas v\u00e9lorutionnaire, jeux, atelier v\u00e9lo, atelier d\u00e9co&#8230; sur Place d\u2019Aligre 75012 paris.<br \/>\n&#8211; 20h30 : D\u00e9part de la Masse critique<br \/>\n&#8211; 22h30 F\u00eate et concert surprise<\/p>\n<p><strong>Samedi 2 juillet<\/strong> \/\/ plat de r\u00e9sistance<br \/>\n&#8211; 14h00 : LA grosse masse critique. Paris est \u00e0 nous !!!<br \/>\nRassemblement \u00e0 partir de 14h00 pour un d\u00e9part \u00e0 16h00 maxi. G\u00e9rez vos ressources : pr\u00e9voir de quoi manger et boire pour avant, pendant et apr\u00e8s.<br \/>\n# Rdv : Place de la Bastille (manifestation d\u00e9clar\u00e9e, parcours pr\u00e9vu sous r\u00e9serve de modifications mineures : d\u00e9part place de la Bastille, rue Saint-Antoine, rue de Rivoli, bvd de S\u00e9bastopol, bvd de Bonne-Nouvelle, bvd Poissonni\u00e8re, bvd Haussman, av de Frieldland, place de l\u2019\u00c9toile, av des Champs-\u00c9lys\u00e9es, quai des Tuileries, quai Fran\u00e7ois Mitterrand, quai du Louvre, quai de la M\u00e9gisserie, quai de Gesvres, quai de l\u2019H\u00f4tel de Ville, quai Celestin, quai Henry IV, pont Morland, quai de la Rap\u00e9e, quai de Bercy, pont de Bercy, bvd Vincent Auriol, place d\u2019Italie, bvd Auguste Blanqui, bvd Saint-Jacques, place Denfert-Rochereau, av du G\u00e9n\u00e9ral Leclerc, place Victor et H\u00e9l\u00e8ne Basch, av du Maine, bvd du Montparnasse, rue de S\u00e8vres, bvd Garibaldi, bvd de Grenelle, av de la Motte-Picquet, place Joffre, Champ de Mars (arriv\u00e9e))<br \/>\n&#8211; 20h00 : F\u00eate g\u00e9n\u00e9ralis\u00e9e, concerts acoustiques improvis\u00e9s et petite bouffe. Autogestion culinaire et sonore.<br \/>\n# Lieu : surprise<\/p>\n<p><strong>Dimanche 3 juillet<\/strong> \/\/ dessert<br \/>\n&#8211; 12h00 : Place de la Nation, 75012 paris : d\u00e9part de la masse critique, on sort de paris ! Direction les bords de Marne.<br \/>\n&#8211; 14h30 : farniente, glandouille, baignade, d\u00e9bats, v\u00e9losophie, rencontres inter-atelier&#8230;<br \/>\n# Lieu : rive de la marne, pont de champ, 93460, Gournay sur Marne<br \/>\nPossibilit\u00e9 de venir et repartir en RER.<\/p>\n<p>Plus d&rsquo;infos sur : <a href=\"http:\/\/velorutionuniverselle.org\/spip.php?article65\" target=\"_blank\">http:\/\/velorutionuniverselle.org\/spip.php?article65<\/a><\/p>\n","protected":false},"excerpt":{"rendered":"<p>Jeudi 30 juin \/\/ entr\u00e9e froide &#8211; Accueil des premiers arrivants \u00e9trangers et fran\u00e7ais Ouverture de festivit\u00e9s : &#8211; 18h00 \u00e0 22h30 : rencontre des collectifs v\u00e9lorutionnaires autour d\u2019un ap\u00e9ro \/ pique-nique. Chacun apporte des bonnes choses \u00e0 manger et \u00e0 partager. #Lieu : jardin Tino Rossi 75005 Paris &#8211; &#8230; <\/p>\n<div><a href=\"https:\/\/www.altercampagne.net\/?p=5234\" class=\"more-link\">Read More<\/a><\/div>\n","protected":false},"author":214,"featured_media":0,"comment_status":"closed","ping_status":"closed","sticky":false,"template":"","format":"standard","meta":{"footnotes":""},"categories":[1],"tags":[102,333,1000,1003,1103,1490,2470],"class_list":["post-5234","post","type-post","status-publish","format-standard","hentry","category-non-classe","tag-velorution","tag-masse-critique","tag-velorution-universelle","tag-velorutionnaires","tag-lycee-autogere-de-paris","tag-ile-de-france","tag-aligre","no-post-thumbnail"],"yoast_head":"<!-- This site is optimized with the Yoast SEO plugin v27.3 - https:\/\/yoast.com\/product\/yoast-seo-wordpress\/ -->\n<title>2\u00e8me V\u00e9lorution Universelle \u00e0 Paris du 30 juin au 3 juillet 2011 ! - AlterTour<\/title>\n<meta name=\"robots\" content=\"index, follow, max-snippet:-1, max-image-preview:large, max-video-preview:-1\" \/>\n<link rel=\"canonical\" href=\"https:\/\/www.altercampagne.net\/?p=5234\" \/>\n<meta property=\"og:locale\" content=\"fr_FR\" \/>\n<meta property=\"og:type\" content=\"article\" \/>\n<meta property=\"og:title\" content=\"2\u00e8me V\u00e9lorution Universelle \u00e0 Paris du 30 juin au 3 juillet 2011 ! - AlterTour\" \/>\n<meta property=\"og:description\" content=\"Jeudi 30 juin \/\/ entr\u00e9e froide &#8211; Accueil des premiers arrivants \u00e9trangers et fran\u00e7ais Ouverture de festivit\u00e9s : &#8211; 18h00 \u00e0 22h30 : rencontre des collectifs v\u00e9lorutionnaires autour d\u2019un ap\u00e9ro \/ pique-nique. Chacun apporte des bonnes choses \u00e0 manger et \u00e0 partager. #Lieu : jardin Tino Rossi 75005 Paris &#8211; ... Read More\" \/>\n<meta property=\"og:url\" content=\"https:\/\/www.altercampagne.net\/?p=5234\" \/>\n<meta property=\"og:site_name\" content=\"AlterTour\" \/>\n<meta property=\"article:published_time\" content=\"2011-06-06T07:07:06+00:00\" \/>\n<meta property=\"article:modified_time\" content=\"2016-06-09T09:28:32+00:00\" \/>\n<meta property=\"og:image\" content=\"http:\/\/www.altercampagne.net\/wp-content\/uploads\/2011\/06\/afficheSimple_couleur_A4bd.jpg\" \/>\n<meta name=\"author\" content=\"Mathieu\" \/>\n<meta name=\"twitter:card\" content=\"summary_large_image\" \/>\n<meta name=\"twitter:label1\" content=\"\u00c9crit par\" \/>\n\t<meta name=\"twitter:data1\" content=\"Mathieu\" \/>\n\t<meta name=\"twitter:label2\" content=\"Dur\u00e9e de lecture estim\u00e9e\" \/>\n\t<meta name=\"twitter:data2\" content=\"2 minutes\" \/>\n<script type=\"application\/ld+json\" class=\"yoast-schema-graph\">{\"@context\":\"https:\\\/\\\/schema.org\",\"@graph\":[{\"@type\":\"Article\",\"@id\":\"https:\\\/\\\/www.altercampagne.net\\\/?p=5234#article\",\"isPartOf\":{\"@id\":\"https:\\\/\\\/www.altercampagne.net\\\/?p=5234\"},\"author\":{\"name\":\"Mathieu\",\"@id\":\"https:\\\/\\\/www.altercampagne.net\\\/#\\\/schema\\\/person\\\/0f261460c09e430caa0f9bcffa319109\"},\"headline\":\"2\u00e8me V\u00e9lorution Universelle \u00e0 Paris du 30 juin au 3 juillet 2011 !\",\"datePublished\":\"2011-06-06T07:07:06+00:00\",\"dateModified\":\"2016-06-09T09:28:32+00:00\",\"mainEntityOfPage\":{\"@id\":\"https:\\\/\\\/www.altercampagne.net\\\/?p=5234\"},\"wordCount\":425,\"image\":{\"@id\":\"https:\\\/\\\/www.altercampagne.net\\\/?p=5234#primaryimage\"},\"thumbnailUrl\":\"http:\\\/\\\/www.altercampagne.net\\\/wp-content\\\/uploads\\\/2011\\\/06\\\/afficheSimple_couleur_A4bd.jpg\",\"keywords\":[\"v\u00e9lorution\",\"masse critique\",\"V\u00e9lorution Universelle\",\"v\u00e9lorutionnaires\",\"lyc\u00e9e autog\u00e9r\u00e9 de paris\",\"ile-de-france\",\"Aligre\"],\"inLanguage\":\"fr-FR\"},{\"@type\":\"WebPage\",\"@id\":\"https:\\\/\\\/www.altercampagne.net\\\/?p=5234\",\"url\":\"https:\\\/\\\/www.altercampagne.net\\\/?p=5234\",\"name\":\"2\u00e8me V\u00e9lorution Universelle \u00e0 Paris du 30 juin au 3 juillet 2011 ! - AlterTour\",\"isPartOf\":{\"@id\":\"https:\\\/\\\/www.altercampagne.net\\\/#website\"},\"primaryImageOfPage\":{\"@id\":\"https:\\\/\\\/www.altercampagne.net\\\/?p=5234#primaryimage\"},\"image\":{\"@id\":\"https:\\\/\\\/www.altercampagne.net\\\/?p=5234#primaryimage\"},\"thumbnailUrl\":\"http:\\\/\\\/www.altercampagne.net\\\/wp-content\\\/uploads\\\/2011\\\/06\\\/afficheSimple_couleur_A4bd.jpg\",\"datePublished\":\"2011-06-06T07:07:06+00:00\",\"dateModified\":\"2016-06-09T09:28:32+00:00\",\"author\":{\"@id\":\"https:\\\/\\\/www.altercampagne.net\\\/#\\\/schema\\\/person\\\/0f261460c09e430caa0f9bcffa319109\"},\"breadcrumb\":{\"@id\":\"https:\\\/\\\/www.altercampagne.net\\\/?p=5234#breadcrumb\"},\"inLanguage\":\"fr-FR\",\"potentialAction\":[{\"@type\":\"ReadAction\",\"target\":[\"https:\\\/\\\/www.altercampagne.net\\\/?p=5234\"]}]},{\"@type\":\"ImageObject\",\"inLanguage\":\"fr-FR\",\"@id\":\"https:\\\/\\\/www.altercampagne.net\\\/?p=5234#primaryimage\",\"url\":\"https:\\\/\\\/www.altercampagne.net\\\/wp-content\\\/uploads\\\/2011\\\/06\\\/afficheSimple_couleur_A4bd.jpg\",\"contentUrl\":\"https:\\\/\\\/www.altercampagne.net\\\/wp-content\\\/uploads\\\/2011\\\/06\\\/afficheSimple_couleur_A4bd.jpg\",\"width\":300,\"height\":422},{\"@type\":\"BreadcrumbList\",\"@id\":\"https:\\\/\\\/www.altercampagne.net\\\/?p=5234#breadcrumb\",\"itemListElement\":[{\"@type\":\"ListItem\",\"position\":1,\"name\":\"Accueil\",\"item\":\"https:\\\/\\\/www.altercampagne.net\\\/\"},{\"@type\":\"ListItem\",\"position\":2,\"name\":\"2\u00e8me V\u00e9lorution Universelle \u00e0 Paris du 30 juin au 3 juillet 2011 !\"}]},{\"@type\":\"WebSite\",\"@id\":\"https:\\\/\\\/www.altercampagne.net\\\/#website\",\"url\":\"https:\\\/\\\/www.altercampagne.net\\\/\",\"name\":\"AlterTour\",\"description\":\"Reliez les Alternatives \u00e0 v\u00e9lo\",\"potentialAction\":[{\"@type\":\"SearchAction\",\"target\":{\"@type\":\"EntryPoint\",\"urlTemplate\":\"https:\\\/\\\/www.altercampagne.net\\\/?s={search_term_string}\"},\"query-input\":{\"@type\":\"PropertyValueSpecification\",\"valueRequired\":true,\"valueName\":\"search_term_string\"}}],\"inLanguage\":\"fr-FR\"},{\"@type\":\"Person\",\"@id\":\"https:\\\/\\\/www.altercampagne.net\\\/#\\\/schema\\\/person\\\/0f261460c09e430caa0f9bcffa319109\",\"name\":\"Mathieu\",\"image\":{\"@type\":\"ImageObject\",\"inLanguage\":\"fr-FR\",\"@id\":\"https:\\\/\\\/secure.gravatar.com\\\/avatar\\\/aa9d3d24c83f2141e5e2709d0f63d09a99f6be6bb7a50abc4915838d9f54501a?s=96&d=mm&r=g\",\"url\":\"https:\\\/\\\/secure.gravatar.com\\\/avatar\\\/aa9d3d24c83f2141e5e2709d0f63d09a99f6be6bb7a50abc4915838d9f54501a?s=96&d=mm&r=g\",\"contentUrl\":\"https:\\\/\\\/secure.gravatar.com\\\/avatar\\\/aa9d3d24c83f2141e5e2709d0f63d09a99f6be6bb7a50abc4915838d9f54501a?s=96&d=mm&r=g\",\"caption\":\"Mathieu\"},\"url\":\"https:\\\/\\\/www.altercampagne.net\\\/?author=214\"}]}<\/script>\n<!-- \/ Yoast SEO plugin. -->","yoast_head_json":{"title":"2\u00e8me V\u00e9lorution Universelle \u00e0 Paris du 30 juin au 3 juillet 2011 ! - AlterTour","robots":{"index":"index","follow":"follow","max-snippet":"max-snippet:-1","max-image-preview":"max-image-preview:large","max-video-preview":"max-video-preview:-1"},"canonical":"https:\/\/www.altercampagne.net\/?p=5234","og_locale":"fr_FR","og_type":"article","og_title":"2\u00e8me V\u00e9lorution Universelle \u00e0 Paris du 30 juin au 3 juillet 2011 ! - AlterTour","og_description":"Jeudi 30 juin \/\/ entr\u00e9e froide &#8211; Accueil des premiers arrivants \u00e9trangers et fran\u00e7ais Ouverture de festivit\u00e9s : &#8211; 18h00 \u00e0 22h30 : rencontre des collectifs v\u00e9lorutionnaires autour d\u2019un ap\u00e9ro \/ pique-nique. Chacun apporte des bonnes choses \u00e0 manger et \u00e0 partager. #Lieu : jardin Tino Rossi 75005 Paris &#8211; ... Read More","og_url":"https:\/\/www.altercampagne.net\/?p=5234","og_site_name":"AlterTour","article_published_time":"2011-06-06T07:07:06+00:00","article_modified_time":"2016-06-09T09:28:32+00:00","og_image":[{"url":"http:\/\/www.altercampagne.net\/wp-content\/uploads\/2011\/06\/afficheSimple_couleur_A4bd.jpg","type":"","width":"","height":""}],"author":"Mathieu","twitter_card":"summary_large_image","twitter_misc":{"\u00c9crit par":"Mathieu","Dur\u00e9e de lecture estim\u00e9e":"2 minutes"},"schema":{"@context":"https:\/\/schema.org","@graph":[{"@type":"Article","@id":"https:\/\/www.altercampagne.net\/?p=5234#article","isPartOf":{"@id":"https:\/\/www.altercampagne.net\/?p=5234"},"author":{"name":"Mathieu","@id":"https:\/\/www.altercampagne.net\/#\/schema\/person\/0f261460c09e430caa0f9bcffa319109"},"headline":"2\u00e8me V\u00e9lorution Universelle \u00e0 Paris du 30 juin au 3 juillet 2011 !","datePublished":"2011-06-06T07:07:06+00:00","dateModified":"2016-06-09T09:28:32+00:00","mainEntityOfPage":{"@id":"https:\/\/www.altercampagne.net\/?p=5234"},"wordCount":425,"image":{"@id":"https:\/\/www.altercampagne.net\/?p=5234#primaryimage"},"thumbnailUrl":"http:\/\/www.altercampagne.net\/wp-content\/uploads\/2011\/06\/afficheSimple_couleur_A4bd.jpg","keywords":["v\u00e9lorution","masse critique","V\u00e9lorution Universelle","v\u00e9lorutionnaires","lyc\u00e9e autog\u00e9r\u00e9 de paris","ile-de-france","Aligre"],"inLanguage":"fr-FR"},{"@type":"WebPage","@id":"https:\/\/www.altercampagne.net\/?p=5234","url":"https:\/\/www.altercampagne.net\/?p=5234","name":"2\u00e8me V\u00e9lorution Universelle \u00e0 Paris du 30 juin au 3 juillet 2011 ! - AlterTour","isPartOf":{"@id":"https:\/\/www.altercampagne.net\/#website"},"primaryImageOfPage":{"@id":"https:\/\/www.altercampagne.net\/?p=5234#primaryimage"},"image":{"@id":"https:\/\/www.altercampagne.net\/?p=5234#primaryimage"},"thumbnailUrl":"http:\/\/www.altercampagne.net\/wp-content\/uploads\/2011\/06\/afficheSimple_couleur_A4bd.jpg","datePublished":"2011-06-06T07:07:06+00:00","dateModified":"2016-06-09T09:28:32+00:00","author":{"@id":"https:\/\/www.altercampagne.net\/#\/schema\/person\/0f261460c09e430caa0f9bcffa319109"},"breadcrumb":{"@id":"https:\/\/www.altercampagne.net\/?p=5234#breadcrumb"},"inLanguage":"fr-FR","potentialAction":[{"@type":"ReadAction","target":["https:\/\/www.altercampagne.net\/?p=5234"]}]},{"@type":"ImageObject","inLanguage":"fr-FR","@id":"https:\/\/www.altercampagne.net\/?p=5234#primaryimage","url":"https:\/\/www.altercampagne.net\/wp-content\/uploads\/2011\/06\/afficheSimple_couleur_A4bd.jpg","contentUrl":"https:\/\/www.altercampagne.net\/wp-content\/uploads\/2011\/06\/afficheSimple_couleur_A4bd.jpg","width":300,"height":422},{"@type":"BreadcrumbList","@id":"https:\/\/www.altercampagne.net\/?p=5234#breadcrumb","itemListElement":[{"@type":"ListItem","position":1,"name":"Accueil","item":"https:\/\/www.altercampagne.net\/"},{"@type":"ListItem","position":2,"name":"2\u00e8me V\u00e9lorution Universelle \u00e0 Paris du 30 juin au 3 juillet 2011 !"}]},{"@type":"WebSite","@id":"https:\/\/www.altercampagne.net\/#website","url":"https:\/\/www.altercampagne.net\/","name":"AlterTour","description":"Reliez les Alternatives \u00e0 v\u00e9lo","potentialAction":[{"@type":"SearchAction","target":{"@type":"EntryPoint","urlTemplate":"https:\/\/www.altercampagne.net\/?s={search_term_string}"},"query-input":{"@type":"PropertyValueSpecification","valueRequired":true,"valueName":"search_term_string"}}],"inLanguage":"fr-FR"},{"@type":"Person","@id":"https:\/\/www.altercampagne.net\/#\/schema\/person\/0f261460c09e430caa0f9bcffa319109","name":"Mathieu","image":{"@type":"ImageObject","inLanguage":"fr-FR","@id":"https:\/\/secure.gravatar.com\/avatar\/aa9d3d24c83f2141e5e2709d0f63d09a99f6be6bb7a50abc4915838d9f54501a?s=96&d=mm&r=g","url":"https:\/\/secure.gravatar.com\/avatar\/aa9d3d24c83f2141e5e2709d0f63d09a99f6be6bb7a50abc4915838d9f54501a?s=96&d=mm&r=g","contentUrl":"https:\/\/secure.gravatar.com\/avatar\/aa9d3d24c83f2141e5e2709d0f63d09a99f6be6bb7a50abc4915838d9f54501a?s=96&d=mm&r=g","caption":"Mathieu"},"url":"https:\/\/www.altercampagne.net\/?author=214"}]}},"_links":{"self":[{"href":"https:\/\/www.altercampagne.net\/index.php?rest_route=\/wp\/v2\/posts\/5234","targetHints":{"allow":["GET"]}}],"collection":[{"href":"https:\/\/www.altercampagne.net\/index.php?rest_route=\/wp\/v2\/posts"}],"about":[{"href":"https:\/\/www.altercampagne.net\/index.php?rest_route=\/wp\/v2\/types\/post"}],"author":[{"embeddable":true,"href":"https:\/\/www.altercampagne.net\/index.php?rest_route=\/wp\/v2\/users\/214"}],"replies":[{"embeddable":true,"href":"https:\/\/www.altercampagne.net\/index.php?rest_route=%2Fwp%2Fv2%2Fcomments&post=5234"}],"version-history":[{"count":0,"href":"https:\/\/www.altercampagne.net\/index.php?rest_route=\/wp\/v2\/posts\/5234\/revisions"}],"wp:attachment":[{"href":"https:\/\/www.altercampagne.net\/index.php?rest_route=%2Fwp%2Fv2%2Fmedia&parent=5234"}],"wp:term":[{"taxonomy":"category","embeddable":true,"href":"https:\/\/www.altercampagne.net\/index.php?rest_route=%2Fwp%2Fv2%2Fcategories&post=5234"},{"taxonomy":"post_tag","embeddable":true,"href":"https:\/\/www.altercampagne.net\/index.php?rest_route=%2Fwp%2Fv2%2Ftags&post=5234"}],"curies":[{"name":"wp","href":"https:\/\/api.w.org\/{rel}","templated":true}]}}