{"id":5240,"date":"2010-06-07T09:16:04","date_gmt":"2010-06-07T07:16:04","guid":{"rendered":"http:\/\/www.altercampagne.net\/?p=5240"},"modified":"2020-03-06T11:33:35","modified_gmt":"2020-03-06T10:33:35","slug":"1ere-velorution-universelle-a-paris-du-1er-au-4-juillet-2010","status":"publish","type":"post","link":"https:\/\/www.altercampagne.net\/?p=5240","title":{"rendered":"1\u00e8re V\u00e9lorution Universelle \u00e0 Paris du 1er au 4 juillet 2010 !"},"content":{"rendered":"<p><strong><a href=\"http:\/\/velorutionuniverselle.org\/spip.php?article60\" target=\"_blank\" rel=\"noopener noreferrer\"><img loading=\"lazy\" decoding=\"async\" class=\"alignleft wp-image-5244 size-full\" src=\"http:\/\/www.altercampagne.net\/wp-content\/uploads\/2016\/06\/velorution-universelle-2010.jpg\" alt=\"V\u00e9lorution Universelle 2010\" width=\"300\" height=\"424\" srcset=\"https:\/\/www.altercampagne.net\/wp-content\/uploads\/2016\/06\/velorution-universelle-2010.jpg 300w, https:\/\/www.altercampagne.net\/wp-content\/uploads\/2016\/06\/velorution-universelle-2010-212x300.jpg 212w\" sizes=\"auto, (max-width: 300px) 100vw, 300px\" \/><\/a>Jeudi 1 juillet<\/strong> \/\/ entr\u00e9e froide<br \/>\n&#8211; Accueil des premiers arrivants \u00e9trangers et fran\u00e7ais<br \/>\n&#8211; 18h00 \u00e0 22h30 : Pique-nique \/ ap\u00e9ro collectif. Les cyclistes parisiens sont invit\u00e9s \u00e0 faire preuve de leurs talents culinaires et \u00e0 faire honneur \u00e0 la r\u00e9putation de la cuisine fran\u00e7aise en pr\u00e9parant salades et autres mets \u00e0 partager avec les nombreux \u00e9trangers qui seront d\u00e9j\u00e0 l\u00e0.<br \/>\n# Lieu : jardin Tino Rossi 75005 Paris<br \/>\n&#8211; 22h30 : Masse critique nocturne lumineuse : sortez les lumi\u00e8res et tout ce qui brille !!<br \/>\n# D\u00e9part : jardin Tino Rossi 75005 Paris<\/p>\n<p><strong>Vendredi 2 juillet<\/strong> \/\/ entr\u00e9e chaude<br \/>\n&#8211; 14h00 \u00e0 19h00 : Jeux, cyclofolies, bronzage au soleil, atelier v\u00e9lo<br \/>\n# Lieu : esplanade des Invalides 75007 Paris<br \/>\n&#8211; 14h00 \u00e0 20h30 : Projections de films sur le v\u00e9lo (<a href=\"http:\/\/velorutionuniverselle.org\/articles\/IMG\/gif\/festivalFilmVU.gif\" target=\"_blank\" rel=\"noopener noreferrer\">voir programme<\/a>)<br \/>\n# Lieu : le 107, 107 rue du Chemin Vert 75011 Paris<br \/>\n&#8211; 20h30 : Double masse critique : # d\u00e9parts 107 rue du Chemin Vert &amp; Invalides, pour se rejoindre \u00e0 l\u2019arriv\u00e9e Interf\u00e9rence Culturelle 14 avenue Bourgain 92130 Issy-les-Moulineaux<br \/>\n&#8211; 20h30 : Alleycat \/ Course d\u2019orientation # d\u00e9part 107 rue du Chemin Vert ; arriv\u00e9e Interf\u00e9rence Culturelle 14 avenue Bourgain 92130 Issy-les-Moulineaux<br \/>\n&#8211; 22h00 : F\u00eate&#8230; # Lieu : Interf\u00e9rence Culturelle 14 avenue Bourgain 92130 Issy-les-Moulineaux<\/p>\n<p><strong>Samedi 3 juillet<\/strong> \/\/ plat de r\u00e9sistance<br \/>\n&#8211; 14h00 : LA grosse masse critique Paris est \u00e0 nous !!! : rassemblement \u00e0 partir de 14h00 pour un d\u00e9part \u00e0 16h maximum ; G\u00e9rez vos ressources : pr\u00e9voir de quoi manger et boire pour avant, pendant et apr\u00e8s ;<br \/>\n# Rdv : parvis de l\u2019H\u00f4tel de Ville (manifestation d\u00e9clar\u00e9e, voir le parcours en bas de la page)<br \/>\n&#8211; 20h00 : F\u00eate g\u00e9n\u00e9ralis\u00e9e, concerts acoustiques improvis\u00e9s : ramenez vos cordes, vos cuivres et vos peaux tendues.<br \/>\n# Lieu : surprise<\/p>\n<p><strong>Dimanche 4 juillet<\/strong> \/\/ dessert<br \/>\n&#8211; 12h00 : Petit d\u00e9jeuner collectif : Apportez votre baguette et de la confiture !<br \/>\n# Lieu : jardin Serge Gainsbourg, porte des Lilas 75020 Paris<br \/>\n&#8211; 14h00 : masse critique.<br \/>\n# D\u00e9part : jardin Serge Gainsbourg, porte des Lilas 75020 Paris<br \/>\n&#8211; 15h00 : Farniente, d\u00e9bats, v\u00e9losophie, rencontres inter-atelier : le v\u00e9lo dans tous ses \u00e9tats<br \/>\n# Lieu : bois de Vincennes 75012 Paris, autour du lac<br \/>\n&#8211; 18h00 : masse critique.<br \/>\n# D\u00e9part : bois de Vincennes 75012 Paris ; arriv\u00e9e : Minist\u00e8re de la r\u00e9gularisation des sans papiers, 14 rue Baudelique 75018 Paris<br \/>\n&#8211; 19h30 : animations au Minist\u00e8re : projection du film sur la \u00ab\u00a0marche Paris-Nice\u00a0\u00bb puis f\u00eate sur place.<br \/>\n&#8211; 00h00 : fin de l\u2019\u00e9v\u00e8nement<\/p>\n<p>Plus d&rsquo;infos sur : <a href=\"http:\/\/velorutionuniverselle.org\/spip.php?article60\" target=\"_blank\" rel=\"noopener noreferrer\">http:\/\/velorutionuniverselle.org\/spip.php?article60<\/a><\/p>\n","protected":false},"excerpt":{"rendered":"<p>Jeudi 1 juillet \/\/ entr\u00e9e froide &#8211; Accueil des premiers arrivants \u00e9trangers et fran\u00e7ais &#8211; 18h00 \u00e0 22h30 : Pique-nique \/ ap\u00e9ro collectif. Les cyclistes parisiens sont invit\u00e9s \u00e0 faire preuve de leurs talents culinaires et \u00e0 faire honneur \u00e0 la r\u00e9putation de la cuisine fran\u00e7aise en pr\u00e9parant salades et &#8230; <\/p>\n<div><a href=\"https:\/\/www.altercampagne.net\/?p=5240\" class=\"more-link\">Read More<\/a><\/div>\n","protected":false},"author":214,"featured_media":17618,"comment_status":"closed","ping_status":"closed","sticky":false,"template":"","format":"standard","meta":{"footnotes":""},"categories":[3477,3932,3493],"tags":[68,102,333,1000,1003,1490],"class_list":["post-5240","post","type-post","status-publish","format-standard","has-post-thumbnail","hentry","category-ile-de-france","category-velo","category-edition-2010","tag-paris","tag-velorution","tag-masse-critique","tag-velorution-universelle","tag-velorutionnaires","tag-ile-de-france"],"yoast_head":"<!-- This site is optimized with the Yoast SEO plugin v27.3 - https:\/\/yoast.com\/product\/yoast-seo-wordpress\/ -->\n<title>1\u00e8re V\u00e9lorution Universelle \u00e0 Paris du 1er au 4 juillet 2010 ! - AlterTour<\/title>\n<meta name=\"robots\" content=\"index, follow, max-snippet:-1, max-image-preview:large, max-video-preview:-1\" \/>\n<link rel=\"canonical\" href=\"https:\/\/www.altercampagne.net\/?p=5240\" \/>\n<meta property=\"og:locale\" content=\"fr_FR\" \/>\n<meta property=\"og:type\" content=\"article\" \/>\n<meta property=\"og:title\" content=\"1\u00e8re V\u00e9lorution Universelle \u00e0 Paris du 1er au 4 juillet 2010 ! - AlterTour\" \/>\n<meta property=\"og:description\" content=\"Jeudi 1 juillet \/\/ entr\u00e9e froide &#8211; Accueil des premiers arrivants \u00e9trangers et fran\u00e7ais &#8211; 18h00 \u00e0 22h30 : Pique-nique \/ ap\u00e9ro collectif. Les cyclistes parisiens sont invit\u00e9s \u00e0 faire preuve de leurs talents culinaires et \u00e0 faire honneur \u00e0 la r\u00e9putation de la cuisine fran\u00e7aise en pr\u00e9parant salades et ... Read More\" \/>\n<meta property=\"og:url\" content=\"https:\/\/www.altercampagne.net\/?p=5240\" \/>\n<meta property=\"og:site_name\" content=\"AlterTour\" \/>\n<meta property=\"article:published_time\" content=\"2010-06-07T07:16:04+00:00\" \/>\n<meta property=\"article:modified_time\" content=\"2020-03-06T10:33:35+00:00\" \/>\n<meta property=\"og:image\" content=\"https:\/\/www.altercampagne.net\/wp-content\/uploads\/2010\/06\/VU-2010.jpg\" \/>\n\t<meta property=\"og:image:width\" content=\"300\" \/>\n\t<meta property=\"og:image:height\" content=\"156\" \/>\n\t<meta property=\"og:image:type\" content=\"image\/jpeg\" \/>\n<meta name=\"author\" content=\"Mathieu\" \/>\n<meta name=\"twitter:card\" content=\"summary_large_image\" \/>\n<meta name=\"twitter:label1\" content=\"\u00c9crit par\" \/>\n\t<meta name=\"twitter:data1\" content=\"Mathieu\" \/>\n\t<meta name=\"twitter:label2\" content=\"Dur\u00e9e de lecture estim\u00e9e\" \/>\n\t<meta name=\"twitter:data2\" content=\"2 minutes\" \/>\n<script type=\"application\/ld+json\" class=\"yoast-schema-graph\">{\"@context\":\"https:\\\/\\\/schema.org\",\"@graph\":[{\"@type\":\"Article\",\"@id\":\"https:\\\/\\\/www.altercampagne.net\\\/?p=5240#article\",\"isPartOf\":{\"@id\":\"https:\\\/\\\/www.altercampagne.net\\\/?p=5240\"},\"author\":{\"name\":\"Mathieu\",\"@id\":\"https:\\\/\\\/www.altercampagne.net\\\/#\\\/schema\\\/person\\\/0f261460c09e430caa0f9bcffa319109\"},\"headline\":\"1\u00e8re V\u00e9lorution Universelle \u00e0 Paris du 1er au 4 juillet 2010 !\",\"datePublished\":\"2010-06-07T07:16:04+00:00\",\"dateModified\":\"2020-03-06T10:33:35+00:00\",\"mainEntityOfPage\":{\"@id\":\"https:\\\/\\\/www.altercampagne.net\\\/?p=5240\"},\"wordCount\":397,\"image\":{\"@id\":\"https:\\\/\\\/www.altercampagne.net\\\/?p=5240#primaryimage\"},\"thumbnailUrl\":\"https:\\\/\\\/www.altercampagne.net\\\/wp-content\\\/uploads\\\/2010\\\/06\\\/VU-2010.jpg\",\"keywords\":[\"paris\",\"v\u00e9lorution\",\"masse critique\",\"V\u00e9lorution Universelle\",\"v\u00e9lorutionnaires\",\"ile-de-france\"],\"articleSection\":[\"\u00cele-de-France\",\"V\u00e9lo\",\"Edition 2010\"],\"inLanguage\":\"fr-FR\"},{\"@type\":\"WebPage\",\"@id\":\"https:\\\/\\\/www.altercampagne.net\\\/?p=5240\",\"url\":\"https:\\\/\\\/www.altercampagne.net\\\/?p=5240\",\"name\":\"1\u00e8re V\u00e9lorution Universelle \u00e0 Paris du 1er au 4 juillet 2010 ! - AlterTour\",\"isPartOf\":{\"@id\":\"https:\\\/\\\/www.altercampagne.net\\\/#website\"},\"primaryImageOfPage\":{\"@id\":\"https:\\\/\\\/www.altercampagne.net\\\/?p=5240#primaryimage\"},\"image\":{\"@id\":\"https:\\\/\\\/www.altercampagne.net\\\/?p=5240#primaryimage\"},\"thumbnailUrl\":\"https:\\\/\\\/www.altercampagne.net\\\/wp-content\\\/uploads\\\/2010\\\/06\\\/VU-2010.jpg\",\"datePublished\":\"2010-06-07T07:16:04+00:00\",\"dateModified\":\"2020-03-06T10:33:35+00:00\",\"author\":{\"@id\":\"https:\\\/\\\/www.altercampagne.net\\\/#\\\/schema\\\/person\\\/0f261460c09e430caa0f9bcffa319109\"},\"breadcrumb\":{\"@id\":\"https:\\\/\\\/www.altercampagne.net\\\/?p=5240#breadcrumb\"},\"inLanguage\":\"fr-FR\",\"potentialAction\":[{\"@type\":\"ReadAction\",\"target\":[\"https:\\\/\\\/www.altercampagne.net\\\/?p=5240\"]}]},{\"@type\":\"ImageObject\",\"inLanguage\":\"fr-FR\",\"@id\":\"https:\\\/\\\/www.altercampagne.net\\\/?p=5240#primaryimage\",\"url\":\"https:\\\/\\\/www.altercampagne.net\\\/wp-content\\\/uploads\\\/2010\\\/06\\\/VU-2010.jpg\",\"contentUrl\":\"https:\\\/\\\/www.altercampagne.net\\\/wp-content\\\/uploads\\\/2010\\\/06\\\/VU-2010.jpg\",\"width\":300,\"height\":156},{\"@type\":\"BreadcrumbList\",\"@id\":\"https:\\\/\\\/www.altercampagne.net\\\/?p=5240#breadcrumb\",\"itemListElement\":[{\"@type\":\"ListItem\",\"position\":1,\"name\":\"Accueil\",\"item\":\"https:\\\/\\\/www.altercampagne.net\\\/\"},{\"@type\":\"ListItem\",\"position\":2,\"name\":\"1\u00e8re V\u00e9lorution Universelle \u00e0 Paris du 1er au 4 juillet 2010 !\"}]},{\"@type\":\"WebSite\",\"@id\":\"https:\\\/\\\/www.altercampagne.net\\\/#website\",\"url\":\"https:\\\/\\\/www.altercampagne.net\\\/\",\"name\":\"AlterTour\",\"description\":\"Reliez les Alternatives \u00e0 v\u00e9lo\",\"potentialAction\":[{\"@type\":\"SearchAction\",\"target\":{\"@type\":\"EntryPoint\",\"urlTemplate\":\"https:\\\/\\\/www.altercampagne.net\\\/?s={search_term_string}\"},\"query-input\":{\"@type\":\"PropertyValueSpecification\",\"valueRequired\":true,\"valueName\":\"search_term_string\"}}],\"inLanguage\":\"fr-FR\"},{\"@type\":\"Person\",\"@id\":\"https:\\\/\\\/www.altercampagne.net\\\/#\\\/schema\\\/person\\\/0f261460c09e430caa0f9bcffa319109\",\"name\":\"Mathieu\",\"image\":{\"@type\":\"ImageObject\",\"inLanguage\":\"fr-FR\",\"@id\":\"https:\\\/\\\/secure.gravatar.com\\\/avatar\\\/aa9d3d24c83f2141e5e2709d0f63d09a99f6be6bb7a50abc4915838d9f54501a?s=96&d=mm&r=g\",\"url\":\"https:\\\/\\\/secure.gravatar.com\\\/avatar\\\/aa9d3d24c83f2141e5e2709d0f63d09a99f6be6bb7a50abc4915838d9f54501a?s=96&d=mm&r=g\",\"contentUrl\":\"https:\\\/\\\/secure.gravatar.com\\\/avatar\\\/aa9d3d24c83f2141e5e2709d0f63d09a99f6be6bb7a50abc4915838d9f54501a?s=96&d=mm&r=g\",\"caption\":\"Mathieu\"},\"url\":\"https:\\\/\\\/www.altercampagne.net\\\/?author=214\"}]}<\/script>\n<!-- \/ Yoast SEO plugin. -->","yoast_head_json":{"title":"1\u00e8re V\u00e9lorution Universelle \u00e0 Paris du 1er au 4 juillet 2010 ! - AlterTour","robots":{"index":"index","follow":"follow","max-snippet":"max-snippet:-1","max-image-preview":"max-image-preview:large","max-video-preview":"max-video-preview:-1"},"canonical":"https:\/\/www.altercampagne.net\/?p=5240","og_locale":"fr_FR","og_type":"article","og_title":"1\u00e8re V\u00e9lorution Universelle \u00e0 Paris du 1er au 4 juillet 2010 ! - AlterTour","og_description":"Jeudi 1 juillet \/\/ entr\u00e9e froide &#8211; Accueil des premiers arrivants \u00e9trangers et fran\u00e7ais &#8211; 18h00 \u00e0 22h30 : Pique-nique \/ ap\u00e9ro collectif. Les cyclistes parisiens sont invit\u00e9s \u00e0 faire preuve de leurs talents culinaires et \u00e0 faire honneur \u00e0 la r\u00e9putation de la cuisine fran\u00e7aise en pr\u00e9parant salades et ... Read More","og_url":"https:\/\/www.altercampagne.net\/?p=5240","og_site_name":"AlterTour","article_published_time":"2010-06-07T07:16:04+00:00","article_modified_time":"2020-03-06T10:33:35+00:00","og_image":[{"width":300,"height":156,"url":"https:\/\/www.altercampagne.net\/wp-content\/uploads\/2010\/06\/VU-2010.jpg","type":"image\/jpeg"}],"author":"Mathieu","twitter_card":"summary_large_image","twitter_misc":{"\u00c9crit par":"Mathieu","Dur\u00e9e de lecture estim\u00e9e":"2 minutes"},"schema":{"@context":"https:\/\/schema.org","@graph":[{"@type":"Article","@id":"https:\/\/www.altercampagne.net\/?p=5240#article","isPartOf":{"@id":"https:\/\/www.altercampagne.net\/?p=5240"},"author":{"name":"Mathieu","@id":"https:\/\/www.altercampagne.net\/#\/schema\/person\/0f261460c09e430caa0f9bcffa319109"},"headline":"1\u00e8re V\u00e9lorution Universelle \u00e0 Paris du 1er au 4 juillet 2010 !","datePublished":"2010-06-07T07:16:04+00:00","dateModified":"2020-03-06T10:33:35+00:00","mainEntityOfPage":{"@id":"https:\/\/www.altercampagne.net\/?p=5240"},"wordCount":397,"image":{"@id":"https:\/\/www.altercampagne.net\/?p=5240#primaryimage"},"thumbnailUrl":"https:\/\/www.altercampagne.net\/wp-content\/uploads\/2010\/06\/VU-2010.jpg","keywords":["paris","v\u00e9lorution","masse critique","V\u00e9lorution Universelle","v\u00e9lorutionnaires","ile-de-france"],"articleSection":["\u00cele-de-France","V\u00e9lo","Edition 2010"],"inLanguage":"fr-FR"},{"@type":"WebPage","@id":"https:\/\/www.altercampagne.net\/?p=5240","url":"https:\/\/www.altercampagne.net\/?p=5240","name":"1\u00e8re V\u00e9lorution Universelle \u00e0 Paris du 1er au 4 juillet 2010 ! - AlterTour","isPartOf":{"@id":"https:\/\/www.altercampagne.net\/#website"},"primaryImageOfPage":{"@id":"https:\/\/www.altercampagne.net\/?p=5240#primaryimage"},"image":{"@id":"https:\/\/www.altercampagne.net\/?p=5240#primaryimage"},"thumbnailUrl":"https:\/\/www.altercampagne.net\/wp-content\/uploads\/2010\/06\/VU-2010.jpg","datePublished":"2010-06-07T07:16:04+00:00","dateModified":"2020-03-06T10:33:35+00:00","author":{"@id":"https:\/\/www.altercampagne.net\/#\/schema\/person\/0f261460c09e430caa0f9bcffa319109"},"breadcrumb":{"@id":"https:\/\/www.altercampagne.net\/?p=5240#breadcrumb"},"inLanguage":"fr-FR","potentialAction":[{"@type":"ReadAction","target":["https:\/\/www.altercampagne.net\/?p=5240"]}]},{"@type":"ImageObject","inLanguage":"fr-FR","@id":"https:\/\/www.altercampagne.net\/?p=5240#primaryimage","url":"https:\/\/www.altercampagne.net\/wp-content\/uploads\/2010\/06\/VU-2010.jpg","contentUrl":"https:\/\/www.altercampagne.net\/wp-content\/uploads\/2010\/06\/VU-2010.jpg","width":300,"height":156},{"@type":"BreadcrumbList","@id":"https:\/\/www.altercampagne.net\/?p=5240#breadcrumb","itemListElement":[{"@type":"ListItem","position":1,"name":"Accueil","item":"https:\/\/www.altercampagne.net\/"},{"@type":"ListItem","position":2,"name":"1\u00e8re V\u00e9lorution Universelle \u00e0 Paris du 1er au 4 juillet 2010 !"}]},{"@type":"WebSite","@id":"https:\/\/www.altercampagne.net\/#website","url":"https:\/\/www.altercampagne.net\/","name":"AlterTour","description":"Reliez les Alternatives \u00e0 v\u00e9lo","potentialAction":[{"@type":"SearchAction","target":{"@type":"EntryPoint","urlTemplate":"https:\/\/www.altercampagne.net\/?s={search_term_string}"},"query-input":{"@type":"PropertyValueSpecification","valueRequired":true,"valueName":"search_term_string"}}],"inLanguage":"fr-FR"},{"@type":"Person","@id":"https:\/\/www.altercampagne.net\/#\/schema\/person\/0f261460c09e430caa0f9bcffa319109","name":"Mathieu","image":{"@type":"ImageObject","inLanguage":"fr-FR","@id":"https:\/\/secure.gravatar.com\/avatar\/aa9d3d24c83f2141e5e2709d0f63d09a99f6be6bb7a50abc4915838d9f54501a?s=96&d=mm&r=g","url":"https:\/\/secure.gravatar.com\/avatar\/aa9d3d24c83f2141e5e2709d0f63d09a99f6be6bb7a50abc4915838d9f54501a?s=96&d=mm&r=g","contentUrl":"https:\/\/secure.gravatar.com\/avatar\/aa9d3d24c83f2141e5e2709d0f63d09a99f6be6bb7a50abc4915838d9f54501a?s=96&d=mm&r=g","caption":"Mathieu"},"url":"https:\/\/www.altercampagne.net\/?author=214"}]}},"_links":{"self":[{"href":"https:\/\/www.altercampagne.net\/index.php?rest_route=\/wp\/v2\/posts\/5240","targetHints":{"allow":["GET"]}}],"collection":[{"href":"https:\/\/www.altercampagne.net\/index.php?rest_route=\/wp\/v2\/posts"}],"about":[{"href":"https:\/\/www.altercampagne.net\/index.php?rest_route=\/wp\/v2\/types\/post"}],"author":[{"embeddable":true,"href":"https:\/\/www.altercampagne.net\/index.php?rest_route=\/wp\/v2\/users\/214"}],"replies":[{"embeddable":true,"href":"https:\/\/www.altercampagne.net\/index.php?rest_route=%2Fwp%2Fv2%2Fcomments&post=5240"}],"version-history":[{"count":1,"href":"https:\/\/www.altercampagne.net\/index.php?rest_route=\/wp\/v2\/posts\/5240\/revisions"}],"predecessor-version":[{"id":17619,"href":"https:\/\/www.altercampagne.net\/index.php?rest_route=\/wp\/v2\/posts\/5240\/revisions\/17619"}],"wp:featuredmedia":[{"embeddable":true,"href":"https:\/\/www.altercampagne.net\/index.php?rest_route=\/wp\/v2\/media\/17618"}],"wp:attachment":[{"href":"https:\/\/www.altercampagne.net\/index.php?rest_route=%2Fwp%2Fv2%2Fmedia&parent=5240"}],"wp:term":[{"taxonomy":"category","embeddable":true,"href":"https:\/\/www.altercampagne.net\/index.php?rest_route=%2Fwp%2Fv2%2Fcategories&post=5240"},{"taxonomy":"post_tag","embeddable":true,"href":"https:\/\/www.altercampagne.net\/index.php?rest_route=%2Fwp%2Fv2%2Ftags&post=5240"}],"curies":[{"name":"wp","href":"https:\/\/api.w.org\/{rel}","templated":true}]}}