{"id":5286,"date":"2016-05-02T08:01:39","date_gmt":"2016-05-02T06:01:39","guid":{"rendered":"http:\/\/www.altercampagne.net\/?p=5286"},"modified":"2019-09-16T08:41:35","modified_gmt":"2019-09-16T06:41:35","slug":"programme-du-9eme-altertour-du-10-juillet-au-21-aout-2016","status":"publish","type":"post","link":"https:\/\/www.altercampagne.net\/?p=5286","title":{"rendered":"Programme du 9\u00e8me AlterTour &#8211; du 10 juillet au 21 ao\u00fbt 2016"},"content":{"rendered":"<p>Toutes les \u00e9tapes sont en cours de pr\u00e9paration, le programme est susceptible d&rsquo;\u00e9voluer d&rsquo;ici \u00e0 l&rsquo;AlterTour&#8230; Pensez \u00e0 revenir faire un tour sur les pages des \u00e9tapes auxquelles vous participez !<\/p>\n<p>Dimanche 10 juillet : Notre-Dame-des-Landes &#8211; Jou\u00e9 sur Erdre &#8211; 20 km &#8211; <a href=\"http:\/\/www.altercampagne.net\/?page_id=172&amp;route=51\">ACIPA, Copain 44 et FDCIVAM<\/a><br \/>\nLundi 11 juillet : Jou\u00e9 sur Erdre &#8211; Soulvache &#8211; 46 km &#8211; <a href=\"http:\/\/www.altercampagne.net\/?page_id=172&amp;route=54\">Le Manoir de la Gr\u00e9e<\/a><br \/>\nMardi 12 juillet : Soulvache &#8211; 0 km &#8211; <a href=\"http:\/\/www.altercampagne.net\/?page_id=172&amp;route=55\">Le Manoir de la Gr\u00e9e<\/a><br \/>\nMercredi 13 juillet : Soulvache &#8211; M\u00e9ral &#8211; 45 km &#8211; <a href=\"http:\/\/www.altercampagne.net\/?page_id=172&amp;route=56\">La Ferme Brasserie de l&rsquo;Oudon<\/a><br \/>\nJeudi 14 juillet : M\u00e9ral &#8211; Laval &#8211; Montflours &#8211; 42 km &#8211; <a href=\"http:\/\/www.altercampagne.net\/?page_id=172&amp;route=57\">L&rsquo;Amap les Resses de la Semaine, Mayenne en Transition et le GAEC Radis &amp; Co<\/a><br \/>\nVendredi 15 juillet : Montflours &#8211; 0 km &#8211; <a href=\"http:\/\/www.altercampagne.net\/?page_id=172&amp;route=58\">Le GAEC Radis &amp; Co et la Brasserie Associative de Montflours<\/a><br \/>\nSamedi 16 juillet : Montflours &#8211; Fontaine Daniel &#8211; 18 km &#8211; <a href=\"http:\/\/www.altercampagne.net\/?page_id=172&amp;route=59\">L&rsquo;Epicerie coop\u00e9rative de Fontaine-Daniel et la Monnaie locale le Sou<\/a><br \/>\nDimanche 17 juillet : Fontaine Daniel &#8211; Laignelet &#8211; 44 km &#8211; <a href=\"http:\/\/www.altercampagne.net\/?page_id=172&amp;route=60\">La Ch\u00e8vrerie de la Hubaudi\u00e8re<\/a><br \/>\nLundi 18 juillet : Laignelet &#8211; Foug\u00e8res &#8211; Chauvign\u00e9 &#8211; 30 km &#8211; <a href=\"http:\/\/www.altercampagne.net\/?page_id=172&amp;route=61\">Passiflore, REEPF, la caravane main verte, Calendula et l&rsquo;Auberge la Maison Neuve<\/a><br \/>\nMardi 19 juillet : Chauvign\u00e9 &#8211; H\u00e9d\u00e9-Bazouges &#8211; Saint Pern &#8211; 51 km &#8211; <a href=\"http:\/\/www.altercampagne.net\/?page_id=172&amp;route=62\">Le Bar&rsquo;zouges, BRUDED et la Ferme du Pressoir<\/a><br \/>\nMercredi 20 juillet : Saint Pern &#8211; 0 km &#8211; <a href=\"http:\/\/www.altercampagne.net\/?page_id=172&amp;route=63\">La Ferme du Pressoir<\/a><br \/>\nJeudi 21 juillet : Saint Pern &#8211; Lanvallay &#8211; 24 km &#8211; <a href=\"http:\/\/www.altercampagne.net\/?page_id=172&amp;route=64\">Les Incroyables Comestibles<\/a><br \/>\nVendredi 22 juillet : Lanvallay &#8211; Langu\u00e9dias &#8211; Planguenoual &#8211; 54 km &#8211; <a href=\"http:\/\/www.altercampagne.net\/?page_id=172&amp;route=65\">Le Petit Jardin des \u00c9coliers et Herbarius<\/a><br \/>\nSamedi 23 juillet : Planguenoual &#8211; Saint-Brieuc &#8211; Landebe\u00e4ron &#8211; 63 km &#8211; <a href=\"http:\/\/www.altercampagne.net\/?page_id=172&amp;route=66\">La Ferme de Penn Ar crec&rsquo;h<\/a><br \/>\nDimanche 24 juillet : Landebe\u00e4ron &#8211; Cavan &#8211; Pleumeur-Bodou &#8211; 36 km &#8211; <a href=\"http:\/\/www.altercampagne.net\/?page_id=172&amp;route=67\">L\u2019\u00c9cocentre du Tr\u00e9gor<\/a><br \/>\nLundi 25 juillet : Pleumeur-Bodou &#8211; 0 km &#8211; <a href=\"http:\/\/www.altercampagne.net\/?page_id=172&amp;route=68\">L\u2019\u00c9cocentre du Tr\u00e9gor<\/a><br \/>\nMardi 26 juillet : Pleumeur-Bodou &#8211; Plufur &#8211; Loc Envel &#8211; 49 km &#8211; <a href=\"http:\/\/www.altercampagne.net\/?page_id=172&amp;route=69\">L&rsquo;Association Dynamie et la Dessin&rsquo;Acteurs<\/a><br \/>\nMercredi 27 juillet : Loc Envel &#8211; Kergrist-Mo\u00eblou &#8211; Tr\u00e9margat &#8211; 29 km &#8211; <a href=\"http:\/\/www.altercampagne.net\/?page_id=172&amp;route=70\">L&rsquo;Oasis de Pen An Hoat et les habitants de Tr\u00e9margat<\/a><br \/>\nJeudi 28 juillet : Tr\u00e9margat &#8211; Priziac &#8211; Querrien &#8211; 62 km &#8211; <a href=\"http:\/\/www.altercampagne.net\/?page_id=172&amp;route=71\">Les temps forts<\/a> &#8211; Pr\u00e9sence de l&rsquo;Association Olmo et de son V\u00e9lo cargo<br \/>\nVendredi 29 juillet : Querrien &#8211; 0 km &#8211; <a href=\"http:\/\/www.altercampagne.net\/?page_id=172&amp;route=72\">La Ferme du Boudiguen et les temps forts<\/a> &#8211; Pr\u00e9sence de l&rsquo;Association Olmo et de son V\u00e9lo cargo<br \/>\nSamedi 30 juillet : Querrien &#8211; Concarneau &#8211; 49 km &#8211; <a href=\"http:\/\/www.altercampagne.net\/?page_id=172&amp;route=73\">La Brasserie Tri Martolod et le CRADE<\/a> Pr\u00e9sence de l&rsquo;Association Olmo et de son V\u00e9lo cargo<br \/>\nDimanche 31 juillet : Concarneau &#8211; Plomeur &#8211; 44 km &#8211; <a href=\"http:\/\/www.altercampagne.net\/?page_id=172&amp;route=74\">Les Kerterre<\/a><br \/>\nLundi 1er ao\u00fbt : Plomeur &#8211; Quimper &#8211; Quemeneven &#8211; 45 km &#8211; <a href=\"http:\/\/www.altercampagne.net\/?page_id=172&amp;route=75\">Keryang \/ Paysages vivants <\/a><br \/>\nMardi 2 ao\u00fbt : Quemeneven &#8211; Argol &#8211; 33 km &#8211; <a href=\"http:\/\/www.altercampagne.net\/?page_id=172&amp;route=76\">La maison du cidre<\/a><br \/>\nMercredi 3 ao\u00fbt : Argol &#8211; Logonna-Daoulas &#8211; 26 km &#8211; <a href=\"http:\/\/www.altercampagne.net\/?page_id=172&amp;route=77\">KILT\/ribine, le caf\u00e9 associatif, le magasin de producteurs de Goasven et Ti R\u00e9cup<\/a><br \/>\nJeudi 4 ao\u00fbt : Logonna-Daoulas &#8211; Brest et retour &#8211; 52 km &#8211; <a href=\"http:\/\/www.altercampagne.net\/?page_id=172&amp;route=78\">La Ferme de Traon Bihan, <\/a><a href=\"http:\/\/www.altercampagne.net\/?page_id=172&amp;route=78\">Vivre la rue, Vert le Jardin, Le fil \u00e0 plomb<\/a><a href=\"http:\/\/www.altercampagne.net\/?page_id=172&amp;route=78\"> et Brest \u00e0 pied \u00e0 v\u00e9lo<\/a><br \/>\nVendredi 5 ao\u00fbt : Logonna-Daoulas &#8211; la Feuill\u00e9e &#8211; 40 km &#8211; <a href=\"http:\/\/www.altercampagne.net\/?page_id=172&amp;route=79\">Nomad Yo, Brasserie An Alac&rsquo;h et Terre Feuillantine<\/a><br \/>\nSamedi 6 ao\u00fbt : La Feuill\u00e9e &#8211; Carhaix &#8211; Pl\u00e9vin &#8211; 45 km &#8211; <a href=\"http:\/\/www.altercampagne.net\/?page_id=172&amp;route=80\">Ti Lipouz<\/a><br \/>\nDimanche 7 ao\u00fbt : Pl\u00e9vin &#8211; 0 km &#8211; <a href=\"http:\/\/www.altercampagne.net\/?page_id=172&amp;route=81\">Ti Lipouz<\/a><br \/>\nLundi 8 ao\u00fbt : Pl\u00e9vin &#8211; Plelauff &#8211; 29 km &#8211; <a href=\"http:\/\/www.altercampagne.net\/?page_id=172&amp;route=82\">L&rsquo;Oasis Kerlanic et l&rsquo;Association Esp\u00e9rance<\/a><br \/>\nMardi 9 ao\u00fbt : Plelauff &#8211; Silfiac &#8211; 10 km &#8211; <a href=\"http:\/\/www.altercampagne.net\/?page_id=172&amp;route=83\">L&rsquo;Atelier nomade<\/a><br \/>\nMercredi 10 ao\u00fbt : Silfiac &#8211; Inguiniel &#8211; 30 km &#8211; <a href=\"http:\/\/www.altercampagne.net\/?page_id=172&amp;route=84\">Quilombo et de Cercle en Cercle<\/a><br \/>\nJeudi 11 ao\u00fbt : Inguiniel &#8211; Lorient &#8211; 25 km &#8211; <a href=\"http:\/\/www.altercampagne.net\/?page_id=172&amp;route=85\">Terre Adelys<\/a><br \/>\nVendredi 12 ao\u00fbt : Lorient &#8211; 0 km &#8211; <a href=\"http:\/\/www.altercampagne.net\/?page_id=172&amp;route=86\">Terre Adelys<\/a><br \/>\nSamedi 13 ao\u00fbt : Lorient &#8211; Etel &#8211; 26 km &#8211; <a href=\"http:\/\/www.altercampagne.net\/?page_id=172&amp;route=87\">Les Lucioles<\/a><br \/>\nDimanche 14 ao\u00fbt : Etel &#8211; Arradon &#8211; 32 km &#8211; <a href=\"http:\/\/www.altercampagne.net\/?page_id=172&amp;route=88\">La Cidredie du golfe<\/a><br \/>\nLundi 15 ao\u00fbt : Arradon &#8211; Larr\u00e9 &#8211; 45 km &#8211; <a href=\"http:\/\/www.altercampagne.net\/?page_id=172&amp;route=89\">La r.O.n.c.e<\/a><br \/>\nMardi 16 ao\u00fbt : Larr\u00e9 &#8211; Saint-Marcel &#8211; Augan &#8211; 37 km &#8211; <a href=\"http:\/\/www.altercampagne.net\/?page_id=172&amp;route=90\">Champ Commun<\/a><br \/>\nMercredi 17 ao\u00fbt : Augan &#8211; 0 km &#8211; <a href=\"http:\/\/www.altercampagne.net\/?page_id=172&amp;route=91\">Champ Commun<\/a><br \/>\nJeudi 18 ao\u00fbt : Augan &#8211; Guichen &#8211; 43 km &#8211; <a href=\"http:\/\/www.altercampagne.net\/?page_id=172&amp;route=92\">Culture bio<\/a><br \/>\nVendredi 19 ao\u00fbt : Guichen &#8211; Rennes &#8211; 19 km &#8211; <a href=\"http:\/\/www.altercampagne.net\/?page_id=172&amp;route=110\">Le Jardin des Mille Pas<\/a><br \/>\nSamedi 20 ao\u00fbt : Rennes &#8211; 0 km &#8211; <a href=\"http:\/\/www.altercampagne.net\/?page_id=172&amp;route=108\">Le Jardin des Mille Pas<\/a><br \/>\nDimanche 21 ao\u00fbt : Rennes &#8211; 0 km &#8211; <a href=\"http:\/\/www.altercampagne.net\/?page_id=172&amp;route=95\">Le Jardin des Mille Pas<\/a><\/p>\n","protected":false},"excerpt":{"rendered":"<p>Toutes les \u00e9tapes sont en cours de pr\u00e9paration, le programme est susceptible d&rsquo;\u00e9voluer d&rsquo;ici \u00e0 l&rsquo;AlterTour&#8230; Pensez \u00e0 revenir faire un tour sur les pages des \u00e9tapes auxquelles vous participez ! Dimanche 10 juillet : Notre-Dame-des-Landes &#8211; Jou\u00e9 sur Erdre &#8211; 20 km &#8211; ACIPA, Copain 44 et FDCIVAM Lundi &#8230; <\/p>\n<div><a href=\"https:\/\/www.altercampagne.net\/?p=5286\" class=\"more-link\">Read More<\/a><\/div>\n","protected":false},"author":214,"featured_media":15594,"comment_status":"closed","ping_status":"closed","sticky":false,"template":"","format":"standard","meta":{"footnotes":""},"categories":[3459,3469],"tags":[383,520,1652,2471,2846,2849,2850,2851],"class_list":["post-5286","post","type-post","status-publish","format-standard","has-post-thumbnail","hentry","category-edition-2016","category-programmes","tag-altertour-2016","tag-parcours","tag-1652","tag-programme","tag-accueillant","tag-accueillant2016","tag-accueillant-2016","tag-altertour2016"],"yoast_head":"<!-- This site is optimized with the Yoast SEO plugin v27.3 - https:\/\/yoast.com\/product\/yoast-seo-wordpress\/ -->\n<title>Programme du 9\u00e8me AlterTour - du 10 juillet au 21 ao\u00fbt 2016 - AlterTour<\/title>\n<meta name=\"robots\" content=\"index, follow, max-snippet:-1, max-image-preview:large, max-video-preview:-1\" \/>\n<link rel=\"canonical\" href=\"https:\/\/www.altercampagne.net\/?p=5286\" \/>\n<meta property=\"og:locale\" content=\"fr_FR\" \/>\n<meta property=\"og:type\" content=\"article\" \/>\n<meta property=\"og:title\" content=\"Programme du 9\u00e8me AlterTour - du 10 juillet au 21 ao\u00fbt 2016 - AlterTour\" \/>\n<meta property=\"og:description\" content=\"Toutes les \u00e9tapes sont en cours de pr\u00e9paration, le programme est susceptible d&rsquo;\u00e9voluer d&rsquo;ici \u00e0 l&rsquo;AlterTour&#8230; Pensez \u00e0 revenir faire un tour sur les pages des \u00e9tapes auxquelles vous participez ! Dimanche 10 juillet : Notre-Dame-des-Landes &#8211; Jou\u00e9 sur Erdre &#8211; 20 km &#8211; ACIPA, Copain 44 et FDCIVAM Lundi ... Read More\" \/>\n<meta property=\"og:url\" content=\"https:\/\/www.altercampagne.net\/?p=5286\" \/>\n<meta property=\"og:site_name\" content=\"AlterTour\" \/>\n<meta property=\"article:published_time\" content=\"2016-05-02T06:01:39+00:00\" \/>\n<meta property=\"article:modified_time\" content=\"2019-09-16T06:41:35+00:00\" \/>\n<meta property=\"og:image\" content=\"https:\/\/www.altercampagne.net\/wp-content\/uploads\/2016\/05\/2015-05-10-Parcours-2016-Bretagne-bd1.jpg\" \/>\n\t<meta property=\"og:image:width\" content=\"960\" \/>\n\t<meta property=\"og:image:height\" content=\"389\" \/>\n\t<meta property=\"og:image:type\" content=\"image\/jpeg\" \/>\n<meta name=\"author\" content=\"Mathieu\" \/>\n<meta name=\"twitter:card\" content=\"summary_large_image\" \/>\n<meta name=\"twitter:label1\" content=\"\u00c9crit par\" \/>\n\t<meta name=\"twitter:data1\" content=\"Mathieu\" \/>\n\t<meta name=\"twitter:label2\" content=\"Dur\u00e9e de lecture estim\u00e9e\" \/>\n\t<meta name=\"twitter:data2\" content=\"4 minutes\" \/>\n<script type=\"application\/ld+json\" class=\"yoast-schema-graph\">{\"@context\":\"https:\\\/\\\/schema.org\",\"@graph\":[{\"@type\":\"Article\",\"@id\":\"https:\\\/\\\/www.altercampagne.net\\\/?p=5286#article\",\"isPartOf\":{\"@id\":\"https:\\\/\\\/www.altercampagne.net\\\/?p=5286\"},\"author\":{\"name\":\"Mathieu\",\"@id\":\"https:\\\/\\\/www.altercampagne.net\\\/#\\\/schema\\\/person\\\/0f261460c09e430caa0f9bcffa319109\"},\"headline\":\"Programme du 9\u00e8me AlterTour &#8211; du 10 juillet au 21 ao\u00fbt 2016\",\"datePublished\":\"2016-05-02T06:01:39+00:00\",\"dateModified\":\"2019-09-16T06:41:35+00:00\",\"mainEntityOfPage\":{\"@id\":\"https:\\\/\\\/www.altercampagne.net\\\/?p=5286\"},\"wordCount\":749,\"image\":{\"@id\":\"https:\\\/\\\/www.altercampagne.net\\\/?p=5286#primaryimage\"},\"thumbnailUrl\":\"https:\\\/\\\/www.altercampagne.net\\\/wp-content\\\/uploads\\\/2016\\\/05\\\/2015-05-10-Parcours-2016-Bretagne-bd1.jpg\",\"keywords\":[\"AlterTour 2016\",\"parcours\",\"2016\",\"programme\",\"accueillant\",\"accueillant2016\",\"accueillant 2016\",\"AlterTour2016\"],\"articleSection\":[\"\u00c9dition 2016\",\"Programmes\"],\"inLanguage\":\"fr-FR\"},{\"@type\":\"WebPage\",\"@id\":\"https:\\\/\\\/www.altercampagne.net\\\/?p=5286\",\"url\":\"https:\\\/\\\/www.altercampagne.net\\\/?p=5286\",\"name\":\"Programme du 9\u00e8me AlterTour - du 10 juillet au 21 ao\u00fbt 2016 - AlterTour\",\"isPartOf\":{\"@id\":\"https:\\\/\\\/www.altercampagne.net\\\/#website\"},\"primaryImageOfPage\":{\"@id\":\"https:\\\/\\\/www.altercampagne.net\\\/?p=5286#primaryimage\"},\"image\":{\"@id\":\"https:\\\/\\\/www.altercampagne.net\\\/?p=5286#primaryimage\"},\"thumbnailUrl\":\"https:\\\/\\\/www.altercampagne.net\\\/wp-content\\\/uploads\\\/2016\\\/05\\\/2015-05-10-Parcours-2016-Bretagne-bd1.jpg\",\"datePublished\":\"2016-05-02T06:01:39+00:00\",\"dateModified\":\"2019-09-16T06:41:35+00:00\",\"author\":{\"@id\":\"https:\\\/\\\/www.altercampagne.net\\\/#\\\/schema\\\/person\\\/0f261460c09e430caa0f9bcffa319109\"},\"breadcrumb\":{\"@id\":\"https:\\\/\\\/www.altercampagne.net\\\/?p=5286#breadcrumb\"},\"inLanguage\":\"fr-FR\",\"potentialAction\":[{\"@type\":\"ReadAction\",\"target\":[\"https:\\\/\\\/www.altercampagne.net\\\/?p=5286\"]}]},{\"@type\":\"ImageObject\",\"inLanguage\":\"fr-FR\",\"@id\":\"https:\\\/\\\/www.altercampagne.net\\\/?p=5286#primaryimage\",\"url\":\"https:\\\/\\\/www.altercampagne.net\\\/wp-content\\\/uploads\\\/2016\\\/05\\\/2015-05-10-Parcours-2016-Bretagne-bd1.jpg\",\"contentUrl\":\"https:\\\/\\\/www.altercampagne.net\\\/wp-content\\\/uploads\\\/2016\\\/05\\\/2015-05-10-Parcours-2016-Bretagne-bd1.jpg\",\"width\":960,\"height\":389},{\"@type\":\"BreadcrumbList\",\"@id\":\"https:\\\/\\\/www.altercampagne.net\\\/?p=5286#breadcrumb\",\"itemListElement\":[{\"@type\":\"ListItem\",\"position\":1,\"name\":\"Accueil\",\"item\":\"https:\\\/\\\/www.altercampagne.net\\\/\"},{\"@type\":\"ListItem\",\"position\":2,\"name\":\"Programme du 9\u00e8me AlterTour &#8211; du 10 juillet au 21 ao\u00fbt 2016\"}]},{\"@type\":\"WebSite\",\"@id\":\"https:\\\/\\\/www.altercampagne.net\\\/#website\",\"url\":\"https:\\\/\\\/www.altercampagne.net\\\/\",\"name\":\"AlterTour\",\"description\":\"Reliez les Alternatives \u00e0 v\u00e9lo\",\"potentialAction\":[{\"@type\":\"SearchAction\",\"target\":{\"@type\":\"EntryPoint\",\"urlTemplate\":\"https:\\\/\\\/www.altercampagne.net\\\/?s={search_term_string}\"},\"query-input\":{\"@type\":\"PropertyValueSpecification\",\"valueRequired\":true,\"valueName\":\"search_term_string\"}}],\"inLanguage\":\"fr-FR\"},{\"@type\":\"Person\",\"@id\":\"https:\\\/\\\/www.altercampagne.net\\\/#\\\/schema\\\/person\\\/0f261460c09e430caa0f9bcffa319109\",\"name\":\"Mathieu\",\"image\":{\"@type\":\"ImageObject\",\"inLanguage\":\"fr-FR\",\"@id\":\"https:\\\/\\\/secure.gravatar.com\\\/avatar\\\/aa9d3d24c83f2141e5e2709d0f63d09a99f6be6bb7a50abc4915838d9f54501a?s=96&d=mm&r=g\",\"url\":\"https:\\\/\\\/secure.gravatar.com\\\/avatar\\\/aa9d3d24c83f2141e5e2709d0f63d09a99f6be6bb7a50abc4915838d9f54501a?s=96&d=mm&r=g\",\"contentUrl\":\"https:\\\/\\\/secure.gravatar.com\\\/avatar\\\/aa9d3d24c83f2141e5e2709d0f63d09a99f6be6bb7a50abc4915838d9f54501a?s=96&d=mm&r=g\",\"caption\":\"Mathieu\"},\"url\":\"https:\\\/\\\/www.altercampagne.net\\\/?author=214\"}]}<\/script>\n<!-- \/ Yoast SEO plugin. -->","yoast_head_json":{"title":"Programme du 9\u00e8me AlterTour - du 10 juillet au 21 ao\u00fbt 2016 - AlterTour","robots":{"index":"index","follow":"follow","max-snippet":"max-snippet:-1","max-image-preview":"max-image-preview:large","max-video-preview":"max-video-preview:-1"},"canonical":"https:\/\/www.altercampagne.net\/?p=5286","og_locale":"fr_FR","og_type":"article","og_title":"Programme du 9\u00e8me AlterTour - du 10 juillet au 21 ao\u00fbt 2016 - AlterTour","og_description":"Toutes les \u00e9tapes sont en cours de pr\u00e9paration, le programme est susceptible d&rsquo;\u00e9voluer d&rsquo;ici \u00e0 l&rsquo;AlterTour&#8230; Pensez \u00e0 revenir faire un tour sur les pages des \u00e9tapes auxquelles vous participez ! Dimanche 10 juillet : Notre-Dame-des-Landes &#8211; Jou\u00e9 sur Erdre &#8211; 20 km &#8211; ACIPA, Copain 44 et FDCIVAM Lundi ... Read More","og_url":"https:\/\/www.altercampagne.net\/?p=5286","og_site_name":"AlterTour","article_published_time":"2016-05-02T06:01:39+00:00","article_modified_time":"2019-09-16T06:41:35+00:00","og_image":[{"width":960,"height":389,"url":"https:\/\/www.altercampagne.net\/wp-content\/uploads\/2016\/05\/2015-05-10-Parcours-2016-Bretagne-bd1.jpg","type":"image\/jpeg"}],"author":"Mathieu","twitter_card":"summary_large_image","twitter_misc":{"\u00c9crit par":"Mathieu","Dur\u00e9e de lecture estim\u00e9e":"4 minutes"},"schema":{"@context":"https:\/\/schema.org","@graph":[{"@type":"Article","@id":"https:\/\/www.altercampagne.net\/?p=5286#article","isPartOf":{"@id":"https:\/\/www.altercampagne.net\/?p=5286"},"author":{"name":"Mathieu","@id":"https:\/\/www.altercampagne.net\/#\/schema\/person\/0f261460c09e430caa0f9bcffa319109"},"headline":"Programme du 9\u00e8me AlterTour &#8211; du 10 juillet au 21 ao\u00fbt 2016","datePublished":"2016-05-02T06:01:39+00:00","dateModified":"2019-09-16T06:41:35+00:00","mainEntityOfPage":{"@id":"https:\/\/www.altercampagne.net\/?p=5286"},"wordCount":749,"image":{"@id":"https:\/\/www.altercampagne.net\/?p=5286#primaryimage"},"thumbnailUrl":"https:\/\/www.altercampagne.net\/wp-content\/uploads\/2016\/05\/2015-05-10-Parcours-2016-Bretagne-bd1.jpg","keywords":["AlterTour 2016","parcours","2016","programme","accueillant","accueillant2016","accueillant 2016","AlterTour2016"],"articleSection":["\u00c9dition 2016","Programmes"],"inLanguage":"fr-FR"},{"@type":"WebPage","@id":"https:\/\/www.altercampagne.net\/?p=5286","url":"https:\/\/www.altercampagne.net\/?p=5286","name":"Programme du 9\u00e8me AlterTour - du 10 juillet au 21 ao\u00fbt 2016 - AlterTour","isPartOf":{"@id":"https:\/\/www.altercampagne.net\/#website"},"primaryImageOfPage":{"@id":"https:\/\/www.altercampagne.net\/?p=5286#primaryimage"},"image":{"@id":"https:\/\/www.altercampagne.net\/?p=5286#primaryimage"},"thumbnailUrl":"https:\/\/www.altercampagne.net\/wp-content\/uploads\/2016\/05\/2015-05-10-Parcours-2016-Bretagne-bd1.jpg","datePublished":"2016-05-02T06:01:39+00:00","dateModified":"2019-09-16T06:41:35+00:00","author":{"@id":"https:\/\/www.altercampagne.net\/#\/schema\/person\/0f261460c09e430caa0f9bcffa319109"},"breadcrumb":{"@id":"https:\/\/www.altercampagne.net\/?p=5286#breadcrumb"},"inLanguage":"fr-FR","potentialAction":[{"@type":"ReadAction","target":["https:\/\/www.altercampagne.net\/?p=5286"]}]},{"@type":"ImageObject","inLanguage":"fr-FR","@id":"https:\/\/www.altercampagne.net\/?p=5286#primaryimage","url":"https:\/\/www.altercampagne.net\/wp-content\/uploads\/2016\/05\/2015-05-10-Parcours-2016-Bretagne-bd1.jpg","contentUrl":"https:\/\/www.altercampagne.net\/wp-content\/uploads\/2016\/05\/2015-05-10-Parcours-2016-Bretagne-bd1.jpg","width":960,"height":389},{"@type":"BreadcrumbList","@id":"https:\/\/www.altercampagne.net\/?p=5286#breadcrumb","itemListElement":[{"@type":"ListItem","position":1,"name":"Accueil","item":"https:\/\/www.altercampagne.net\/"},{"@type":"ListItem","position":2,"name":"Programme du 9\u00e8me AlterTour &#8211; du 10 juillet au 21 ao\u00fbt 2016"}]},{"@type":"WebSite","@id":"https:\/\/www.altercampagne.net\/#website","url":"https:\/\/www.altercampagne.net\/","name":"AlterTour","description":"Reliez les Alternatives \u00e0 v\u00e9lo","potentialAction":[{"@type":"SearchAction","target":{"@type":"EntryPoint","urlTemplate":"https:\/\/www.altercampagne.net\/?s={search_term_string}"},"query-input":{"@type":"PropertyValueSpecification","valueRequired":true,"valueName":"search_term_string"}}],"inLanguage":"fr-FR"},{"@type":"Person","@id":"https:\/\/www.altercampagne.net\/#\/schema\/person\/0f261460c09e430caa0f9bcffa319109","name":"Mathieu","image":{"@type":"ImageObject","inLanguage":"fr-FR","@id":"https:\/\/secure.gravatar.com\/avatar\/aa9d3d24c83f2141e5e2709d0f63d09a99f6be6bb7a50abc4915838d9f54501a?s=96&d=mm&r=g","url":"https:\/\/secure.gravatar.com\/avatar\/aa9d3d24c83f2141e5e2709d0f63d09a99f6be6bb7a50abc4915838d9f54501a?s=96&d=mm&r=g","contentUrl":"https:\/\/secure.gravatar.com\/avatar\/aa9d3d24c83f2141e5e2709d0f63d09a99f6be6bb7a50abc4915838d9f54501a?s=96&d=mm&r=g","caption":"Mathieu"},"url":"https:\/\/www.altercampagne.net\/?author=214"}]}},"_links":{"self":[{"href":"https:\/\/www.altercampagne.net\/index.php?rest_route=\/wp\/v2\/posts\/5286","targetHints":{"allow":["GET"]}}],"collection":[{"href":"https:\/\/www.altercampagne.net\/index.php?rest_route=\/wp\/v2\/posts"}],"about":[{"href":"https:\/\/www.altercampagne.net\/index.php?rest_route=\/wp\/v2\/types\/post"}],"author":[{"embeddable":true,"href":"https:\/\/www.altercampagne.net\/index.php?rest_route=\/wp\/v2\/users\/214"}],"replies":[{"embeddable":true,"href":"https:\/\/www.altercampagne.net\/index.php?rest_route=%2Fwp%2Fv2%2Fcomments&post=5286"}],"version-history":[{"count":0,"href":"https:\/\/www.altercampagne.net\/index.php?rest_route=\/wp\/v2\/posts\/5286\/revisions"}],"wp:featuredmedia":[{"embeddable":true,"href":"https:\/\/www.altercampagne.net\/index.php?rest_route=\/wp\/v2\/media\/15594"}],"wp:attachment":[{"href":"https:\/\/www.altercampagne.net\/index.php?rest_route=%2Fwp%2Fv2%2Fmedia&parent=5286"}],"wp:term":[{"taxonomy":"category","embeddable":true,"href":"https:\/\/www.altercampagne.net\/index.php?rest_route=%2Fwp%2Fv2%2Fcategories&post=5286"},{"taxonomy":"post_tag","embeddable":true,"href":"https:\/\/www.altercampagne.net\/index.php?rest_route=%2Fwp%2Fv2%2Ftags&post=5286"}],"curies":[{"name":"wp","href":"https:\/\/api.w.org\/{rel}","templated":true}]}}