{"id":5294,"date":"2016-06-22T13:27:04","date_gmt":"2016-06-22T11:27:04","guid":{"rendered":"http:\/\/www.altercampagne.net\/?p=5294"},"modified":"2020-02-24T15:02:37","modified_gmt":"2020-02-24T14:02:37","slug":"le-before-tour","status":"publish","type":"post","link":"https:\/\/www.altercampagne.net\/?p=5294","title":{"rendered":"Le Before Tour&#8230;"},"content":{"rendered":"<div id=\"magicdomid14\" class=\"\"><span class=\"author-a-z83zz77zz79zudz73zi3gjpv296z73z\">Quelques jours avant le d\u00e9but \u00ab officiel \u00bb de l\u2019AlterTour, les derniers pr\u00e9paratifs vont bon train\u2026 Chacun.e pr\u00e9pare ses affaires, les organisateurs d\u2019\u00e9tape s\u2019occupent des commandes, les volontaires conduisent les v\u00e9hicules et la remorque \u00e0 v\u00e9los jusqu\u2019au lieu du rendez-vous\u2026 et puis c\u2019est le BEFORE TOUR !<\/span><\/div>\n<div id=\"magicdomid15\" class=\"\"><span class=\"author-a-z83zz77zz79zudz73zi3gjpv296z73z\">&nbsp;<\/span><\/div>\n<div id=\"magicdomid16\" class=\"\"><span class=\"author-a-z83zz77zz79zudz73zi3gjpv296z73z\" style=\"color: #ff6600;\">Le Before Tour, ce sont quelques jours o\u00f9 celleux qui ont envie, et un peu de temps, peuvent participer \u00e0 la mise en route de l\u2019AlterTour, notamment la pr\u00e9paration logistique.&nbsp;<\/span><\/div>\n<div id=\"magicdomid17\" class=\"\"><span class=\"author-a-z83zz77zz79zudz73zi3gjpv296z73z\">&nbsp;<\/span><\/div>\n<div id=\"magicdomid18\" class=\"\"><span class=\"author-a-z83zz77zz79zudz73zi3gjpv296z73z\">Au menu des r\u00e9jouissances cette ann\u00e9e : les premi\u00e8res courses de nourriture, les derni\u00e8res r\u00e9visions des v\u00e9los et leur bapt\u00eame, du nettoyage et du rangement dans les v\u00e9hicules, une v\u00e9rification des outils, et un dernier point dans l\u2019IVECO pour que chacun.e puisse pendant l\u2019AlterTour se familiariser facilement avec le rangement et le fonctionnement !&nbsp;<\/span><\/div>\n<div id=\"magicdomid19\" class=\"\"><span class=\"author-a-z83zz77zz79zudz73zi3gjpv296z73z\">Ce sera aussi l&rsquo;occasion de donner un coup de main \u00e0 la mise en place du camp de Notre-Dame-des-Landes.<\/span><\/div>\n<div id=\"magicdomid20\" class=\"\"><span class=\"author-a-z83zz77zz79zudz73zi3gjpv296z73z\">&nbsp;<\/span><\/div>\n<div id=\"magicdomid21\" class=\"\"><span class=\"author-a-z83zz77zz79zudz73zi3gjpv296z73z\">Cette ann\u00e9e, il se d\u00e9roulera <\/span><span class=\"author-a-z83zz77zz79zudz73zi3gjpv296z73z b\" style=\"color: #ff6600;\"><b>\u00e0 partir du 7 juillet apr\u00e8s-midi \u00e0 14h<\/b><\/span><span class=\"author-a-z83zz77zz79zudz73zi3gjpv296z73z\">. Le rendez-vous est donn\u00e9 sur le campement de la ZAD. (et bien s\u00fbr, on peut arriver plus tard aussi !)<\/span><\/div>\n<div id=\"magicdomid22\" class=\"\"><span class=\"author-a-z83zz77zz79zudz73zi3gjpv296z73z\">&nbsp;<\/span><\/div>\n<div id=\"magicdomid23\" class=\"\"><span class=\"author-a-z83zz77zz79zudz73zi3gjpv296z73z\">Ces journ\u00e9es ne sont pas payantes, les repas sont pris en charge par l\u2019AlterTour. Pour participer,vous pouvez le sp\u00e9cifier au moment&nbsp;de votre inscription.<\/span><\/div>\n<div id=\"magicdomid24\" class=\"\"><span class=\"author-a-z83zz77zz79zudz73zi3gjpv296z73z\">Les infos plus pr\u00e9cises sur le lieu de RDV seront envoy\u00e9es&nbsp;un peu plus tard.<\/span><\/div>\n<div id=\"magicdomid25\" class=\"\"><span class=\"author-a-z83zz77zz79zudz73zi3gjpv296z73z\">&nbsp;&nbsp;<\/span><\/div>\n<div id=\"magicdomid26\" class=\"\"><span class=\"author-a-z83zz77zz79zudz73zi3gjpv296z73z\">Ces journ\u00e9es sont ouvertes <\/span><span class=\"author-a-z83zz77zz79zudz73zi3gjpv296z73z color:red\">\u00e0 tou.te.s les participant.e.s de l&rsquo;ann\u00e9e<\/span><span class=\"author-a-z83zz77zz79zudz73zi3gjpv296z73z\">, bienvenue !<\/span><\/div>\n<div class=\"\"><span class=\"author-a-z83zz77zz79zudz73zi3gjpv296z73z\"><a href=\"http:\/\/www.altercampagne.net\/wp-content\/uploads\/2016\/06\/plan-camping-parking-ou-je-suis.jpg\"><img loading=\"lazy\" decoding=\"async\" class=\"alignnone size-full wp-image-5385\" src=\"http:\/\/www.altercampagne.net\/wp-content\/uploads\/2016\/06\/plan-camping-parking-ou-je-suis.jpg\" alt=\"plan camping parking ou je suis\" width=\"908\" height=\"619\" srcset=\"https:\/\/www.altercampagne.net\/wp-content\/uploads\/2016\/06\/plan-camping-parking-ou-je-suis.jpg 908w, https:\/\/www.altercampagne.net\/wp-content\/uploads\/2016\/06\/plan-camping-parking-ou-je-suis-300x205.jpg 300w\" sizes=\"auto, (max-width: 908px) 100vw, 908px\" \/><\/a><\/span><\/div>\n","protected":false},"excerpt":{"rendered":"<p>Quelques jours avant le d\u00e9but \u00ab officiel \u00bb de l\u2019AlterTour, les derniers pr\u00e9paratifs vont bon train\u2026 Chacun.e pr\u00e9pare ses affaires, les organisateurs d\u2019\u00e9tape s\u2019occupent des commandes, les volontaires conduisent les v\u00e9hicules et la remorque \u00e0 v\u00e9los jusqu\u2019au lieu du rendez-vous\u2026 et puis c\u2019est le BEFORE TOUR ! &nbsp; Le Before &#8230; <\/p>\n<div><a href=\"https:\/\/www.altercampagne.net\/?p=5294\" class=\"more-link\">Read More<\/a><\/div>\n","protected":false},"author":215,"featured_media":0,"comment_status":"closed","ping_status":"closed","sticky":false,"template":"","format":"standard","meta":{"footnotes":""},"categories":[3459],"tags":[20,383,1652,2094,2472],"class_list":["post-5294","post","type-post","status-publish","format-standard","hentry","category-edition-2016","tag-bretagne","tag-altertour-2016","tag-1652","tag-nddl","tag-before-tour","no-post-thumbnail"],"yoast_head":"<!-- This site is optimized with the Yoast SEO plugin v27.3 - https:\/\/yoast.com\/product\/yoast-seo-wordpress\/ -->\n<title>Le Before Tour... - AlterTour<\/title>\n<meta name=\"robots\" content=\"index, follow, max-snippet:-1, max-image-preview:large, max-video-preview:-1\" \/>\n<link rel=\"canonical\" href=\"https:\/\/www.altercampagne.net\/?p=5294\" \/>\n<meta property=\"og:locale\" content=\"fr_FR\" \/>\n<meta property=\"og:type\" content=\"article\" \/>\n<meta property=\"og:title\" content=\"Le Before Tour... - AlterTour\" \/>\n<meta property=\"og:description\" content=\"Quelques jours avant le d\u00e9but \u00ab officiel \u00bb de l\u2019AlterTour, les derniers pr\u00e9paratifs vont bon train\u2026 Chacun.e pr\u00e9pare ses affaires, les organisateurs d\u2019\u00e9tape s\u2019occupent des commandes, les volontaires conduisent les v\u00e9hicules et la remorque \u00e0 v\u00e9los jusqu\u2019au lieu du rendez-vous\u2026 et puis c\u2019est le BEFORE TOUR ! &nbsp; Le Before ... Read More\" \/>\n<meta property=\"og:url\" content=\"https:\/\/www.altercampagne.net\/?p=5294\" \/>\n<meta property=\"og:site_name\" content=\"AlterTour\" \/>\n<meta property=\"article:published_time\" content=\"2016-06-22T11:27:04+00:00\" \/>\n<meta property=\"article:modified_time\" content=\"2020-02-24T14:02:37+00:00\" \/>\n<meta property=\"og:image\" content=\"http:\/\/www.altercampagne.net\/wp-content\/uploads\/2016\/06\/plan-camping-parking-ou-je-suis.jpg\" \/>\n<meta name=\"author\" content=\"AlterTour\" \/>\n<meta name=\"twitter:card\" content=\"summary_large_image\" \/>\n<meta name=\"twitter:label1\" content=\"\u00c9crit par\" \/>\n\t<meta name=\"twitter:data1\" content=\"AlterTour\" \/>\n\t<meta name=\"twitter:label2\" content=\"Dur\u00e9e de lecture estim\u00e9e\" \/>\n\t<meta name=\"twitter:data2\" content=\"1 minute\" \/>\n<script type=\"application\/ld+json\" class=\"yoast-schema-graph\">{\"@context\":\"https:\\\/\\\/schema.org\",\"@graph\":[{\"@type\":\"Article\",\"@id\":\"https:\\\/\\\/www.altercampagne.net\\\/?p=5294#article\",\"isPartOf\":{\"@id\":\"https:\\\/\\\/www.altercampagne.net\\\/?p=5294\"},\"author\":{\"name\":\"AlterTour\",\"@id\":\"https:\\\/\\\/www.altercampagne.net\\\/#\\\/schema\\\/person\\\/e5b68c803196f649c2152249d262d94a\"},\"headline\":\"Le Before Tour&#8230;\",\"datePublished\":\"2016-06-22T11:27:04+00:00\",\"dateModified\":\"2020-02-24T14:02:37+00:00\",\"mainEntityOfPage\":{\"@id\":\"https:\\\/\\\/www.altercampagne.net\\\/?p=5294\"},\"wordCount\":276,\"image\":{\"@id\":\"https:\\\/\\\/www.altercampagne.net\\\/?p=5294#primaryimage\"},\"thumbnailUrl\":\"http:\\\/\\\/www.altercampagne.net\\\/wp-content\\\/uploads\\\/2016\\\/06\\\/plan-camping-parking-ou-je-suis.jpg\",\"keywords\":[\"bretagne\",\"AlterTour 2016\",\"2016\",\"NDDL\",\"Before Tour\"],\"articleSection\":[\"\u00c9dition 2016\"],\"inLanguage\":\"fr-FR\"},{\"@type\":\"WebPage\",\"@id\":\"https:\\\/\\\/www.altercampagne.net\\\/?p=5294\",\"url\":\"https:\\\/\\\/www.altercampagne.net\\\/?p=5294\",\"name\":\"Le Before Tour... - AlterTour\",\"isPartOf\":{\"@id\":\"https:\\\/\\\/www.altercampagne.net\\\/#website\"},\"primaryImageOfPage\":{\"@id\":\"https:\\\/\\\/www.altercampagne.net\\\/?p=5294#primaryimage\"},\"image\":{\"@id\":\"https:\\\/\\\/www.altercampagne.net\\\/?p=5294#primaryimage\"},\"thumbnailUrl\":\"http:\\\/\\\/www.altercampagne.net\\\/wp-content\\\/uploads\\\/2016\\\/06\\\/plan-camping-parking-ou-je-suis.jpg\",\"datePublished\":\"2016-06-22T11:27:04+00:00\",\"dateModified\":\"2020-02-24T14:02:37+00:00\",\"author\":{\"@id\":\"https:\\\/\\\/www.altercampagne.net\\\/#\\\/schema\\\/person\\\/e5b68c803196f649c2152249d262d94a\"},\"breadcrumb\":{\"@id\":\"https:\\\/\\\/www.altercampagne.net\\\/?p=5294#breadcrumb\"},\"inLanguage\":\"fr-FR\",\"potentialAction\":[{\"@type\":\"ReadAction\",\"target\":[\"https:\\\/\\\/www.altercampagne.net\\\/?p=5294\"]}]},{\"@type\":\"ImageObject\",\"inLanguage\":\"fr-FR\",\"@id\":\"https:\\\/\\\/www.altercampagne.net\\\/?p=5294#primaryimage\",\"url\":\"http:\\\/\\\/www.altercampagne.net\\\/wp-content\\\/uploads\\\/2016\\\/06\\\/plan-camping-parking-ou-je-suis.jpg\",\"contentUrl\":\"http:\\\/\\\/www.altercampagne.net\\\/wp-content\\\/uploads\\\/2016\\\/06\\\/plan-camping-parking-ou-je-suis.jpg\"},{\"@type\":\"BreadcrumbList\",\"@id\":\"https:\\\/\\\/www.altercampagne.net\\\/?p=5294#breadcrumb\",\"itemListElement\":[{\"@type\":\"ListItem\",\"position\":1,\"name\":\"Accueil\",\"item\":\"https:\\\/\\\/www.altercampagne.net\\\/\"},{\"@type\":\"ListItem\",\"position\":2,\"name\":\"Le Before Tour&#8230;\"}]},{\"@type\":\"WebSite\",\"@id\":\"https:\\\/\\\/www.altercampagne.net\\\/#website\",\"url\":\"https:\\\/\\\/www.altercampagne.net\\\/\",\"name\":\"AlterTour\",\"description\":\"Reliez les Alternatives \u00e0 v\u00e9lo\",\"potentialAction\":[{\"@type\":\"SearchAction\",\"target\":{\"@type\":\"EntryPoint\",\"urlTemplate\":\"https:\\\/\\\/www.altercampagne.net\\\/?s={search_term_string}\"},\"query-input\":{\"@type\":\"PropertyValueSpecification\",\"valueRequired\":true,\"valueName\":\"search_term_string\"}}],\"inLanguage\":\"fr-FR\"},{\"@type\":\"Person\",\"@id\":\"https:\\\/\\\/www.altercampagne.net\\\/#\\\/schema\\\/person\\\/e5b68c803196f649c2152249d262d94a\",\"name\":\"AlterTour\",\"image\":{\"@type\":\"ImageObject\",\"inLanguage\":\"fr-FR\",\"@id\":\"https:\\\/\\\/secure.gravatar.com\\\/avatar\\\/3f2ed77f8506b8ea264ad5938bb0114bfa10f35b64086a66dfbb6e9f58ad9693?s=96&d=mm&r=g\",\"url\":\"https:\\\/\\\/secure.gravatar.com\\\/avatar\\\/3f2ed77f8506b8ea264ad5938bb0114bfa10f35b64086a66dfbb6e9f58ad9693?s=96&d=mm&r=g\",\"contentUrl\":\"https:\\\/\\\/secure.gravatar.com\\\/avatar\\\/3f2ed77f8506b8ea264ad5938bb0114bfa10f35b64086a66dfbb6e9f58ad9693?s=96&d=mm&r=g\",\"caption\":\"AlterTour\"},\"url\":\"https:\\\/\\\/www.altercampagne.net\\\/?author=215\"}]}<\/script>\n<!-- \/ Yoast SEO plugin. -->","yoast_head_json":{"title":"Le Before Tour... - AlterTour","robots":{"index":"index","follow":"follow","max-snippet":"max-snippet:-1","max-image-preview":"max-image-preview:large","max-video-preview":"max-video-preview:-1"},"canonical":"https:\/\/www.altercampagne.net\/?p=5294","og_locale":"fr_FR","og_type":"article","og_title":"Le Before Tour... - AlterTour","og_description":"Quelques jours avant le d\u00e9but \u00ab officiel \u00bb de l\u2019AlterTour, les derniers pr\u00e9paratifs vont bon train\u2026 Chacun.e pr\u00e9pare ses affaires, les organisateurs d\u2019\u00e9tape s\u2019occupent des commandes, les volontaires conduisent les v\u00e9hicules et la remorque \u00e0 v\u00e9los jusqu\u2019au lieu du rendez-vous\u2026 et puis c\u2019est le BEFORE TOUR ! &nbsp; Le Before ... Read More","og_url":"https:\/\/www.altercampagne.net\/?p=5294","og_site_name":"AlterTour","article_published_time":"2016-06-22T11:27:04+00:00","article_modified_time":"2020-02-24T14:02:37+00:00","og_image":[{"url":"http:\/\/www.altercampagne.net\/wp-content\/uploads\/2016\/06\/plan-camping-parking-ou-je-suis.jpg","type":"","width":"","height":""}],"author":"AlterTour","twitter_card":"summary_large_image","twitter_misc":{"\u00c9crit par":"AlterTour","Dur\u00e9e de lecture estim\u00e9e":"1 minute"},"schema":{"@context":"https:\/\/schema.org","@graph":[{"@type":"Article","@id":"https:\/\/www.altercampagne.net\/?p=5294#article","isPartOf":{"@id":"https:\/\/www.altercampagne.net\/?p=5294"},"author":{"name":"AlterTour","@id":"https:\/\/www.altercampagne.net\/#\/schema\/person\/e5b68c803196f649c2152249d262d94a"},"headline":"Le Before Tour&#8230;","datePublished":"2016-06-22T11:27:04+00:00","dateModified":"2020-02-24T14:02:37+00:00","mainEntityOfPage":{"@id":"https:\/\/www.altercampagne.net\/?p=5294"},"wordCount":276,"image":{"@id":"https:\/\/www.altercampagne.net\/?p=5294#primaryimage"},"thumbnailUrl":"http:\/\/www.altercampagne.net\/wp-content\/uploads\/2016\/06\/plan-camping-parking-ou-je-suis.jpg","keywords":["bretagne","AlterTour 2016","2016","NDDL","Before Tour"],"articleSection":["\u00c9dition 2016"],"inLanguage":"fr-FR"},{"@type":"WebPage","@id":"https:\/\/www.altercampagne.net\/?p=5294","url":"https:\/\/www.altercampagne.net\/?p=5294","name":"Le Before Tour... - AlterTour","isPartOf":{"@id":"https:\/\/www.altercampagne.net\/#website"},"primaryImageOfPage":{"@id":"https:\/\/www.altercampagne.net\/?p=5294#primaryimage"},"image":{"@id":"https:\/\/www.altercampagne.net\/?p=5294#primaryimage"},"thumbnailUrl":"http:\/\/www.altercampagne.net\/wp-content\/uploads\/2016\/06\/plan-camping-parking-ou-je-suis.jpg","datePublished":"2016-06-22T11:27:04+00:00","dateModified":"2020-02-24T14:02:37+00:00","author":{"@id":"https:\/\/www.altercampagne.net\/#\/schema\/person\/e5b68c803196f649c2152249d262d94a"},"breadcrumb":{"@id":"https:\/\/www.altercampagne.net\/?p=5294#breadcrumb"},"inLanguage":"fr-FR","potentialAction":[{"@type":"ReadAction","target":["https:\/\/www.altercampagne.net\/?p=5294"]}]},{"@type":"ImageObject","inLanguage":"fr-FR","@id":"https:\/\/www.altercampagne.net\/?p=5294#primaryimage","url":"http:\/\/www.altercampagne.net\/wp-content\/uploads\/2016\/06\/plan-camping-parking-ou-je-suis.jpg","contentUrl":"http:\/\/www.altercampagne.net\/wp-content\/uploads\/2016\/06\/plan-camping-parking-ou-je-suis.jpg"},{"@type":"BreadcrumbList","@id":"https:\/\/www.altercampagne.net\/?p=5294#breadcrumb","itemListElement":[{"@type":"ListItem","position":1,"name":"Accueil","item":"https:\/\/www.altercampagne.net\/"},{"@type":"ListItem","position":2,"name":"Le Before Tour&#8230;"}]},{"@type":"WebSite","@id":"https:\/\/www.altercampagne.net\/#website","url":"https:\/\/www.altercampagne.net\/","name":"AlterTour","description":"Reliez les Alternatives \u00e0 v\u00e9lo","potentialAction":[{"@type":"SearchAction","target":{"@type":"EntryPoint","urlTemplate":"https:\/\/www.altercampagne.net\/?s={search_term_string}"},"query-input":{"@type":"PropertyValueSpecification","valueRequired":true,"valueName":"search_term_string"}}],"inLanguage":"fr-FR"},{"@type":"Person","@id":"https:\/\/www.altercampagne.net\/#\/schema\/person\/e5b68c803196f649c2152249d262d94a","name":"AlterTour","image":{"@type":"ImageObject","inLanguage":"fr-FR","@id":"https:\/\/secure.gravatar.com\/avatar\/3f2ed77f8506b8ea264ad5938bb0114bfa10f35b64086a66dfbb6e9f58ad9693?s=96&d=mm&r=g","url":"https:\/\/secure.gravatar.com\/avatar\/3f2ed77f8506b8ea264ad5938bb0114bfa10f35b64086a66dfbb6e9f58ad9693?s=96&d=mm&r=g","contentUrl":"https:\/\/secure.gravatar.com\/avatar\/3f2ed77f8506b8ea264ad5938bb0114bfa10f35b64086a66dfbb6e9f58ad9693?s=96&d=mm&r=g","caption":"AlterTour"},"url":"https:\/\/www.altercampagne.net\/?author=215"}]}},"_links":{"self":[{"href":"https:\/\/www.altercampagne.net\/index.php?rest_route=\/wp\/v2\/posts\/5294","targetHints":{"allow":["GET"]}}],"collection":[{"href":"https:\/\/www.altercampagne.net\/index.php?rest_route=\/wp\/v2\/posts"}],"about":[{"href":"https:\/\/www.altercampagne.net\/index.php?rest_route=\/wp\/v2\/types\/post"}],"author":[{"embeddable":true,"href":"https:\/\/www.altercampagne.net\/index.php?rest_route=\/wp\/v2\/users\/215"}],"replies":[{"embeddable":true,"href":"https:\/\/www.altercampagne.net\/index.php?rest_route=%2Fwp%2Fv2%2Fcomments&post=5294"}],"version-history":[{"count":1,"href":"https:\/\/www.altercampagne.net\/index.php?rest_route=\/wp\/v2\/posts\/5294\/revisions"}],"predecessor-version":[{"id":17325,"href":"https:\/\/www.altercampagne.net\/index.php?rest_route=\/wp\/v2\/posts\/5294\/revisions\/17325"}],"wp:attachment":[{"href":"https:\/\/www.altercampagne.net\/index.php?rest_route=%2Fwp%2Fv2%2Fmedia&parent=5294"}],"wp:term":[{"taxonomy":"category","embeddable":true,"href":"https:\/\/www.altercampagne.net\/index.php?rest_route=%2Fwp%2Fv2%2Fcategories&post=5294"},{"taxonomy":"post_tag","embeddable":true,"href":"https:\/\/www.altercampagne.net\/index.php?rest_route=%2Fwp%2Fv2%2Ftags&post=5294"}],"curies":[{"name":"wp","href":"https:\/\/api.w.org\/{rel}","templated":true}]}}