{"id":5296,"date":"2016-06-25T11:36:14","date_gmt":"2016-06-25T09:36:14","guid":{"rendered":"http:\/\/www.altercampagne.net\/?p=5296"},"modified":"2020-02-24T15:02:09","modified_gmt":"2020-02-24T14:02:09","slug":"laftertour-rangement-et-tri-a-la-fin-du-tour-de-cette-annee","status":"publish","type":"post","link":"https:\/\/www.altercampagne.net\/?p=5296","title":{"rendered":"l&rsquo;AfterTour, rangement et tri \u00e0 la fin du tour de cette ann\u00e9e"},"content":{"rendered":"<div id=\"magicdomid31\" class=\"\"><span class=\"author-a-z83zz77zz79zudz73zi3gjpv296z73z\">Le 21 ao\u00fbt, apr\u00e8s avoir f\u00eat\u00e9 en beaut\u00e9 la fin de cette \u00e9dition de l\u2019AlterTour, nous pourrons enfourcher de nouveau nos v\u00e9los, pour aller dans une ferme \u00e0 une petite dizaine de kilom\u00e8tres de Rennes <a href=\"https:\/\/www.google.fr\/maps\/place\/Delamarre+Jean\/@48.0671858,-1.7552708,12z\/data=!4m5!3m4!1s0x0:0x6ef0c977a5ebf7e9!8m2!3d48.0320713!4d-1.7140077\">(\u00e0 Bruz)<\/a>, pour l\u2019AfterTour.<\/span><\/div>\n<div id=\"magicdomid32\" class=\"\"><\/div>\n<h3><span style=\"color: #ff6600;\">L\u2019AfterTour ?!<\/span><\/h3>\n<div id=\"magicdomid34\" class=\"\"><span class=\"author-a-z83zz77zz79zudz73zi3gjpv296z73z\">C&rsquo;est un moment apr\u00e8s la fin de l&rsquo;AlterTour o\u00f9 on finit les restes, on range les v\u00e9hicules, on trie, fait l&rsquo;inventaire et on nettoie, avant que les v\u00e9hicules ne repartent vers de nouveaux horizons jusqu&rsquo;\u00e0 l&rsquo;ann\u00e9e prochaine !&nbsp;<\/span><\/div>\n<div id=\"magicdomid35\" class=\"\"><span class=\"author-a-z83zz77zz79zudz73zi3gjpv296z73z\">Il aura lieu <\/span><span class=\"author-a-z83zz77zz79zudz73zi3gjpv296z73z b\" style=\"color: #ff6600;\"><b>du dimanche 21 au mardi 23 ao\u00fbt max<\/b><\/span><span class=\"author-a-z83zz77zz79zudz73zi3gjpv296z73z\"> (en fonction de notre avancement)<\/span><\/div>\n<div id=\"magicdomid36\" class=\"\"><\/div>\n<div id=\"magicdomid37\" class=\"\"><span class=\"author-a-z83zz77zz79zudz73zi3gjpv296z73z\">Ces journ\u00e9es sont aussi l&rsquo;occasion &nbsp;de passer un peu plus de temps dans l&rsquo;ambiance AlterTour avant le prochain, de souffler avant de repartir dans ses p\u00e9nates&#8230; Et plus on est, mieux \u00e7a roule et plus vite on a fini !&nbsp;<\/span><\/div>\n<div id=\"magicdomid38\" class=\"\"><span class=\"author-a-z83zz77zz79zudz73zi3gjpv296z73z\">Elles ne sont pas consid\u00e9r\u00e9es comme des journ\u00e9es \u00ab\u00a0\u00e0 inscription\u00a0\u00bb (donc pas payantes &#8211; les repas sont pris en charge par l&rsquo;AlterTour),&nbsp;<\/span><\/div>\n<div id=\"magicdomid39\" class=\"\"><span class=\"author-a-z83zz77zz79zudz73zi3gjpv296z73z\">N&rsquo;h\u00e9sitez pas, engagez-vous ! \ud83d\ude42&nbsp;<\/span>Pour indiquer votre participation,&nbsp;vous pouvez cocher la case sur l'\u00a0\u00bbAlterTour Off\u00a0\u00bb lors de votre inscription \u00e0 l&rsquo;AlterTour.<\/div>\n<div id=\"magicdomid41\" class=\"\"><\/div>\n<div id=\"magicdomid42\" class=\"\"><span class=\"author-a-z83zz77zz79zudz73zi3gjpv296z73z\">Si vous avez du temps apr\u00e8s l&rsquo;AfterTour pour d\u00e9placer les v\u00e9hicules, dites nous aussi !&nbsp;<\/span><\/div>\n<div id=\"magicdomid43\" class=\"\"><\/div>\n<div id=\"magicdomid44\" class=\"\"><span class=\"author-a-z83zz77zz79zudz73zi3gjpv296z73z\">Pour l&rsquo;instant le(s) lieu(x) de stockage pour les v\u00e9hicules n&rsquo;est pas trouv\u00e9&#8230;<\/span><\/div>\n<div id=\"magicdomid45\" class=\"\"><span class=\"author-a-z83zz77zz79zudz73zi3gjpv296z73z\">&nbsp;<\/span><\/div>\n<div id=\"magicdomid46\" class=\"\"><span class=\"author-a-z83zz77zz79zudz73zi3gjpv296z73z\"><span style=\"color: #ff6600;\">Nous cherchons un lieu couvert pour accueillir un ou deux v\u00e9hicules.<\/span> Les batteries des camions doivent \u00eatre stock\u00e9es dans un lieu temp\u00e9r\u00e9 pendant les p\u00e9riodes de froid. Si avez de la place chez vous ou chez des amis n&rsquo;h\u00e9sitez pas nous le signaler !&nbsp;<\/span><\/div>\n<div id=\"magicdomid47\" class=\"\"><span class=\"author-a-z83zz77zz79zudz73zi3gjpv296z73z\">Voici les dimensions :<\/span><\/div>\n<div id=\"magicdomid48\" class=\"\"><span class=\"author-a-z83zz77zz79zudz73zi3gjpv296z73z\">&#8211; Fourgon :6,38 L x 2,13 l x 3,27 H<\/span><\/div>\n<div id=\"magicdomid49\" class=\"\"><span class=\"author-a-z83zz77zz79zudz73zi3gjpv296z73z\">&#8211; Mini-Bus :4,93 L x 2,05 l x 2,25 H<\/span><\/div>\n<div id=\"magicdomid50\" class=\"\"><span class=\"author-a-z83zz77zz79zudz73zi3gjpv296z73z\">&#8211; Remorque \u00e0 v\u00e9los : 5,10 L x 1,86 lx 2,18 H<\/span><\/div>\n<div class=\"\"><\/div>\n<div class=\"\"><\/div>\n","protected":false},"excerpt":{"rendered":"<p>Le 21 ao\u00fbt, apr\u00e8s avoir f\u00eat\u00e9 en beaut\u00e9 la fin de cette \u00e9dition de l\u2019AlterTour, nous pourrons enfourcher de nouveau nos v\u00e9los, pour aller dans une ferme \u00e0 une petite dizaine de kilom\u00e8tres de Rennes (\u00e0 Bruz), pour l\u2019AfterTour. L\u2019AfterTour ?! C&rsquo;est un moment apr\u00e8s la fin de l&rsquo;AlterTour o\u00f9 &#8230; <\/p>\n<div><a href=\"https:\/\/www.altercampagne.net\/?p=5296\" class=\"more-link\">Read More<\/a><\/div>\n","protected":false},"author":215,"featured_media":0,"comment_status":"closed","ping_status":"closed","sticky":false,"template":"","format":"standard","meta":{"footnotes":""},"categories":[3459],"tags":[82,383,1652],"class_list":["post-5296","post","type-post","status-publish","format-standard","hentry","category-edition-2016","tag-rennes","tag-altertour-2016","tag-1652","no-post-thumbnail"],"yoast_head":"<!-- This site is optimized with the Yoast SEO plugin v27.3 - https:\/\/yoast.com\/product\/yoast-seo-wordpress\/ -->\n<title>l&#039;AfterTour, rangement et tri \u00e0 la fin du tour de cette ann\u00e9e - AlterTour<\/title>\n<meta name=\"robots\" content=\"index, follow, max-snippet:-1, max-image-preview:large, max-video-preview:-1\" \/>\n<link rel=\"canonical\" href=\"https:\/\/www.altercampagne.net\/?p=5296\" \/>\n<meta property=\"og:locale\" content=\"fr_FR\" \/>\n<meta property=\"og:type\" content=\"article\" \/>\n<meta property=\"og:title\" content=\"l&#039;AfterTour, rangement et tri \u00e0 la fin du tour de cette ann\u00e9e - AlterTour\" \/>\n<meta property=\"og:description\" content=\"Le 21 ao\u00fbt, apr\u00e8s avoir f\u00eat\u00e9 en beaut\u00e9 la fin de cette \u00e9dition de l\u2019AlterTour, nous pourrons enfourcher de nouveau nos v\u00e9los, pour aller dans une ferme \u00e0 une petite dizaine de kilom\u00e8tres de Rennes (\u00e0 Bruz), pour l\u2019AfterTour. L\u2019AfterTour ?! C&rsquo;est un moment apr\u00e8s la fin de l&rsquo;AlterTour o\u00f9 ... Read More\" \/>\n<meta property=\"og:url\" content=\"https:\/\/www.altercampagne.net\/?p=5296\" \/>\n<meta property=\"og:site_name\" content=\"AlterTour\" \/>\n<meta property=\"article:published_time\" content=\"2016-06-25T09:36:14+00:00\" \/>\n<meta property=\"article:modified_time\" content=\"2020-02-24T14:02:09+00:00\" \/>\n<meta name=\"author\" content=\"AlterTour\" \/>\n<meta name=\"twitter:card\" content=\"summary_large_image\" \/>\n<meta name=\"twitter:label1\" content=\"\u00c9crit par\" \/>\n\t<meta name=\"twitter:data1\" content=\"AlterTour\" \/>\n\t<meta name=\"twitter:label2\" content=\"Dur\u00e9e de lecture estim\u00e9e\" \/>\n\t<meta name=\"twitter:data2\" content=\"2 minutes\" \/>\n<script type=\"application\/ld+json\" class=\"yoast-schema-graph\">{\"@context\":\"https:\\\/\\\/schema.org\",\"@graph\":[{\"@type\":\"Article\",\"@id\":\"https:\\\/\\\/www.altercampagne.net\\\/?p=5296#article\",\"isPartOf\":{\"@id\":\"https:\\\/\\\/www.altercampagne.net\\\/?p=5296\"},\"author\":{\"name\":\"AlterTour\",\"@id\":\"https:\\\/\\\/www.altercampagne.net\\\/#\\\/schema\\\/person\\\/e5b68c803196f649c2152249d262d94a\"},\"headline\":\"l&rsquo;AfterTour, rangement et tri \u00e0 la fin du tour de cette ann\u00e9e\",\"datePublished\":\"2016-06-25T09:36:14+00:00\",\"dateModified\":\"2020-02-24T14:02:09+00:00\",\"mainEntityOfPage\":{\"@id\":\"https:\\\/\\\/www.altercampagne.net\\\/?p=5296\"},\"wordCount\":328,\"keywords\":[\"Rennes\",\"AlterTour 2016\",\"2016\"],\"articleSection\":[\"\u00c9dition 2016\"],\"inLanguage\":\"fr-FR\"},{\"@type\":\"WebPage\",\"@id\":\"https:\\\/\\\/www.altercampagne.net\\\/?p=5296\",\"url\":\"https:\\\/\\\/www.altercampagne.net\\\/?p=5296\",\"name\":\"l'AfterTour, rangement et tri \u00e0 la fin du tour de cette ann\u00e9e - AlterTour\",\"isPartOf\":{\"@id\":\"https:\\\/\\\/www.altercampagne.net\\\/#website\"},\"datePublished\":\"2016-06-25T09:36:14+00:00\",\"dateModified\":\"2020-02-24T14:02:09+00:00\",\"author\":{\"@id\":\"https:\\\/\\\/www.altercampagne.net\\\/#\\\/schema\\\/person\\\/e5b68c803196f649c2152249d262d94a\"},\"breadcrumb\":{\"@id\":\"https:\\\/\\\/www.altercampagne.net\\\/?p=5296#breadcrumb\"},\"inLanguage\":\"fr-FR\",\"potentialAction\":[{\"@type\":\"ReadAction\",\"target\":[\"https:\\\/\\\/www.altercampagne.net\\\/?p=5296\"]}]},{\"@type\":\"BreadcrumbList\",\"@id\":\"https:\\\/\\\/www.altercampagne.net\\\/?p=5296#breadcrumb\",\"itemListElement\":[{\"@type\":\"ListItem\",\"position\":1,\"name\":\"Accueil\",\"item\":\"https:\\\/\\\/www.altercampagne.net\\\/\"},{\"@type\":\"ListItem\",\"position\":2,\"name\":\"l&rsquo;AfterTour, rangement et tri \u00e0 la fin du tour de cette ann\u00e9e\"}]},{\"@type\":\"WebSite\",\"@id\":\"https:\\\/\\\/www.altercampagne.net\\\/#website\",\"url\":\"https:\\\/\\\/www.altercampagne.net\\\/\",\"name\":\"AlterTour\",\"description\":\"Reliez les Alternatives \u00e0 v\u00e9lo\",\"potentialAction\":[{\"@type\":\"SearchAction\",\"target\":{\"@type\":\"EntryPoint\",\"urlTemplate\":\"https:\\\/\\\/www.altercampagne.net\\\/?s={search_term_string}\"},\"query-input\":{\"@type\":\"PropertyValueSpecification\",\"valueRequired\":true,\"valueName\":\"search_term_string\"}}],\"inLanguage\":\"fr-FR\"},{\"@type\":\"Person\",\"@id\":\"https:\\\/\\\/www.altercampagne.net\\\/#\\\/schema\\\/person\\\/e5b68c803196f649c2152249d262d94a\",\"name\":\"AlterTour\",\"image\":{\"@type\":\"ImageObject\",\"inLanguage\":\"fr-FR\",\"@id\":\"https:\\\/\\\/secure.gravatar.com\\\/avatar\\\/3f2ed77f8506b8ea264ad5938bb0114bfa10f35b64086a66dfbb6e9f58ad9693?s=96&d=mm&r=g\",\"url\":\"https:\\\/\\\/secure.gravatar.com\\\/avatar\\\/3f2ed77f8506b8ea264ad5938bb0114bfa10f35b64086a66dfbb6e9f58ad9693?s=96&d=mm&r=g\",\"contentUrl\":\"https:\\\/\\\/secure.gravatar.com\\\/avatar\\\/3f2ed77f8506b8ea264ad5938bb0114bfa10f35b64086a66dfbb6e9f58ad9693?s=96&d=mm&r=g\",\"caption\":\"AlterTour\"},\"url\":\"https:\\\/\\\/www.altercampagne.net\\\/?author=215\"}]}<\/script>\n<!-- \/ Yoast SEO plugin. -->","yoast_head_json":{"title":"l'AfterTour, rangement et tri \u00e0 la fin du tour de cette ann\u00e9e - AlterTour","robots":{"index":"index","follow":"follow","max-snippet":"max-snippet:-1","max-image-preview":"max-image-preview:large","max-video-preview":"max-video-preview:-1"},"canonical":"https:\/\/www.altercampagne.net\/?p=5296","og_locale":"fr_FR","og_type":"article","og_title":"l'AfterTour, rangement et tri \u00e0 la fin du tour de cette ann\u00e9e - AlterTour","og_description":"Le 21 ao\u00fbt, apr\u00e8s avoir f\u00eat\u00e9 en beaut\u00e9 la fin de cette \u00e9dition de l\u2019AlterTour, nous pourrons enfourcher de nouveau nos v\u00e9los, pour aller dans une ferme \u00e0 une petite dizaine de kilom\u00e8tres de Rennes (\u00e0 Bruz), pour l\u2019AfterTour. L\u2019AfterTour ?! C&rsquo;est un moment apr\u00e8s la fin de l&rsquo;AlterTour o\u00f9 ... Read More","og_url":"https:\/\/www.altercampagne.net\/?p=5296","og_site_name":"AlterTour","article_published_time":"2016-06-25T09:36:14+00:00","article_modified_time":"2020-02-24T14:02:09+00:00","author":"AlterTour","twitter_card":"summary_large_image","twitter_misc":{"\u00c9crit par":"AlterTour","Dur\u00e9e de lecture estim\u00e9e":"2 minutes"},"schema":{"@context":"https:\/\/schema.org","@graph":[{"@type":"Article","@id":"https:\/\/www.altercampagne.net\/?p=5296#article","isPartOf":{"@id":"https:\/\/www.altercampagne.net\/?p=5296"},"author":{"name":"AlterTour","@id":"https:\/\/www.altercampagne.net\/#\/schema\/person\/e5b68c803196f649c2152249d262d94a"},"headline":"l&rsquo;AfterTour, rangement et tri \u00e0 la fin du tour de cette ann\u00e9e","datePublished":"2016-06-25T09:36:14+00:00","dateModified":"2020-02-24T14:02:09+00:00","mainEntityOfPage":{"@id":"https:\/\/www.altercampagne.net\/?p=5296"},"wordCount":328,"keywords":["Rennes","AlterTour 2016","2016"],"articleSection":["\u00c9dition 2016"],"inLanguage":"fr-FR"},{"@type":"WebPage","@id":"https:\/\/www.altercampagne.net\/?p=5296","url":"https:\/\/www.altercampagne.net\/?p=5296","name":"l'AfterTour, rangement et tri \u00e0 la fin du tour de cette ann\u00e9e - AlterTour","isPartOf":{"@id":"https:\/\/www.altercampagne.net\/#website"},"datePublished":"2016-06-25T09:36:14+00:00","dateModified":"2020-02-24T14:02:09+00:00","author":{"@id":"https:\/\/www.altercampagne.net\/#\/schema\/person\/e5b68c803196f649c2152249d262d94a"},"breadcrumb":{"@id":"https:\/\/www.altercampagne.net\/?p=5296#breadcrumb"},"inLanguage":"fr-FR","potentialAction":[{"@type":"ReadAction","target":["https:\/\/www.altercampagne.net\/?p=5296"]}]},{"@type":"BreadcrumbList","@id":"https:\/\/www.altercampagne.net\/?p=5296#breadcrumb","itemListElement":[{"@type":"ListItem","position":1,"name":"Accueil","item":"https:\/\/www.altercampagne.net\/"},{"@type":"ListItem","position":2,"name":"l&rsquo;AfterTour, rangement et tri \u00e0 la fin du tour de cette ann\u00e9e"}]},{"@type":"WebSite","@id":"https:\/\/www.altercampagne.net\/#website","url":"https:\/\/www.altercampagne.net\/","name":"AlterTour","description":"Reliez les Alternatives \u00e0 v\u00e9lo","potentialAction":[{"@type":"SearchAction","target":{"@type":"EntryPoint","urlTemplate":"https:\/\/www.altercampagne.net\/?s={search_term_string}"},"query-input":{"@type":"PropertyValueSpecification","valueRequired":true,"valueName":"search_term_string"}}],"inLanguage":"fr-FR"},{"@type":"Person","@id":"https:\/\/www.altercampagne.net\/#\/schema\/person\/e5b68c803196f649c2152249d262d94a","name":"AlterTour","image":{"@type":"ImageObject","inLanguage":"fr-FR","@id":"https:\/\/secure.gravatar.com\/avatar\/3f2ed77f8506b8ea264ad5938bb0114bfa10f35b64086a66dfbb6e9f58ad9693?s=96&d=mm&r=g","url":"https:\/\/secure.gravatar.com\/avatar\/3f2ed77f8506b8ea264ad5938bb0114bfa10f35b64086a66dfbb6e9f58ad9693?s=96&d=mm&r=g","contentUrl":"https:\/\/secure.gravatar.com\/avatar\/3f2ed77f8506b8ea264ad5938bb0114bfa10f35b64086a66dfbb6e9f58ad9693?s=96&d=mm&r=g","caption":"AlterTour"},"url":"https:\/\/www.altercampagne.net\/?author=215"}]}},"_links":{"self":[{"href":"https:\/\/www.altercampagne.net\/index.php?rest_route=\/wp\/v2\/posts\/5296","targetHints":{"allow":["GET"]}}],"collection":[{"href":"https:\/\/www.altercampagne.net\/index.php?rest_route=\/wp\/v2\/posts"}],"about":[{"href":"https:\/\/www.altercampagne.net\/index.php?rest_route=\/wp\/v2\/types\/post"}],"author":[{"embeddable":true,"href":"https:\/\/www.altercampagne.net\/index.php?rest_route=\/wp\/v2\/users\/215"}],"replies":[{"embeddable":true,"href":"https:\/\/www.altercampagne.net\/index.php?rest_route=%2Fwp%2Fv2%2Fcomments&post=5296"}],"version-history":[{"count":1,"href":"https:\/\/www.altercampagne.net\/index.php?rest_route=\/wp\/v2\/posts\/5296\/revisions"}],"predecessor-version":[{"id":17324,"href":"https:\/\/www.altercampagne.net\/index.php?rest_route=\/wp\/v2\/posts\/5296\/revisions\/17324"}],"wp:attachment":[{"href":"https:\/\/www.altercampagne.net\/index.php?rest_route=%2Fwp%2Fv2%2Fmedia&parent=5296"}],"wp:term":[{"taxonomy":"category","embeddable":true,"href":"https:\/\/www.altercampagne.net\/index.php?rest_route=%2Fwp%2Fv2%2Fcategories&post=5296"},{"taxonomy":"post_tag","embeddable":true,"href":"https:\/\/www.altercampagne.net\/index.php?rest_route=%2Fwp%2Fv2%2Ftags&post=5296"}],"curies":[{"name":"wp","href":"https:\/\/api.w.org\/{rel}","templated":true}]}}