{"id":5321,"date":"2016-06-27T08:20:34","date_gmt":"2016-06-27T06:20:34","guid":{"rendered":"http:\/\/www.altercampagne.net\/?p=5321"},"modified":"2019-09-13T15:52:11","modified_gmt":"2019-09-13T13:52:11","slug":"champ-commun-les-16-et-17-aout-a-augan","status":"publish","type":"post","link":"https:\/\/www.altercampagne.net\/?p=5321","title":{"rendered":"Champ Commun les 16 et 17 ao\u00fbt \u00e0 Augan"},"content":{"rendered":"<p style=\"text-align: justify;\"><a href=\"http:\/\/www.altercampagne.net\/wp-content\/uploads\/2016\/05\/2016-08-16-champ-commun.jpg\"><img loading=\"lazy\" decoding=\"async\" class=\" size-medium wp-image-4861 alignright\" src=\"http:\/\/www.altercampagne.net\/wp-content\/uploads\/2016\/05\/2016-08-16-champ-commun-300x219.jpg\" alt=\"champ commun\" width=\"300\" height=\"219\" srcset=\"https:\/\/www.altercampagne.net\/wp-content\/uploads\/2016\/05\/2016-08-16-champ-commun-300x219.jpg 300w, https:\/\/www.altercampagne.net\/wp-content\/uploads\/2016\/05\/2016-08-16-champ-commun.jpg 686w\" sizes=\"auto, (max-width: 300px) 100vw, 300px\" \/><\/a>Tout commence par une histoire d\u2019ADN, celui de l\u2019\u00e9duc pop\u2019. Ou quand des sociologues bien entour\u00e9s r\u00e9ussissent \u00e0 associer forces et talents pour d\u00e9passer les constats fatalistes et faire \u00e9merger une action ancr\u00e9e dans le quotidien. Ainsi est cr\u00e9\u00e9e la coop\u00e9rative en 2010, \u00e0 Augan, petite ville de 1500 \u00e2mes au c\u0153ur du Morbihan. Le Champ Commun, c\u2019est d\u2019abord des concern\u00e9s : des permanents, au nombre de 16, des associ\u00e9s, presque 160, salari\u00e9s et usagers confondus. Ils s\u2019organisent collectivement pour faire vivre leur coop\u00e9rative de services de proximit\u00e9, dans un territoire d\u00e9sert\u00e9 par les petits commerces et les espaces du&nbsp;bien vivre ensemble. En r\u00e9sulte un biotope \u00e9conomique aux rentabilit\u00e9s variables mais compl\u00e9mentaires : un bar, l\u2019Estaminet, espace de rencontres, de r\u00e9flexion, de convivialit\u00e9 et sa micro brasserie ; une \u00e9picerie, le Garde-manger, pour s\u2019approvisionner en privil\u00e9giant le local et la qualit\u00e9. Bient\u00f4t une auberge&#8230; et pourquoi pas un fournil ?! Leur cr\u00e9do ? L\u2019essaimage pour ouvrir le champ des possibles par la d\u00e9monstration, et accompagner les potentiels.<\/p>\n<p><strong>\u00ab Le bien commun, c\u2019est du gros bon sens \u00bb<\/strong><\/p>\n<p style=\"text-align: justify;\">\u00ab On r\u00e9invente le fil \u00e0 couper le beurre, l\u00e0. Le bien commun, c\u2019est na\u00efvement du gros bon sens comme on dit au Qu\u00e9bec. Ce sont des espaces o\u00f9 les gens red\u00e9couvrent ce que veulent dire la solidarit\u00e9, la r\u00e9appropriation de ce qui fait notre quotidien. Nous, c\u2019est un petit machin, qui d\u00e9termine du commun sur un espace qu\u2019on ma\u00eetrise. On peut commencer \u00e0 l\u2019endroit o\u00f9 on se trouve. C\u2019est aussi un bien commun dans le sens o\u00f9 \u00e7a repose sur une conception du vivre ensemble dans le cadre d\u2019une collectivit\u00e9, d\u2019un espace d\u2019appropriation qui soit \u00e0 la hauteur des gens. On a envie d\u2019amener autour des propositions, des espaces de r\u00e9flexions. Par exemple, dans l\u2019\u00e9picerie, on peut faire ses courses compl\u00e8tement en bio et \u00eatre confront\u00e9 \u00e0 quelqu\u2019un qui les fera en conventionnel. Cet \u00e9change l\u00e0 est productif, il am\u00e8ne les gens \u00e0 r\u00e9interroger leurs pratiques de consommation. \u00bb<\/p>\n<p style=\"text-align: right;\"><strong>Henry-George MADELAINE, co-g\u00e9rant de la coop\u00e9rative et salari\u00e9 de Localid\u00e9es, association qui diffuse l\u2019exp\u00e9rience du Champ commun<\/strong><\/p>\n<p>Extrait du Recueil des Alternatives de l\u2019AlterTour 2016, disponible dans le num\u00e9ro de juin de la <a title=\"Revue Silence\" href=\"http:\/\/www.revuesilence.net\/\" target=\"_blank\" rel=\"noopener noreferrer\">Revue Silence<\/a>.<\/p>\n<p>Champ Commun accueillera l\u2019AlterTour les 16 et 17 ao\u00fbt 2016 \u00e0 Augan (Morbihan). D\u00e9tail des \u00e9tapes : <a href=\"http:\/\/www.altercampagne.net\/?page_id=172&amp;route=90\">ici<\/a><\/p>\n","protected":false},"excerpt":{"rendered":"<p>Tout commence par une histoire d\u2019ADN, celui de l\u2019\u00e9duc pop\u2019. Ou quand des sociologues bien entour\u00e9s r\u00e9ussissent \u00e0 associer forces et talents pour d\u00e9passer les constats fatalistes et faire \u00e9merger une action ancr\u00e9e dans le quotidien. Ainsi est cr\u00e9\u00e9e la coop\u00e9rative en 2010, \u00e0 Augan, petite ville de 1500 \u00e2mes &#8230; <\/p>\n<div><a href=\"https:\/\/www.altercampagne.net\/?p=5321\" class=\"more-link\">Read More<\/a><\/div>\n","protected":false},"author":214,"featured_media":15456,"comment_status":"closed","ping_status":"closed","sticky":false,"template":"","format":"standard","meta":{"footnotes":""},"categories":[3489,3472,3484,3459,3488,3540],"tags":[13,20,383,412,518,1652,2480,2481,2846,2849,2850,2851],"class_list":["post-5321","post","type-post","status-publish","format-standard","has-post-thumbnail","hentry","category-alimentation","category-bretagne","category-economie","category-edition-2016","category-social","category-transverse","tag-revue-silence","tag-bretagne","tag-altertour-2016","tag-morbihan","tag-champ-commun","tag-1652","tag-augan","tag-henry-george-madelaine","tag-accueillant","tag-accueillant2016","tag-accueillant-2016","tag-altertour2016"],"yoast_head":"<!-- This site is optimized with the Yoast SEO plugin v27.3 - https:\/\/yoast.com\/product\/yoast-seo-wordpress\/ -->\n<title>Champ Commun les 16 et 17 ao\u00fbt \u00e0 Augan - AlterTour<\/title>\n<meta name=\"robots\" content=\"index, follow, max-snippet:-1, max-image-preview:large, max-video-preview:-1\" \/>\n<link rel=\"canonical\" href=\"https:\/\/www.altercampagne.net\/?p=5321\" \/>\n<meta property=\"og:locale\" content=\"fr_FR\" \/>\n<meta property=\"og:type\" content=\"article\" \/>\n<meta property=\"og:title\" content=\"Champ Commun les 16 et 17 ao\u00fbt \u00e0 Augan - AlterTour\" \/>\n<meta property=\"og:description\" content=\"Tout commence par une histoire d\u2019ADN, celui de l\u2019\u00e9duc pop\u2019. Ou quand des sociologues bien entour\u00e9s r\u00e9ussissent \u00e0 associer forces et talents pour d\u00e9passer les constats fatalistes et faire \u00e9merger une action ancr\u00e9e dans le quotidien. Ainsi est cr\u00e9\u00e9e la coop\u00e9rative en 2010, \u00e0 Augan, petite ville de 1500 \u00e2mes ... Read More\" \/>\n<meta property=\"og:url\" content=\"https:\/\/www.altercampagne.net\/?p=5321\" \/>\n<meta property=\"og:site_name\" content=\"AlterTour\" \/>\n<meta property=\"article:published_time\" content=\"2016-06-27T06:20:34+00:00\" \/>\n<meta property=\"article:modified_time\" content=\"2019-09-13T13:52:11+00:00\" \/>\n<meta property=\"og:image\" content=\"https:\/\/www.altercampagne.net\/wp-content\/uploads\/2016\/06\/2016-06-27-canvas3.jpg\" \/>\n\t<meta property=\"og:image:width\" content=\"574\" \/>\n\t<meta property=\"og:image:height\" content=\"300\" \/>\n\t<meta property=\"og:image:type\" content=\"image\/jpeg\" \/>\n<meta name=\"author\" content=\"Mathieu\" \/>\n<meta name=\"twitter:card\" content=\"summary_large_image\" \/>\n<meta name=\"twitter:label1\" content=\"\u00c9crit par\" \/>\n\t<meta name=\"twitter:data1\" content=\"Mathieu\" \/>\n\t<meta name=\"twitter:label2\" content=\"Dur\u00e9e de lecture estim\u00e9e\" \/>\n\t<meta name=\"twitter:data2\" content=\"2 minutes\" \/>\n<script type=\"application\/ld+json\" class=\"yoast-schema-graph\">{\"@context\":\"https:\\\/\\\/schema.org\",\"@graph\":[{\"@type\":\"Article\",\"@id\":\"https:\\\/\\\/www.altercampagne.net\\\/?p=5321#article\",\"isPartOf\":{\"@id\":\"https:\\\/\\\/www.altercampagne.net\\\/?p=5321\"},\"author\":{\"name\":\"Mathieu\",\"@id\":\"https:\\\/\\\/www.altercampagne.net\\\/#\\\/schema\\\/person\\\/0f261460c09e430caa0f9bcffa319109\"},\"headline\":\"Champ Commun les 16 et 17 ao\u00fbt \u00e0 Augan\",\"datePublished\":\"2016-06-27T06:20:34+00:00\",\"dateModified\":\"2019-09-13T13:52:11+00:00\",\"mainEntityOfPage\":{\"@id\":\"https:\\\/\\\/www.altercampagne.net\\\/?p=5321\"},\"wordCount\":424,\"image\":{\"@id\":\"https:\\\/\\\/www.altercampagne.net\\\/?p=5321#primaryimage\"},\"thumbnailUrl\":\"https:\\\/\\\/www.altercampagne.net\\\/wp-content\\\/uploads\\\/2016\\\/06\\\/2016-06-27-canvas3.jpg\",\"keywords\":[\"revue Silence\",\"bretagne\",\"AlterTour 2016\",\"morbihan\",\"champ commun\",\"2016\",\"Augan\",\"Henry-George MADELAINE\",\"accueillant\",\"accueillant2016\",\"accueillant 2016\",\"AlterTour2016\"],\"articleSection\":[\"Alimentation\",\"Bretagne\",\"\u00c9conomie\",\"\u00c9dition 2016\",\"Social\",\"Transverse\"],\"inLanguage\":\"fr-FR\"},{\"@type\":\"WebPage\",\"@id\":\"https:\\\/\\\/www.altercampagne.net\\\/?p=5321\",\"url\":\"https:\\\/\\\/www.altercampagne.net\\\/?p=5321\",\"name\":\"Champ Commun les 16 et 17 ao\u00fbt \u00e0 Augan - AlterTour\",\"isPartOf\":{\"@id\":\"https:\\\/\\\/www.altercampagne.net\\\/#website\"},\"primaryImageOfPage\":{\"@id\":\"https:\\\/\\\/www.altercampagne.net\\\/?p=5321#primaryimage\"},\"image\":{\"@id\":\"https:\\\/\\\/www.altercampagne.net\\\/?p=5321#primaryimage\"},\"thumbnailUrl\":\"https:\\\/\\\/www.altercampagne.net\\\/wp-content\\\/uploads\\\/2016\\\/06\\\/2016-06-27-canvas3.jpg\",\"datePublished\":\"2016-06-27T06:20:34+00:00\",\"dateModified\":\"2019-09-13T13:52:11+00:00\",\"author\":{\"@id\":\"https:\\\/\\\/www.altercampagne.net\\\/#\\\/schema\\\/person\\\/0f261460c09e430caa0f9bcffa319109\"},\"breadcrumb\":{\"@id\":\"https:\\\/\\\/www.altercampagne.net\\\/?p=5321#breadcrumb\"},\"inLanguage\":\"fr-FR\",\"potentialAction\":[{\"@type\":\"ReadAction\",\"target\":[\"https:\\\/\\\/www.altercampagne.net\\\/?p=5321\"]}]},{\"@type\":\"ImageObject\",\"inLanguage\":\"fr-FR\",\"@id\":\"https:\\\/\\\/www.altercampagne.net\\\/?p=5321#primaryimage\",\"url\":\"https:\\\/\\\/www.altercampagne.net\\\/wp-content\\\/uploads\\\/2016\\\/06\\\/2016-06-27-canvas3.jpg\",\"contentUrl\":\"https:\\\/\\\/www.altercampagne.net\\\/wp-content\\\/uploads\\\/2016\\\/06\\\/2016-06-27-canvas3.jpg\",\"width\":574,\"height\":300},{\"@type\":\"BreadcrumbList\",\"@id\":\"https:\\\/\\\/www.altercampagne.net\\\/?p=5321#breadcrumb\",\"itemListElement\":[{\"@type\":\"ListItem\",\"position\":1,\"name\":\"Accueil\",\"item\":\"https:\\\/\\\/www.altercampagne.net\\\/\"},{\"@type\":\"ListItem\",\"position\":2,\"name\":\"Champ Commun les 16 et 17 ao\u00fbt \u00e0 Augan\"}]},{\"@type\":\"WebSite\",\"@id\":\"https:\\\/\\\/www.altercampagne.net\\\/#website\",\"url\":\"https:\\\/\\\/www.altercampagne.net\\\/\",\"name\":\"AlterTour\",\"description\":\"Reliez les Alternatives \u00e0 v\u00e9lo\",\"potentialAction\":[{\"@type\":\"SearchAction\",\"target\":{\"@type\":\"EntryPoint\",\"urlTemplate\":\"https:\\\/\\\/www.altercampagne.net\\\/?s={search_term_string}\"},\"query-input\":{\"@type\":\"PropertyValueSpecification\",\"valueRequired\":true,\"valueName\":\"search_term_string\"}}],\"inLanguage\":\"fr-FR\"},{\"@type\":\"Person\",\"@id\":\"https:\\\/\\\/www.altercampagne.net\\\/#\\\/schema\\\/person\\\/0f261460c09e430caa0f9bcffa319109\",\"name\":\"Mathieu\",\"image\":{\"@type\":\"ImageObject\",\"inLanguage\":\"fr-FR\",\"@id\":\"https:\\\/\\\/secure.gravatar.com\\\/avatar\\\/aa9d3d24c83f2141e5e2709d0f63d09a99f6be6bb7a50abc4915838d9f54501a?s=96&d=mm&r=g\",\"url\":\"https:\\\/\\\/secure.gravatar.com\\\/avatar\\\/aa9d3d24c83f2141e5e2709d0f63d09a99f6be6bb7a50abc4915838d9f54501a?s=96&d=mm&r=g\",\"contentUrl\":\"https:\\\/\\\/secure.gravatar.com\\\/avatar\\\/aa9d3d24c83f2141e5e2709d0f63d09a99f6be6bb7a50abc4915838d9f54501a?s=96&d=mm&r=g\",\"caption\":\"Mathieu\"},\"url\":\"https:\\\/\\\/www.altercampagne.net\\\/?author=214\"}]}<\/script>\n<!-- \/ Yoast SEO plugin. -->","yoast_head_json":{"title":"Champ Commun les 16 et 17 ao\u00fbt \u00e0 Augan - AlterTour","robots":{"index":"index","follow":"follow","max-snippet":"max-snippet:-1","max-image-preview":"max-image-preview:large","max-video-preview":"max-video-preview:-1"},"canonical":"https:\/\/www.altercampagne.net\/?p=5321","og_locale":"fr_FR","og_type":"article","og_title":"Champ Commun les 16 et 17 ao\u00fbt \u00e0 Augan - AlterTour","og_description":"Tout commence par une histoire d\u2019ADN, celui de l\u2019\u00e9duc pop\u2019. Ou quand des sociologues bien entour\u00e9s r\u00e9ussissent \u00e0 associer forces et talents pour d\u00e9passer les constats fatalistes et faire \u00e9merger une action ancr\u00e9e dans le quotidien. Ainsi est cr\u00e9\u00e9e la coop\u00e9rative en 2010, \u00e0 Augan, petite ville de 1500 \u00e2mes ... Read More","og_url":"https:\/\/www.altercampagne.net\/?p=5321","og_site_name":"AlterTour","article_published_time":"2016-06-27T06:20:34+00:00","article_modified_time":"2019-09-13T13:52:11+00:00","og_image":[{"width":574,"height":300,"url":"https:\/\/www.altercampagne.net\/wp-content\/uploads\/2016\/06\/2016-06-27-canvas3.jpg","type":"image\/jpeg"}],"author":"Mathieu","twitter_card":"summary_large_image","twitter_misc":{"\u00c9crit par":"Mathieu","Dur\u00e9e de lecture estim\u00e9e":"2 minutes"},"schema":{"@context":"https:\/\/schema.org","@graph":[{"@type":"Article","@id":"https:\/\/www.altercampagne.net\/?p=5321#article","isPartOf":{"@id":"https:\/\/www.altercampagne.net\/?p=5321"},"author":{"name":"Mathieu","@id":"https:\/\/www.altercampagne.net\/#\/schema\/person\/0f261460c09e430caa0f9bcffa319109"},"headline":"Champ Commun les 16 et 17 ao\u00fbt \u00e0 Augan","datePublished":"2016-06-27T06:20:34+00:00","dateModified":"2019-09-13T13:52:11+00:00","mainEntityOfPage":{"@id":"https:\/\/www.altercampagne.net\/?p=5321"},"wordCount":424,"image":{"@id":"https:\/\/www.altercampagne.net\/?p=5321#primaryimage"},"thumbnailUrl":"https:\/\/www.altercampagne.net\/wp-content\/uploads\/2016\/06\/2016-06-27-canvas3.jpg","keywords":["revue Silence","bretagne","AlterTour 2016","morbihan","champ commun","2016","Augan","Henry-George MADELAINE","accueillant","accueillant2016","accueillant 2016","AlterTour2016"],"articleSection":["Alimentation","Bretagne","\u00c9conomie","\u00c9dition 2016","Social","Transverse"],"inLanguage":"fr-FR"},{"@type":"WebPage","@id":"https:\/\/www.altercampagne.net\/?p=5321","url":"https:\/\/www.altercampagne.net\/?p=5321","name":"Champ Commun les 16 et 17 ao\u00fbt \u00e0 Augan - AlterTour","isPartOf":{"@id":"https:\/\/www.altercampagne.net\/#website"},"primaryImageOfPage":{"@id":"https:\/\/www.altercampagne.net\/?p=5321#primaryimage"},"image":{"@id":"https:\/\/www.altercampagne.net\/?p=5321#primaryimage"},"thumbnailUrl":"https:\/\/www.altercampagne.net\/wp-content\/uploads\/2016\/06\/2016-06-27-canvas3.jpg","datePublished":"2016-06-27T06:20:34+00:00","dateModified":"2019-09-13T13:52:11+00:00","author":{"@id":"https:\/\/www.altercampagne.net\/#\/schema\/person\/0f261460c09e430caa0f9bcffa319109"},"breadcrumb":{"@id":"https:\/\/www.altercampagne.net\/?p=5321#breadcrumb"},"inLanguage":"fr-FR","potentialAction":[{"@type":"ReadAction","target":["https:\/\/www.altercampagne.net\/?p=5321"]}]},{"@type":"ImageObject","inLanguage":"fr-FR","@id":"https:\/\/www.altercampagne.net\/?p=5321#primaryimage","url":"https:\/\/www.altercampagne.net\/wp-content\/uploads\/2016\/06\/2016-06-27-canvas3.jpg","contentUrl":"https:\/\/www.altercampagne.net\/wp-content\/uploads\/2016\/06\/2016-06-27-canvas3.jpg","width":574,"height":300},{"@type":"BreadcrumbList","@id":"https:\/\/www.altercampagne.net\/?p=5321#breadcrumb","itemListElement":[{"@type":"ListItem","position":1,"name":"Accueil","item":"https:\/\/www.altercampagne.net\/"},{"@type":"ListItem","position":2,"name":"Champ Commun les 16 et 17 ao\u00fbt \u00e0 Augan"}]},{"@type":"WebSite","@id":"https:\/\/www.altercampagne.net\/#website","url":"https:\/\/www.altercampagne.net\/","name":"AlterTour","description":"Reliez les Alternatives \u00e0 v\u00e9lo","potentialAction":[{"@type":"SearchAction","target":{"@type":"EntryPoint","urlTemplate":"https:\/\/www.altercampagne.net\/?s={search_term_string}"},"query-input":{"@type":"PropertyValueSpecification","valueRequired":true,"valueName":"search_term_string"}}],"inLanguage":"fr-FR"},{"@type":"Person","@id":"https:\/\/www.altercampagne.net\/#\/schema\/person\/0f261460c09e430caa0f9bcffa319109","name":"Mathieu","image":{"@type":"ImageObject","inLanguage":"fr-FR","@id":"https:\/\/secure.gravatar.com\/avatar\/aa9d3d24c83f2141e5e2709d0f63d09a99f6be6bb7a50abc4915838d9f54501a?s=96&d=mm&r=g","url":"https:\/\/secure.gravatar.com\/avatar\/aa9d3d24c83f2141e5e2709d0f63d09a99f6be6bb7a50abc4915838d9f54501a?s=96&d=mm&r=g","contentUrl":"https:\/\/secure.gravatar.com\/avatar\/aa9d3d24c83f2141e5e2709d0f63d09a99f6be6bb7a50abc4915838d9f54501a?s=96&d=mm&r=g","caption":"Mathieu"},"url":"https:\/\/www.altercampagne.net\/?author=214"}]}},"_links":{"self":[{"href":"https:\/\/www.altercampagne.net\/index.php?rest_route=\/wp\/v2\/posts\/5321","targetHints":{"allow":["GET"]}}],"collection":[{"href":"https:\/\/www.altercampagne.net\/index.php?rest_route=\/wp\/v2\/posts"}],"about":[{"href":"https:\/\/www.altercampagne.net\/index.php?rest_route=\/wp\/v2\/types\/post"}],"author":[{"embeddable":true,"href":"https:\/\/www.altercampagne.net\/index.php?rest_route=\/wp\/v2\/users\/214"}],"replies":[{"embeddable":true,"href":"https:\/\/www.altercampagne.net\/index.php?rest_route=%2Fwp%2Fv2%2Fcomments&post=5321"}],"version-history":[{"count":0,"href":"https:\/\/www.altercampagne.net\/index.php?rest_route=\/wp\/v2\/posts\/5321\/revisions"}],"wp:featuredmedia":[{"embeddable":true,"href":"https:\/\/www.altercampagne.net\/index.php?rest_route=\/wp\/v2\/media\/15456"}],"wp:attachment":[{"href":"https:\/\/www.altercampagne.net\/index.php?rest_route=%2Fwp%2Fv2%2Fmedia&parent=5321"}],"wp:term":[{"taxonomy":"category","embeddable":true,"href":"https:\/\/www.altercampagne.net\/index.php?rest_route=%2Fwp%2Fv2%2Fcategories&post=5321"},{"taxonomy":"post_tag","embeddable":true,"href":"https:\/\/www.altercampagne.net\/index.php?rest_route=%2Fwp%2Fv2%2Ftags&post=5321"}],"curies":[{"name":"wp","href":"https:\/\/api.w.org\/{rel}","templated":true}]}}