{"id":5325,"date":"2016-06-28T07:56:06","date_gmt":"2016-06-28T05:56:06","guid":{"rendered":"http:\/\/www.altercampagne.net\/?p=5325"},"modified":"2019-09-13T15:55:24","modified_gmt":"2019-09-13T13:55:24","slug":"culture-bio-le-18-aout-a-guichen","status":"publish","type":"post","link":"https:\/\/www.altercampagne.net\/?p=5325","title":{"rendered":"Culture Bio le 18 ao\u00fbt \u00e0 Guichen"},"content":{"rendered":"<p style=\"text-align: justify;\"><a href=\"http:\/\/www.altercampagne.net\/wp-content\/uploads\/2016\/05\/2016-08-18-culture-bio.jpg\"><img loading=\"lazy\" decoding=\"async\" class=\" size-medium wp-image-4905 alignleft\" src=\"http:\/\/www.altercampagne.net\/wp-content\/uploads\/2016\/05\/2016-08-18-culture-bio-300x219.jpg\" alt=\"2016-08-18-culture-bio\" width=\"300\" height=\"219\" srcset=\"https:\/\/www.altercampagne.net\/wp-content\/uploads\/2016\/05\/2016-08-18-culture-bio-300x219.jpg 300w, https:\/\/www.altercampagne.net\/wp-content\/uploads\/2016\/05\/2016-08-18-culture-bio.jpg 686w\" sizes=\"auto, (max-width: 300px) 100vw, 300px\" \/><\/a>Chantez cela sur l\u2019air de la Marseillaise : \u00ab Pour tous les enfants de la terre, chantons amour et libert\u00e9. \u00bb C\u2019est quand m\u00eame plus zen que les paroles belliqueuses que-si-tu-les-chantes-pas-t\u2019es-pas-un-bon-fran\u00e7ais, non ? Eh bien, c\u2019\u00e9tait une des animations offertes par une chorale de 400 enfants du forum \u00ab Ille et bio \u00bb 2015. Clin d\u2019\u0153il au nom de son d\u00e9partement de l\u2019Ille et Vilaine, c\u2019est le point d\u2019orgue annuel de l\u2019association Culture Bio. Ses 2 salari\u00e9s et 150 b\u00e9n\u00e9voles s\u2019activent \u00e0 l\u2019ann\u00e9e pour accueillir les 10 000 visiteurs habituels. La 25\u00e8me \u00e9dition des 8 et 9 octobre 2016 portera le th\u00e8me du partage. Avec 200 exposants, une quarantaine de conf\u00e9rences, des ateliers, les outils de l\u2019intelligence collective seront pr\u00e9dominants : les organisateurs veulent favoriser tous les partages de savoirs, d\u2019exp\u00e9riences, de vies. Et le reste de l\u2019ann\u00e9e, Culture Bio distribue son temps entre des caf\u00e9s-d\u00e9bats-citoyens, plusieurs soir\u00e9es cin\u00e9ma ou la permaculture du jardin collectif.<\/p>\n<p><strong>\u00ab Libert\u00e9, Egalit\u00e9, Fraternit\u00e9 \u00bb<\/strong><\/p>\n<p style=\"text-align: justify;\">\u00ab Notre association s\u2019appelle \u00ab Culture Bio \u00bb aux deux sens du mot : agri-culture ET culture, le tout signifiant la culture du vivant. En 68, on disait \u00ab Tout est politique \u00bb, maintenant on dit \u00ab Tout est \u00e9conomique \u00bb. Et nous, nous pensons que tout est culturel. La culture est aussi un bien commun \u00e0 partager. Un des fondements de l\u2019asso, c\u2019est \u00ab Libert\u00e9, \u00c9galit\u00e9, Fraternit\u00e9 \u00bb. Bien appliqu\u00e9e, cette devise est la cl\u00e9 de plein de choses : c\u2019est la Libert\u00e9 dans la sph\u00e8re culturelle, donc libert\u00e9 de conscience ou la libert\u00e9 dans le travail pour ne pas \u00eatre des robots. C\u2019est l\u2019\u00c9galit\u00e9 dans la sph\u00e8re du politique, l\u2019\u00e9galit\u00e9 des citoyens et des d\u00e9positaires de mandats pour les prises de d\u00e9cisions. Enfin, c\u2019est la Fraternit\u00e9 \u00e9conomique et le partage des richesses. Tout cela, Nicanor PERLAS l\u2019explique bien dans son livre \u00ab Soci\u00e9t\u00e9 civile, 3\u00e8me pouvoir \u00bb. \u00c7a d\u00e9bouche sur le Bien vivre, le bien manger, \u00eatre en bonne sant\u00e9, avoir des relations sociales \u00e9quitables. Notre salon Ille et bio est positif. On apprend \u00e0 construire plut\u00f4t qu\u2019\u00e0 s\u2019arracher les cheveux parce que le monde va mal. Pour le passage de l\u2019AlterTour, on va \u00eatre en plein dedans avec repas et chants partag\u00e9s. \u00bb<\/p>\n<p style=\"text-align: right;\"><strong>Fr\u00e9d\u00e9ric, co-pr\u00e9sident de Culture Bio, arboriculteur en biodynamie<\/strong><\/p>\n<p>Extrait du Recueil des Alternatives de l\u2019AlterTour 2016, disponible dans le num\u00e9ro de juin de la <a title=\"Revue Silence\" href=\"http:\/\/www.revuesilence.net\/\" target=\"_blank\" rel=\"noopener noreferrer\">Revue Silence<\/a>.<\/p>\n<p>Culture Bio accueillera l\u2019AlterTour le 18 ao\u00fbt 2016 \u00e0 Guichen (Ille-et-Vilaine). D\u00e9tail de l&rsquo;\u00e9tape : <a href=\"http:\/\/www.altercampagne.net\/?page_id=172&amp;route=92\">ici<\/a><\/p>\n","protected":false},"excerpt":{"rendered":"<p>Chantez cela sur l\u2019air de la Marseillaise : \u00ab Pour tous les enfants de la terre, chantons amour et libert\u00e9. \u00bb C\u2019est quand m\u00eame plus zen que les paroles belliqueuses que-si-tu-les-chantes-pas-t\u2019es-pas-un-bon-fran\u00e7ais, non ? Eh bien, c\u2019\u00e9tait une des animations offertes par une chorale de 400 enfants du forum \u00ab Ille &#8230; <\/p>\n<div><a href=\"https:\/\/www.altercampagne.net\/?p=5325\" class=\"more-link\">Read More<\/a><\/div>\n","protected":false},"author":214,"featured_media":15458,"comment_status":"closed","ping_status":"closed","sticky":false,"template":"","format":"standard","meta":{"footnotes":""},"categories":[3483,3472,3486,3459],"tags":[20,383,413,1652,2482,2483,2484,2846,2849,2850,2851],"class_list":["post-5325","post","type-post","status-publish","format-standard","has-post-thumbnail","hentry","category-agriculture","category-bretagne","category-environnement","category-edition-2016","tag-bretagne","tag-altertour-2016","tag-ille-et-vilaine","tag-1652","tag-culture-bio","tag-guichen","tag-ille-et-bio","tag-accueillant","tag-accueillant2016","tag-accueillant-2016","tag-altertour2016"],"yoast_head":"<!-- This site is optimized with the Yoast SEO plugin v27.3 - https:\/\/yoast.com\/product\/yoast-seo-wordpress\/ -->\n<title>Culture Bio le 18 ao\u00fbt \u00e0 Guichen - AlterTour<\/title>\n<meta name=\"robots\" content=\"index, follow, max-snippet:-1, max-image-preview:large, max-video-preview:-1\" \/>\n<link rel=\"canonical\" href=\"https:\/\/www.altercampagne.net\/?p=5325\" \/>\n<meta property=\"og:locale\" content=\"fr_FR\" \/>\n<meta property=\"og:type\" content=\"article\" \/>\n<meta property=\"og:title\" content=\"Culture Bio le 18 ao\u00fbt \u00e0 Guichen - AlterTour\" \/>\n<meta property=\"og:description\" content=\"Chantez cela sur l\u2019air de la Marseillaise : \u00ab Pour tous les enfants de la terre, chantons amour et libert\u00e9. \u00bb C\u2019est quand m\u00eame plus zen que les paroles belliqueuses que-si-tu-les-chantes-pas-t\u2019es-pas-un-bon-fran\u00e7ais, non ? Eh bien, c\u2019\u00e9tait une des animations offertes par une chorale de 400 enfants du forum \u00ab Ille ... Read More\" \/>\n<meta property=\"og:url\" content=\"https:\/\/www.altercampagne.net\/?p=5325\" \/>\n<meta property=\"og:site_name\" content=\"AlterTour\" \/>\n<meta property=\"article:published_time\" content=\"2016-06-28T05:56:06+00:00\" \/>\n<meta property=\"article:modified_time\" content=\"2019-09-13T13:55:24+00:00\" \/>\n<meta property=\"og:image\" content=\"https:\/\/www.altercampagne.net\/wp-content\/uploads\/2016\/06\/2016-06-28-jardin2.jpg\" \/>\n\t<meta property=\"og:image:width\" content=\"906\" \/>\n\t<meta property=\"og:image:height\" content=\"474\" \/>\n\t<meta property=\"og:image:type\" content=\"image\/jpeg\" \/>\n<meta name=\"author\" content=\"Mathieu\" \/>\n<meta name=\"twitter:card\" content=\"summary_large_image\" \/>\n<meta name=\"twitter:label1\" content=\"\u00c9crit par\" \/>\n\t<meta name=\"twitter:data1\" content=\"Mathieu\" \/>\n\t<meta name=\"twitter:label2\" content=\"Dur\u00e9e de lecture estim\u00e9e\" \/>\n\t<meta name=\"twitter:data2\" content=\"2 minutes\" \/>\n<script type=\"application\/ld+json\" class=\"yoast-schema-graph\">{\"@context\":\"https:\\\/\\\/schema.org\",\"@graph\":[{\"@type\":\"Article\",\"@id\":\"https:\\\/\\\/www.altercampagne.net\\\/?p=5325#article\",\"isPartOf\":{\"@id\":\"https:\\\/\\\/www.altercampagne.net\\\/?p=5325\"},\"author\":{\"name\":\"Mathieu\",\"@id\":\"https:\\\/\\\/www.altercampagne.net\\\/#\\\/schema\\\/person\\\/0f261460c09e430caa0f9bcffa319109\"},\"headline\":\"Culture Bio le 18 ao\u00fbt \u00e0 Guichen\",\"datePublished\":\"2016-06-28T05:56:06+00:00\",\"dateModified\":\"2019-09-13T13:55:24+00:00\",\"mainEntityOfPage\":{\"@id\":\"https:\\\/\\\/www.altercampagne.net\\\/?p=5325\"},\"wordCount\":431,\"image\":{\"@id\":\"https:\\\/\\\/www.altercampagne.net\\\/?p=5325#primaryimage\"},\"thumbnailUrl\":\"https:\\\/\\\/www.altercampagne.net\\\/wp-content\\\/uploads\\\/2016\\\/06\\\/2016-06-28-jardin2.jpg\",\"keywords\":[\"bretagne\",\"AlterTour 2016\",\"ille et vilaine\",\"2016\",\"Culture Bio\",\"Guichen\",\"Ille et bio\",\"accueillant\",\"accueillant2016\",\"accueillant 2016\",\"AlterTour2016\"],\"articleSection\":[\"Agriculture\",\"Bretagne\",\"Environnement\",\"\u00c9dition 2016\"],\"inLanguage\":\"fr-FR\"},{\"@type\":\"WebPage\",\"@id\":\"https:\\\/\\\/www.altercampagne.net\\\/?p=5325\",\"url\":\"https:\\\/\\\/www.altercampagne.net\\\/?p=5325\",\"name\":\"Culture Bio le 18 ao\u00fbt \u00e0 Guichen - AlterTour\",\"isPartOf\":{\"@id\":\"https:\\\/\\\/www.altercampagne.net\\\/#website\"},\"primaryImageOfPage\":{\"@id\":\"https:\\\/\\\/www.altercampagne.net\\\/?p=5325#primaryimage\"},\"image\":{\"@id\":\"https:\\\/\\\/www.altercampagne.net\\\/?p=5325#primaryimage\"},\"thumbnailUrl\":\"https:\\\/\\\/www.altercampagne.net\\\/wp-content\\\/uploads\\\/2016\\\/06\\\/2016-06-28-jardin2.jpg\",\"datePublished\":\"2016-06-28T05:56:06+00:00\",\"dateModified\":\"2019-09-13T13:55:24+00:00\",\"author\":{\"@id\":\"https:\\\/\\\/www.altercampagne.net\\\/#\\\/schema\\\/person\\\/0f261460c09e430caa0f9bcffa319109\"},\"breadcrumb\":{\"@id\":\"https:\\\/\\\/www.altercampagne.net\\\/?p=5325#breadcrumb\"},\"inLanguage\":\"fr-FR\",\"potentialAction\":[{\"@type\":\"ReadAction\",\"target\":[\"https:\\\/\\\/www.altercampagne.net\\\/?p=5325\"]}]},{\"@type\":\"ImageObject\",\"inLanguage\":\"fr-FR\",\"@id\":\"https:\\\/\\\/www.altercampagne.net\\\/?p=5325#primaryimage\",\"url\":\"https:\\\/\\\/www.altercampagne.net\\\/wp-content\\\/uploads\\\/2016\\\/06\\\/2016-06-28-jardin2.jpg\",\"contentUrl\":\"https:\\\/\\\/www.altercampagne.net\\\/wp-content\\\/uploads\\\/2016\\\/06\\\/2016-06-28-jardin2.jpg\",\"width\":906,\"height\":474},{\"@type\":\"BreadcrumbList\",\"@id\":\"https:\\\/\\\/www.altercampagne.net\\\/?p=5325#breadcrumb\",\"itemListElement\":[{\"@type\":\"ListItem\",\"position\":1,\"name\":\"Accueil\",\"item\":\"https:\\\/\\\/www.altercampagne.net\\\/\"},{\"@type\":\"ListItem\",\"position\":2,\"name\":\"Culture Bio le 18 ao\u00fbt \u00e0 Guichen\"}]},{\"@type\":\"WebSite\",\"@id\":\"https:\\\/\\\/www.altercampagne.net\\\/#website\",\"url\":\"https:\\\/\\\/www.altercampagne.net\\\/\",\"name\":\"AlterTour\",\"description\":\"Reliez les Alternatives \u00e0 v\u00e9lo\",\"potentialAction\":[{\"@type\":\"SearchAction\",\"target\":{\"@type\":\"EntryPoint\",\"urlTemplate\":\"https:\\\/\\\/www.altercampagne.net\\\/?s={search_term_string}\"},\"query-input\":{\"@type\":\"PropertyValueSpecification\",\"valueRequired\":true,\"valueName\":\"search_term_string\"}}],\"inLanguage\":\"fr-FR\"},{\"@type\":\"Person\",\"@id\":\"https:\\\/\\\/www.altercampagne.net\\\/#\\\/schema\\\/person\\\/0f261460c09e430caa0f9bcffa319109\",\"name\":\"Mathieu\",\"image\":{\"@type\":\"ImageObject\",\"inLanguage\":\"fr-FR\",\"@id\":\"https:\\\/\\\/secure.gravatar.com\\\/avatar\\\/aa9d3d24c83f2141e5e2709d0f63d09a99f6be6bb7a50abc4915838d9f54501a?s=96&d=mm&r=g\",\"url\":\"https:\\\/\\\/secure.gravatar.com\\\/avatar\\\/aa9d3d24c83f2141e5e2709d0f63d09a99f6be6bb7a50abc4915838d9f54501a?s=96&d=mm&r=g\",\"contentUrl\":\"https:\\\/\\\/secure.gravatar.com\\\/avatar\\\/aa9d3d24c83f2141e5e2709d0f63d09a99f6be6bb7a50abc4915838d9f54501a?s=96&d=mm&r=g\",\"caption\":\"Mathieu\"},\"url\":\"https:\\\/\\\/www.altercampagne.net\\\/?author=214\"}]}<\/script>\n<!-- \/ Yoast SEO plugin. -->","yoast_head_json":{"title":"Culture Bio le 18 ao\u00fbt \u00e0 Guichen - AlterTour","robots":{"index":"index","follow":"follow","max-snippet":"max-snippet:-1","max-image-preview":"max-image-preview:large","max-video-preview":"max-video-preview:-1"},"canonical":"https:\/\/www.altercampagne.net\/?p=5325","og_locale":"fr_FR","og_type":"article","og_title":"Culture Bio le 18 ao\u00fbt \u00e0 Guichen - AlterTour","og_description":"Chantez cela sur l\u2019air de la Marseillaise : \u00ab Pour tous les enfants de la terre, chantons amour et libert\u00e9. \u00bb C\u2019est quand m\u00eame plus zen que les paroles belliqueuses que-si-tu-les-chantes-pas-t\u2019es-pas-un-bon-fran\u00e7ais, non ? Eh bien, c\u2019\u00e9tait une des animations offertes par une chorale de 400 enfants du forum \u00ab Ille ... Read More","og_url":"https:\/\/www.altercampagne.net\/?p=5325","og_site_name":"AlterTour","article_published_time":"2016-06-28T05:56:06+00:00","article_modified_time":"2019-09-13T13:55:24+00:00","og_image":[{"width":906,"height":474,"url":"https:\/\/www.altercampagne.net\/wp-content\/uploads\/2016\/06\/2016-06-28-jardin2.jpg","type":"image\/jpeg"}],"author":"Mathieu","twitter_card":"summary_large_image","twitter_misc":{"\u00c9crit par":"Mathieu","Dur\u00e9e de lecture estim\u00e9e":"2 minutes"},"schema":{"@context":"https:\/\/schema.org","@graph":[{"@type":"Article","@id":"https:\/\/www.altercampagne.net\/?p=5325#article","isPartOf":{"@id":"https:\/\/www.altercampagne.net\/?p=5325"},"author":{"name":"Mathieu","@id":"https:\/\/www.altercampagne.net\/#\/schema\/person\/0f261460c09e430caa0f9bcffa319109"},"headline":"Culture Bio le 18 ao\u00fbt \u00e0 Guichen","datePublished":"2016-06-28T05:56:06+00:00","dateModified":"2019-09-13T13:55:24+00:00","mainEntityOfPage":{"@id":"https:\/\/www.altercampagne.net\/?p=5325"},"wordCount":431,"image":{"@id":"https:\/\/www.altercampagne.net\/?p=5325#primaryimage"},"thumbnailUrl":"https:\/\/www.altercampagne.net\/wp-content\/uploads\/2016\/06\/2016-06-28-jardin2.jpg","keywords":["bretagne","AlterTour 2016","ille et vilaine","2016","Culture Bio","Guichen","Ille et bio","accueillant","accueillant2016","accueillant 2016","AlterTour2016"],"articleSection":["Agriculture","Bretagne","Environnement","\u00c9dition 2016"],"inLanguage":"fr-FR"},{"@type":"WebPage","@id":"https:\/\/www.altercampagne.net\/?p=5325","url":"https:\/\/www.altercampagne.net\/?p=5325","name":"Culture Bio le 18 ao\u00fbt \u00e0 Guichen - AlterTour","isPartOf":{"@id":"https:\/\/www.altercampagne.net\/#website"},"primaryImageOfPage":{"@id":"https:\/\/www.altercampagne.net\/?p=5325#primaryimage"},"image":{"@id":"https:\/\/www.altercampagne.net\/?p=5325#primaryimage"},"thumbnailUrl":"https:\/\/www.altercampagne.net\/wp-content\/uploads\/2016\/06\/2016-06-28-jardin2.jpg","datePublished":"2016-06-28T05:56:06+00:00","dateModified":"2019-09-13T13:55:24+00:00","author":{"@id":"https:\/\/www.altercampagne.net\/#\/schema\/person\/0f261460c09e430caa0f9bcffa319109"},"breadcrumb":{"@id":"https:\/\/www.altercampagne.net\/?p=5325#breadcrumb"},"inLanguage":"fr-FR","potentialAction":[{"@type":"ReadAction","target":["https:\/\/www.altercampagne.net\/?p=5325"]}]},{"@type":"ImageObject","inLanguage":"fr-FR","@id":"https:\/\/www.altercampagne.net\/?p=5325#primaryimage","url":"https:\/\/www.altercampagne.net\/wp-content\/uploads\/2016\/06\/2016-06-28-jardin2.jpg","contentUrl":"https:\/\/www.altercampagne.net\/wp-content\/uploads\/2016\/06\/2016-06-28-jardin2.jpg","width":906,"height":474},{"@type":"BreadcrumbList","@id":"https:\/\/www.altercampagne.net\/?p=5325#breadcrumb","itemListElement":[{"@type":"ListItem","position":1,"name":"Accueil","item":"https:\/\/www.altercampagne.net\/"},{"@type":"ListItem","position":2,"name":"Culture Bio le 18 ao\u00fbt \u00e0 Guichen"}]},{"@type":"WebSite","@id":"https:\/\/www.altercampagne.net\/#website","url":"https:\/\/www.altercampagne.net\/","name":"AlterTour","description":"Reliez les Alternatives \u00e0 v\u00e9lo","potentialAction":[{"@type":"SearchAction","target":{"@type":"EntryPoint","urlTemplate":"https:\/\/www.altercampagne.net\/?s={search_term_string}"},"query-input":{"@type":"PropertyValueSpecification","valueRequired":true,"valueName":"search_term_string"}}],"inLanguage":"fr-FR"},{"@type":"Person","@id":"https:\/\/www.altercampagne.net\/#\/schema\/person\/0f261460c09e430caa0f9bcffa319109","name":"Mathieu","image":{"@type":"ImageObject","inLanguage":"fr-FR","@id":"https:\/\/secure.gravatar.com\/avatar\/aa9d3d24c83f2141e5e2709d0f63d09a99f6be6bb7a50abc4915838d9f54501a?s=96&d=mm&r=g","url":"https:\/\/secure.gravatar.com\/avatar\/aa9d3d24c83f2141e5e2709d0f63d09a99f6be6bb7a50abc4915838d9f54501a?s=96&d=mm&r=g","contentUrl":"https:\/\/secure.gravatar.com\/avatar\/aa9d3d24c83f2141e5e2709d0f63d09a99f6be6bb7a50abc4915838d9f54501a?s=96&d=mm&r=g","caption":"Mathieu"},"url":"https:\/\/www.altercampagne.net\/?author=214"}]}},"_links":{"self":[{"href":"https:\/\/www.altercampagne.net\/index.php?rest_route=\/wp\/v2\/posts\/5325","targetHints":{"allow":["GET"]}}],"collection":[{"href":"https:\/\/www.altercampagne.net\/index.php?rest_route=\/wp\/v2\/posts"}],"about":[{"href":"https:\/\/www.altercampagne.net\/index.php?rest_route=\/wp\/v2\/types\/post"}],"author":[{"embeddable":true,"href":"https:\/\/www.altercampagne.net\/index.php?rest_route=\/wp\/v2\/users\/214"}],"replies":[{"embeddable":true,"href":"https:\/\/www.altercampagne.net\/index.php?rest_route=%2Fwp%2Fv2%2Fcomments&post=5325"}],"version-history":[{"count":0,"href":"https:\/\/www.altercampagne.net\/index.php?rest_route=\/wp\/v2\/posts\/5325\/revisions"}],"wp:featuredmedia":[{"embeddable":true,"href":"https:\/\/www.altercampagne.net\/index.php?rest_route=\/wp\/v2\/media\/15458"}],"wp:attachment":[{"href":"https:\/\/www.altercampagne.net\/index.php?rest_route=%2Fwp%2Fv2%2Fmedia&parent=5325"}],"wp:term":[{"taxonomy":"category","embeddable":true,"href":"https:\/\/www.altercampagne.net\/index.php?rest_route=%2Fwp%2Fv2%2Fcategories&post=5325"},{"taxonomy":"post_tag","embeddable":true,"href":"https:\/\/www.altercampagne.net\/index.php?rest_route=%2Fwp%2Fv2%2Ftags&post=5325"}],"curies":[{"name":"wp","href":"https:\/\/api.w.org\/{rel}","templated":true}]}}