{"id":5327,"date":"2016-06-29T08:04:28","date_gmt":"2016-06-29T06:04:28","guid":{"rendered":"http:\/\/www.altercampagne.net\/?p=5327"},"modified":"2019-09-13T16:02:06","modified_gmt":"2019-09-13T14:02:06","slug":"lassemblee-des-communs-les-19-et-20-aout-a-rennes","status":"publish","type":"post","link":"https:\/\/www.altercampagne.net\/?p=5327","title":{"rendered":"L&rsquo;assembl\u00e9e des Communs les 19 et 20 ao\u00fbt \u00e0 Rennes"},"content":{"rendered":"<p style=\"text-align: justify;\"><a href=\"http:\/\/www.altercampagne.net\/wp-content\/uploads\/2016\/05\/2016-08-20-assembl\u00e9e-des-communs.jpg\"><img loading=\"lazy\" decoding=\"async\" class=\" size-medium wp-image-4903 alignright\" src=\"http:\/\/www.altercampagne.net\/wp-content\/uploads\/2016\/05\/2016-08-20-assembl\u00e9e-des-communs-300x219.jpg\" alt=\"2016-08-20-assembl\u00e9e-des-communs\" width=\"300\" height=\"219\" srcset=\"https:\/\/www.altercampagne.net\/wp-content\/uploads\/2016\/05\/2016-08-20-assembl\u00e9e-des-communs-300x219.jpg 300w, https:\/\/www.altercampagne.net\/wp-content\/uploads\/2016\/05\/2016-08-20-assembl\u00e9e-des-communs.jpg 686w\" sizes=\"auto, (max-width: 300px) 100vw, 300px\" \/><\/a>Qu\u00e9saco ? En trame de fond, la grande id\u00e9e de \u00ab capaciter \u00bb le peuple pour d\u00e9passer l\u2019organisation pyramidale. Que la soci\u00e9t\u00e9 civile ne soit r\u00e9solument plus r\u00e9duite \u00e0 un simple faire-valoir d\u00e9mocratique au service d\u2019instances participatives, mais d\u00e9veloppe \u00ab un pouvoir d\u2019agir \u00bb, cher au r\u00e9seau des Villes en Transition de Rob HOPKINS. Ce mouvement issu du festival Le temps des Communs trouve \u00e9cho dans diverses villes de France et \u00e0 l\u2019\u00e9tranger depuis 2015. Ces assembl\u00e9es citoyennes \u00e9mergentes d\u00e9cident localement de leur gouvernance pour reprendre la main sur les ressources du vivre ensemble et de l\u2019usage collectif. Focus sur Rennes. Plus de 60 convaincus se sont mobilis\u00e9s en mars 2016 lors de la premi\u00e8re rencontre pour engager le chantier. Notamment par un inventaire \u00e0 la Pr\u00e9vert des initiatives Rennaises relevant des Communs. On notera les Incroyables Comestibles, les Colibris, le jardin permacole du Landry ou bien le Jardin des 1000 pas, lieux d\u2019\u00e9changes, de pratique et d\u2019apprentissage de l\u2019agro\u00e9cologie. Au sein de l\u2019Assembl\u00e9e r\u00e9sonnent la culture du partage, de la mise en commun et la volont\u00e9 de faire acte de p\u00e9dagogie et d\u2019exp\u00e9rimentation par l\u2019exp\u00e9rience aupr\u00e8s des collectivit\u00e9s territoriales.<\/p>\n<p><strong>\u00ab Trois voix pour sortir du binaire \u00c9tat\/priv\u00e9 \u00bb<\/strong><\/p>\n<p style=\"text-align: justify;\">\u00ab Les Communs, c\u2019est l\u2019int\u00e9r\u00eat g\u00e9n\u00e9ral r\u00e9invent\u00e9. Leurs Assembl\u00e9es, ce sont les premiers pas d\u2019une gouvernance contributive qui encourage l\u2019implication des personnes et met en r\u00e9seau les acteurs, changeant la posture des \u00e9lus qui deviennent animateurs plus que prescripteurs. Au 19\u00e8me si\u00e8cle, quand les paysans devenaient ouvriers, ils n\u2019avaient aucune protection. Ils ont d\u00e9velopp\u00e9 les mutualit\u00e9s et les partis politiques. Cette forme-l\u00e0 est un peu d\u00e9pass\u00e9e aujourd\u2019hui, mais elle existe encore. Il faut qu\u2019il y ait au moins trois voix pour sortir du binaire \u00c9tat\/priv\u00e9 et aller vers un Pouvoir Populaire Positif : celle des citoyens qui produisent les Communs, celle d\u2019une \u00e9conomie \u00e9thique telle \u00ab l\u2019\u00c9colonomie \u00bb d\u2019\u00c9manuelle DRUON et celle d\u2019un pouvoir public r\u00e9form\u00e9 en un \u00c9tat partenaire. Si l\u2019Assembl\u00e9e des Communs est un des moyens pour essayer d\u2019aller dans cette direction, la transition de la citoyennet\u00e9 en devient l\u2019objectif prioritaire. \u00bb<\/p>\n<p style=\"text-align: right;\"><strong>M. Bauwens, instigateur des Assembl\u00e9es des Communs M. Briant, \u00e0 l\u2019initiative de la 1\u00e8re Assembl\u00e9e \u00e0 Rennes P. Brunet, du festival \u00ab Le Temps des communs \u00bb<\/strong><\/p>\n<p>Extrait du Recueil des Alternatives de l\u2019AlterTour 2016, disponible dans le num\u00e9ro de juin de la <a title=\"Revue Silence\" href=\"http:\/\/www.revuesilence.net\/\" target=\"_blank\" rel=\"noopener noreferrer\">Revue Silence<\/a>.<\/p>\n<p>L&rsquo;Assembl\u00e9e des Communs accueillera l\u2019AlterTour le 19 et 20 ao\u00fbt 2016 \u00e0 Rennes (Ille-et-Vilaine). D\u00e9tail des \u00e9tapes : <a href=\"http:\/\/www.altercampagne.net\/?page_id=172&amp;route=108\">ici<\/a><\/p>\n","protected":false},"excerpt":{"rendered":"<p>Qu\u00e9saco ? En trame de fond, la grande id\u00e9e de \u00ab capaciter \u00bb le peuple pour d\u00e9passer l\u2019organisation pyramidale. Que la soci\u00e9t\u00e9 civile ne soit r\u00e9solument plus r\u00e9duite \u00e0 un simple faire-valoir d\u00e9mocratique au service d\u2019instances participatives, mais d\u00e9veloppe \u00ab un pouvoir d\u2019agir \u00bb, cher au r\u00e9seau des Villes en &#8230; <\/p>\n<div><a href=\"https:\/\/www.altercampagne.net\/?p=5327\" class=\"more-link\">Read More<\/a><\/div>\n","protected":false},"author":214,"featured_media":15460,"comment_status":"closed","ping_status":"closed","sticky":false,"template":"","format":"standard","meta":{"footnotes":""},"categories":[3472,3459,3540],"tags":[20,70,82,383,413,822,1652,2485,2846,2849,2850,2851],"class_list":["post-5327","post","type-post","status-publish","format-standard","has-post-thumbnail","hentry","category-bretagne","category-edition-2016","category-transverse","tag-bretagne","tag-rob-hopkins","tag-rennes","tag-altertour-2016","tag-ille-et-vilaine","tag-biens-communs","tag-1652","tag-assemblee-des-communs","tag-accueillant","tag-accueillant2016","tag-accueillant-2016","tag-altertour2016"],"yoast_head":"<!-- This site is optimized with the Yoast SEO plugin v27.3 - https:\/\/yoast.com\/product\/yoast-seo-wordpress\/ -->\n<title>L&#039;assembl\u00e9e des Communs les 19 et 20 ao\u00fbt \u00e0 Rennes - AlterTour<\/title>\n<meta name=\"robots\" content=\"index, follow, max-snippet:-1, max-image-preview:large, max-video-preview:-1\" \/>\n<link rel=\"canonical\" href=\"https:\/\/www.altercampagne.net\/?p=5327\" \/>\n<meta property=\"og:locale\" content=\"fr_FR\" \/>\n<meta property=\"og:type\" content=\"article\" \/>\n<meta property=\"og:title\" content=\"L&#039;assembl\u00e9e des Communs les 19 et 20 ao\u00fbt \u00e0 Rennes - AlterTour\" \/>\n<meta property=\"og:description\" content=\"Qu\u00e9saco ? En trame de fond, la grande id\u00e9e de \u00ab capaciter \u00bb le peuple pour d\u00e9passer l\u2019organisation pyramidale. Que la soci\u00e9t\u00e9 civile ne soit r\u00e9solument plus r\u00e9duite \u00e0 un simple faire-valoir d\u00e9mocratique au service d\u2019instances participatives, mais d\u00e9veloppe \u00ab un pouvoir d\u2019agir \u00bb, cher au r\u00e9seau des Villes en ... Read More\" \/>\n<meta property=\"og:url\" content=\"https:\/\/www.altercampagne.net\/?p=5327\" \/>\n<meta property=\"og:site_name\" content=\"AlterTour\" \/>\n<meta property=\"article:published_time\" content=\"2016-06-29T06:04:28+00:00\" \/>\n<meta property=\"article:modified_time\" content=\"2019-09-13T14:02:06+00:00\" \/>\n<meta property=\"og:image\" content=\"https:\/\/www.altercampagne.net\/wp-content\/uploads\/2016\/06\/2016-06-29-Degrowth-Conference-2014-Photo-by-Eva-Mahnke-CC-BY-SA-12.jpg\" \/>\n\t<meta property=\"og:image:width\" content=\"841\" \/>\n\t<meta property=\"og:image:height\" content=\"439\" \/>\n\t<meta property=\"og:image:type\" content=\"image\/jpeg\" \/>\n<meta name=\"author\" content=\"Mathieu\" \/>\n<meta name=\"twitter:card\" content=\"summary_large_image\" \/>\n<meta name=\"twitter:label1\" content=\"\u00c9crit par\" \/>\n\t<meta name=\"twitter:data1\" content=\"Mathieu\" \/>\n\t<meta name=\"twitter:label2\" content=\"Dur\u00e9e de lecture estim\u00e9e\" \/>\n\t<meta name=\"twitter:data2\" content=\"2 minutes\" \/>\n<script type=\"application\/ld+json\" class=\"yoast-schema-graph\">{\"@context\":\"https:\\\/\\\/schema.org\",\"@graph\":[{\"@type\":\"Article\",\"@id\":\"https:\\\/\\\/www.altercampagne.net\\\/?p=5327#article\",\"isPartOf\":{\"@id\":\"https:\\\/\\\/www.altercampagne.net\\\/?p=5327\"},\"author\":{\"name\":\"Mathieu\",\"@id\":\"https:\\\/\\\/www.altercampagne.net\\\/#\\\/schema\\\/person\\\/0f261460c09e430caa0f9bcffa319109\"},\"headline\":\"L&rsquo;assembl\u00e9e des Communs les 19 et 20 ao\u00fbt \u00e0 Rennes\",\"datePublished\":\"2016-06-29T06:04:28+00:00\",\"dateModified\":\"2019-09-13T14:02:06+00:00\",\"mainEntityOfPage\":{\"@id\":\"https:\\\/\\\/www.altercampagne.net\\\/?p=5327\"},\"wordCount\":461,\"image\":{\"@id\":\"https:\\\/\\\/www.altercampagne.net\\\/?p=5327#primaryimage\"},\"thumbnailUrl\":\"https:\\\/\\\/www.altercampagne.net\\\/wp-content\\\/uploads\\\/2016\\\/06\\\/2016-06-29-Degrowth-Conference-2014-Photo-by-Eva-Mahnke-CC-BY-SA-12.jpg\",\"keywords\":[\"bretagne\",\"Rob Hopkins\",\"Rennes\",\"AlterTour 2016\",\"ille et vilaine\",\"biens communs\",\"2016\",\"Assembl\u00e9e des Communs\",\"accueillant\",\"accueillant2016\",\"accueillant 2016\",\"AlterTour2016\"],\"articleSection\":[\"Bretagne\",\"\u00c9dition 2016\",\"Transverse\"],\"inLanguage\":\"fr-FR\"},{\"@type\":\"WebPage\",\"@id\":\"https:\\\/\\\/www.altercampagne.net\\\/?p=5327\",\"url\":\"https:\\\/\\\/www.altercampagne.net\\\/?p=5327\",\"name\":\"L'assembl\u00e9e des Communs les 19 et 20 ao\u00fbt \u00e0 Rennes - AlterTour\",\"isPartOf\":{\"@id\":\"https:\\\/\\\/www.altercampagne.net\\\/#website\"},\"primaryImageOfPage\":{\"@id\":\"https:\\\/\\\/www.altercampagne.net\\\/?p=5327#primaryimage\"},\"image\":{\"@id\":\"https:\\\/\\\/www.altercampagne.net\\\/?p=5327#primaryimage\"},\"thumbnailUrl\":\"https:\\\/\\\/www.altercampagne.net\\\/wp-content\\\/uploads\\\/2016\\\/06\\\/2016-06-29-Degrowth-Conference-2014-Photo-by-Eva-Mahnke-CC-BY-SA-12.jpg\",\"datePublished\":\"2016-06-29T06:04:28+00:00\",\"dateModified\":\"2019-09-13T14:02:06+00:00\",\"author\":{\"@id\":\"https:\\\/\\\/www.altercampagne.net\\\/#\\\/schema\\\/person\\\/0f261460c09e430caa0f9bcffa319109\"},\"breadcrumb\":{\"@id\":\"https:\\\/\\\/www.altercampagne.net\\\/?p=5327#breadcrumb\"},\"inLanguage\":\"fr-FR\",\"potentialAction\":[{\"@type\":\"ReadAction\",\"target\":[\"https:\\\/\\\/www.altercampagne.net\\\/?p=5327\"]}]},{\"@type\":\"ImageObject\",\"inLanguage\":\"fr-FR\",\"@id\":\"https:\\\/\\\/www.altercampagne.net\\\/?p=5327#primaryimage\",\"url\":\"https:\\\/\\\/www.altercampagne.net\\\/wp-content\\\/uploads\\\/2016\\\/06\\\/2016-06-29-Degrowth-Conference-2014-Photo-by-Eva-Mahnke-CC-BY-SA-12.jpg\",\"contentUrl\":\"https:\\\/\\\/www.altercampagne.net\\\/wp-content\\\/uploads\\\/2016\\\/06\\\/2016-06-29-Degrowth-Conference-2014-Photo-by-Eva-Mahnke-CC-BY-SA-12.jpg\",\"width\":841,\"height\":439},{\"@type\":\"BreadcrumbList\",\"@id\":\"https:\\\/\\\/www.altercampagne.net\\\/?p=5327#breadcrumb\",\"itemListElement\":[{\"@type\":\"ListItem\",\"position\":1,\"name\":\"Accueil\",\"item\":\"https:\\\/\\\/www.altercampagne.net\\\/\"},{\"@type\":\"ListItem\",\"position\":2,\"name\":\"L&rsquo;assembl\u00e9e des Communs les 19 et 20 ao\u00fbt \u00e0 Rennes\"}]},{\"@type\":\"WebSite\",\"@id\":\"https:\\\/\\\/www.altercampagne.net\\\/#website\",\"url\":\"https:\\\/\\\/www.altercampagne.net\\\/\",\"name\":\"AlterTour\",\"description\":\"Reliez les Alternatives \u00e0 v\u00e9lo\",\"potentialAction\":[{\"@type\":\"SearchAction\",\"target\":{\"@type\":\"EntryPoint\",\"urlTemplate\":\"https:\\\/\\\/www.altercampagne.net\\\/?s={search_term_string}\"},\"query-input\":{\"@type\":\"PropertyValueSpecification\",\"valueRequired\":true,\"valueName\":\"search_term_string\"}}],\"inLanguage\":\"fr-FR\"},{\"@type\":\"Person\",\"@id\":\"https:\\\/\\\/www.altercampagne.net\\\/#\\\/schema\\\/person\\\/0f261460c09e430caa0f9bcffa319109\",\"name\":\"Mathieu\",\"image\":{\"@type\":\"ImageObject\",\"inLanguage\":\"fr-FR\",\"@id\":\"https:\\\/\\\/secure.gravatar.com\\\/avatar\\\/aa9d3d24c83f2141e5e2709d0f63d09a99f6be6bb7a50abc4915838d9f54501a?s=96&d=mm&r=g\",\"url\":\"https:\\\/\\\/secure.gravatar.com\\\/avatar\\\/aa9d3d24c83f2141e5e2709d0f63d09a99f6be6bb7a50abc4915838d9f54501a?s=96&d=mm&r=g\",\"contentUrl\":\"https:\\\/\\\/secure.gravatar.com\\\/avatar\\\/aa9d3d24c83f2141e5e2709d0f63d09a99f6be6bb7a50abc4915838d9f54501a?s=96&d=mm&r=g\",\"caption\":\"Mathieu\"},\"url\":\"https:\\\/\\\/www.altercampagne.net\\\/?author=214\"}]}<\/script>\n<!-- \/ Yoast SEO plugin. -->","yoast_head_json":{"title":"L'assembl\u00e9e des Communs les 19 et 20 ao\u00fbt \u00e0 Rennes - AlterTour","robots":{"index":"index","follow":"follow","max-snippet":"max-snippet:-1","max-image-preview":"max-image-preview:large","max-video-preview":"max-video-preview:-1"},"canonical":"https:\/\/www.altercampagne.net\/?p=5327","og_locale":"fr_FR","og_type":"article","og_title":"L'assembl\u00e9e des Communs les 19 et 20 ao\u00fbt \u00e0 Rennes - AlterTour","og_description":"Qu\u00e9saco ? En trame de fond, la grande id\u00e9e de \u00ab capaciter \u00bb le peuple pour d\u00e9passer l\u2019organisation pyramidale. Que la soci\u00e9t\u00e9 civile ne soit r\u00e9solument plus r\u00e9duite \u00e0 un simple faire-valoir d\u00e9mocratique au service d\u2019instances participatives, mais d\u00e9veloppe \u00ab un pouvoir d\u2019agir \u00bb, cher au r\u00e9seau des Villes en ... Read More","og_url":"https:\/\/www.altercampagne.net\/?p=5327","og_site_name":"AlterTour","article_published_time":"2016-06-29T06:04:28+00:00","article_modified_time":"2019-09-13T14:02:06+00:00","og_image":[{"width":841,"height":439,"url":"https:\/\/www.altercampagne.net\/wp-content\/uploads\/2016\/06\/2016-06-29-Degrowth-Conference-2014-Photo-by-Eva-Mahnke-CC-BY-SA-12.jpg","type":"image\/jpeg"}],"author":"Mathieu","twitter_card":"summary_large_image","twitter_misc":{"\u00c9crit par":"Mathieu","Dur\u00e9e de lecture estim\u00e9e":"2 minutes"},"schema":{"@context":"https:\/\/schema.org","@graph":[{"@type":"Article","@id":"https:\/\/www.altercampagne.net\/?p=5327#article","isPartOf":{"@id":"https:\/\/www.altercampagne.net\/?p=5327"},"author":{"name":"Mathieu","@id":"https:\/\/www.altercampagne.net\/#\/schema\/person\/0f261460c09e430caa0f9bcffa319109"},"headline":"L&rsquo;assembl\u00e9e des Communs les 19 et 20 ao\u00fbt \u00e0 Rennes","datePublished":"2016-06-29T06:04:28+00:00","dateModified":"2019-09-13T14:02:06+00:00","mainEntityOfPage":{"@id":"https:\/\/www.altercampagne.net\/?p=5327"},"wordCount":461,"image":{"@id":"https:\/\/www.altercampagne.net\/?p=5327#primaryimage"},"thumbnailUrl":"https:\/\/www.altercampagne.net\/wp-content\/uploads\/2016\/06\/2016-06-29-Degrowth-Conference-2014-Photo-by-Eva-Mahnke-CC-BY-SA-12.jpg","keywords":["bretagne","Rob Hopkins","Rennes","AlterTour 2016","ille et vilaine","biens communs","2016","Assembl\u00e9e des Communs","accueillant","accueillant2016","accueillant 2016","AlterTour2016"],"articleSection":["Bretagne","\u00c9dition 2016","Transverse"],"inLanguage":"fr-FR"},{"@type":"WebPage","@id":"https:\/\/www.altercampagne.net\/?p=5327","url":"https:\/\/www.altercampagne.net\/?p=5327","name":"L'assembl\u00e9e des Communs les 19 et 20 ao\u00fbt \u00e0 Rennes - AlterTour","isPartOf":{"@id":"https:\/\/www.altercampagne.net\/#website"},"primaryImageOfPage":{"@id":"https:\/\/www.altercampagne.net\/?p=5327#primaryimage"},"image":{"@id":"https:\/\/www.altercampagne.net\/?p=5327#primaryimage"},"thumbnailUrl":"https:\/\/www.altercampagne.net\/wp-content\/uploads\/2016\/06\/2016-06-29-Degrowth-Conference-2014-Photo-by-Eva-Mahnke-CC-BY-SA-12.jpg","datePublished":"2016-06-29T06:04:28+00:00","dateModified":"2019-09-13T14:02:06+00:00","author":{"@id":"https:\/\/www.altercampagne.net\/#\/schema\/person\/0f261460c09e430caa0f9bcffa319109"},"breadcrumb":{"@id":"https:\/\/www.altercampagne.net\/?p=5327#breadcrumb"},"inLanguage":"fr-FR","potentialAction":[{"@type":"ReadAction","target":["https:\/\/www.altercampagne.net\/?p=5327"]}]},{"@type":"ImageObject","inLanguage":"fr-FR","@id":"https:\/\/www.altercampagne.net\/?p=5327#primaryimage","url":"https:\/\/www.altercampagne.net\/wp-content\/uploads\/2016\/06\/2016-06-29-Degrowth-Conference-2014-Photo-by-Eva-Mahnke-CC-BY-SA-12.jpg","contentUrl":"https:\/\/www.altercampagne.net\/wp-content\/uploads\/2016\/06\/2016-06-29-Degrowth-Conference-2014-Photo-by-Eva-Mahnke-CC-BY-SA-12.jpg","width":841,"height":439},{"@type":"BreadcrumbList","@id":"https:\/\/www.altercampagne.net\/?p=5327#breadcrumb","itemListElement":[{"@type":"ListItem","position":1,"name":"Accueil","item":"https:\/\/www.altercampagne.net\/"},{"@type":"ListItem","position":2,"name":"L&rsquo;assembl\u00e9e des Communs les 19 et 20 ao\u00fbt \u00e0 Rennes"}]},{"@type":"WebSite","@id":"https:\/\/www.altercampagne.net\/#website","url":"https:\/\/www.altercampagne.net\/","name":"AlterTour","description":"Reliez les Alternatives \u00e0 v\u00e9lo","potentialAction":[{"@type":"SearchAction","target":{"@type":"EntryPoint","urlTemplate":"https:\/\/www.altercampagne.net\/?s={search_term_string}"},"query-input":{"@type":"PropertyValueSpecification","valueRequired":true,"valueName":"search_term_string"}}],"inLanguage":"fr-FR"},{"@type":"Person","@id":"https:\/\/www.altercampagne.net\/#\/schema\/person\/0f261460c09e430caa0f9bcffa319109","name":"Mathieu","image":{"@type":"ImageObject","inLanguage":"fr-FR","@id":"https:\/\/secure.gravatar.com\/avatar\/aa9d3d24c83f2141e5e2709d0f63d09a99f6be6bb7a50abc4915838d9f54501a?s=96&d=mm&r=g","url":"https:\/\/secure.gravatar.com\/avatar\/aa9d3d24c83f2141e5e2709d0f63d09a99f6be6bb7a50abc4915838d9f54501a?s=96&d=mm&r=g","contentUrl":"https:\/\/secure.gravatar.com\/avatar\/aa9d3d24c83f2141e5e2709d0f63d09a99f6be6bb7a50abc4915838d9f54501a?s=96&d=mm&r=g","caption":"Mathieu"},"url":"https:\/\/www.altercampagne.net\/?author=214"}]}},"_links":{"self":[{"href":"https:\/\/www.altercampagne.net\/index.php?rest_route=\/wp\/v2\/posts\/5327","targetHints":{"allow":["GET"]}}],"collection":[{"href":"https:\/\/www.altercampagne.net\/index.php?rest_route=\/wp\/v2\/posts"}],"about":[{"href":"https:\/\/www.altercampagne.net\/index.php?rest_route=\/wp\/v2\/types\/post"}],"author":[{"embeddable":true,"href":"https:\/\/www.altercampagne.net\/index.php?rest_route=\/wp\/v2\/users\/214"}],"replies":[{"embeddable":true,"href":"https:\/\/www.altercampagne.net\/index.php?rest_route=%2Fwp%2Fv2%2Fcomments&post=5327"}],"version-history":[{"count":0,"href":"https:\/\/www.altercampagne.net\/index.php?rest_route=\/wp\/v2\/posts\/5327\/revisions"}],"wp:featuredmedia":[{"embeddable":true,"href":"https:\/\/www.altercampagne.net\/index.php?rest_route=\/wp\/v2\/media\/15460"}],"wp:attachment":[{"href":"https:\/\/www.altercampagne.net\/index.php?rest_route=%2Fwp%2Fv2%2Fmedia&parent=5327"}],"wp:term":[{"taxonomy":"category","embeddable":true,"href":"https:\/\/www.altercampagne.net\/index.php?rest_route=%2Fwp%2Fv2%2Fcategories&post=5327"},{"taxonomy":"post_tag","embeddable":true,"href":"https:\/\/www.altercampagne.net\/index.php?rest_route=%2Fwp%2Fv2%2Ftags&post=5327"}],"curies":[{"name":"wp","href":"https:\/\/api.w.org\/{rel}","templated":true}]}}