{"id":5353,"date":"2016-05-03T08:41:45","date_gmt":"2016-05-03T06:41:45","guid":{"rendered":"http:\/\/www.altercampagne.net\/?p=5353"},"modified":"2019-09-13T14:26:38","modified_gmt":"2019-09-13T12:26:38","slug":"altertour-2016-bien-vivre-biens-comminus","status":"publish","type":"post","link":"https:\/\/www.altercampagne.net\/?p=5353","title":{"rendered":"AlterTour 2016 &#8211; Bien Vivre, Bien(s) Comminu(s)"},"content":{"rendered":"<p style=\"text-align: justify;\">L&rsquo;AlterTour est une aventure humaine, joyeuse, cr\u00e9ative et collective. Il relie \u00e0 v\u00e9lo des Alternatives agissant sur l&rsquo;alimentation, les d\u00e9placements, l&rsquo;\u00e9nergie, l&rsquo;habitat, la gestion des d\u00e9chets, etc. Chaque \u00e9t\u00e9, 250 Altercyclistes de tout \u00e2ge et d&rsquo;horizons diff\u00e9rents d\u00e9couvrent des acteurs de la transition, la d\u00e9croissance, l&rsquo;\u00e9cologie, l&rsquo;autogestion&#8230; Pour cette <strong>9\u00e8me \u00e9dition<\/strong>, ils visiteront la Loire Atlantique, la Mayenne, l&rsquo;Ille-et-Vilaine, les C\u00f4tes d\u2019Armor, le Finist\u00e8re et le Morbihan <strong>du 10 juillet au 21 ao\u00fbt 2016<\/strong>.<\/p>\n<p>Th\u00e8me 2016 : \u00ab\u00a0<strong>Bien Vivre, Bien(s) Commun(s)<\/strong>\u00a0\u00bb<\/p>\n<p>Prendre le temps de s\u2019arr\u00eater sur le monde qui nous entoure, et puiser l\u2019\u00e9nergie pour construire celui que nous voulons. Cette ann\u00e9e, l\u2019AlterTour a choisi le th\u00e8me \u00ab Bien vivre, biens communs \u00bb, qui interroge la propri\u00e9t\u00e9, l\u2019accaparement : des terres, de l\u2019eau, du vivant, des savoirs. Il nous projette dans un avenir positif et r\u00e9invente nos modes d\u2019organisation collective. Ce sera l\u2019occasion de discussions, d\u00e9bats, projections, animations, rencontres sur les lieux et avec les habitants.<\/p>\n<p>Une nouveaut\u00e9 pour cette 9\u00e8me \u00e9dition avec 2 \u00ab \u00c9chapp\u00e9es belles \u00bb<br \/>\nPour ceux qui souhaitent faire un pas de c\u00f4t\u00e9, sans assistance et en plus petits groupes, deux \u00c9chapp\u00e9e belles traceront leur route buissonni\u00e8re :<br \/>\n\u2022 l\u2019une du 23 au 27 juillet partira de Saint-Brieuc et retrouvera l\u2019AlterTour \u00e0 Tr\u00e9margat.<br \/>\n\u2022 l\u2019autre, du 1er au 6 ao\u00fbt, partira de Concarneau et convergera avec l\u2019AlterTour \u00e0 Pl\u00e9vin.<br \/>\nCes moments de retrouvailles seront l\u2019occasion d\u2019\u00e9changes sur les rencontres des diff\u00e9rents parcours.<\/p>\n<p>Un grand nombre d\u2019associations, de collectifs, d\u2019entreprises, d\u2019individus agit au quotidien contre le d\u00e9r\u00e8glement climatique. Ils inventent d\u00e8s aujourd\u2019hui la soci\u00e9t\u00e9 de demain.<\/p>\n<p>Les <strong>inscriptions<\/strong> sont ouvertes jusqu&rsquo;au <strong>4 juillet 2016<\/strong> sur le site internet de l&rsquo;AlterTour :<\/p>\n<p>Acc\u00e8s au <a href=\"http:\/\/www.altercampagne.net\/?page_id=150\">parcours<\/a><br \/>\nAcc\u00e8s au <a href=\"http:\/\/www.altercampagne.net\/?page_id=172\">programme<\/a><br \/>\nAcc\u00e8s aux <a href=\"http:\/\/www.altercampagne.net\/?page_id=178\">inscriptions<\/a><br \/>\nAcc\u00e8s au <a href=\"http:\/\/www.altercampagne.net\/?page_id=176\">Recueil des Alternatives<\/a> de l&rsquo;AlterTour 2016<br \/>\nAcc\u00e8s aux <a href=\"http:\/\/www.altercampagne.net\/wp-content\/uploads\/2014\/10\/AT2016-Affiche-HD.pdf\">affiches 2016<\/a><\/p>\n<p>Venez p\u00e9daler, go\u00fbter \u00e0 l&rsquo;autogestion, partager une belle tranche de vie collective dans la simplicit\u00e9 volontaire !<br \/>\nL&rsquo;AlterTour est un relais solidaire ouvert \u00e0 tous sans exigence de performance ou de dur\u00e9e (inscription \u00e0 la journ\u00e9e).<\/p>\n<p>Aidez-nous \u00e0 faire conna\u00eetre l&rsquo;AlterTour :<br \/>\n&#8211; Parlez-en autour de vous.<br \/>\n&#8211; Transf\u00e9rez ce message dans vos r\u00e9seaux.<br \/>\n&#8211; Diffusez des affiches et des flyers lors de vos manifestations, dans vos r\u00e9seaux.<\/p>\n<p><a href=\"http:\/\/www.altercampagne.net\/wp-content\/uploads\/2014\/10\/AT2016-Affiche-HD.pdf\"><img loading=\"lazy\" decoding=\"async\" class=\" wp-image-5104 size-full aligncenter\" src=\"http:\/\/www.altercampagne.net\/wp-content\/uploads\/2014\/10\/AT2016-Affiche-BD.jpg\" alt=\"AT2016-Affiche-BD\" width=\"300\" height=\"424\" srcset=\"https:\/\/www.altercampagne.net\/wp-content\/uploads\/2014\/10\/AT2016-Affiche-BD.jpg 300w, https:\/\/www.altercampagne.net\/wp-content\/uploads\/2014\/10\/AT2016-Affiche-BD-212x300.jpg 212w\" sizes=\"auto, (max-width: 300px) 100vw, 300px\" \/><\/a><\/p>\n","protected":false},"excerpt":{"rendered":"<p>L&rsquo;AlterTour est une aventure humaine, joyeuse, cr\u00e9ative et collective. Il relie \u00e0 v\u00e9lo des Alternatives agissant sur l&rsquo;alimentation, les d\u00e9placements, l&rsquo;\u00e9nergie, l&rsquo;habitat, la gestion des d\u00e9chets, etc. Chaque \u00e9t\u00e9, 250 Altercyclistes de tout \u00e2ge et d&rsquo;horizons diff\u00e9rents d\u00e9couvrent des acteurs de la transition, la d\u00e9croissance, l&rsquo;\u00e9cologie, l&rsquo;autogestion&#8230; Pour cette 9\u00e8me &#8230; <\/p>\n<div><a href=\"https:\/\/www.altercampagne.net\/?p=5353\" class=\"more-link\">Read More<\/a><\/div>\n","protected":false},"author":214,"featured_media":5004,"comment_status":"closed","ping_status":"closed","sticky":false,"template":"","format":"standard","meta":{"footnotes":""},"categories":[3472,3459,3481],"tags":[210,383,520,521,738,822,1652,2486,2487],"class_list":["post-5353","post","type-post","status-publish","format-standard","has-post-thumbnail","hentry","category-bretagne","category-edition-2016","category-pays-de-la-loire","tag-inscription","tag-altertour-2016","tag-parcours","tag-bien-vivre","tag-affiche","tag-biens-communs","tag-1652","tag-bienscommuns","tag-recueil"],"yoast_head":"<!-- This site is optimized with the Yoast SEO plugin v27.3 - https:\/\/yoast.com\/product\/yoast-seo-wordpress\/ -->\n<title>AlterTour 2016 - Bien Vivre, Bien(s) Comminu(s) - AlterTour<\/title>\n<meta name=\"robots\" content=\"index, follow, max-snippet:-1, max-image-preview:large, max-video-preview:-1\" \/>\n<link rel=\"canonical\" href=\"https:\/\/www.altercampagne.net\/?p=5353\" \/>\n<meta property=\"og:locale\" content=\"fr_FR\" \/>\n<meta property=\"og:type\" content=\"article\" \/>\n<meta property=\"og:title\" content=\"AlterTour 2016 - Bien Vivre, Bien(s) Comminu(s) - AlterTour\" \/>\n<meta property=\"og:description\" content=\"L&rsquo;AlterTour est une aventure humaine, joyeuse, cr\u00e9ative et collective. Il relie \u00e0 v\u00e9lo des Alternatives agissant sur l&rsquo;alimentation, les d\u00e9placements, l&rsquo;\u00e9nergie, l&rsquo;habitat, la gestion des d\u00e9chets, etc. Chaque \u00e9t\u00e9, 250 Altercyclistes de tout \u00e2ge et d&rsquo;horizons diff\u00e9rents d\u00e9couvrent des acteurs de la transition, la d\u00e9croissance, l&rsquo;\u00e9cologie, l&rsquo;autogestion&#8230; Pour cette 9\u00e8me ... Read More\" \/>\n<meta property=\"og:url\" content=\"https:\/\/www.altercampagne.net\/?p=5353\" \/>\n<meta property=\"og:site_name\" content=\"AlterTour\" \/>\n<meta property=\"article:published_time\" content=\"2016-05-03T06:41:45+00:00\" \/>\n<meta property=\"article:modified_time\" content=\"2019-09-13T12:26:38+00:00\" \/>\n<meta property=\"og:image\" content=\"https:\/\/www.altercampagne.net\/wp-content\/uploads\/2014\/11\/2015-05-10-Parcours-2016-Bretagne-bd.jpg\" \/>\n\t<meta property=\"og:image:width\" content=\"960\" \/>\n\t<meta property=\"og:image:height\" content=\"389\" \/>\n\t<meta property=\"og:image:type\" content=\"image\/jpeg\" \/>\n<meta name=\"author\" content=\"Mathieu\" \/>\n<meta name=\"twitter:card\" content=\"summary_large_image\" \/>\n<meta name=\"twitter:label1\" content=\"\u00c9crit par\" \/>\n\t<meta name=\"twitter:data1\" content=\"Mathieu\" \/>\n\t<meta name=\"twitter:label2\" content=\"Dur\u00e9e de lecture estim\u00e9e\" \/>\n\t<meta name=\"twitter:data2\" content=\"2 minutes\" \/>\n<script type=\"application\/ld+json\" class=\"yoast-schema-graph\">{\"@context\":\"https:\\\/\\\/schema.org\",\"@graph\":[{\"@type\":\"Article\",\"@id\":\"https:\\\/\\\/www.altercampagne.net\\\/?p=5353#article\",\"isPartOf\":{\"@id\":\"https:\\\/\\\/www.altercampagne.net\\\/?p=5353\"},\"author\":{\"name\":\"Mathieu\",\"@id\":\"https:\\\/\\\/www.altercampagne.net\\\/#\\\/schema\\\/person\\\/0f261460c09e430caa0f9bcffa319109\"},\"headline\":\"AlterTour 2016 &#8211; Bien Vivre, Bien(s) Comminu(s)\",\"datePublished\":\"2016-05-03T06:41:45+00:00\",\"dateModified\":\"2019-09-13T12:26:38+00:00\",\"mainEntityOfPage\":{\"@id\":\"https:\\\/\\\/www.altercampagne.net\\\/?p=5353\"},\"wordCount\":416,\"image\":{\"@id\":\"https:\\\/\\\/www.altercampagne.net\\\/?p=5353#primaryimage\"},\"thumbnailUrl\":\"https:\\\/\\\/www.altercampagne.net\\\/wp-content\\\/uploads\\\/2014\\\/11\\\/2015-05-10-Parcours-2016-Bretagne-bd.jpg\",\"keywords\":[\"inscription\",\"AlterTour 2016\",\"parcours\",\"bien vivre\",\"affiche\",\"biens communs\",\"2016\",\"BiensCommuns\",\"recueil\"],\"articleSection\":[\"Bretagne\",\"\u00c9dition 2016\",\"Pays de la Loire\"],\"inLanguage\":\"fr-FR\"},{\"@type\":\"WebPage\",\"@id\":\"https:\\\/\\\/www.altercampagne.net\\\/?p=5353\",\"url\":\"https:\\\/\\\/www.altercampagne.net\\\/?p=5353\",\"name\":\"AlterTour 2016 - Bien Vivre, Bien(s) Comminu(s) - AlterTour\",\"isPartOf\":{\"@id\":\"https:\\\/\\\/www.altercampagne.net\\\/#website\"},\"primaryImageOfPage\":{\"@id\":\"https:\\\/\\\/www.altercampagne.net\\\/?p=5353#primaryimage\"},\"image\":{\"@id\":\"https:\\\/\\\/www.altercampagne.net\\\/?p=5353#primaryimage\"},\"thumbnailUrl\":\"https:\\\/\\\/www.altercampagne.net\\\/wp-content\\\/uploads\\\/2014\\\/11\\\/2015-05-10-Parcours-2016-Bretagne-bd.jpg\",\"datePublished\":\"2016-05-03T06:41:45+00:00\",\"dateModified\":\"2019-09-13T12:26:38+00:00\",\"author\":{\"@id\":\"https:\\\/\\\/www.altercampagne.net\\\/#\\\/schema\\\/person\\\/0f261460c09e430caa0f9bcffa319109\"},\"breadcrumb\":{\"@id\":\"https:\\\/\\\/www.altercampagne.net\\\/?p=5353#breadcrumb\"},\"inLanguage\":\"fr-FR\",\"potentialAction\":[{\"@type\":\"ReadAction\",\"target\":[\"https:\\\/\\\/www.altercampagne.net\\\/?p=5353\"]}]},{\"@type\":\"ImageObject\",\"inLanguage\":\"fr-FR\",\"@id\":\"https:\\\/\\\/www.altercampagne.net\\\/?p=5353#primaryimage\",\"url\":\"https:\\\/\\\/www.altercampagne.net\\\/wp-content\\\/uploads\\\/2014\\\/11\\\/2015-05-10-Parcours-2016-Bretagne-bd.jpg\",\"contentUrl\":\"https:\\\/\\\/www.altercampagne.net\\\/wp-content\\\/uploads\\\/2014\\\/11\\\/2015-05-10-Parcours-2016-Bretagne-bd.jpg\",\"width\":960,\"height\":389},{\"@type\":\"BreadcrumbList\",\"@id\":\"https:\\\/\\\/www.altercampagne.net\\\/?p=5353#breadcrumb\",\"itemListElement\":[{\"@type\":\"ListItem\",\"position\":1,\"name\":\"Accueil\",\"item\":\"https:\\\/\\\/www.altercampagne.net\\\/\"},{\"@type\":\"ListItem\",\"position\":2,\"name\":\"AlterTour 2016 &#8211; Bien Vivre, Bien(s) Comminu(s)\"}]},{\"@type\":\"WebSite\",\"@id\":\"https:\\\/\\\/www.altercampagne.net\\\/#website\",\"url\":\"https:\\\/\\\/www.altercampagne.net\\\/\",\"name\":\"AlterTour\",\"description\":\"Reliez les Alternatives \u00e0 v\u00e9lo\",\"potentialAction\":[{\"@type\":\"SearchAction\",\"target\":{\"@type\":\"EntryPoint\",\"urlTemplate\":\"https:\\\/\\\/www.altercampagne.net\\\/?s={search_term_string}\"},\"query-input\":{\"@type\":\"PropertyValueSpecification\",\"valueRequired\":true,\"valueName\":\"search_term_string\"}}],\"inLanguage\":\"fr-FR\"},{\"@type\":\"Person\",\"@id\":\"https:\\\/\\\/www.altercampagne.net\\\/#\\\/schema\\\/person\\\/0f261460c09e430caa0f9bcffa319109\",\"name\":\"Mathieu\",\"image\":{\"@type\":\"ImageObject\",\"inLanguage\":\"fr-FR\",\"@id\":\"https:\\\/\\\/secure.gravatar.com\\\/avatar\\\/aa9d3d24c83f2141e5e2709d0f63d09a99f6be6bb7a50abc4915838d9f54501a?s=96&d=mm&r=g\",\"url\":\"https:\\\/\\\/secure.gravatar.com\\\/avatar\\\/aa9d3d24c83f2141e5e2709d0f63d09a99f6be6bb7a50abc4915838d9f54501a?s=96&d=mm&r=g\",\"contentUrl\":\"https:\\\/\\\/secure.gravatar.com\\\/avatar\\\/aa9d3d24c83f2141e5e2709d0f63d09a99f6be6bb7a50abc4915838d9f54501a?s=96&d=mm&r=g\",\"caption\":\"Mathieu\"},\"url\":\"https:\\\/\\\/www.altercampagne.net\\\/?author=214\"}]}<\/script>\n<!-- \/ Yoast SEO plugin. -->","yoast_head_json":{"title":"AlterTour 2016 - Bien Vivre, Bien(s) Comminu(s) - AlterTour","robots":{"index":"index","follow":"follow","max-snippet":"max-snippet:-1","max-image-preview":"max-image-preview:large","max-video-preview":"max-video-preview:-1"},"canonical":"https:\/\/www.altercampagne.net\/?p=5353","og_locale":"fr_FR","og_type":"article","og_title":"AlterTour 2016 - Bien Vivre, Bien(s) Comminu(s) - AlterTour","og_description":"L&rsquo;AlterTour est une aventure humaine, joyeuse, cr\u00e9ative et collective. Il relie \u00e0 v\u00e9lo des Alternatives agissant sur l&rsquo;alimentation, les d\u00e9placements, l&rsquo;\u00e9nergie, l&rsquo;habitat, la gestion des d\u00e9chets, etc. Chaque \u00e9t\u00e9, 250 Altercyclistes de tout \u00e2ge et d&rsquo;horizons diff\u00e9rents d\u00e9couvrent des acteurs de la transition, la d\u00e9croissance, l&rsquo;\u00e9cologie, l&rsquo;autogestion&#8230; Pour cette 9\u00e8me ... Read More","og_url":"https:\/\/www.altercampagne.net\/?p=5353","og_site_name":"AlterTour","article_published_time":"2016-05-03T06:41:45+00:00","article_modified_time":"2019-09-13T12:26:38+00:00","og_image":[{"width":960,"height":389,"url":"https:\/\/www.altercampagne.net\/wp-content\/uploads\/2014\/11\/2015-05-10-Parcours-2016-Bretagne-bd.jpg","type":"image\/jpeg"}],"author":"Mathieu","twitter_card":"summary_large_image","twitter_misc":{"\u00c9crit par":"Mathieu","Dur\u00e9e de lecture estim\u00e9e":"2 minutes"},"schema":{"@context":"https:\/\/schema.org","@graph":[{"@type":"Article","@id":"https:\/\/www.altercampagne.net\/?p=5353#article","isPartOf":{"@id":"https:\/\/www.altercampagne.net\/?p=5353"},"author":{"name":"Mathieu","@id":"https:\/\/www.altercampagne.net\/#\/schema\/person\/0f261460c09e430caa0f9bcffa319109"},"headline":"AlterTour 2016 &#8211; Bien Vivre, Bien(s) Comminu(s)","datePublished":"2016-05-03T06:41:45+00:00","dateModified":"2019-09-13T12:26:38+00:00","mainEntityOfPage":{"@id":"https:\/\/www.altercampagne.net\/?p=5353"},"wordCount":416,"image":{"@id":"https:\/\/www.altercampagne.net\/?p=5353#primaryimage"},"thumbnailUrl":"https:\/\/www.altercampagne.net\/wp-content\/uploads\/2014\/11\/2015-05-10-Parcours-2016-Bretagne-bd.jpg","keywords":["inscription","AlterTour 2016","parcours","bien vivre","affiche","biens communs","2016","BiensCommuns","recueil"],"articleSection":["Bretagne","\u00c9dition 2016","Pays de la Loire"],"inLanguage":"fr-FR"},{"@type":"WebPage","@id":"https:\/\/www.altercampagne.net\/?p=5353","url":"https:\/\/www.altercampagne.net\/?p=5353","name":"AlterTour 2016 - Bien Vivre, Bien(s) Comminu(s) - AlterTour","isPartOf":{"@id":"https:\/\/www.altercampagne.net\/#website"},"primaryImageOfPage":{"@id":"https:\/\/www.altercampagne.net\/?p=5353#primaryimage"},"image":{"@id":"https:\/\/www.altercampagne.net\/?p=5353#primaryimage"},"thumbnailUrl":"https:\/\/www.altercampagne.net\/wp-content\/uploads\/2014\/11\/2015-05-10-Parcours-2016-Bretagne-bd.jpg","datePublished":"2016-05-03T06:41:45+00:00","dateModified":"2019-09-13T12:26:38+00:00","author":{"@id":"https:\/\/www.altercampagne.net\/#\/schema\/person\/0f261460c09e430caa0f9bcffa319109"},"breadcrumb":{"@id":"https:\/\/www.altercampagne.net\/?p=5353#breadcrumb"},"inLanguage":"fr-FR","potentialAction":[{"@type":"ReadAction","target":["https:\/\/www.altercampagne.net\/?p=5353"]}]},{"@type":"ImageObject","inLanguage":"fr-FR","@id":"https:\/\/www.altercampagne.net\/?p=5353#primaryimage","url":"https:\/\/www.altercampagne.net\/wp-content\/uploads\/2014\/11\/2015-05-10-Parcours-2016-Bretagne-bd.jpg","contentUrl":"https:\/\/www.altercampagne.net\/wp-content\/uploads\/2014\/11\/2015-05-10-Parcours-2016-Bretagne-bd.jpg","width":960,"height":389},{"@type":"BreadcrumbList","@id":"https:\/\/www.altercampagne.net\/?p=5353#breadcrumb","itemListElement":[{"@type":"ListItem","position":1,"name":"Accueil","item":"https:\/\/www.altercampagne.net\/"},{"@type":"ListItem","position":2,"name":"AlterTour 2016 &#8211; Bien Vivre, Bien(s) Comminu(s)"}]},{"@type":"WebSite","@id":"https:\/\/www.altercampagne.net\/#website","url":"https:\/\/www.altercampagne.net\/","name":"AlterTour","description":"Reliez les Alternatives \u00e0 v\u00e9lo","potentialAction":[{"@type":"SearchAction","target":{"@type":"EntryPoint","urlTemplate":"https:\/\/www.altercampagne.net\/?s={search_term_string}"},"query-input":{"@type":"PropertyValueSpecification","valueRequired":true,"valueName":"search_term_string"}}],"inLanguage":"fr-FR"},{"@type":"Person","@id":"https:\/\/www.altercampagne.net\/#\/schema\/person\/0f261460c09e430caa0f9bcffa319109","name":"Mathieu","image":{"@type":"ImageObject","inLanguage":"fr-FR","@id":"https:\/\/secure.gravatar.com\/avatar\/aa9d3d24c83f2141e5e2709d0f63d09a99f6be6bb7a50abc4915838d9f54501a?s=96&d=mm&r=g","url":"https:\/\/secure.gravatar.com\/avatar\/aa9d3d24c83f2141e5e2709d0f63d09a99f6be6bb7a50abc4915838d9f54501a?s=96&d=mm&r=g","contentUrl":"https:\/\/secure.gravatar.com\/avatar\/aa9d3d24c83f2141e5e2709d0f63d09a99f6be6bb7a50abc4915838d9f54501a?s=96&d=mm&r=g","caption":"Mathieu"},"url":"https:\/\/www.altercampagne.net\/?author=214"}]}},"_links":{"self":[{"href":"https:\/\/www.altercampagne.net\/index.php?rest_route=\/wp\/v2\/posts\/5353","targetHints":{"allow":["GET"]}}],"collection":[{"href":"https:\/\/www.altercampagne.net\/index.php?rest_route=\/wp\/v2\/posts"}],"about":[{"href":"https:\/\/www.altercampagne.net\/index.php?rest_route=\/wp\/v2\/types\/post"}],"author":[{"embeddable":true,"href":"https:\/\/www.altercampagne.net\/index.php?rest_route=\/wp\/v2\/users\/214"}],"replies":[{"embeddable":true,"href":"https:\/\/www.altercampagne.net\/index.php?rest_route=%2Fwp%2Fv2%2Fcomments&post=5353"}],"version-history":[{"count":0,"href":"https:\/\/www.altercampagne.net\/index.php?rest_route=\/wp\/v2\/posts\/5353\/revisions"}],"wp:featuredmedia":[{"embeddable":true,"href":"https:\/\/www.altercampagne.net\/index.php?rest_route=\/wp\/v2\/media\/5004"}],"wp:attachment":[{"href":"https:\/\/www.altercampagne.net\/index.php?rest_route=%2Fwp%2Fv2%2Fmedia&parent=5353"}],"wp:term":[{"taxonomy":"category","embeddable":true,"href":"https:\/\/www.altercampagne.net\/index.php?rest_route=%2Fwp%2Fv2%2Fcategories&post=5353"},{"taxonomy":"post_tag","embeddable":true,"href":"https:\/\/www.altercampagne.net\/index.php?rest_route=%2Fwp%2Fv2%2Ftags&post=5353"}],"curies":[{"name":"wp","href":"https:\/\/api.w.org\/{rel}","templated":true}]}}