{"id":5396,"date":"2016-07-07T10:31:05","date_gmt":"2016-07-07T08:31:05","guid":{"rendered":"http:\/\/www.altercampagne.net\/?p=5396"},"modified":"2019-09-13T16:08:19","modified_gmt":"2019-09-13T14:08:19","slug":"altertour-le-militantisme-du-faire-ensemble","status":"publish","type":"post","link":"https:\/\/www.altercampagne.net\/?p=5396","title":{"rendered":"AlterTour, le \u00ab\u00a0militantisme du faire-ensemble\u00a0\u00bb"},"content":{"rendered":"<p><img loading=\"lazy\" decoding=\"async\" class=\" alignright\" src=\"https:\/\/lh3.googleusercontent.com\/-v3x40sBaX0s\/Vd7-HqjWelI\/AAAAAAAAm7s\/WfCN9iQF1U4yCSgpTPwPTyt2PKYmGdFQgCCo\/s720\/2015-08-20_16.10.46_0264.jpg\" alt=\"r\u00e9sistance\" width=\"500\" height=\"335\" \/><\/p>\n<p style=\"text-align: justify;\"><strong>La 9e \u00e9dition de l&rsquo;<a href=\"http:\/\/www.altertour.net\/\">AlterTour <\/a>aura lieu du 10 juillet au 21 ao\u00fbt prochain\u00a0! Ce Tour de France alternatif relie en v\u00e9lo diverses alternatives durables en Loire Atlantique, Mayenne, Ille-et-Vilaine, C\u00f4tes d\u2019Armor, Finist\u00e8re et Morbihan. L&rsquo;occasion de d\u00e9couvrir dans la convivialit\u00e9 des acteurs de la transition, la d\u00e9croissance, l\u2019\u00e9cologie, l\u2019autogestion&#8230; pour \u00ab\u00a0prendre le temps de s\u2019arr\u00eater sur le monde qui nous entoure, et puiser l\u2019\u00e9nergie pour construire celui que nous voulons.\u00a0\u00bb explique Mathieu Fromont.<\/strong><\/p>\n<p style=\"text-align: justify;\">Cette ann\u00e9e, l\u2019AlterTour s&rsquo;interroge sur la question de l\u2019appropriation (des terres, de l&rsquo;eau, du savoir&#8230;) avec le th\u00e8me \u00ab Bien vivre, biens communs \u00bb pour \u00ab\u00a0 r\u00e9invente[r] nos modes d\u2019organisation collective.\u00a0\u00bb<\/p>\n<p style=\"text-align: justify;\">L&rsquo;AlterTour provient d&rsquo;une volont\u00e9, apr\u00e8s la victoire contre les OGM en 2008, de cr\u00e9er du lien dans le cadre d&rsquo;un \u00ab\u00a0militantisme du faire-ensemble\u00a0\u00bb.<\/p>\n<p style=\"text-align: justify;\">Si vous souhaitez suivre les \u00e9v\u00e9nements de l&rsquo;AlterTour, nous publierons ici chaque semaine un nouvel \u00e9pisode des aventures alternatives des cyclistes. Restez connect\u00e9s\u00a0!<\/p>\n<p style=\"text-align: justify;\">Source : <a href=\"http:\/\/www.bretagne-durable.info\/altertour-militantisme-du-faire-ensemble\" target=\"_blank\" rel=\"noopener noreferrer\">Sans Transition<\/a><\/p>\n","protected":false},"excerpt":{"rendered":"<p>La 9e \u00e9dition de l&rsquo;AlterTour aura lieu du 10 juillet au 21 ao\u00fbt prochain\u00a0! Ce Tour de France alternatif relie en v\u00e9lo diverses alternatives durables en Loire Atlantique, Mayenne, Ille-et-Vilaine, C\u00f4tes d\u2019Armor, Finist\u00e8re et Morbihan. L&rsquo;occasion de d\u00e9couvrir dans la convivialit\u00e9 des acteurs de la transition, la d\u00e9croissance, l\u2019\u00e9cologie, l\u2019autogestion&#8230; &#8230; <\/p>\n<div><a href=\"https:\/\/www.altercampagne.net\/?p=5396\" class=\"more-link\">Read More<\/a><\/div>\n","protected":false},"author":214,"featured_media":9168,"comment_status":"closed","ping_status":"closed","sticky":false,"template":"","format":"standard","meta":{"footnotes":""},"categories":[3472,239,3459,3481],"tags":[383,552,1652,2492,2493,2494],"class_list":["post-5396","post","type-post","status-publish","format-standard","has-post-thumbnail","hentry","category-bretagne","category-revue-de-presse","category-edition-2016","category-pays-de-la-loire","tag-altertour-2016","tag-mathieu-fromont","tag-1652","tag-bretagne-durable","tag-sans-transition","tag-militantisme-du-faire-ensemble"],"yoast_head":"<!-- This site is optimized with the Yoast SEO plugin v27.3 - https:\/\/yoast.com\/product\/yoast-seo-wordpress\/ -->\n<title>AlterTour, le &quot;militantisme du faire-ensemble&quot; - AlterTour<\/title>\n<meta name=\"robots\" content=\"index, follow, max-snippet:-1, max-image-preview:large, max-video-preview:-1\" \/>\n<link rel=\"canonical\" href=\"https:\/\/www.altercampagne.net\/?p=5396\" \/>\n<meta property=\"og:locale\" content=\"fr_FR\" \/>\n<meta property=\"og:type\" content=\"article\" \/>\n<meta property=\"og:title\" content=\"AlterTour, le &quot;militantisme du faire-ensemble&quot; - AlterTour\" \/>\n<meta property=\"og:description\" content=\"La 9e \u00e9dition de l&rsquo;AlterTour aura lieu du 10 juillet au 21 ao\u00fbt prochain\u00a0! Ce Tour de France alternatif relie en v\u00e9lo diverses alternatives durables en Loire Atlantique, Mayenne, Ille-et-Vilaine, C\u00f4tes d\u2019Armor, Finist\u00e8re et Morbihan. L&rsquo;occasion de d\u00e9couvrir dans la convivialit\u00e9 des acteurs de la transition, la d\u00e9croissance, l\u2019\u00e9cologie, l\u2019autogestion&#8230; ... Read More\" \/>\n<meta property=\"og:url\" content=\"https:\/\/www.altercampagne.net\/?p=5396\" \/>\n<meta property=\"og:site_name\" content=\"AlterTour\" \/>\n<meta property=\"article:published_time\" content=\"2016-07-07T08:31:05+00:00\" \/>\n<meta property=\"article:modified_time\" content=\"2019-09-13T14:08:19+00:00\" \/>\n<meta property=\"og:image\" content=\"https:\/\/www.altercampagne.net\/wp-content\/uploads\/2018\/02\/altertour-galerie-13.jpg\" \/>\n\t<meta property=\"og:image:width\" content=\"800\" \/>\n\t<meta property=\"og:image:height\" content=\"537\" \/>\n\t<meta property=\"og:image:type\" content=\"image\/jpeg\" \/>\n<meta name=\"author\" content=\"Mathieu\" \/>\n<meta name=\"twitter:card\" content=\"summary_large_image\" \/>\n<meta name=\"twitter:label1\" content=\"\u00c9crit par\" \/>\n\t<meta name=\"twitter:data1\" content=\"Mathieu\" \/>\n\t<meta name=\"twitter:label2\" content=\"Dur\u00e9e de lecture estim\u00e9e\" \/>\n\t<meta name=\"twitter:data2\" content=\"1 minute\" \/>\n<script type=\"application\/ld+json\" class=\"yoast-schema-graph\">{\"@context\":\"https:\\\/\\\/schema.org\",\"@graph\":[{\"@type\":\"Article\",\"@id\":\"https:\\\/\\\/www.altercampagne.net\\\/?p=5396#article\",\"isPartOf\":{\"@id\":\"https:\\\/\\\/www.altercampagne.net\\\/?p=5396\"},\"author\":{\"name\":\"Mathieu\",\"@id\":\"https:\\\/\\\/www.altercampagne.net\\\/#\\\/schema\\\/person\\\/0f261460c09e430caa0f9bcffa319109\"},\"headline\":\"AlterTour, le \u00ab\u00a0militantisme du faire-ensemble\u00a0\u00bb\",\"datePublished\":\"2016-07-07T08:31:05+00:00\",\"dateModified\":\"2019-09-13T14:08:19+00:00\",\"mainEntityOfPage\":{\"@id\":\"https:\\\/\\\/www.altercampagne.net\\\/?p=5396\"},\"wordCount\":184,\"image\":{\"@id\":\"https:\\\/\\\/www.altercampagne.net\\\/?p=5396#primaryimage\"},\"thumbnailUrl\":\"https:\\\/\\\/www.altercampagne.net\\\/wp-content\\\/uploads\\\/2018\\\/02\\\/altertour-galerie-13.jpg\",\"keywords\":[\"AlterTour 2016\",\"Mathieu Fromont\",\"2016\",\"bretagne durable\",\"sans transition\",\"militantisme du faire-ensemble\"],\"articleSection\":[\"Bretagne\",\"Revue de presse\",\"\u00c9dition 2016\",\"Pays de la Loire\"],\"inLanguage\":\"fr-FR\"},{\"@type\":\"WebPage\",\"@id\":\"https:\\\/\\\/www.altercampagne.net\\\/?p=5396\",\"url\":\"https:\\\/\\\/www.altercampagne.net\\\/?p=5396\",\"name\":\"AlterTour, le \\\"militantisme du faire-ensemble\\\" - AlterTour\",\"isPartOf\":{\"@id\":\"https:\\\/\\\/www.altercampagne.net\\\/#website\"},\"primaryImageOfPage\":{\"@id\":\"https:\\\/\\\/www.altercampagne.net\\\/?p=5396#primaryimage\"},\"image\":{\"@id\":\"https:\\\/\\\/www.altercampagne.net\\\/?p=5396#primaryimage\"},\"thumbnailUrl\":\"https:\\\/\\\/www.altercampagne.net\\\/wp-content\\\/uploads\\\/2018\\\/02\\\/altertour-galerie-13.jpg\",\"datePublished\":\"2016-07-07T08:31:05+00:00\",\"dateModified\":\"2019-09-13T14:08:19+00:00\",\"author\":{\"@id\":\"https:\\\/\\\/www.altercampagne.net\\\/#\\\/schema\\\/person\\\/0f261460c09e430caa0f9bcffa319109\"},\"breadcrumb\":{\"@id\":\"https:\\\/\\\/www.altercampagne.net\\\/?p=5396#breadcrumb\"},\"inLanguage\":\"fr-FR\",\"potentialAction\":[{\"@type\":\"ReadAction\",\"target\":[\"https:\\\/\\\/www.altercampagne.net\\\/?p=5396\"]}]},{\"@type\":\"ImageObject\",\"inLanguage\":\"fr-FR\",\"@id\":\"https:\\\/\\\/www.altercampagne.net\\\/?p=5396#primaryimage\",\"url\":\"https:\\\/\\\/www.altercampagne.net\\\/wp-content\\\/uploads\\\/2018\\\/02\\\/altertour-galerie-13.jpg\",\"contentUrl\":\"https:\\\/\\\/www.altercampagne.net\\\/wp-content\\\/uploads\\\/2018\\\/02\\\/altertour-galerie-13.jpg\",\"width\":800,\"height\":537},{\"@type\":\"BreadcrumbList\",\"@id\":\"https:\\\/\\\/www.altercampagne.net\\\/?p=5396#breadcrumb\",\"itemListElement\":[{\"@type\":\"ListItem\",\"position\":1,\"name\":\"Accueil\",\"item\":\"https:\\\/\\\/www.altercampagne.net\\\/\"},{\"@type\":\"ListItem\",\"position\":2,\"name\":\"AlterTour, le \u00ab\u00a0militantisme du faire-ensemble\u00a0\u00bb\"}]},{\"@type\":\"WebSite\",\"@id\":\"https:\\\/\\\/www.altercampagne.net\\\/#website\",\"url\":\"https:\\\/\\\/www.altercampagne.net\\\/\",\"name\":\"AlterTour\",\"description\":\"Reliez les Alternatives \u00e0 v\u00e9lo\",\"potentialAction\":[{\"@type\":\"SearchAction\",\"target\":{\"@type\":\"EntryPoint\",\"urlTemplate\":\"https:\\\/\\\/www.altercampagne.net\\\/?s={search_term_string}\"},\"query-input\":{\"@type\":\"PropertyValueSpecification\",\"valueRequired\":true,\"valueName\":\"search_term_string\"}}],\"inLanguage\":\"fr-FR\"},{\"@type\":\"Person\",\"@id\":\"https:\\\/\\\/www.altercampagne.net\\\/#\\\/schema\\\/person\\\/0f261460c09e430caa0f9bcffa319109\",\"name\":\"Mathieu\",\"image\":{\"@type\":\"ImageObject\",\"inLanguage\":\"fr-FR\",\"@id\":\"https:\\\/\\\/secure.gravatar.com\\\/avatar\\\/aa9d3d24c83f2141e5e2709d0f63d09a99f6be6bb7a50abc4915838d9f54501a?s=96&d=mm&r=g\",\"url\":\"https:\\\/\\\/secure.gravatar.com\\\/avatar\\\/aa9d3d24c83f2141e5e2709d0f63d09a99f6be6bb7a50abc4915838d9f54501a?s=96&d=mm&r=g\",\"contentUrl\":\"https:\\\/\\\/secure.gravatar.com\\\/avatar\\\/aa9d3d24c83f2141e5e2709d0f63d09a99f6be6bb7a50abc4915838d9f54501a?s=96&d=mm&r=g\",\"caption\":\"Mathieu\"},\"url\":\"https:\\\/\\\/www.altercampagne.net\\\/?author=214\"}]}<\/script>\n<!-- \/ Yoast SEO plugin. -->","yoast_head_json":{"title":"AlterTour, le \"militantisme du faire-ensemble\" - AlterTour","robots":{"index":"index","follow":"follow","max-snippet":"max-snippet:-1","max-image-preview":"max-image-preview:large","max-video-preview":"max-video-preview:-1"},"canonical":"https:\/\/www.altercampagne.net\/?p=5396","og_locale":"fr_FR","og_type":"article","og_title":"AlterTour, le \"militantisme du faire-ensemble\" - AlterTour","og_description":"La 9e \u00e9dition de l&rsquo;AlterTour aura lieu du 10 juillet au 21 ao\u00fbt prochain\u00a0! Ce Tour de France alternatif relie en v\u00e9lo diverses alternatives durables en Loire Atlantique, Mayenne, Ille-et-Vilaine, C\u00f4tes d\u2019Armor, Finist\u00e8re et Morbihan. L&rsquo;occasion de d\u00e9couvrir dans la convivialit\u00e9 des acteurs de la transition, la d\u00e9croissance, l\u2019\u00e9cologie, l\u2019autogestion&#8230; ... Read More","og_url":"https:\/\/www.altercampagne.net\/?p=5396","og_site_name":"AlterTour","article_published_time":"2016-07-07T08:31:05+00:00","article_modified_time":"2019-09-13T14:08:19+00:00","og_image":[{"width":800,"height":537,"url":"https:\/\/www.altercampagne.net\/wp-content\/uploads\/2018\/02\/altertour-galerie-13.jpg","type":"image\/jpeg"}],"author":"Mathieu","twitter_card":"summary_large_image","twitter_misc":{"\u00c9crit par":"Mathieu","Dur\u00e9e de lecture estim\u00e9e":"1 minute"},"schema":{"@context":"https:\/\/schema.org","@graph":[{"@type":"Article","@id":"https:\/\/www.altercampagne.net\/?p=5396#article","isPartOf":{"@id":"https:\/\/www.altercampagne.net\/?p=5396"},"author":{"name":"Mathieu","@id":"https:\/\/www.altercampagne.net\/#\/schema\/person\/0f261460c09e430caa0f9bcffa319109"},"headline":"AlterTour, le \u00ab\u00a0militantisme du faire-ensemble\u00a0\u00bb","datePublished":"2016-07-07T08:31:05+00:00","dateModified":"2019-09-13T14:08:19+00:00","mainEntityOfPage":{"@id":"https:\/\/www.altercampagne.net\/?p=5396"},"wordCount":184,"image":{"@id":"https:\/\/www.altercampagne.net\/?p=5396#primaryimage"},"thumbnailUrl":"https:\/\/www.altercampagne.net\/wp-content\/uploads\/2018\/02\/altertour-galerie-13.jpg","keywords":["AlterTour 2016","Mathieu Fromont","2016","bretagne durable","sans transition","militantisme du faire-ensemble"],"articleSection":["Bretagne","Revue de presse","\u00c9dition 2016","Pays de la Loire"],"inLanguage":"fr-FR"},{"@type":"WebPage","@id":"https:\/\/www.altercampagne.net\/?p=5396","url":"https:\/\/www.altercampagne.net\/?p=5396","name":"AlterTour, le \"militantisme du faire-ensemble\" - AlterTour","isPartOf":{"@id":"https:\/\/www.altercampagne.net\/#website"},"primaryImageOfPage":{"@id":"https:\/\/www.altercampagne.net\/?p=5396#primaryimage"},"image":{"@id":"https:\/\/www.altercampagne.net\/?p=5396#primaryimage"},"thumbnailUrl":"https:\/\/www.altercampagne.net\/wp-content\/uploads\/2018\/02\/altertour-galerie-13.jpg","datePublished":"2016-07-07T08:31:05+00:00","dateModified":"2019-09-13T14:08:19+00:00","author":{"@id":"https:\/\/www.altercampagne.net\/#\/schema\/person\/0f261460c09e430caa0f9bcffa319109"},"breadcrumb":{"@id":"https:\/\/www.altercampagne.net\/?p=5396#breadcrumb"},"inLanguage":"fr-FR","potentialAction":[{"@type":"ReadAction","target":["https:\/\/www.altercampagne.net\/?p=5396"]}]},{"@type":"ImageObject","inLanguage":"fr-FR","@id":"https:\/\/www.altercampagne.net\/?p=5396#primaryimage","url":"https:\/\/www.altercampagne.net\/wp-content\/uploads\/2018\/02\/altertour-galerie-13.jpg","contentUrl":"https:\/\/www.altercampagne.net\/wp-content\/uploads\/2018\/02\/altertour-galerie-13.jpg","width":800,"height":537},{"@type":"BreadcrumbList","@id":"https:\/\/www.altercampagne.net\/?p=5396#breadcrumb","itemListElement":[{"@type":"ListItem","position":1,"name":"Accueil","item":"https:\/\/www.altercampagne.net\/"},{"@type":"ListItem","position":2,"name":"AlterTour, le \u00ab\u00a0militantisme du faire-ensemble\u00a0\u00bb"}]},{"@type":"WebSite","@id":"https:\/\/www.altercampagne.net\/#website","url":"https:\/\/www.altercampagne.net\/","name":"AlterTour","description":"Reliez les Alternatives \u00e0 v\u00e9lo","potentialAction":[{"@type":"SearchAction","target":{"@type":"EntryPoint","urlTemplate":"https:\/\/www.altercampagne.net\/?s={search_term_string}"},"query-input":{"@type":"PropertyValueSpecification","valueRequired":true,"valueName":"search_term_string"}}],"inLanguage":"fr-FR"},{"@type":"Person","@id":"https:\/\/www.altercampagne.net\/#\/schema\/person\/0f261460c09e430caa0f9bcffa319109","name":"Mathieu","image":{"@type":"ImageObject","inLanguage":"fr-FR","@id":"https:\/\/secure.gravatar.com\/avatar\/aa9d3d24c83f2141e5e2709d0f63d09a99f6be6bb7a50abc4915838d9f54501a?s=96&d=mm&r=g","url":"https:\/\/secure.gravatar.com\/avatar\/aa9d3d24c83f2141e5e2709d0f63d09a99f6be6bb7a50abc4915838d9f54501a?s=96&d=mm&r=g","contentUrl":"https:\/\/secure.gravatar.com\/avatar\/aa9d3d24c83f2141e5e2709d0f63d09a99f6be6bb7a50abc4915838d9f54501a?s=96&d=mm&r=g","caption":"Mathieu"},"url":"https:\/\/www.altercampagne.net\/?author=214"}]}},"_links":{"self":[{"href":"https:\/\/www.altercampagne.net\/index.php?rest_route=\/wp\/v2\/posts\/5396","targetHints":{"allow":["GET"]}}],"collection":[{"href":"https:\/\/www.altercampagne.net\/index.php?rest_route=\/wp\/v2\/posts"}],"about":[{"href":"https:\/\/www.altercampagne.net\/index.php?rest_route=\/wp\/v2\/types\/post"}],"author":[{"embeddable":true,"href":"https:\/\/www.altercampagne.net\/index.php?rest_route=\/wp\/v2\/users\/214"}],"replies":[{"embeddable":true,"href":"https:\/\/www.altercampagne.net\/index.php?rest_route=%2Fwp%2Fv2%2Fcomments&post=5396"}],"version-history":[{"count":0,"href":"https:\/\/www.altercampagne.net\/index.php?rest_route=\/wp\/v2\/posts\/5396\/revisions"}],"wp:featuredmedia":[{"embeddable":true,"href":"https:\/\/www.altercampagne.net\/index.php?rest_route=\/wp\/v2\/media\/9168"}],"wp:attachment":[{"href":"https:\/\/www.altercampagne.net\/index.php?rest_route=%2Fwp%2Fv2%2Fmedia&parent=5396"}],"wp:term":[{"taxonomy":"category","embeddable":true,"href":"https:\/\/www.altercampagne.net\/index.php?rest_route=%2Fwp%2Fv2%2Fcategories&post=5396"},{"taxonomy":"post_tag","embeddable":true,"href":"https:\/\/www.altercampagne.net\/index.php?rest_route=%2Fwp%2Fv2%2Ftags&post=5396"}],"curies":[{"name":"wp","href":"https:\/\/api.w.org\/{rel}","templated":true}]}}