{"id":5400,"date":"2016-07-07T10:56:27","date_gmt":"2016-07-07T08:56:27","guid":{"rendered":"http:\/\/www.altercampagne.net\/?p=5400"},"modified":"2016-07-07T10:57:36","modified_gmt":"2016-07-07T08:57:36","slug":"festivete-altertour","status":"publish","type":"post","link":"https:\/\/www.altercampagne.net\/?p=5400","title":{"rendered":"FESTIV\u2019\u00c9T\u00c9 \u2013 AlterTour"},"content":{"rendered":"<p><a href=\"http:\/\/www.altercampagne.net\/wp-content\/uploads\/2016\/07\/2016-07-Sine.jpg\"><img loading=\"lazy\" decoding=\"async\" class=\" size-full wp-image-5404 alignleft\" src=\"http:\/\/www.altercampagne.net\/wp-content\/uploads\/2016\/07\/2016-07-Sine.jpg\" alt=\"2016-07-Sine\" width=\"153\" height=\"200\" \/><\/a>Il fait beau, on sort le <strong>biclou<\/strong> pour se d\u00e9gourdir les gambettes et s\u2019a\u00e9rer le cerveau. L\u2019AlterTour, c\u2019est depuis plusieurs ann\u00e9es, lors d\u2019une <strong>grande rando collective<\/strong> de plus d\u2019un mois, partir \u00e0 la rencontre d\u2019exp\u00e9riences alternatives et de luttes diverses, le tout dans la bonne humeur, la rencontre, agr\u00e9ment\u00e9 de soir\u00e9es culinaires et festives, avec parfois des concerts, des projections. Des toutes petites \u00e9tapes pas fort pentues que m\u00eame des gros mollassons comme moi pourraient assurer. Cette ann\u00e9e, on part du grand rassemblement annuel pour soutenir Notre-Dame-des-Landes. \u00c7a passe par des brasseries associatives, des \u00e9covillages, des lieux culturels autog\u00e9r\u00e9s et bien d\u2019autres exp\u00e9riences revigorantes.<\/p>\n<p>Du <strong>10 juillet au 21 ao\u00fbt<\/strong>, de Notre-Dame-des-Landes \u00e0 Rennes.<\/p>\n<p>Source : <a href=\"http:\/\/www.sinemensuel.com\/agenda\/festivete-altertour\/\" target=\"_blank\">Sin\u00e9 Mensuel<\/a><\/p>\n","protected":false},"excerpt":{"rendered":"<p>Il fait beau, on sort le biclou pour se d\u00e9gourdir les gambettes et s\u2019a\u00e9rer le cerveau. L\u2019AlterTour, c\u2019est depuis plusieurs ann\u00e9es, lors d\u2019une grande rando collective de plus d\u2019un mois, partir \u00e0 la rencontre d\u2019exp\u00e9riences alternatives et de luttes diverses, le tout dans la bonne humeur, la rencontre, agr\u00e9ment\u00e9 de &#8230; <\/p>\n<div><a href=\"https:\/\/www.altercampagne.net\/?p=5400\" class=\"more-link\">Read More<\/a><\/div>\n","protected":false},"author":214,"featured_media":0,"comment_status":"closed","ping_status":"closed","sticky":false,"template":"","format":"standard","meta":{"footnotes":""},"categories":[239],"tags":[383,1652,2495,2496,2497,2498],"class_list":["post-5400","post","type-post","status-publish","format-standard","hentry","category-revue-de-presse","tag-altertour-2016","tag-1652","tag-sine-mensuel","tag-brasseries-associatives","tag-des-ecovillages","tag-des-lieux-culturels-autogeres","no-post-thumbnail"],"yoast_head":"<!-- This site is optimized with the Yoast SEO plugin v27.3 - https:\/\/yoast.com\/product\/yoast-seo-wordpress\/ -->\n<title>FESTIV\u2019\u00c9T\u00c9 \u2013 AlterTour - AlterTour<\/title>\n<meta name=\"robots\" content=\"index, follow, max-snippet:-1, max-image-preview:large, max-video-preview:-1\" \/>\n<link rel=\"canonical\" href=\"https:\/\/www.altercampagne.net\/?p=5400\" \/>\n<meta property=\"og:locale\" content=\"fr_FR\" \/>\n<meta property=\"og:type\" content=\"article\" \/>\n<meta property=\"og:title\" content=\"FESTIV\u2019\u00c9T\u00c9 \u2013 AlterTour - AlterTour\" \/>\n<meta property=\"og:description\" content=\"Il fait beau, on sort le biclou pour se d\u00e9gourdir les gambettes et s\u2019a\u00e9rer le cerveau. L\u2019AlterTour, c\u2019est depuis plusieurs ann\u00e9es, lors d\u2019une grande rando collective de plus d\u2019un mois, partir \u00e0 la rencontre d\u2019exp\u00e9riences alternatives et de luttes diverses, le tout dans la bonne humeur, la rencontre, agr\u00e9ment\u00e9 de ... Read More\" \/>\n<meta property=\"og:url\" content=\"https:\/\/www.altercampagne.net\/?p=5400\" \/>\n<meta property=\"og:site_name\" content=\"AlterTour\" \/>\n<meta property=\"article:published_time\" content=\"2016-07-07T08:56:27+00:00\" \/>\n<meta property=\"article:modified_time\" content=\"2016-07-07T08:57:36+00:00\" \/>\n<meta property=\"og:image\" content=\"http:\/\/www.altercampagne.net\/wp-content\/uploads\/2016\/07\/2016-07-Sine.jpg\" \/>\n<meta name=\"author\" content=\"Mathieu\" \/>\n<meta name=\"twitter:card\" content=\"summary_large_image\" \/>\n<meta name=\"twitter:label1\" content=\"\u00c9crit par\" \/>\n\t<meta name=\"twitter:data1\" content=\"Mathieu\" \/>\n\t<meta name=\"twitter:label2\" content=\"Dur\u00e9e de lecture estim\u00e9e\" \/>\n\t<meta name=\"twitter:data2\" content=\"1 minute\" \/>\n<script type=\"application\/ld+json\" class=\"yoast-schema-graph\">{\"@context\":\"https:\\\/\\\/schema.org\",\"@graph\":[{\"@type\":\"Article\",\"@id\":\"https:\\\/\\\/www.altercampagne.net\\\/?p=5400#article\",\"isPartOf\":{\"@id\":\"https:\\\/\\\/www.altercampagne.net\\\/?p=5400\"},\"author\":{\"name\":\"Mathieu\",\"@id\":\"https:\\\/\\\/www.altercampagne.net\\\/#\\\/schema\\\/person\\\/0f261460c09e430caa0f9bcffa319109\"},\"headline\":\"FESTIV\u2019\u00c9T\u00c9 \u2013 AlterTour\",\"datePublished\":\"2016-07-07T08:56:27+00:00\",\"dateModified\":\"2016-07-07T08:57:36+00:00\",\"mainEntityOfPage\":{\"@id\":\"https:\\\/\\\/www.altercampagne.net\\\/?p=5400\"},\"wordCount\":135,\"image\":{\"@id\":\"https:\\\/\\\/www.altercampagne.net\\\/?p=5400#primaryimage\"},\"thumbnailUrl\":\"http:\\\/\\\/www.altercampagne.net\\\/wp-content\\\/uploads\\\/2016\\\/07\\\/2016-07-Sine.jpg\",\"keywords\":[\"AlterTour 2016\",\"2016\",\"Sin\u00e9 Mensuel\",\"brasseries associatives\",\"des \u00e9covillages\",\"des lieux culturels autog\u00e9r\u00e9s\"],\"articleSection\":[\"Revue de presse\"],\"inLanguage\":\"fr-FR\"},{\"@type\":\"WebPage\",\"@id\":\"https:\\\/\\\/www.altercampagne.net\\\/?p=5400\",\"url\":\"https:\\\/\\\/www.altercampagne.net\\\/?p=5400\",\"name\":\"FESTIV\u2019\u00c9T\u00c9 \u2013 AlterTour - AlterTour\",\"isPartOf\":{\"@id\":\"https:\\\/\\\/www.altercampagne.net\\\/#website\"},\"primaryImageOfPage\":{\"@id\":\"https:\\\/\\\/www.altercampagne.net\\\/?p=5400#primaryimage\"},\"image\":{\"@id\":\"https:\\\/\\\/www.altercampagne.net\\\/?p=5400#primaryimage\"},\"thumbnailUrl\":\"http:\\\/\\\/www.altercampagne.net\\\/wp-content\\\/uploads\\\/2016\\\/07\\\/2016-07-Sine.jpg\",\"datePublished\":\"2016-07-07T08:56:27+00:00\",\"dateModified\":\"2016-07-07T08:57:36+00:00\",\"author\":{\"@id\":\"https:\\\/\\\/www.altercampagne.net\\\/#\\\/schema\\\/person\\\/0f261460c09e430caa0f9bcffa319109\"},\"breadcrumb\":{\"@id\":\"https:\\\/\\\/www.altercampagne.net\\\/?p=5400#breadcrumb\"},\"inLanguage\":\"fr-FR\",\"potentialAction\":[{\"@type\":\"ReadAction\",\"target\":[\"https:\\\/\\\/www.altercampagne.net\\\/?p=5400\"]}]},{\"@type\":\"ImageObject\",\"inLanguage\":\"fr-FR\",\"@id\":\"https:\\\/\\\/www.altercampagne.net\\\/?p=5400#primaryimage\",\"url\":\"https:\\\/\\\/www.altercampagne.net\\\/wp-content\\\/uploads\\\/2016\\\/07\\\/2016-07-Sine.jpg\",\"contentUrl\":\"https:\\\/\\\/www.altercampagne.net\\\/wp-content\\\/uploads\\\/2016\\\/07\\\/2016-07-Sine.jpg\",\"width\":153,\"height\":200},{\"@type\":\"BreadcrumbList\",\"@id\":\"https:\\\/\\\/www.altercampagne.net\\\/?p=5400#breadcrumb\",\"itemListElement\":[{\"@type\":\"ListItem\",\"position\":1,\"name\":\"Accueil\",\"item\":\"https:\\\/\\\/www.altercampagne.net\\\/\"},{\"@type\":\"ListItem\",\"position\":2,\"name\":\"FESTIV\u2019\u00c9T\u00c9 \u2013 AlterTour\"}]},{\"@type\":\"WebSite\",\"@id\":\"https:\\\/\\\/www.altercampagne.net\\\/#website\",\"url\":\"https:\\\/\\\/www.altercampagne.net\\\/\",\"name\":\"AlterTour\",\"description\":\"Reliez les Alternatives \u00e0 v\u00e9lo\",\"potentialAction\":[{\"@type\":\"SearchAction\",\"target\":{\"@type\":\"EntryPoint\",\"urlTemplate\":\"https:\\\/\\\/www.altercampagne.net\\\/?s={search_term_string}\"},\"query-input\":{\"@type\":\"PropertyValueSpecification\",\"valueRequired\":true,\"valueName\":\"search_term_string\"}}],\"inLanguage\":\"fr-FR\"},{\"@type\":\"Person\",\"@id\":\"https:\\\/\\\/www.altercampagne.net\\\/#\\\/schema\\\/person\\\/0f261460c09e430caa0f9bcffa319109\",\"name\":\"Mathieu\",\"image\":{\"@type\":\"ImageObject\",\"inLanguage\":\"fr-FR\",\"@id\":\"https:\\\/\\\/secure.gravatar.com\\\/avatar\\\/aa9d3d24c83f2141e5e2709d0f63d09a99f6be6bb7a50abc4915838d9f54501a?s=96&d=mm&r=g\",\"url\":\"https:\\\/\\\/secure.gravatar.com\\\/avatar\\\/aa9d3d24c83f2141e5e2709d0f63d09a99f6be6bb7a50abc4915838d9f54501a?s=96&d=mm&r=g\",\"contentUrl\":\"https:\\\/\\\/secure.gravatar.com\\\/avatar\\\/aa9d3d24c83f2141e5e2709d0f63d09a99f6be6bb7a50abc4915838d9f54501a?s=96&d=mm&r=g\",\"caption\":\"Mathieu\"},\"url\":\"https:\\\/\\\/www.altercampagne.net\\\/?author=214\"}]}<\/script>\n<!-- \/ Yoast SEO plugin. -->","yoast_head_json":{"title":"FESTIV\u2019\u00c9T\u00c9 \u2013 AlterTour - AlterTour","robots":{"index":"index","follow":"follow","max-snippet":"max-snippet:-1","max-image-preview":"max-image-preview:large","max-video-preview":"max-video-preview:-1"},"canonical":"https:\/\/www.altercampagne.net\/?p=5400","og_locale":"fr_FR","og_type":"article","og_title":"FESTIV\u2019\u00c9T\u00c9 \u2013 AlterTour - AlterTour","og_description":"Il fait beau, on sort le biclou pour se d\u00e9gourdir les gambettes et s\u2019a\u00e9rer le cerveau. L\u2019AlterTour, c\u2019est depuis plusieurs ann\u00e9es, lors d\u2019une grande rando collective de plus d\u2019un mois, partir \u00e0 la rencontre d\u2019exp\u00e9riences alternatives et de luttes diverses, le tout dans la bonne humeur, la rencontre, agr\u00e9ment\u00e9 de ... Read More","og_url":"https:\/\/www.altercampagne.net\/?p=5400","og_site_name":"AlterTour","article_published_time":"2016-07-07T08:56:27+00:00","article_modified_time":"2016-07-07T08:57:36+00:00","og_image":[{"url":"http:\/\/www.altercampagne.net\/wp-content\/uploads\/2016\/07\/2016-07-Sine.jpg","type":"","width":"","height":""}],"author":"Mathieu","twitter_card":"summary_large_image","twitter_misc":{"\u00c9crit par":"Mathieu","Dur\u00e9e de lecture estim\u00e9e":"1 minute"},"schema":{"@context":"https:\/\/schema.org","@graph":[{"@type":"Article","@id":"https:\/\/www.altercampagne.net\/?p=5400#article","isPartOf":{"@id":"https:\/\/www.altercampagne.net\/?p=5400"},"author":{"name":"Mathieu","@id":"https:\/\/www.altercampagne.net\/#\/schema\/person\/0f261460c09e430caa0f9bcffa319109"},"headline":"FESTIV\u2019\u00c9T\u00c9 \u2013 AlterTour","datePublished":"2016-07-07T08:56:27+00:00","dateModified":"2016-07-07T08:57:36+00:00","mainEntityOfPage":{"@id":"https:\/\/www.altercampagne.net\/?p=5400"},"wordCount":135,"image":{"@id":"https:\/\/www.altercampagne.net\/?p=5400#primaryimage"},"thumbnailUrl":"http:\/\/www.altercampagne.net\/wp-content\/uploads\/2016\/07\/2016-07-Sine.jpg","keywords":["AlterTour 2016","2016","Sin\u00e9 Mensuel","brasseries associatives","des \u00e9covillages","des lieux culturels autog\u00e9r\u00e9s"],"articleSection":["Revue de presse"],"inLanguage":"fr-FR"},{"@type":"WebPage","@id":"https:\/\/www.altercampagne.net\/?p=5400","url":"https:\/\/www.altercampagne.net\/?p=5400","name":"FESTIV\u2019\u00c9T\u00c9 \u2013 AlterTour - AlterTour","isPartOf":{"@id":"https:\/\/www.altercampagne.net\/#website"},"primaryImageOfPage":{"@id":"https:\/\/www.altercampagne.net\/?p=5400#primaryimage"},"image":{"@id":"https:\/\/www.altercampagne.net\/?p=5400#primaryimage"},"thumbnailUrl":"http:\/\/www.altercampagne.net\/wp-content\/uploads\/2016\/07\/2016-07-Sine.jpg","datePublished":"2016-07-07T08:56:27+00:00","dateModified":"2016-07-07T08:57:36+00:00","author":{"@id":"https:\/\/www.altercampagne.net\/#\/schema\/person\/0f261460c09e430caa0f9bcffa319109"},"breadcrumb":{"@id":"https:\/\/www.altercampagne.net\/?p=5400#breadcrumb"},"inLanguage":"fr-FR","potentialAction":[{"@type":"ReadAction","target":["https:\/\/www.altercampagne.net\/?p=5400"]}]},{"@type":"ImageObject","inLanguage":"fr-FR","@id":"https:\/\/www.altercampagne.net\/?p=5400#primaryimage","url":"https:\/\/www.altercampagne.net\/wp-content\/uploads\/2016\/07\/2016-07-Sine.jpg","contentUrl":"https:\/\/www.altercampagne.net\/wp-content\/uploads\/2016\/07\/2016-07-Sine.jpg","width":153,"height":200},{"@type":"BreadcrumbList","@id":"https:\/\/www.altercampagne.net\/?p=5400#breadcrumb","itemListElement":[{"@type":"ListItem","position":1,"name":"Accueil","item":"https:\/\/www.altercampagne.net\/"},{"@type":"ListItem","position":2,"name":"FESTIV\u2019\u00c9T\u00c9 \u2013 AlterTour"}]},{"@type":"WebSite","@id":"https:\/\/www.altercampagne.net\/#website","url":"https:\/\/www.altercampagne.net\/","name":"AlterTour","description":"Reliez les Alternatives \u00e0 v\u00e9lo","potentialAction":[{"@type":"SearchAction","target":{"@type":"EntryPoint","urlTemplate":"https:\/\/www.altercampagne.net\/?s={search_term_string}"},"query-input":{"@type":"PropertyValueSpecification","valueRequired":true,"valueName":"search_term_string"}}],"inLanguage":"fr-FR"},{"@type":"Person","@id":"https:\/\/www.altercampagne.net\/#\/schema\/person\/0f261460c09e430caa0f9bcffa319109","name":"Mathieu","image":{"@type":"ImageObject","inLanguage":"fr-FR","@id":"https:\/\/secure.gravatar.com\/avatar\/aa9d3d24c83f2141e5e2709d0f63d09a99f6be6bb7a50abc4915838d9f54501a?s=96&d=mm&r=g","url":"https:\/\/secure.gravatar.com\/avatar\/aa9d3d24c83f2141e5e2709d0f63d09a99f6be6bb7a50abc4915838d9f54501a?s=96&d=mm&r=g","contentUrl":"https:\/\/secure.gravatar.com\/avatar\/aa9d3d24c83f2141e5e2709d0f63d09a99f6be6bb7a50abc4915838d9f54501a?s=96&d=mm&r=g","caption":"Mathieu"},"url":"https:\/\/www.altercampagne.net\/?author=214"}]}},"_links":{"self":[{"href":"https:\/\/www.altercampagne.net\/index.php?rest_route=\/wp\/v2\/posts\/5400","targetHints":{"allow":["GET"]}}],"collection":[{"href":"https:\/\/www.altercampagne.net\/index.php?rest_route=\/wp\/v2\/posts"}],"about":[{"href":"https:\/\/www.altercampagne.net\/index.php?rest_route=\/wp\/v2\/types\/post"}],"author":[{"embeddable":true,"href":"https:\/\/www.altercampagne.net\/index.php?rest_route=\/wp\/v2\/users\/214"}],"replies":[{"embeddable":true,"href":"https:\/\/www.altercampagne.net\/index.php?rest_route=%2Fwp%2Fv2%2Fcomments&post=5400"}],"version-history":[{"count":0,"href":"https:\/\/www.altercampagne.net\/index.php?rest_route=\/wp\/v2\/posts\/5400\/revisions"}],"wp:attachment":[{"href":"https:\/\/www.altercampagne.net\/index.php?rest_route=%2Fwp%2Fv2%2Fmedia&parent=5400"}],"wp:term":[{"taxonomy":"category","embeddable":true,"href":"https:\/\/www.altercampagne.net\/index.php?rest_route=%2Fwp%2Fv2%2Fcategories&post=5400"},{"taxonomy":"post_tag","embeddable":true,"href":"https:\/\/www.altercampagne.net\/index.php?rest_route=%2Fwp%2Fv2%2Ftags&post=5400"}],"curies":[{"name":"wp","href":"https:\/\/api.w.org\/{rel}","templated":true}]}}