{"id":5424,"date":"2016-07-15T21:31:22","date_gmt":"2016-07-15T19:31:22","guid":{"rendered":"http:\/\/www.altercampagne.net\/?p=5424"},"modified":"2019-09-13T16:22:58","modified_gmt":"2019-09-13T14:22:58","slug":"journee-a-la-ferme-de-radis-co","status":"publish","type":"post","link":"https:\/\/www.altercampagne.net\/?p=5424","title":{"rendered":"Journ\u00e9e du 15 juillet \u00e0 la Ferme des \u00ab Radis &#038; Co \u00bb"},"content":{"rendered":"<p>Aujourd&rsquo;hui repos \u00e0 Montflours\u00a0sous un soleil de plomb. Visites de la ferme \u00e0 quelques kms du centre ville et de la brasserie associative sont au programme.<br \/>\nLa journ\u00e9e est agr\u00e9ment\u00e9e de moments de d\u00e9tente\u00a0: baignade dans la \u00ab\u00a0piscine\u00a0\u00bb naturelle, atelier d\u00e9sherbage, musique&#8230;<br \/>\nLa ferme bio cr\u00e9e en 2011 par 5 potes issus des milieux militants a su concilier diversit\u00e9 et compl\u00e9mentarit\u00e9 des activit\u00e9s (production de lait et fabrication du fromage, culture de c\u00e9r\u00e9ales et boulangerie, rotation des cultures mara\u00eech\u00e8res et p\u00e2turage des vaches&#8230;). Les acteurs sont autant sp\u00e9cialis\u00e9s (1 r\u00e9f\u00e9rent par activit\u00e9) que polyvalents entre eux, ce qui leur permet de d\u00e9gager du temps libre. La ferme a su atteindre son objectif premier qu&rsquo;est l&rsquo;autosuffisance alimentaire. Et tant mieux car la demande de la population locale s&rsquo;accro\u00eet toujours et encore. La ferme peut fonctionner aussi gr\u00e2ce \u00e0 la solidarit\u00e9 qui caract\u00e9rise le dynamisme de Montflours et des environs auquel Radis &amp; Co participe gr\u00e2ce \u00e0 son implication dans la vie associative locale. Cette synergie se retrouve au sein de la brasserie et d&rsquo;autres entreprises telles que le nouveau laveur de bouteilles, la chaudronnerie, le producteur de plantes aromatiques&#8230; qui ont vocation \u00e0 rejoindre un projet local de zone artisanale coop\u00e9rative d\u00e9nomm\u00e9 \u00ab\u00a0l&rsquo;Archipel\u00a0\u00bb. Les locaux seront mutualis\u00e9s et seront construits de mani\u00e8re r\u00e9versible. Ainsi se pose la question de la pr\u00e9servation du territoire dont les besoins \u00e9voluent au fil du temps et qui interroge la notion de Bien Commun. \u00c7a tombe bien, c&rsquo;\u00e9tait le th\u00e8me du d\u00e9bat de la soir\u00e9e qui cl\u00f4tura cette super journ\u00e9e\u00a0!<\/p>\n<p style=\"text-align: right;\"><strong>Malka<\/strong><\/p>\n","protected":false},"excerpt":{"rendered":"<p>Aujourd&rsquo;hui repos \u00e0 Montflours\u00a0sous un soleil de plomb. Visites de la ferme \u00e0 quelques kms du centre ville et de la brasserie associative sont au programme. La journ\u00e9e est agr\u00e9ment\u00e9e de moments de d\u00e9tente\u00a0: baignade dans la \u00ab\u00a0piscine\u00a0\u00bb naturelle, atelier d\u00e9sherbage, musique&#8230; La ferme bio cr\u00e9e en 2011 par 5 &#8230; <\/p>\n<div><a href=\"https:\/\/www.altercampagne.net\/?p=5424\" class=\"more-link\">Read More<\/a><\/div>\n","protected":false},"author":214,"featured_media":15472,"comment_status":"closed","ping_status":"closed","sticky":false,"template":"","format":"standard","meta":{"footnotes":""},"categories":[3483,3459,3481],"tags":[254,383,416,429,489,894,1652,2383,2500,2524,2704,2846,2849,2850,2851],"class_list":["post-5424","post","type-post","status-publish","format-standard","has-post-thumbnail","hentry","category-agriculture","category-edition-2016","category-pays-de-la-loire","tag-amap","tag-altertour-2016","tag-mayenne","tag-terre-de-liens","tag-gaec-radis-co","tag-pays-de-la-loire","tag-1652","tag-radis-co","tag-montflours","tag-archipel","tag-alterjournaliste","tag-accueillant","tag-accueillant2016","tag-accueillant-2016","tag-altertour2016"],"yoast_head":"<!-- This site is optimized with the Yoast SEO plugin v27.3 - https:\/\/yoast.com\/product\/yoast-seo-wordpress\/ -->\n<title>Journ\u00e9e du 15 juillet \u00e0 la Ferme des \u00ab Radis &amp; Co \u00bb - AlterTour<\/title>\n<meta name=\"robots\" content=\"index, follow, max-snippet:-1, max-image-preview:large, max-video-preview:-1\" \/>\n<link rel=\"canonical\" href=\"https:\/\/www.altercampagne.net\/?p=5424\" \/>\n<meta property=\"og:locale\" content=\"fr_FR\" \/>\n<meta property=\"og:type\" content=\"article\" \/>\n<meta property=\"og:title\" content=\"Journ\u00e9e du 15 juillet \u00e0 la Ferme des \u00ab Radis &amp; Co \u00bb - AlterTour\" \/>\n<meta property=\"og:description\" content=\"Aujourd&rsquo;hui repos \u00e0 Montflours\u00a0sous un soleil de plomb. Visites de la ferme \u00e0 quelques kms du centre ville et de la brasserie associative sont au programme. La journ\u00e9e est agr\u00e9ment\u00e9e de moments de d\u00e9tente\u00a0: baignade dans la \u00ab\u00a0piscine\u00a0\u00bb naturelle, atelier d\u00e9sherbage, musique&#8230; La ferme bio cr\u00e9e en 2011 par 5 ... Read More\" \/>\n<meta property=\"og:url\" content=\"https:\/\/www.altercampagne.net\/?p=5424\" \/>\n<meta property=\"og:site_name\" content=\"AlterTour\" \/>\n<meta property=\"article:published_time\" content=\"2016-07-15T19:31:22+00:00\" \/>\n<meta property=\"article:modified_time\" content=\"2019-09-13T14:22:58+00:00\" \/>\n<meta property=\"og:image\" content=\"https:\/\/www.altercampagne.net\/wp-content\/uploads\/2016\/07\/2016-07-14_19.26.14_192613_C.-Vanheuverzwijn_christophe.vanheuverzwijn@gmail.jpg\" \/>\n\t<meta property=\"og:image:width\" content=\"900\" \/>\n\t<meta property=\"og:image:height\" content=\"470\" \/>\n\t<meta property=\"og:image:type\" content=\"image\/jpeg\" \/>\n<meta name=\"author\" content=\"Mathieu\" \/>\n<meta name=\"twitter:card\" content=\"summary_large_image\" \/>\n<meta name=\"twitter:label1\" content=\"\u00c9crit par\" \/>\n\t<meta name=\"twitter:data1\" content=\"Mathieu\" \/>\n\t<meta name=\"twitter:label2\" content=\"Dur\u00e9e de lecture estim\u00e9e\" \/>\n\t<meta name=\"twitter:data2\" content=\"1 minute\" \/>\n<script type=\"application\/ld+json\" class=\"yoast-schema-graph\">{\"@context\":\"https:\\\/\\\/schema.org\",\"@graph\":[{\"@type\":\"Article\",\"@id\":\"https:\\\/\\\/www.altercampagne.net\\\/?p=5424#article\",\"isPartOf\":{\"@id\":\"https:\\\/\\\/www.altercampagne.net\\\/?p=5424\"},\"author\":{\"name\":\"Mathieu\",\"@id\":\"https:\\\/\\\/www.altercampagne.net\\\/#\\\/schema\\\/person\\\/0f261460c09e430caa0f9bcffa319109\"},\"headline\":\"Journ\u00e9e du 15 juillet \u00e0 la Ferme des \u00ab Radis &#038; Co \u00bb\",\"datePublished\":\"2016-07-15T19:31:22+00:00\",\"dateModified\":\"2019-09-13T14:22:58+00:00\",\"mainEntityOfPage\":{\"@id\":\"https:\\\/\\\/www.altercampagne.net\\\/?p=5424\"},\"wordCount\":297,\"image\":{\"@id\":\"https:\\\/\\\/www.altercampagne.net\\\/?p=5424#primaryimage\"},\"thumbnailUrl\":\"https:\\\/\\\/www.altercampagne.net\\\/wp-content\\\/uploads\\\/2016\\\/07\\\/2016-07-14_19.26.14_192613_C.-Vanheuverzwijn_christophe.vanheuverzwijn@gmail.jpg\",\"keywords\":[\"AMAP\",\"AlterTour 2016\",\"mayenne\",\"terre de liens\",\"gaec radis &amp; co\",\"Pays de la Loire\",\"2016\",\"Radis &amp; Co\",\"Montflours\",\"Archipel\",\"alterjournaliste\",\"accueillant\",\"accueillant2016\",\"accueillant 2016\",\"AlterTour2016\"],\"articleSection\":[\"Agriculture\",\"\u00c9dition 2016\",\"Pays de la Loire\"],\"inLanguage\":\"fr-FR\"},{\"@type\":\"WebPage\",\"@id\":\"https:\\\/\\\/www.altercampagne.net\\\/?p=5424\",\"url\":\"https:\\\/\\\/www.altercampagne.net\\\/?p=5424\",\"name\":\"Journ\u00e9e du 15 juillet \u00e0 la Ferme des \u00ab Radis & Co \u00bb - AlterTour\",\"isPartOf\":{\"@id\":\"https:\\\/\\\/www.altercampagne.net\\\/#website\"},\"primaryImageOfPage\":{\"@id\":\"https:\\\/\\\/www.altercampagne.net\\\/?p=5424#primaryimage\"},\"image\":{\"@id\":\"https:\\\/\\\/www.altercampagne.net\\\/?p=5424#primaryimage\"},\"thumbnailUrl\":\"https:\\\/\\\/www.altercampagne.net\\\/wp-content\\\/uploads\\\/2016\\\/07\\\/2016-07-14_19.26.14_192613_C.-Vanheuverzwijn_christophe.vanheuverzwijn@gmail.jpg\",\"datePublished\":\"2016-07-15T19:31:22+00:00\",\"dateModified\":\"2019-09-13T14:22:58+00:00\",\"author\":{\"@id\":\"https:\\\/\\\/www.altercampagne.net\\\/#\\\/schema\\\/person\\\/0f261460c09e430caa0f9bcffa319109\"},\"breadcrumb\":{\"@id\":\"https:\\\/\\\/www.altercampagne.net\\\/?p=5424#breadcrumb\"},\"inLanguage\":\"fr-FR\",\"potentialAction\":[{\"@type\":\"ReadAction\",\"target\":[\"https:\\\/\\\/www.altercampagne.net\\\/?p=5424\"]}]},{\"@type\":\"ImageObject\",\"inLanguage\":\"fr-FR\",\"@id\":\"https:\\\/\\\/www.altercampagne.net\\\/?p=5424#primaryimage\",\"url\":\"https:\\\/\\\/www.altercampagne.net\\\/wp-content\\\/uploads\\\/2016\\\/07\\\/2016-07-14_19.26.14_192613_C.-Vanheuverzwijn_christophe.vanheuverzwijn@gmail.jpg\",\"contentUrl\":\"https:\\\/\\\/www.altercampagne.net\\\/wp-content\\\/uploads\\\/2016\\\/07\\\/2016-07-14_19.26.14_192613_C.-Vanheuverzwijn_christophe.vanheuverzwijn@gmail.jpg\",\"width\":900,\"height\":470},{\"@type\":\"BreadcrumbList\",\"@id\":\"https:\\\/\\\/www.altercampagne.net\\\/?p=5424#breadcrumb\",\"itemListElement\":[{\"@type\":\"ListItem\",\"position\":1,\"name\":\"Accueil\",\"item\":\"https:\\\/\\\/www.altercampagne.net\\\/\"},{\"@type\":\"ListItem\",\"position\":2,\"name\":\"Journ\u00e9e du 15 juillet \u00e0 la Ferme des \u00ab Radis &#038; Co \u00bb\"}]},{\"@type\":\"WebSite\",\"@id\":\"https:\\\/\\\/www.altercampagne.net\\\/#website\",\"url\":\"https:\\\/\\\/www.altercampagne.net\\\/\",\"name\":\"AlterTour\",\"description\":\"Reliez les Alternatives \u00e0 v\u00e9lo\",\"potentialAction\":[{\"@type\":\"SearchAction\",\"target\":{\"@type\":\"EntryPoint\",\"urlTemplate\":\"https:\\\/\\\/www.altercampagne.net\\\/?s={search_term_string}\"},\"query-input\":{\"@type\":\"PropertyValueSpecification\",\"valueRequired\":true,\"valueName\":\"search_term_string\"}}],\"inLanguage\":\"fr-FR\"},{\"@type\":\"Person\",\"@id\":\"https:\\\/\\\/www.altercampagne.net\\\/#\\\/schema\\\/person\\\/0f261460c09e430caa0f9bcffa319109\",\"name\":\"Mathieu\",\"image\":{\"@type\":\"ImageObject\",\"inLanguage\":\"fr-FR\",\"@id\":\"https:\\\/\\\/secure.gravatar.com\\\/avatar\\\/aa9d3d24c83f2141e5e2709d0f63d09a99f6be6bb7a50abc4915838d9f54501a?s=96&d=mm&r=g\",\"url\":\"https:\\\/\\\/secure.gravatar.com\\\/avatar\\\/aa9d3d24c83f2141e5e2709d0f63d09a99f6be6bb7a50abc4915838d9f54501a?s=96&d=mm&r=g\",\"contentUrl\":\"https:\\\/\\\/secure.gravatar.com\\\/avatar\\\/aa9d3d24c83f2141e5e2709d0f63d09a99f6be6bb7a50abc4915838d9f54501a?s=96&d=mm&r=g\",\"caption\":\"Mathieu\"},\"url\":\"https:\\\/\\\/www.altercampagne.net\\\/?author=214\"}]}<\/script>\n<!-- \/ Yoast SEO plugin. -->","yoast_head_json":{"title":"Journ\u00e9e du 15 juillet \u00e0 la Ferme des \u00ab Radis & Co \u00bb - AlterTour","robots":{"index":"index","follow":"follow","max-snippet":"max-snippet:-1","max-image-preview":"max-image-preview:large","max-video-preview":"max-video-preview:-1"},"canonical":"https:\/\/www.altercampagne.net\/?p=5424","og_locale":"fr_FR","og_type":"article","og_title":"Journ\u00e9e du 15 juillet \u00e0 la Ferme des \u00ab Radis & Co \u00bb - AlterTour","og_description":"Aujourd&rsquo;hui repos \u00e0 Montflours\u00a0sous un soleil de plomb. Visites de la ferme \u00e0 quelques kms du centre ville et de la brasserie associative sont au programme. La journ\u00e9e est agr\u00e9ment\u00e9e de moments de d\u00e9tente\u00a0: baignade dans la \u00ab\u00a0piscine\u00a0\u00bb naturelle, atelier d\u00e9sherbage, musique&#8230; La ferme bio cr\u00e9e en 2011 par 5 ... Read More","og_url":"https:\/\/www.altercampagne.net\/?p=5424","og_site_name":"AlterTour","article_published_time":"2016-07-15T19:31:22+00:00","article_modified_time":"2019-09-13T14:22:58+00:00","og_image":[{"width":900,"height":470,"url":"https:\/\/www.altercampagne.net\/wp-content\/uploads\/2016\/07\/2016-07-14_19.26.14_192613_C.-Vanheuverzwijn_christophe.vanheuverzwijn@gmail.jpg","type":"image\/jpeg"}],"author":"Mathieu","twitter_card":"summary_large_image","twitter_misc":{"\u00c9crit par":"Mathieu","Dur\u00e9e de lecture estim\u00e9e":"1 minute"},"schema":{"@context":"https:\/\/schema.org","@graph":[{"@type":"Article","@id":"https:\/\/www.altercampagne.net\/?p=5424#article","isPartOf":{"@id":"https:\/\/www.altercampagne.net\/?p=5424"},"author":{"name":"Mathieu","@id":"https:\/\/www.altercampagne.net\/#\/schema\/person\/0f261460c09e430caa0f9bcffa319109"},"headline":"Journ\u00e9e du 15 juillet \u00e0 la Ferme des \u00ab Radis &#038; Co \u00bb","datePublished":"2016-07-15T19:31:22+00:00","dateModified":"2019-09-13T14:22:58+00:00","mainEntityOfPage":{"@id":"https:\/\/www.altercampagne.net\/?p=5424"},"wordCount":297,"image":{"@id":"https:\/\/www.altercampagne.net\/?p=5424#primaryimage"},"thumbnailUrl":"https:\/\/www.altercampagne.net\/wp-content\/uploads\/2016\/07\/2016-07-14_19.26.14_192613_C.-Vanheuverzwijn_christophe.vanheuverzwijn@gmail.jpg","keywords":["AMAP","AlterTour 2016","mayenne","terre de liens","gaec radis &amp; co","Pays de la Loire","2016","Radis &amp; Co","Montflours","Archipel","alterjournaliste","accueillant","accueillant2016","accueillant 2016","AlterTour2016"],"articleSection":["Agriculture","\u00c9dition 2016","Pays de la Loire"],"inLanguage":"fr-FR"},{"@type":"WebPage","@id":"https:\/\/www.altercampagne.net\/?p=5424","url":"https:\/\/www.altercampagne.net\/?p=5424","name":"Journ\u00e9e du 15 juillet \u00e0 la Ferme des \u00ab Radis & Co \u00bb - AlterTour","isPartOf":{"@id":"https:\/\/www.altercampagne.net\/#website"},"primaryImageOfPage":{"@id":"https:\/\/www.altercampagne.net\/?p=5424#primaryimage"},"image":{"@id":"https:\/\/www.altercampagne.net\/?p=5424#primaryimage"},"thumbnailUrl":"https:\/\/www.altercampagne.net\/wp-content\/uploads\/2016\/07\/2016-07-14_19.26.14_192613_C.-Vanheuverzwijn_christophe.vanheuverzwijn@gmail.jpg","datePublished":"2016-07-15T19:31:22+00:00","dateModified":"2019-09-13T14:22:58+00:00","author":{"@id":"https:\/\/www.altercampagne.net\/#\/schema\/person\/0f261460c09e430caa0f9bcffa319109"},"breadcrumb":{"@id":"https:\/\/www.altercampagne.net\/?p=5424#breadcrumb"},"inLanguage":"fr-FR","potentialAction":[{"@type":"ReadAction","target":["https:\/\/www.altercampagne.net\/?p=5424"]}]},{"@type":"ImageObject","inLanguage":"fr-FR","@id":"https:\/\/www.altercampagne.net\/?p=5424#primaryimage","url":"https:\/\/www.altercampagne.net\/wp-content\/uploads\/2016\/07\/2016-07-14_19.26.14_192613_C.-Vanheuverzwijn_christophe.vanheuverzwijn@gmail.jpg","contentUrl":"https:\/\/www.altercampagne.net\/wp-content\/uploads\/2016\/07\/2016-07-14_19.26.14_192613_C.-Vanheuverzwijn_christophe.vanheuverzwijn@gmail.jpg","width":900,"height":470},{"@type":"BreadcrumbList","@id":"https:\/\/www.altercampagne.net\/?p=5424#breadcrumb","itemListElement":[{"@type":"ListItem","position":1,"name":"Accueil","item":"https:\/\/www.altercampagne.net\/"},{"@type":"ListItem","position":2,"name":"Journ\u00e9e du 15 juillet \u00e0 la Ferme des \u00ab Radis &#038; Co \u00bb"}]},{"@type":"WebSite","@id":"https:\/\/www.altercampagne.net\/#website","url":"https:\/\/www.altercampagne.net\/","name":"AlterTour","description":"Reliez les Alternatives \u00e0 v\u00e9lo","potentialAction":[{"@type":"SearchAction","target":{"@type":"EntryPoint","urlTemplate":"https:\/\/www.altercampagne.net\/?s={search_term_string}"},"query-input":{"@type":"PropertyValueSpecification","valueRequired":true,"valueName":"search_term_string"}}],"inLanguage":"fr-FR"},{"@type":"Person","@id":"https:\/\/www.altercampagne.net\/#\/schema\/person\/0f261460c09e430caa0f9bcffa319109","name":"Mathieu","image":{"@type":"ImageObject","inLanguage":"fr-FR","@id":"https:\/\/secure.gravatar.com\/avatar\/aa9d3d24c83f2141e5e2709d0f63d09a99f6be6bb7a50abc4915838d9f54501a?s=96&d=mm&r=g","url":"https:\/\/secure.gravatar.com\/avatar\/aa9d3d24c83f2141e5e2709d0f63d09a99f6be6bb7a50abc4915838d9f54501a?s=96&d=mm&r=g","contentUrl":"https:\/\/secure.gravatar.com\/avatar\/aa9d3d24c83f2141e5e2709d0f63d09a99f6be6bb7a50abc4915838d9f54501a?s=96&d=mm&r=g","caption":"Mathieu"},"url":"https:\/\/www.altercampagne.net\/?author=214"}]}},"_links":{"self":[{"href":"https:\/\/www.altercampagne.net\/index.php?rest_route=\/wp\/v2\/posts\/5424","targetHints":{"allow":["GET"]}}],"collection":[{"href":"https:\/\/www.altercampagne.net\/index.php?rest_route=\/wp\/v2\/posts"}],"about":[{"href":"https:\/\/www.altercampagne.net\/index.php?rest_route=\/wp\/v2\/types\/post"}],"author":[{"embeddable":true,"href":"https:\/\/www.altercampagne.net\/index.php?rest_route=\/wp\/v2\/users\/214"}],"replies":[{"embeddable":true,"href":"https:\/\/www.altercampagne.net\/index.php?rest_route=%2Fwp%2Fv2%2Fcomments&post=5424"}],"version-history":[{"count":0,"href":"https:\/\/www.altercampagne.net\/index.php?rest_route=\/wp\/v2\/posts\/5424\/revisions"}],"wp:featuredmedia":[{"embeddable":true,"href":"https:\/\/www.altercampagne.net\/index.php?rest_route=\/wp\/v2\/media\/15472"}],"wp:attachment":[{"href":"https:\/\/www.altercampagne.net\/index.php?rest_route=%2Fwp%2Fv2%2Fmedia&parent=5424"}],"wp:term":[{"taxonomy":"category","embeddable":true,"href":"https:\/\/www.altercampagne.net\/index.php?rest_route=%2Fwp%2Fv2%2Fcategories&post=5424"},{"taxonomy":"post_tag","embeddable":true,"href":"https:\/\/www.altercampagne.net\/index.php?rest_route=%2Fwp%2Fv2%2Ftags&post=5424"}],"curies":[{"name":"wp","href":"https:\/\/api.w.org\/{rel}","templated":true}]}}