{"id":5426,"date":"2016-07-13T18:32:01","date_gmt":"2016-07-13T16:32:01","guid":{"rendered":"http:\/\/www.altercampagne.net\/?p=5426"},"modified":"2019-09-13T13:15:17","modified_gmt":"2019-09-13T11:15:17","slug":"journee-du-13-juillet","status":"publish","type":"post","link":"https:\/\/www.altercampagne.net\/?p=5426","title":{"rendered":"\u00c9tape du 13 juillet \u00e0 la Ferme Brasserie de l&rsquo;Oudon"},"content":{"rendered":"<p>D\u00e9part \u00e0 10h du manoir de la gr\u00e9e trajet de 39 kms a travers campagne et for\u00eat<br \/>\nHalte d\u00e9jeuner \u00e0 LA ROE, dans un beau local municipal mis \u00e0 disposition du groupe.<br \/>\nNous b\u00e9n\u00e9ficions d&rsquo;une grande cuisine, d&rsquo;une grande salle et d&rsquo;une magnifique terrasse le long de l&rsquo;\u00e9glise, nous y mangeons jusqu&rsquo; au d\u00e9clenchement d&rsquo;une grosse averse qui nous oblige \u00e0 nous replier \u00e0 l&rsquo;int\u00e9rieur.<\/p>\n<p>Nous repartons \u00e0 14h30 pour une quinzaine de kms avant d&rsquo;arriver\u00e016h30, \u00e0 \u00e0 la ferme brasserie de l&rsquo;Oudon situ\u00e9e en Mayenne nous sommes accueillis par Bernadette et St\u00e9phane qui font accueil \u00e0 la ferme.<br \/>\nIls mettent \u00e0 notre disposition un grand terrain engazonn\u00e9 et arbor\u00e9.<\/p>\n<p>St\u00e9phane a repris la ferme de ses parents en 1998. il produit du lait bio sur 40 ha avec 35 vaches, en syst\u00e8me herbag\u00e9, et il cultive 1,5 ha d&rsquo;orge pour les besoins de la brasserie.<\/p>\n<p>La brasserie a \u00e9t\u00e9 cr\u00e9\u00e9e par Bernadette en 2014, elle produit une bi\u00e8re de type belge.<br \/>\nC&rsquo;est une activit\u00e9 compl\u00e9mentaire qui plait beaucoup au couple car elle leur permet d&rsquo;\u00eatre en lien avec un public tr\u00e8s vari\u00e9 et tr\u00e8s large.<br \/>\nApr\u00e8s avoir din\u00e9, nous participons \u00e0 une soir\u00e9e musicale anim\u00e9e par deux musiciens engag\u00e9s.<\/p>\n<p>Ensuite une accord\u00e9oniste anime une session de danses collectives dont une ronde de la st jean joyeuse qui plait bien aux Altercyclistes, compte tenu de la forte humidit\u00e9 ambiante de la journ\u00e9e, elle nous a aussi bien r\u00e9chauff\u00e9 dans la bonne humeur.<\/p>\n<p style=\"text-align: right;\"><strong>Antoine<\/strong><\/p>\n<p><a href=\"http:\/\/www.altercampagne.net\/wp-content\/uploads\/2016\/05\/2016-07-13-Ferme-Brasserie-de-l-oudon.jpg\"><img loading=\"lazy\" decoding=\"async\" class=\" size-full wp-image-5094 alignleft\" src=\"http:\/\/www.altercampagne.net\/wp-content\/uploads\/2016\/05\/2016-07-13-Ferme-Brasserie-de-l-oudon.jpg\" alt=\"Ferme Brasserie de l'oudon\" width=\"686\" height=\"500\" srcset=\"https:\/\/www.altercampagne.net\/wp-content\/uploads\/2016\/05\/2016-07-13-Ferme-Brasserie-de-l-oudon.jpg 686w, https:\/\/www.altercampagne.net\/wp-content\/uploads\/2016\/05\/2016-07-13-Ferme-Brasserie-de-l-oudon-300x219.jpg 300w\" sizes=\"auto, (max-width: 686px) 100vw, 686px\" \/><\/a><\/p>\n","protected":false},"excerpt":{"rendered":"<p>D\u00e9part \u00e0 10h du manoir de la gr\u00e9e trajet de 39 kms a travers campagne et for\u00eat Halte d\u00e9jeuner \u00e0 LA ROE, dans un beau local municipal mis \u00e0 disposition du groupe. Nous b\u00e9n\u00e9ficions d&rsquo;une grande cuisine, d&rsquo;une grande salle et d&rsquo;une magnifique terrasse le long de l&rsquo;\u00e9glise, nous y &#8230; <\/p>\n<div><a href=\"https:\/\/www.altercampagne.net\/?p=5426\" class=\"more-link\">Read More<\/a><\/div>\n","protected":false},"author":214,"featured_media":15386,"comment_status":"closed","ping_status":"closed","sticky":false,"template":"","format":"standard","meta":{"footnotes":""},"categories":[3483,4037,3459,3481],"tags":[383,416,894,1652,2411,2501,2704,2846,2849,2850,2851],"class_list":["post-5426","post","type-post","status-publish","format-standard","has-post-thumbnail","hentry","category-agriculture","category-biere","category-edition-2016","category-pays-de-la-loire","tag-altertour-2016","tag-mayenne","tag-pays-de-la-loire","tag-1652","tag-ferme-brasserie-de-loudon","tag-la-roe","tag-alterjournaliste","tag-accueillant","tag-accueillant2016","tag-accueillant-2016","tag-altertour2016"],"yoast_head":"<!-- This site is optimized with the Yoast SEO plugin v27.3 - https:\/\/yoast.com\/product\/yoast-seo-wordpress\/ -->\n<title>\u00c9tape du 13 juillet \u00e0 la Ferme Brasserie de l&#039;Oudon - AlterTour<\/title>\n<meta name=\"robots\" content=\"index, follow, max-snippet:-1, max-image-preview:large, max-video-preview:-1\" \/>\n<link rel=\"canonical\" href=\"https:\/\/www.altercampagne.net\/?p=5426\" \/>\n<meta property=\"og:locale\" content=\"fr_FR\" \/>\n<meta property=\"og:type\" content=\"article\" \/>\n<meta property=\"og:title\" content=\"\u00c9tape du 13 juillet \u00e0 la Ferme Brasserie de l&#039;Oudon - AlterTour\" \/>\n<meta property=\"og:description\" content=\"D\u00e9part \u00e0 10h du manoir de la gr\u00e9e trajet de 39 kms a travers campagne et for\u00eat Halte d\u00e9jeuner \u00e0 LA ROE, dans un beau local municipal mis \u00e0 disposition du groupe. Nous b\u00e9n\u00e9ficions d&rsquo;une grande cuisine, d&rsquo;une grande salle et d&rsquo;une magnifique terrasse le long de l&rsquo;\u00e9glise, nous y ... Read More\" \/>\n<meta property=\"og:url\" content=\"https:\/\/www.altercampagne.net\/?p=5426\" \/>\n<meta property=\"og:site_name\" content=\"AlterTour\" \/>\n<meta property=\"article:published_time\" content=\"2016-07-13T16:32:01+00:00\" \/>\n<meta property=\"article:modified_time\" content=\"2019-09-13T11:15:17+00:00\" \/>\n<meta property=\"og:image\" content=\"https:\/\/www.altercampagne.net\/wp-content\/uploads\/2016\/07\/2016-07-13-Brasserie-de-lOudon-Bernadette-Dumas-854x569.jpg\" \/>\n\t<meta property=\"og:image:width\" content=\"854\" \/>\n\t<meta property=\"og:image:height\" content=\"447\" \/>\n\t<meta property=\"og:image:type\" content=\"image\/jpeg\" \/>\n<meta name=\"author\" content=\"Mathieu\" \/>\n<meta name=\"twitter:card\" content=\"summary_large_image\" \/>\n<meta name=\"twitter:label1\" content=\"\u00c9crit par\" \/>\n\t<meta name=\"twitter:data1\" content=\"Mathieu\" \/>\n\t<meta name=\"twitter:label2\" content=\"Dur\u00e9e de lecture estim\u00e9e\" \/>\n\t<meta name=\"twitter:data2\" content=\"1 minute\" \/>\n<script type=\"application\/ld+json\" class=\"yoast-schema-graph\">{\"@context\":\"https:\\\/\\\/schema.org\",\"@graph\":[{\"@type\":\"Article\",\"@id\":\"https:\\\/\\\/www.altercampagne.net\\\/?p=5426#article\",\"isPartOf\":{\"@id\":\"https:\\\/\\\/www.altercampagne.net\\\/?p=5426\"},\"author\":{\"name\":\"Mathieu\",\"@id\":\"https:\\\/\\\/www.altercampagne.net\\\/#\\\/schema\\\/person\\\/0f261460c09e430caa0f9bcffa319109\"},\"headline\":\"\u00c9tape du 13 juillet \u00e0 la Ferme Brasserie de l&rsquo;Oudon\",\"datePublished\":\"2016-07-13T16:32:01+00:00\",\"dateModified\":\"2019-09-13T11:15:17+00:00\",\"mainEntityOfPage\":{\"@id\":\"https:\\\/\\\/www.altercampagne.net\\\/?p=5426\"},\"wordCount\":271,\"image\":{\"@id\":\"https:\\\/\\\/www.altercampagne.net\\\/?p=5426#primaryimage\"},\"thumbnailUrl\":\"https:\\\/\\\/www.altercampagne.net\\\/wp-content\\\/uploads\\\/2016\\\/07\\\/2016-07-13-Brasserie-de-lOudon-Bernadette-Dumas-854x569.jpg\",\"keywords\":[\"AlterTour 2016\",\"mayenne\",\"Pays de la Loire\",\"2016\",\"ferme brasserie de l'oudon\",\"LA ROE\",\"alterjournaliste\",\"accueillant\",\"accueillant2016\",\"accueillant 2016\",\"AlterTour2016\"],\"articleSection\":[\"Agriculture\",\"Bi\u00e8re\",\"\u00c9dition 2016\",\"Pays de la Loire\"],\"inLanguage\":\"fr-FR\"},{\"@type\":\"WebPage\",\"@id\":\"https:\\\/\\\/www.altercampagne.net\\\/?p=5426\",\"url\":\"https:\\\/\\\/www.altercampagne.net\\\/?p=5426\",\"name\":\"\u00c9tape du 13 juillet \u00e0 la Ferme Brasserie de l'Oudon - AlterTour\",\"isPartOf\":{\"@id\":\"https:\\\/\\\/www.altercampagne.net\\\/#website\"},\"primaryImageOfPage\":{\"@id\":\"https:\\\/\\\/www.altercampagne.net\\\/?p=5426#primaryimage\"},\"image\":{\"@id\":\"https:\\\/\\\/www.altercampagne.net\\\/?p=5426#primaryimage\"},\"thumbnailUrl\":\"https:\\\/\\\/www.altercampagne.net\\\/wp-content\\\/uploads\\\/2016\\\/07\\\/2016-07-13-Brasserie-de-lOudon-Bernadette-Dumas-854x569.jpg\",\"datePublished\":\"2016-07-13T16:32:01+00:00\",\"dateModified\":\"2019-09-13T11:15:17+00:00\",\"author\":{\"@id\":\"https:\\\/\\\/www.altercampagne.net\\\/#\\\/schema\\\/person\\\/0f261460c09e430caa0f9bcffa319109\"},\"breadcrumb\":{\"@id\":\"https:\\\/\\\/www.altercampagne.net\\\/?p=5426#breadcrumb\"},\"inLanguage\":\"fr-FR\",\"potentialAction\":[{\"@type\":\"ReadAction\",\"target\":[\"https:\\\/\\\/www.altercampagne.net\\\/?p=5426\"]}]},{\"@type\":\"ImageObject\",\"inLanguage\":\"fr-FR\",\"@id\":\"https:\\\/\\\/www.altercampagne.net\\\/?p=5426#primaryimage\",\"url\":\"https:\\\/\\\/www.altercampagne.net\\\/wp-content\\\/uploads\\\/2016\\\/07\\\/2016-07-13-Brasserie-de-lOudon-Bernadette-Dumas-854x569.jpg\",\"contentUrl\":\"https:\\\/\\\/www.altercampagne.net\\\/wp-content\\\/uploads\\\/2016\\\/07\\\/2016-07-13-Brasserie-de-lOudon-Bernadette-Dumas-854x569.jpg\",\"width\":854,\"height\":447},{\"@type\":\"BreadcrumbList\",\"@id\":\"https:\\\/\\\/www.altercampagne.net\\\/?p=5426#breadcrumb\",\"itemListElement\":[{\"@type\":\"ListItem\",\"position\":1,\"name\":\"Accueil\",\"item\":\"https:\\\/\\\/www.altercampagne.net\\\/\"},{\"@type\":\"ListItem\",\"position\":2,\"name\":\"\u00c9tape du 13 juillet \u00e0 la Ferme Brasserie de l&rsquo;Oudon\"}]},{\"@type\":\"WebSite\",\"@id\":\"https:\\\/\\\/www.altercampagne.net\\\/#website\",\"url\":\"https:\\\/\\\/www.altercampagne.net\\\/\",\"name\":\"AlterTour\",\"description\":\"Reliez les Alternatives \u00e0 v\u00e9lo\",\"potentialAction\":[{\"@type\":\"SearchAction\",\"target\":{\"@type\":\"EntryPoint\",\"urlTemplate\":\"https:\\\/\\\/www.altercampagne.net\\\/?s={search_term_string}\"},\"query-input\":{\"@type\":\"PropertyValueSpecification\",\"valueRequired\":true,\"valueName\":\"search_term_string\"}}],\"inLanguage\":\"fr-FR\"},{\"@type\":\"Person\",\"@id\":\"https:\\\/\\\/www.altercampagne.net\\\/#\\\/schema\\\/person\\\/0f261460c09e430caa0f9bcffa319109\",\"name\":\"Mathieu\",\"image\":{\"@type\":\"ImageObject\",\"inLanguage\":\"fr-FR\",\"@id\":\"https:\\\/\\\/secure.gravatar.com\\\/avatar\\\/aa9d3d24c83f2141e5e2709d0f63d09a99f6be6bb7a50abc4915838d9f54501a?s=96&d=mm&r=g\",\"url\":\"https:\\\/\\\/secure.gravatar.com\\\/avatar\\\/aa9d3d24c83f2141e5e2709d0f63d09a99f6be6bb7a50abc4915838d9f54501a?s=96&d=mm&r=g\",\"contentUrl\":\"https:\\\/\\\/secure.gravatar.com\\\/avatar\\\/aa9d3d24c83f2141e5e2709d0f63d09a99f6be6bb7a50abc4915838d9f54501a?s=96&d=mm&r=g\",\"caption\":\"Mathieu\"},\"url\":\"https:\\\/\\\/www.altercampagne.net\\\/?author=214\"}]}<\/script>\n<!-- \/ Yoast SEO plugin. -->","yoast_head_json":{"title":"\u00c9tape du 13 juillet \u00e0 la Ferme Brasserie de l'Oudon - AlterTour","robots":{"index":"index","follow":"follow","max-snippet":"max-snippet:-1","max-image-preview":"max-image-preview:large","max-video-preview":"max-video-preview:-1"},"canonical":"https:\/\/www.altercampagne.net\/?p=5426","og_locale":"fr_FR","og_type":"article","og_title":"\u00c9tape du 13 juillet \u00e0 la Ferme Brasserie de l'Oudon - AlterTour","og_description":"D\u00e9part \u00e0 10h du manoir de la gr\u00e9e trajet de 39 kms a travers campagne et for\u00eat Halte d\u00e9jeuner \u00e0 LA ROE, dans un beau local municipal mis \u00e0 disposition du groupe. Nous b\u00e9n\u00e9ficions d&rsquo;une grande cuisine, d&rsquo;une grande salle et d&rsquo;une magnifique terrasse le long de l&rsquo;\u00e9glise, nous y ... Read More","og_url":"https:\/\/www.altercampagne.net\/?p=5426","og_site_name":"AlterTour","article_published_time":"2016-07-13T16:32:01+00:00","article_modified_time":"2019-09-13T11:15:17+00:00","og_image":[{"width":854,"height":447,"url":"https:\/\/www.altercampagne.net\/wp-content\/uploads\/2016\/07\/2016-07-13-Brasserie-de-lOudon-Bernadette-Dumas-854x569.jpg","type":"image\/jpeg"}],"author":"Mathieu","twitter_card":"summary_large_image","twitter_misc":{"\u00c9crit par":"Mathieu","Dur\u00e9e de lecture estim\u00e9e":"1 minute"},"schema":{"@context":"https:\/\/schema.org","@graph":[{"@type":"Article","@id":"https:\/\/www.altercampagne.net\/?p=5426#article","isPartOf":{"@id":"https:\/\/www.altercampagne.net\/?p=5426"},"author":{"name":"Mathieu","@id":"https:\/\/www.altercampagne.net\/#\/schema\/person\/0f261460c09e430caa0f9bcffa319109"},"headline":"\u00c9tape du 13 juillet \u00e0 la Ferme Brasserie de l&rsquo;Oudon","datePublished":"2016-07-13T16:32:01+00:00","dateModified":"2019-09-13T11:15:17+00:00","mainEntityOfPage":{"@id":"https:\/\/www.altercampagne.net\/?p=5426"},"wordCount":271,"image":{"@id":"https:\/\/www.altercampagne.net\/?p=5426#primaryimage"},"thumbnailUrl":"https:\/\/www.altercampagne.net\/wp-content\/uploads\/2016\/07\/2016-07-13-Brasserie-de-lOudon-Bernadette-Dumas-854x569.jpg","keywords":["AlterTour 2016","mayenne","Pays de la Loire","2016","ferme brasserie de l'oudon","LA ROE","alterjournaliste","accueillant","accueillant2016","accueillant 2016","AlterTour2016"],"articleSection":["Agriculture","Bi\u00e8re","\u00c9dition 2016","Pays de la Loire"],"inLanguage":"fr-FR"},{"@type":"WebPage","@id":"https:\/\/www.altercampagne.net\/?p=5426","url":"https:\/\/www.altercampagne.net\/?p=5426","name":"\u00c9tape du 13 juillet \u00e0 la Ferme Brasserie de l'Oudon - AlterTour","isPartOf":{"@id":"https:\/\/www.altercampagne.net\/#website"},"primaryImageOfPage":{"@id":"https:\/\/www.altercampagne.net\/?p=5426#primaryimage"},"image":{"@id":"https:\/\/www.altercampagne.net\/?p=5426#primaryimage"},"thumbnailUrl":"https:\/\/www.altercampagne.net\/wp-content\/uploads\/2016\/07\/2016-07-13-Brasserie-de-lOudon-Bernadette-Dumas-854x569.jpg","datePublished":"2016-07-13T16:32:01+00:00","dateModified":"2019-09-13T11:15:17+00:00","author":{"@id":"https:\/\/www.altercampagne.net\/#\/schema\/person\/0f261460c09e430caa0f9bcffa319109"},"breadcrumb":{"@id":"https:\/\/www.altercampagne.net\/?p=5426#breadcrumb"},"inLanguage":"fr-FR","potentialAction":[{"@type":"ReadAction","target":["https:\/\/www.altercampagne.net\/?p=5426"]}]},{"@type":"ImageObject","inLanguage":"fr-FR","@id":"https:\/\/www.altercampagne.net\/?p=5426#primaryimage","url":"https:\/\/www.altercampagne.net\/wp-content\/uploads\/2016\/07\/2016-07-13-Brasserie-de-lOudon-Bernadette-Dumas-854x569.jpg","contentUrl":"https:\/\/www.altercampagne.net\/wp-content\/uploads\/2016\/07\/2016-07-13-Brasserie-de-lOudon-Bernadette-Dumas-854x569.jpg","width":854,"height":447},{"@type":"BreadcrumbList","@id":"https:\/\/www.altercampagne.net\/?p=5426#breadcrumb","itemListElement":[{"@type":"ListItem","position":1,"name":"Accueil","item":"https:\/\/www.altercampagne.net\/"},{"@type":"ListItem","position":2,"name":"\u00c9tape du 13 juillet \u00e0 la Ferme Brasserie de l&rsquo;Oudon"}]},{"@type":"WebSite","@id":"https:\/\/www.altercampagne.net\/#website","url":"https:\/\/www.altercampagne.net\/","name":"AlterTour","description":"Reliez les Alternatives \u00e0 v\u00e9lo","potentialAction":[{"@type":"SearchAction","target":{"@type":"EntryPoint","urlTemplate":"https:\/\/www.altercampagne.net\/?s={search_term_string}"},"query-input":{"@type":"PropertyValueSpecification","valueRequired":true,"valueName":"search_term_string"}}],"inLanguage":"fr-FR"},{"@type":"Person","@id":"https:\/\/www.altercampagne.net\/#\/schema\/person\/0f261460c09e430caa0f9bcffa319109","name":"Mathieu","image":{"@type":"ImageObject","inLanguage":"fr-FR","@id":"https:\/\/secure.gravatar.com\/avatar\/aa9d3d24c83f2141e5e2709d0f63d09a99f6be6bb7a50abc4915838d9f54501a?s=96&d=mm&r=g","url":"https:\/\/secure.gravatar.com\/avatar\/aa9d3d24c83f2141e5e2709d0f63d09a99f6be6bb7a50abc4915838d9f54501a?s=96&d=mm&r=g","contentUrl":"https:\/\/secure.gravatar.com\/avatar\/aa9d3d24c83f2141e5e2709d0f63d09a99f6be6bb7a50abc4915838d9f54501a?s=96&d=mm&r=g","caption":"Mathieu"},"url":"https:\/\/www.altercampagne.net\/?author=214"}]}},"_links":{"self":[{"href":"https:\/\/www.altercampagne.net\/index.php?rest_route=\/wp\/v2\/posts\/5426","targetHints":{"allow":["GET"]}}],"collection":[{"href":"https:\/\/www.altercampagne.net\/index.php?rest_route=\/wp\/v2\/posts"}],"about":[{"href":"https:\/\/www.altercampagne.net\/index.php?rest_route=\/wp\/v2\/types\/post"}],"author":[{"embeddable":true,"href":"https:\/\/www.altercampagne.net\/index.php?rest_route=\/wp\/v2\/users\/214"}],"replies":[{"embeddable":true,"href":"https:\/\/www.altercampagne.net\/index.php?rest_route=%2Fwp%2Fv2%2Fcomments&post=5426"}],"version-history":[{"count":0,"href":"https:\/\/www.altercampagne.net\/index.php?rest_route=\/wp\/v2\/posts\/5426\/revisions"}],"wp:featuredmedia":[{"embeddable":true,"href":"https:\/\/www.altercampagne.net\/index.php?rest_route=\/wp\/v2\/media\/15386"}],"wp:attachment":[{"href":"https:\/\/www.altercampagne.net\/index.php?rest_route=%2Fwp%2Fv2%2Fmedia&parent=5426"}],"wp:term":[{"taxonomy":"category","embeddable":true,"href":"https:\/\/www.altercampagne.net\/index.php?rest_route=%2Fwp%2Fv2%2Fcategories&post=5426"},{"taxonomy":"post_tag","embeddable":true,"href":"https:\/\/www.altercampagne.net\/index.php?rest_route=%2Fwp%2Fv2%2Ftags&post=5426"}],"curies":[{"name":"wp","href":"https:\/\/api.w.org\/{rel}","templated":true}]}}