{"id":5432,"date":"2016-07-16T17:40:14","date_gmt":"2016-07-16T15:40:14","guid":{"rendered":"http:\/\/www.altercampagne.net\/?p=5432"},"modified":"2019-09-13T16:24:57","modified_gmt":"2019-09-13T14:24:57","slug":"5432","status":"publish","type":"post","link":"https:\/\/www.altercampagne.net\/?p=5432","title":{"rendered":"\u00c9tape du 16 juillet \u00e0 l&rsquo;Epicerie Coop\u00e9rative de Fontaine-Daniel"},"content":{"rendered":"<p>Ce samedi 16 juillet, apr\u00e8s une journ\u00e9e de repos bien m\u00e9rit\u00e9e, les Altercyclistes ont quitt\u00e9 la Ferme des Radis &amp; Co, le sourire aux l\u00e8vres, plein de bons souvenirs et d&rsquo;enthousiasme&#8230; Apr\u00e8s une \u00e9tape relativement courte ils ont pos\u00e9 leur bivouac \u00e0 l&rsquo;ext\u00e9rieur du th\u00e9\u00e2tre du petit village de Fontaine-Daniel. Dans l&rsquo;apr\u00e8s-midi, la visite de l&rsquo;Epicerie Cooperie de Fontaine-Daniel s&rsquo;est suivie d&rsquo;un jeu sur les monnaies locales et d&rsquo;une ballade cont\u00e9e dans les jardins fleuris alentours. Au soir les carnivores ont pu, au bout d&rsquo;une semaine d&rsquo;abstinence, se repa\u00eetre de chair animale et le groupe de G\u00e9raldine et &#8230; A\u00a0 nous ont offert le meilleur d&rsquo;eux m\u00eame lors d une soir\u00e9e \u00e0 laquelle ont \u00e9t\u00e9 convi\u00e9s les indig\u00e8nes. Apres le repas nous avons assist\u00e9 \u00e0 une conf\u00e9rence sur le logiciel duniter qui propose une utilisation rationnelle de l&rsquo;\u00e9change mon\u00e9taire suivi d&rsquo;une pr\u00e9sentation du sou la monnaie locale de la r\u00e9gion.. \u00c0 l&rsquo;heure ou cet article a \u00e9t\u00e9 \u00e9crit on ignore encore dans quel \u00e9tat se r\u00e9veilleront nos vaillants cyclistes..<\/p>\n<p style=\"text-align: right;\"><strong>Christophe<\/strong><\/p>\n","protected":false},"excerpt":{"rendered":"<p>Ce samedi 16 juillet, apr\u00e8s une journ\u00e9e de repos bien m\u00e9rit\u00e9e, les Altercyclistes ont quitt\u00e9 la Ferme des Radis &amp; Co, le sourire aux l\u00e8vres, plein de bons souvenirs et d&rsquo;enthousiasme&#8230; Apr\u00e8s une \u00e9tape relativement courte ils ont pos\u00e9 leur bivouac \u00e0 l&rsquo;ext\u00e9rieur du th\u00e9\u00e2tre du petit village de Fontaine-Daniel. &#8230; <\/p>\n<div><a href=\"https:\/\/www.altercampagne.net\/?p=5432\" class=\"more-link\">Read More<\/a><\/div>\n","protected":false},"author":214,"featured_media":15474,"comment_status":"closed","ping_status":"closed","sticky":false,"template":"","format":"standard","meta":{"footnotes":""},"categories":[3489,3484,3459,3481],"tags":[2387,2851,2850,2849,2846,2704,2503,2502,2500,268,2383,1652,894,493,491,416,383],"class_list":["post-5432","post","type-post","status-publish","format-standard","has-post-thumbnail","hentry","category-alimentation","category-economie","category-edition-2016","category-pays-de-la-loire","tag-fontaine-daniel","tag-altertour2016","tag-accueillant-2016","tag-accueillant2016","tag-accueillant","tag-alterjournaliste","tag-le-sou-mayennais","tag-epicerie-cooperative","tag-montflours","tag-monnaie-locale","tag-radis-co","tag-1652","tag-pays-de-la-loire","tag-epicerie-cooperative-de-fontaine-daniel","tag-le-sou","tag-mayenne","tag-altertour-2016"],"yoast_head":"<!-- This site is optimized with the Yoast SEO plugin v27.3 - https:\/\/yoast.com\/product\/yoast-seo-wordpress\/ -->\n<title>\u00c9tape du 16 juillet \u00e0 l&#039;Epicerie Coop\u00e9rative de Fontaine-Daniel - AlterTour<\/title>\n<meta name=\"robots\" content=\"index, follow, max-snippet:-1, max-image-preview:large, max-video-preview:-1\" \/>\n<link rel=\"canonical\" href=\"https:\/\/www.altercampagne.net\/?p=5432\" \/>\n<meta property=\"og:locale\" content=\"fr_FR\" \/>\n<meta property=\"og:type\" content=\"article\" \/>\n<meta property=\"og:title\" content=\"\u00c9tape du 16 juillet \u00e0 l&#039;Epicerie Coop\u00e9rative de Fontaine-Daniel - AlterTour\" \/>\n<meta property=\"og:description\" content=\"Ce samedi 16 juillet, apr\u00e8s une journ\u00e9e de repos bien m\u00e9rit\u00e9e, les Altercyclistes ont quitt\u00e9 la Ferme des Radis &amp; Co, le sourire aux l\u00e8vres, plein de bons souvenirs et d&rsquo;enthousiasme&#8230; Apr\u00e8s une \u00e9tape relativement courte ils ont pos\u00e9 leur bivouac \u00e0 l&rsquo;ext\u00e9rieur du th\u00e9\u00e2tre du petit village de Fontaine-Daniel. ... Read More\" \/>\n<meta property=\"og:url\" content=\"https:\/\/www.altercampagne.net\/?p=5432\" \/>\n<meta property=\"og:site_name\" content=\"AlterTour\" \/>\n<meta property=\"article:published_time\" content=\"2016-07-16T15:40:14+00:00\" \/>\n<meta property=\"article:modified_time\" content=\"2019-09-13T14:24:57+00:00\" \/>\n<meta property=\"og:image\" content=\"https:\/\/www.altercampagne.net\/wp-content\/uploads\/2016\/07\/2016-07-16_16.31.29_163128_C.-Vanheuverzwijn_christophe.vanheuverzwijn@gmail.jpg\" \/>\n\t<meta property=\"og:image:width\" content=\"900\" \/>\n\t<meta property=\"og:image:height\" content=\"470\" \/>\n\t<meta property=\"og:image:type\" content=\"image\/jpeg\" \/>\n<meta name=\"author\" content=\"Mathieu\" \/>\n<meta name=\"twitter:card\" content=\"summary_large_image\" \/>\n<meta name=\"twitter:label1\" content=\"\u00c9crit par\" \/>\n\t<meta name=\"twitter:data1\" content=\"Mathieu\" \/>\n\t<meta name=\"twitter:label2\" content=\"Dur\u00e9e de lecture estim\u00e9e\" \/>\n\t<meta name=\"twitter:data2\" content=\"1 minute\" \/>\n<script type=\"application\/ld+json\" class=\"yoast-schema-graph\">{\"@context\":\"https:\\\/\\\/schema.org\",\"@graph\":[{\"@type\":\"Article\",\"@id\":\"https:\\\/\\\/www.altercampagne.net\\\/?p=5432#article\",\"isPartOf\":{\"@id\":\"https:\\\/\\\/www.altercampagne.net\\\/?p=5432\"},\"author\":{\"name\":\"Mathieu\",\"@id\":\"https:\\\/\\\/www.altercampagne.net\\\/#\\\/schema\\\/person\\\/0f261460c09e430caa0f9bcffa319109\"},\"headline\":\"\u00c9tape du 16 juillet \u00e0 l&rsquo;Epicerie Coop\u00e9rative de Fontaine-Daniel\",\"datePublished\":\"2016-07-16T15:40:14+00:00\",\"dateModified\":\"2019-09-13T14:24:57+00:00\",\"mainEntityOfPage\":{\"@id\":\"https:\\\/\\\/www.altercampagne.net\\\/?p=5432\"},\"wordCount\":207,\"image\":{\"@id\":\"https:\\\/\\\/www.altercampagne.net\\\/?p=5432#primaryimage\"},\"thumbnailUrl\":\"https:\\\/\\\/www.altercampagne.net\\\/wp-content\\\/uploads\\\/2016\\\/07\\\/2016-07-16_16.31.29_163128_C.-Vanheuverzwijn_christophe.vanheuverzwijn@gmail.jpg\",\"keywords\":[\"Fontaine-Daniel\",\"AlterTour2016\",\"accueillant 2016\",\"accueillant2016\",\"accueillant\",\"alterjournaliste\",\"Le sou mayennais\",\"\u00e9picerie coop\u00e9rative\",\"Montflours\",\"monnaie locale\",\"Radis &amp; Co\",\"2016\",\"Pays de la Loire\",\"\u00e9picerie coop\u00e9rative de fontaine daniel\",\"le sou\",\"mayenne\",\"AlterTour 2016\"],\"articleSection\":[\"Alimentation\",\"\u00c9conomie\",\"\u00c9dition 2016\",\"Pays de la Loire\"],\"inLanguage\":\"fr-FR\"},{\"@type\":\"WebPage\",\"@id\":\"https:\\\/\\\/www.altercampagne.net\\\/?p=5432\",\"url\":\"https:\\\/\\\/www.altercampagne.net\\\/?p=5432\",\"name\":\"\u00c9tape du 16 juillet \u00e0 l'Epicerie Coop\u00e9rative de Fontaine-Daniel - AlterTour\",\"isPartOf\":{\"@id\":\"https:\\\/\\\/www.altercampagne.net\\\/#website\"},\"primaryImageOfPage\":{\"@id\":\"https:\\\/\\\/www.altercampagne.net\\\/?p=5432#primaryimage\"},\"image\":{\"@id\":\"https:\\\/\\\/www.altercampagne.net\\\/?p=5432#primaryimage\"},\"thumbnailUrl\":\"https:\\\/\\\/www.altercampagne.net\\\/wp-content\\\/uploads\\\/2016\\\/07\\\/2016-07-16_16.31.29_163128_C.-Vanheuverzwijn_christophe.vanheuverzwijn@gmail.jpg\",\"datePublished\":\"2016-07-16T15:40:14+00:00\",\"dateModified\":\"2019-09-13T14:24:57+00:00\",\"author\":{\"@id\":\"https:\\\/\\\/www.altercampagne.net\\\/#\\\/schema\\\/person\\\/0f261460c09e430caa0f9bcffa319109\"},\"breadcrumb\":{\"@id\":\"https:\\\/\\\/www.altercampagne.net\\\/?p=5432#breadcrumb\"},\"inLanguage\":\"fr-FR\",\"potentialAction\":[{\"@type\":\"ReadAction\",\"target\":[\"https:\\\/\\\/www.altercampagne.net\\\/?p=5432\"]}]},{\"@type\":\"ImageObject\",\"inLanguage\":\"fr-FR\",\"@id\":\"https:\\\/\\\/www.altercampagne.net\\\/?p=5432#primaryimage\",\"url\":\"https:\\\/\\\/www.altercampagne.net\\\/wp-content\\\/uploads\\\/2016\\\/07\\\/2016-07-16_16.31.29_163128_C.-Vanheuverzwijn_christophe.vanheuverzwijn@gmail.jpg\",\"contentUrl\":\"https:\\\/\\\/www.altercampagne.net\\\/wp-content\\\/uploads\\\/2016\\\/07\\\/2016-07-16_16.31.29_163128_C.-Vanheuverzwijn_christophe.vanheuverzwijn@gmail.jpg\",\"width\":900,\"height\":470},{\"@type\":\"BreadcrumbList\",\"@id\":\"https:\\\/\\\/www.altercampagne.net\\\/?p=5432#breadcrumb\",\"itemListElement\":[{\"@type\":\"ListItem\",\"position\":1,\"name\":\"Accueil\",\"item\":\"https:\\\/\\\/www.altercampagne.net\\\/\"},{\"@type\":\"ListItem\",\"position\":2,\"name\":\"\u00c9tape du 16 juillet \u00e0 l&rsquo;Epicerie Coop\u00e9rative de Fontaine-Daniel\"}]},{\"@type\":\"WebSite\",\"@id\":\"https:\\\/\\\/www.altercampagne.net\\\/#website\",\"url\":\"https:\\\/\\\/www.altercampagne.net\\\/\",\"name\":\"AlterTour\",\"description\":\"Reliez les Alternatives \u00e0 v\u00e9lo\",\"potentialAction\":[{\"@type\":\"SearchAction\",\"target\":{\"@type\":\"EntryPoint\",\"urlTemplate\":\"https:\\\/\\\/www.altercampagne.net\\\/?s={search_term_string}\"},\"query-input\":{\"@type\":\"PropertyValueSpecification\",\"valueRequired\":true,\"valueName\":\"search_term_string\"}}],\"inLanguage\":\"fr-FR\"},{\"@type\":\"Person\",\"@id\":\"https:\\\/\\\/www.altercampagne.net\\\/#\\\/schema\\\/person\\\/0f261460c09e430caa0f9bcffa319109\",\"name\":\"Mathieu\",\"image\":{\"@type\":\"ImageObject\",\"inLanguage\":\"fr-FR\",\"@id\":\"https:\\\/\\\/secure.gravatar.com\\\/avatar\\\/aa9d3d24c83f2141e5e2709d0f63d09a99f6be6bb7a50abc4915838d9f54501a?s=96&d=mm&r=g\",\"url\":\"https:\\\/\\\/secure.gravatar.com\\\/avatar\\\/aa9d3d24c83f2141e5e2709d0f63d09a99f6be6bb7a50abc4915838d9f54501a?s=96&d=mm&r=g\",\"contentUrl\":\"https:\\\/\\\/secure.gravatar.com\\\/avatar\\\/aa9d3d24c83f2141e5e2709d0f63d09a99f6be6bb7a50abc4915838d9f54501a?s=96&d=mm&r=g\",\"caption\":\"Mathieu\"},\"url\":\"https:\\\/\\\/www.altercampagne.net\\\/?author=214\"}]}<\/script>\n<!-- \/ Yoast SEO plugin. -->","yoast_head_json":{"title":"\u00c9tape du 16 juillet \u00e0 l'Epicerie Coop\u00e9rative de Fontaine-Daniel - AlterTour","robots":{"index":"index","follow":"follow","max-snippet":"max-snippet:-1","max-image-preview":"max-image-preview:large","max-video-preview":"max-video-preview:-1"},"canonical":"https:\/\/www.altercampagne.net\/?p=5432","og_locale":"fr_FR","og_type":"article","og_title":"\u00c9tape du 16 juillet \u00e0 l'Epicerie Coop\u00e9rative de Fontaine-Daniel - AlterTour","og_description":"Ce samedi 16 juillet, apr\u00e8s une journ\u00e9e de repos bien m\u00e9rit\u00e9e, les Altercyclistes ont quitt\u00e9 la Ferme des Radis &amp; Co, le sourire aux l\u00e8vres, plein de bons souvenirs et d&rsquo;enthousiasme&#8230; Apr\u00e8s une \u00e9tape relativement courte ils ont pos\u00e9 leur bivouac \u00e0 l&rsquo;ext\u00e9rieur du th\u00e9\u00e2tre du petit village de Fontaine-Daniel. ... Read More","og_url":"https:\/\/www.altercampagne.net\/?p=5432","og_site_name":"AlterTour","article_published_time":"2016-07-16T15:40:14+00:00","article_modified_time":"2019-09-13T14:24:57+00:00","og_image":[{"width":900,"height":470,"url":"https:\/\/www.altercampagne.net\/wp-content\/uploads\/2016\/07\/2016-07-16_16.31.29_163128_C.-Vanheuverzwijn_christophe.vanheuverzwijn@gmail.jpg","type":"image\/jpeg"}],"author":"Mathieu","twitter_card":"summary_large_image","twitter_misc":{"\u00c9crit par":"Mathieu","Dur\u00e9e de lecture estim\u00e9e":"1 minute"},"schema":{"@context":"https:\/\/schema.org","@graph":[{"@type":"Article","@id":"https:\/\/www.altercampagne.net\/?p=5432#article","isPartOf":{"@id":"https:\/\/www.altercampagne.net\/?p=5432"},"author":{"name":"Mathieu","@id":"https:\/\/www.altercampagne.net\/#\/schema\/person\/0f261460c09e430caa0f9bcffa319109"},"headline":"\u00c9tape du 16 juillet \u00e0 l&rsquo;Epicerie Coop\u00e9rative de Fontaine-Daniel","datePublished":"2016-07-16T15:40:14+00:00","dateModified":"2019-09-13T14:24:57+00:00","mainEntityOfPage":{"@id":"https:\/\/www.altercampagne.net\/?p=5432"},"wordCount":207,"image":{"@id":"https:\/\/www.altercampagne.net\/?p=5432#primaryimage"},"thumbnailUrl":"https:\/\/www.altercampagne.net\/wp-content\/uploads\/2016\/07\/2016-07-16_16.31.29_163128_C.-Vanheuverzwijn_christophe.vanheuverzwijn@gmail.jpg","keywords":["Fontaine-Daniel","AlterTour2016","accueillant 2016","accueillant2016","accueillant","alterjournaliste","Le sou mayennais","\u00e9picerie coop\u00e9rative","Montflours","monnaie locale","Radis &amp; Co","2016","Pays de la Loire","\u00e9picerie coop\u00e9rative de fontaine daniel","le sou","mayenne","AlterTour 2016"],"articleSection":["Alimentation","\u00c9conomie","\u00c9dition 2016","Pays de la Loire"],"inLanguage":"fr-FR"},{"@type":"WebPage","@id":"https:\/\/www.altercampagne.net\/?p=5432","url":"https:\/\/www.altercampagne.net\/?p=5432","name":"\u00c9tape du 16 juillet \u00e0 l'Epicerie Coop\u00e9rative de Fontaine-Daniel - AlterTour","isPartOf":{"@id":"https:\/\/www.altercampagne.net\/#website"},"primaryImageOfPage":{"@id":"https:\/\/www.altercampagne.net\/?p=5432#primaryimage"},"image":{"@id":"https:\/\/www.altercampagne.net\/?p=5432#primaryimage"},"thumbnailUrl":"https:\/\/www.altercampagne.net\/wp-content\/uploads\/2016\/07\/2016-07-16_16.31.29_163128_C.-Vanheuverzwijn_christophe.vanheuverzwijn@gmail.jpg","datePublished":"2016-07-16T15:40:14+00:00","dateModified":"2019-09-13T14:24:57+00:00","author":{"@id":"https:\/\/www.altercampagne.net\/#\/schema\/person\/0f261460c09e430caa0f9bcffa319109"},"breadcrumb":{"@id":"https:\/\/www.altercampagne.net\/?p=5432#breadcrumb"},"inLanguage":"fr-FR","potentialAction":[{"@type":"ReadAction","target":["https:\/\/www.altercampagne.net\/?p=5432"]}]},{"@type":"ImageObject","inLanguage":"fr-FR","@id":"https:\/\/www.altercampagne.net\/?p=5432#primaryimage","url":"https:\/\/www.altercampagne.net\/wp-content\/uploads\/2016\/07\/2016-07-16_16.31.29_163128_C.-Vanheuverzwijn_christophe.vanheuverzwijn@gmail.jpg","contentUrl":"https:\/\/www.altercampagne.net\/wp-content\/uploads\/2016\/07\/2016-07-16_16.31.29_163128_C.-Vanheuverzwijn_christophe.vanheuverzwijn@gmail.jpg","width":900,"height":470},{"@type":"BreadcrumbList","@id":"https:\/\/www.altercampagne.net\/?p=5432#breadcrumb","itemListElement":[{"@type":"ListItem","position":1,"name":"Accueil","item":"https:\/\/www.altercampagne.net\/"},{"@type":"ListItem","position":2,"name":"\u00c9tape du 16 juillet \u00e0 l&rsquo;Epicerie Coop\u00e9rative de Fontaine-Daniel"}]},{"@type":"WebSite","@id":"https:\/\/www.altercampagne.net\/#website","url":"https:\/\/www.altercampagne.net\/","name":"AlterTour","description":"Reliez les Alternatives \u00e0 v\u00e9lo","potentialAction":[{"@type":"SearchAction","target":{"@type":"EntryPoint","urlTemplate":"https:\/\/www.altercampagne.net\/?s={search_term_string}"},"query-input":{"@type":"PropertyValueSpecification","valueRequired":true,"valueName":"search_term_string"}}],"inLanguage":"fr-FR"},{"@type":"Person","@id":"https:\/\/www.altercampagne.net\/#\/schema\/person\/0f261460c09e430caa0f9bcffa319109","name":"Mathieu","image":{"@type":"ImageObject","inLanguage":"fr-FR","@id":"https:\/\/secure.gravatar.com\/avatar\/aa9d3d24c83f2141e5e2709d0f63d09a99f6be6bb7a50abc4915838d9f54501a?s=96&d=mm&r=g","url":"https:\/\/secure.gravatar.com\/avatar\/aa9d3d24c83f2141e5e2709d0f63d09a99f6be6bb7a50abc4915838d9f54501a?s=96&d=mm&r=g","contentUrl":"https:\/\/secure.gravatar.com\/avatar\/aa9d3d24c83f2141e5e2709d0f63d09a99f6be6bb7a50abc4915838d9f54501a?s=96&d=mm&r=g","caption":"Mathieu"},"url":"https:\/\/www.altercampagne.net\/?author=214"}]}},"_links":{"self":[{"href":"https:\/\/www.altercampagne.net\/index.php?rest_route=\/wp\/v2\/posts\/5432","targetHints":{"allow":["GET"]}}],"collection":[{"href":"https:\/\/www.altercampagne.net\/index.php?rest_route=\/wp\/v2\/posts"}],"about":[{"href":"https:\/\/www.altercampagne.net\/index.php?rest_route=\/wp\/v2\/types\/post"}],"author":[{"embeddable":true,"href":"https:\/\/www.altercampagne.net\/index.php?rest_route=\/wp\/v2\/users\/214"}],"replies":[{"embeddable":true,"href":"https:\/\/www.altercampagne.net\/index.php?rest_route=%2Fwp%2Fv2%2Fcomments&post=5432"}],"version-history":[{"count":0,"href":"https:\/\/www.altercampagne.net\/index.php?rest_route=\/wp\/v2\/posts\/5432\/revisions"}],"wp:featuredmedia":[{"embeddable":true,"href":"https:\/\/www.altercampagne.net\/index.php?rest_route=\/wp\/v2\/media\/15474"}],"wp:attachment":[{"href":"https:\/\/www.altercampagne.net\/index.php?rest_route=%2Fwp%2Fv2%2Fmedia&parent=5432"}],"wp:term":[{"taxonomy":"category","embeddable":true,"href":"https:\/\/www.altercampagne.net\/index.php?rest_route=%2Fwp%2Fv2%2Fcategories&post=5432"},{"taxonomy":"post_tag","embeddable":true,"href":"https:\/\/www.altercampagne.net\/index.php?rest_route=%2Fwp%2Fv2%2Ftags&post=5432"}],"curies":[{"name":"wp","href":"https:\/\/api.w.org\/{rel}","templated":true}]}}