{"id":5438,"date":"2016-07-12T14:01:45","date_gmt":"2016-07-12T12:01:45","guid":{"rendered":"http:\/\/www.altercampagne.net\/?p=5438"},"modified":"2019-09-13T16:16:58","modified_gmt":"2019-09-13T14:16:58","slug":"le-12-juillet-2016-au-manoir-de-la-gree","status":"publish","type":"post","link":"https:\/\/www.altercampagne.net\/?p=5438","title":{"rendered":"\u00c9tape du 12 juillet 2016 au Manoir de la Gr\u00e9e"},"content":{"rendered":"<p>C&rsquo;est une journ\u00e9e de repos &#8211; mais avec un programme bien charg\u00e9 &#8211; qui s&rsquo;annonce aujourd&rsquo;hui \u00e0 la Gr\u00e9e. Elle commencera certes par une grasse mat&rsquo; (bien m\u00e9rit\u00e9e). Mais tr\u00e8s vite diff\u00e9rents chantiers se mettent en place sur l&rsquo;eco-lieu. Un premier groupe s\u2019en va au champ de bl\u00e9 \u00f4ter le rhumex, une plante invasive. Car au manoir de la Gr\u00e9e, le boulanger lui-m\u00eame fait pousser son bl\u00e9.<\/p>\n<p>Pendant ce temps \u00e0 la ferme, un autre groupe se met en place pour construire trois petits murs. Le premier sera fait de pierres s\u00e8ches, le second en terre-paille et le troisi\u00e8me est un mur v\u00e9g\u00e9tal et en palette, \u00ab\u00a0experimental\u00a0\u00bb \u00e0 l\u2019int\u00e9rieur duquel poussera les fraises. (enfin \u00ab\u00a0normalement\u00a0\u00bb, on est impatient de conna\u00eetre le r\u00e9sultat\u00a0:p<\/p>\n<p>Apr\u00e8s la pause, nos altercyclistes s&rsquo;offrent un temps de groupe avec le traditionnel \u00ab\u00a0cercle de parole\u00a0\u00bb. Pendant une heure, le groupe se met en cercle, et le b\u00e2ton de parole circule de main en main, chacun ayant la possibilit\u00e9 de s&rsquo;exprimer, sans \u00eatre interrompu.\u00a0 Pour ce premier cercle de l\u2019\u00e9dition 2016, les prises de parole seront br\u00e8ves et positives. C&rsquo;est une ambiance de convivialit\u00e9 et de simplicit\u00e9 qui se d\u00e9gage du groupe, tout va bien. A noter, un invit\u00e9 surprise a fait son apparition\u00a0: un marcheur parcourant les routes de France sans un euro\u00a0(!) nous a rejoint par hasard pour la journ\u00e9e. Nous lui offrons l\u2019hospitalit\u00e9.<\/p>\n<p>Cet apr\u00e8s-midi on finit les travaux, puis des balades botaniques s&rsquo;organisent anim\u00e9s par nos h\u00f4tes, tandis que l\u2019\u00e9quipe pr\u00e9pare\u00a0un repas \u00ab\u00a0mobile\u00a0\u00bb, puisqu\u2019il sera transport\u00e9 au village o\u00f9 nous dinerons tout \u00e0 l\u2019heure. En effet, ce soir nous prenons les v\u00e9los pour d\u00e9couvrir le chaleureux bar solidaire qui s&rsquo;est ouvert \u00e0 Soulvache : <em>Le papier buvard<\/em>, initi\u00e9 par Caroline, vise \u00e0 rassembler les diff\u00e9rentes alternatives locales (\u00e0 commencer par le magasin gratuit qui s&rsquo;y trouve juste \u00e0 c\u00f4t\u00e9).\u00a0 Ce soir la bi\u00e8re et le cidre couleront (avec mod\u00e9ration) dans une joyeuse ambiance au son de la musique locale.<\/p>\n<p style=\"text-align: right;\"><strong>Vincent<\/strong><\/p>\n","protected":false},"excerpt":{"rendered":"<p>C&rsquo;est une journ\u00e9e de repos &#8211; mais avec un programme bien charg\u00e9 &#8211; qui s&rsquo;annonce aujourd&rsquo;hui \u00e0 la Gr\u00e9e. Elle commencera certes par une grasse mat&rsquo; (bien m\u00e9rit\u00e9e). Mais tr\u00e8s vite diff\u00e9rents chantiers se mettent en place sur l&rsquo;eco-lieu. Un premier groupe s\u2019en va au champ de bl\u00e9 \u00f4ter le &#8230; <\/p>\n<div><a href=\"https:\/\/www.altercampagne.net\/?p=5438\" class=\"more-link\">Read More<\/a><\/div>\n","protected":false},"author":214,"featured_media":15466,"comment_status":"closed","ping_status":"closed","sticky":false,"template":"","format":"standard","meta":{"footnotes":""},"categories":[3459,3485,3481],"tags":[383,414,485,894,963,1652,2377,2504,2704,2846,2849,2850,2851],"class_list":["post-5438","post","type-post","status-publish","format-standard","has-post-thumbnail","hentry","category-edition-2016","category-habitat","category-pays-de-la-loire","tag-altertour-2016","tag-loire-atlantique","tag-manoir-de-la-gree","tag-pays-de-la-loire","tag-eco-lieu","tag-1652","tag-soulvache","tag-papier-buvard","tag-alterjournaliste","tag-accueillant","tag-accueillant2016","tag-accueillant-2016","tag-altertour2016"],"yoast_head":"<!-- This site is optimized with the Yoast SEO plugin v27.3 - https:\/\/yoast.com\/product\/yoast-seo-wordpress\/ -->\n<title>\u00c9tape du 12 juillet 2016 au Manoir de la Gr\u00e9e - AlterTour<\/title>\n<meta name=\"robots\" content=\"index, follow, max-snippet:-1, max-image-preview:large, max-video-preview:-1\" \/>\n<link rel=\"canonical\" href=\"https:\/\/www.altercampagne.net\/?p=5438\" \/>\n<meta property=\"og:locale\" content=\"fr_FR\" \/>\n<meta property=\"og:type\" content=\"article\" \/>\n<meta property=\"og:title\" content=\"\u00c9tape du 12 juillet 2016 au Manoir de la Gr\u00e9e - AlterTour\" \/>\n<meta property=\"og:description\" content=\"C&rsquo;est une journ\u00e9e de repos &#8211; mais avec un programme bien charg\u00e9 &#8211; qui s&rsquo;annonce aujourd&rsquo;hui \u00e0 la Gr\u00e9e. Elle commencera certes par une grasse mat&rsquo; (bien m\u00e9rit\u00e9e). Mais tr\u00e8s vite diff\u00e9rents chantiers se mettent en place sur l&rsquo;eco-lieu. Un premier groupe s\u2019en va au champ de bl\u00e9 \u00f4ter le ... Read More\" \/>\n<meta property=\"og:url\" content=\"https:\/\/www.altercampagne.net\/?p=5438\" \/>\n<meta property=\"og:site_name\" content=\"AlterTour\" \/>\n<meta property=\"article:published_time\" content=\"2016-07-12T12:01:45+00:00\" \/>\n<meta property=\"article:modified_time\" content=\"2019-09-13T14:16:58+00:00\" \/>\n<meta property=\"og:image\" content=\"https:\/\/www.altercampagne.net\/wp-content\/uploads\/2016\/07\/2016-07-12_11.59.jpg\" \/>\n\t<meta property=\"og:image:width\" content=\"902\" \/>\n\t<meta property=\"og:image:height\" content=\"472\" \/>\n\t<meta property=\"og:image:type\" content=\"image\/jpeg\" \/>\n<meta name=\"author\" content=\"Mathieu\" \/>\n<meta name=\"twitter:card\" content=\"summary_large_image\" \/>\n<meta name=\"twitter:label1\" content=\"\u00c9crit par\" \/>\n\t<meta name=\"twitter:data1\" content=\"Mathieu\" \/>\n\t<meta name=\"twitter:label2\" content=\"Dur\u00e9e de lecture estim\u00e9e\" \/>\n\t<meta name=\"twitter:data2\" content=\"2 minutes\" \/>\n<script type=\"application\/ld+json\" class=\"yoast-schema-graph\">{\"@context\":\"https:\\\/\\\/schema.org\",\"@graph\":[{\"@type\":\"Article\",\"@id\":\"https:\\\/\\\/www.altercampagne.net\\\/?p=5438#article\",\"isPartOf\":{\"@id\":\"https:\\\/\\\/www.altercampagne.net\\\/?p=5438\"},\"author\":{\"name\":\"Mathieu\",\"@id\":\"https:\\\/\\\/www.altercampagne.net\\\/#\\\/schema\\\/person\\\/0f261460c09e430caa0f9bcffa319109\"},\"headline\":\"\u00c9tape du 12 juillet 2016 au Manoir de la Gr\u00e9e\",\"datePublished\":\"2016-07-12T12:01:45+00:00\",\"dateModified\":\"2019-09-13T14:16:58+00:00\",\"mainEntityOfPage\":{\"@id\":\"https:\\\/\\\/www.altercampagne.net\\\/?p=5438\"},\"wordCount\":374,\"image\":{\"@id\":\"https:\\\/\\\/www.altercampagne.net\\\/?p=5438#primaryimage\"},\"thumbnailUrl\":\"https:\\\/\\\/www.altercampagne.net\\\/wp-content\\\/uploads\\\/2016\\\/07\\\/2016-07-12_11.59.jpg\",\"keywords\":[\"AlterTour 2016\",\"loire atlantique\",\"manoir de la gr\u00e9e\",\"Pays de la Loire\",\"\u00e9co-lieu\",\"2016\",\"Soulvache\",\"papier buvard\",\"alterjournaliste\",\"accueillant\",\"accueillant2016\",\"accueillant 2016\",\"AlterTour2016\"],\"articleSection\":[\"\u00c9dition 2016\",\"Habitat\",\"Pays de la Loire\"],\"inLanguage\":\"fr-FR\"},{\"@type\":\"WebPage\",\"@id\":\"https:\\\/\\\/www.altercampagne.net\\\/?p=5438\",\"url\":\"https:\\\/\\\/www.altercampagne.net\\\/?p=5438\",\"name\":\"\u00c9tape du 12 juillet 2016 au Manoir de la Gr\u00e9e - AlterTour\",\"isPartOf\":{\"@id\":\"https:\\\/\\\/www.altercampagne.net\\\/#website\"},\"primaryImageOfPage\":{\"@id\":\"https:\\\/\\\/www.altercampagne.net\\\/?p=5438#primaryimage\"},\"image\":{\"@id\":\"https:\\\/\\\/www.altercampagne.net\\\/?p=5438#primaryimage\"},\"thumbnailUrl\":\"https:\\\/\\\/www.altercampagne.net\\\/wp-content\\\/uploads\\\/2016\\\/07\\\/2016-07-12_11.59.jpg\",\"datePublished\":\"2016-07-12T12:01:45+00:00\",\"dateModified\":\"2019-09-13T14:16:58+00:00\",\"author\":{\"@id\":\"https:\\\/\\\/www.altercampagne.net\\\/#\\\/schema\\\/person\\\/0f261460c09e430caa0f9bcffa319109\"},\"breadcrumb\":{\"@id\":\"https:\\\/\\\/www.altercampagne.net\\\/?p=5438#breadcrumb\"},\"inLanguage\":\"fr-FR\",\"potentialAction\":[{\"@type\":\"ReadAction\",\"target\":[\"https:\\\/\\\/www.altercampagne.net\\\/?p=5438\"]}]},{\"@type\":\"ImageObject\",\"inLanguage\":\"fr-FR\",\"@id\":\"https:\\\/\\\/www.altercampagne.net\\\/?p=5438#primaryimage\",\"url\":\"https:\\\/\\\/www.altercampagne.net\\\/wp-content\\\/uploads\\\/2016\\\/07\\\/2016-07-12_11.59.jpg\",\"contentUrl\":\"https:\\\/\\\/www.altercampagne.net\\\/wp-content\\\/uploads\\\/2016\\\/07\\\/2016-07-12_11.59.jpg\",\"width\":902,\"height\":472},{\"@type\":\"BreadcrumbList\",\"@id\":\"https:\\\/\\\/www.altercampagne.net\\\/?p=5438#breadcrumb\",\"itemListElement\":[{\"@type\":\"ListItem\",\"position\":1,\"name\":\"Accueil\",\"item\":\"https:\\\/\\\/www.altercampagne.net\\\/\"},{\"@type\":\"ListItem\",\"position\":2,\"name\":\"\u00c9tape du 12 juillet 2016 au Manoir de la Gr\u00e9e\"}]},{\"@type\":\"WebSite\",\"@id\":\"https:\\\/\\\/www.altercampagne.net\\\/#website\",\"url\":\"https:\\\/\\\/www.altercampagne.net\\\/\",\"name\":\"AlterTour\",\"description\":\"Reliez les Alternatives \u00e0 v\u00e9lo\",\"potentialAction\":[{\"@type\":\"SearchAction\",\"target\":{\"@type\":\"EntryPoint\",\"urlTemplate\":\"https:\\\/\\\/www.altercampagne.net\\\/?s={search_term_string}\"},\"query-input\":{\"@type\":\"PropertyValueSpecification\",\"valueRequired\":true,\"valueName\":\"search_term_string\"}}],\"inLanguage\":\"fr-FR\"},{\"@type\":\"Person\",\"@id\":\"https:\\\/\\\/www.altercampagne.net\\\/#\\\/schema\\\/person\\\/0f261460c09e430caa0f9bcffa319109\",\"name\":\"Mathieu\",\"image\":{\"@type\":\"ImageObject\",\"inLanguage\":\"fr-FR\",\"@id\":\"https:\\\/\\\/secure.gravatar.com\\\/avatar\\\/aa9d3d24c83f2141e5e2709d0f63d09a99f6be6bb7a50abc4915838d9f54501a?s=96&d=mm&r=g\",\"url\":\"https:\\\/\\\/secure.gravatar.com\\\/avatar\\\/aa9d3d24c83f2141e5e2709d0f63d09a99f6be6bb7a50abc4915838d9f54501a?s=96&d=mm&r=g\",\"contentUrl\":\"https:\\\/\\\/secure.gravatar.com\\\/avatar\\\/aa9d3d24c83f2141e5e2709d0f63d09a99f6be6bb7a50abc4915838d9f54501a?s=96&d=mm&r=g\",\"caption\":\"Mathieu\"},\"url\":\"https:\\\/\\\/www.altercampagne.net\\\/?author=214\"}]}<\/script>\n<!-- \/ Yoast SEO plugin. -->","yoast_head_json":{"title":"\u00c9tape du 12 juillet 2016 au Manoir de la Gr\u00e9e - AlterTour","robots":{"index":"index","follow":"follow","max-snippet":"max-snippet:-1","max-image-preview":"max-image-preview:large","max-video-preview":"max-video-preview:-1"},"canonical":"https:\/\/www.altercampagne.net\/?p=5438","og_locale":"fr_FR","og_type":"article","og_title":"\u00c9tape du 12 juillet 2016 au Manoir de la Gr\u00e9e - AlterTour","og_description":"C&rsquo;est une journ\u00e9e de repos &#8211; mais avec un programme bien charg\u00e9 &#8211; qui s&rsquo;annonce aujourd&rsquo;hui \u00e0 la Gr\u00e9e. Elle commencera certes par une grasse mat&rsquo; (bien m\u00e9rit\u00e9e). Mais tr\u00e8s vite diff\u00e9rents chantiers se mettent en place sur l&rsquo;eco-lieu. Un premier groupe s\u2019en va au champ de bl\u00e9 \u00f4ter le ... Read More","og_url":"https:\/\/www.altercampagne.net\/?p=5438","og_site_name":"AlterTour","article_published_time":"2016-07-12T12:01:45+00:00","article_modified_time":"2019-09-13T14:16:58+00:00","og_image":[{"width":902,"height":472,"url":"https:\/\/www.altercampagne.net\/wp-content\/uploads\/2016\/07\/2016-07-12_11.59.jpg","type":"image\/jpeg"}],"author":"Mathieu","twitter_card":"summary_large_image","twitter_misc":{"\u00c9crit par":"Mathieu","Dur\u00e9e de lecture estim\u00e9e":"2 minutes"},"schema":{"@context":"https:\/\/schema.org","@graph":[{"@type":"Article","@id":"https:\/\/www.altercampagne.net\/?p=5438#article","isPartOf":{"@id":"https:\/\/www.altercampagne.net\/?p=5438"},"author":{"name":"Mathieu","@id":"https:\/\/www.altercampagne.net\/#\/schema\/person\/0f261460c09e430caa0f9bcffa319109"},"headline":"\u00c9tape du 12 juillet 2016 au Manoir de la Gr\u00e9e","datePublished":"2016-07-12T12:01:45+00:00","dateModified":"2019-09-13T14:16:58+00:00","mainEntityOfPage":{"@id":"https:\/\/www.altercampagne.net\/?p=5438"},"wordCount":374,"image":{"@id":"https:\/\/www.altercampagne.net\/?p=5438#primaryimage"},"thumbnailUrl":"https:\/\/www.altercampagne.net\/wp-content\/uploads\/2016\/07\/2016-07-12_11.59.jpg","keywords":["AlterTour 2016","loire atlantique","manoir de la gr\u00e9e","Pays de la Loire","\u00e9co-lieu","2016","Soulvache","papier buvard","alterjournaliste","accueillant","accueillant2016","accueillant 2016","AlterTour2016"],"articleSection":["\u00c9dition 2016","Habitat","Pays de la Loire"],"inLanguage":"fr-FR"},{"@type":"WebPage","@id":"https:\/\/www.altercampagne.net\/?p=5438","url":"https:\/\/www.altercampagne.net\/?p=5438","name":"\u00c9tape du 12 juillet 2016 au Manoir de la Gr\u00e9e - AlterTour","isPartOf":{"@id":"https:\/\/www.altercampagne.net\/#website"},"primaryImageOfPage":{"@id":"https:\/\/www.altercampagne.net\/?p=5438#primaryimage"},"image":{"@id":"https:\/\/www.altercampagne.net\/?p=5438#primaryimage"},"thumbnailUrl":"https:\/\/www.altercampagne.net\/wp-content\/uploads\/2016\/07\/2016-07-12_11.59.jpg","datePublished":"2016-07-12T12:01:45+00:00","dateModified":"2019-09-13T14:16:58+00:00","author":{"@id":"https:\/\/www.altercampagne.net\/#\/schema\/person\/0f261460c09e430caa0f9bcffa319109"},"breadcrumb":{"@id":"https:\/\/www.altercampagne.net\/?p=5438#breadcrumb"},"inLanguage":"fr-FR","potentialAction":[{"@type":"ReadAction","target":["https:\/\/www.altercampagne.net\/?p=5438"]}]},{"@type":"ImageObject","inLanguage":"fr-FR","@id":"https:\/\/www.altercampagne.net\/?p=5438#primaryimage","url":"https:\/\/www.altercampagne.net\/wp-content\/uploads\/2016\/07\/2016-07-12_11.59.jpg","contentUrl":"https:\/\/www.altercampagne.net\/wp-content\/uploads\/2016\/07\/2016-07-12_11.59.jpg","width":902,"height":472},{"@type":"BreadcrumbList","@id":"https:\/\/www.altercampagne.net\/?p=5438#breadcrumb","itemListElement":[{"@type":"ListItem","position":1,"name":"Accueil","item":"https:\/\/www.altercampagne.net\/"},{"@type":"ListItem","position":2,"name":"\u00c9tape du 12 juillet 2016 au Manoir de la Gr\u00e9e"}]},{"@type":"WebSite","@id":"https:\/\/www.altercampagne.net\/#website","url":"https:\/\/www.altercampagne.net\/","name":"AlterTour","description":"Reliez les Alternatives \u00e0 v\u00e9lo","potentialAction":[{"@type":"SearchAction","target":{"@type":"EntryPoint","urlTemplate":"https:\/\/www.altercampagne.net\/?s={search_term_string}"},"query-input":{"@type":"PropertyValueSpecification","valueRequired":true,"valueName":"search_term_string"}}],"inLanguage":"fr-FR"},{"@type":"Person","@id":"https:\/\/www.altercampagne.net\/#\/schema\/person\/0f261460c09e430caa0f9bcffa319109","name":"Mathieu","image":{"@type":"ImageObject","inLanguage":"fr-FR","@id":"https:\/\/secure.gravatar.com\/avatar\/aa9d3d24c83f2141e5e2709d0f63d09a99f6be6bb7a50abc4915838d9f54501a?s=96&d=mm&r=g","url":"https:\/\/secure.gravatar.com\/avatar\/aa9d3d24c83f2141e5e2709d0f63d09a99f6be6bb7a50abc4915838d9f54501a?s=96&d=mm&r=g","contentUrl":"https:\/\/secure.gravatar.com\/avatar\/aa9d3d24c83f2141e5e2709d0f63d09a99f6be6bb7a50abc4915838d9f54501a?s=96&d=mm&r=g","caption":"Mathieu"},"url":"https:\/\/www.altercampagne.net\/?author=214"}]}},"_links":{"self":[{"href":"https:\/\/www.altercampagne.net\/index.php?rest_route=\/wp\/v2\/posts\/5438","targetHints":{"allow":["GET"]}}],"collection":[{"href":"https:\/\/www.altercampagne.net\/index.php?rest_route=\/wp\/v2\/posts"}],"about":[{"href":"https:\/\/www.altercampagne.net\/index.php?rest_route=\/wp\/v2\/types\/post"}],"author":[{"embeddable":true,"href":"https:\/\/www.altercampagne.net\/index.php?rest_route=\/wp\/v2\/users\/214"}],"replies":[{"embeddable":true,"href":"https:\/\/www.altercampagne.net\/index.php?rest_route=%2Fwp%2Fv2%2Fcomments&post=5438"}],"version-history":[{"count":0,"href":"https:\/\/www.altercampagne.net\/index.php?rest_route=\/wp\/v2\/posts\/5438\/revisions"}],"wp:featuredmedia":[{"embeddable":true,"href":"https:\/\/www.altercampagne.net\/index.php?rest_route=\/wp\/v2\/media\/15466"}],"wp:attachment":[{"href":"https:\/\/www.altercampagne.net\/index.php?rest_route=%2Fwp%2Fv2%2Fmedia&parent=5438"}],"wp:term":[{"taxonomy":"category","embeddable":true,"href":"https:\/\/www.altercampagne.net\/index.php?rest_route=%2Fwp%2Fv2%2Fcategories&post=5438"},{"taxonomy":"post_tag","embeddable":true,"href":"https:\/\/www.altercampagne.net\/index.php?rest_route=%2Fwp%2Fv2%2Ftags&post=5438"}],"curies":[{"name":"wp","href":"https:\/\/api.w.org\/{rel}","templated":true}]}}