{"id":5450,"date":"2016-07-10T15:07:58","date_gmt":"2016-07-10T13:07:58","guid":{"rendered":"http:\/\/www.altercampagne.net\/?p=5450"},"modified":"2019-09-13T16:14:09","modified_gmt":"2019-09-13T14:14:09","slug":"etape-du-10-juillet-zad-de-notre-dame-des-landes-et-copain-44","status":"publish","type":"post","link":"https:\/\/www.altercampagne.net\/?p=5450","title":{"rendered":"\u00c9tape du 10 juillet : Zad de Notre-Dame-des-Landes et Copain 44"},"content":{"rendered":"<p>Ce matin du 10 juillet 2016 c&rsquo;est la promesse d&rsquo;une f\u00eate populaire qui nous r\u00e9veille. Il ne s&rsquo;agit pas de la finale de l&rsquo;euro de football, mais du festival organis\u00e9 en soutien \u00e0 la ZAD \u00e0 la suite du r\u00e9f\u00e9rendum de Notre Dame des Landes\u00a0: le Festizad. Ce lieu embl\u00e9matique a \u00e9t\u00e9 choisi comme \u00ab\u00a0village de d\u00e9part\u00a0\u00bb de l&rsquo;AlterTour. Le tour de France ne passera malheureusement pas par ici cette ann\u00e9e, il se pr\u00e9occupera de faire d\u00e9filer d&rsquo;autre paysage rustique, d&rsquo;autre richesse rurale depuis son h\u00e9licopt\u00e8re sans montrer ce lieu qui pourtant d\u00e9fend les m\u00eames valeurs.<br \/>\nNous sommes accueilli par l&rsquo;organisation Copain 44 qui nous font partager leur exp\u00e9rience de lutte et de vie quotidienne. La coh\u00e9sion qui existe entre les diff\u00e9rent occupant est marquante. Bien que la cohabitation peut s\u2019av\u00e9rer parfois difficile, L&rsquo;organisation Copain 44 nous parlent du plaisir qu&rsquo;il ont eu lorsqu&rsquo;ils ont vu les espaces abandonn\u00e9 redevenir habiter par les squatteurs. Apr\u00e8s une pr\u00e9sentation de leurs activit\u00e9s nous nous dirigeons vers la ZAD. Lorsque l&rsquo;on arrive sur place, le contraste avec le journal de Claire Chazal est saisissant, point de cocktail molotov, mais un univers jalonn\u00e9 de cabane, un imaginaire \u00e0 la Peter Pan.<br \/>\nL&rsquo;on quitte ce lieu trop rapidement, car un membre de COPAIN 44 nous attend pour nous faire visiter sa ferme. Les pancarte zones naturelles sensible d\u00e9filent le long du canal de Nantes \u00e0 Brest qui nous am\u00e8ne \u00e0 la ferme. A l&rsquo;arriv\u00e9 nous sommes accueillis par l\u2019\u00e9criteau\u00a0: Gr\u00e8ve, don de lait. C&rsquo;est une ferme comme il en d\u00e9file tant \u00e0 300km\/h par la fen\u00eatre du TGV. Pourtant lors de la visite, la ferme prend sa dimension humaine. Il y a 50 vaches r\u00e9parti sur 50 hectares qui produise 5000 litres de lait par an, c&rsquo;est deux fois moins que la ferme des 1000 vaches, mais ici les habitantes nous font une places dans leur p\u00e2turage pour le d\u00eener.<\/p>\n<p style=\"text-align: center;\">Ferme de COPAIN 44 &#8211; fermes des mille vaches.<br \/>\n1-0<\/p>\n","protected":false},"excerpt":{"rendered":"<p>Ce matin du 10 juillet 2016 c&rsquo;est la promesse d&rsquo;une f\u00eate populaire qui nous r\u00e9veille. Il ne s&rsquo;agit pas de la finale de l&rsquo;euro de football, mais du festival organis\u00e9 en soutien \u00e0 la ZAD \u00e0 la suite du r\u00e9f\u00e9rendum de Notre Dame des Landes\u00a0: le Festizad. Ce lieu embl\u00e9matique &#8230; <\/p>\n<div><a href=\"https:\/\/www.altercampagne.net\/?p=5450\" class=\"more-link\">Read More<\/a><\/div>\n","protected":false},"author":214,"featured_media":15464,"comment_status":"closed","ping_status":"closed","sticky":false,"template":"","format":"standard","meta":{"footnotes":""},"categories":[3483,3459,3542,3481],"tags":[144,383,414,484,894,1652,2510,2511,2704,2846,2849,2850,2851],"class_list":["post-5450","post","type-post","status-publish","format-standard","has-post-thumbnail","hentry","category-agriculture","category-edition-2016","category-lutte","category-pays-de-la-loire","tag-notre-dame-des-landes","tag-altertour-2016","tag-loire-atlantique","tag-zad","tag-pays-de-la-loire","tag-1652","tag-copain-44","tag-festizad","tag-alterjournaliste","tag-accueillant","tag-accueillant2016","tag-accueillant-2016","tag-altertour2016"],"yoast_head":"<!-- This site is optimized with the Yoast SEO plugin v27.3 - https:\/\/yoast.com\/product\/yoast-seo-wordpress\/ -->\n<title>\u00c9tape du 10 juillet : Zad de Notre-Dame-des-Landes et Copain 44 - AlterTour<\/title>\n<meta name=\"robots\" content=\"index, follow, max-snippet:-1, max-image-preview:large, max-video-preview:-1\" \/>\n<link rel=\"canonical\" href=\"https:\/\/www.altercampagne.net\/?p=5450\" \/>\n<meta property=\"og:locale\" content=\"fr_FR\" \/>\n<meta property=\"og:type\" content=\"article\" \/>\n<meta property=\"og:title\" content=\"\u00c9tape du 10 juillet : Zad de Notre-Dame-des-Landes et Copain 44 - AlterTour\" \/>\n<meta property=\"og:description\" content=\"Ce matin du 10 juillet 2016 c&rsquo;est la promesse d&rsquo;une f\u00eate populaire qui nous r\u00e9veille. Il ne s&rsquo;agit pas de la finale de l&rsquo;euro de football, mais du festival organis\u00e9 en soutien \u00e0 la ZAD \u00e0 la suite du r\u00e9f\u00e9rendum de Notre Dame des Landes\u00a0: le Festizad. Ce lieu embl\u00e9matique ... Read More\" \/>\n<meta property=\"og:url\" content=\"https:\/\/www.altercampagne.net\/?p=5450\" \/>\n<meta property=\"og:site_name\" content=\"AlterTour\" \/>\n<meta property=\"article:published_time\" content=\"2016-07-10T13:07:58+00:00\" \/>\n<meta property=\"article:modified_time\" content=\"2019-09-13T14:14:09+00:00\" \/>\n<meta property=\"og:image\" content=\"https:\/\/www.altercampagne.net\/wp-content\/uploads\/2016\/07\/2016-07-10_15.05-1.jpg\" \/>\n\t<meta property=\"og:image:width\" content=\"902\" \/>\n\t<meta property=\"og:image:height\" content=\"472\" \/>\n\t<meta property=\"og:image:type\" content=\"image\/jpeg\" \/>\n<meta name=\"author\" content=\"Mathieu\" \/>\n<meta name=\"twitter:card\" content=\"summary_large_image\" \/>\n<meta name=\"twitter:label1\" content=\"\u00c9crit par\" \/>\n\t<meta name=\"twitter:data1\" content=\"Mathieu\" \/>\n\t<meta name=\"twitter:label2\" content=\"Dur\u00e9e de lecture estim\u00e9e\" \/>\n\t<meta name=\"twitter:data2\" content=\"2 minutes\" \/>\n<script type=\"application\/ld+json\" class=\"yoast-schema-graph\">{\"@context\":\"https:\\\/\\\/schema.org\",\"@graph\":[{\"@type\":\"Article\",\"@id\":\"https:\\\/\\\/www.altercampagne.net\\\/?p=5450#article\",\"isPartOf\":{\"@id\":\"https:\\\/\\\/www.altercampagne.net\\\/?p=5450\"},\"author\":{\"name\":\"Mathieu\",\"@id\":\"https:\\\/\\\/www.altercampagne.net\\\/#\\\/schema\\\/person\\\/0f261460c09e430caa0f9bcffa319109\"},\"headline\":\"\u00c9tape du 10 juillet : Zad de Notre-Dame-des-Landes et Copain 44\",\"datePublished\":\"2016-07-10T13:07:58+00:00\",\"dateModified\":\"2019-09-13T14:14:09+00:00\",\"mainEntityOfPage\":{\"@id\":\"https:\\\/\\\/www.altercampagne.net\\\/?p=5450\"},\"wordCount\":364,\"image\":{\"@id\":\"https:\\\/\\\/www.altercampagne.net\\\/?p=5450#primaryimage\"},\"thumbnailUrl\":\"https:\\\/\\\/www.altercampagne.net\\\/wp-content\\\/uploads\\\/2016\\\/07\\\/2016-07-10_15.05-1.jpg\",\"keywords\":[\"Notre Dame des Landes\",\"AlterTour 2016\",\"loire atlantique\",\"zad\",\"Pays de la Loire\",\"2016\",\"Copain 44\",\"Festizad\",\"alterjournaliste\",\"accueillant\",\"accueillant2016\",\"accueillant 2016\",\"AlterTour2016\"],\"articleSection\":[\"Agriculture\",\"\u00c9dition 2016\",\"Lutte\",\"Pays de la Loire\"],\"inLanguage\":\"fr-FR\"},{\"@type\":\"WebPage\",\"@id\":\"https:\\\/\\\/www.altercampagne.net\\\/?p=5450\",\"url\":\"https:\\\/\\\/www.altercampagne.net\\\/?p=5450\",\"name\":\"\u00c9tape du 10 juillet : Zad de Notre-Dame-des-Landes et Copain 44 - AlterTour\",\"isPartOf\":{\"@id\":\"https:\\\/\\\/www.altercampagne.net\\\/#website\"},\"primaryImageOfPage\":{\"@id\":\"https:\\\/\\\/www.altercampagne.net\\\/?p=5450#primaryimage\"},\"image\":{\"@id\":\"https:\\\/\\\/www.altercampagne.net\\\/?p=5450#primaryimage\"},\"thumbnailUrl\":\"https:\\\/\\\/www.altercampagne.net\\\/wp-content\\\/uploads\\\/2016\\\/07\\\/2016-07-10_15.05-1.jpg\",\"datePublished\":\"2016-07-10T13:07:58+00:00\",\"dateModified\":\"2019-09-13T14:14:09+00:00\",\"author\":{\"@id\":\"https:\\\/\\\/www.altercampagne.net\\\/#\\\/schema\\\/person\\\/0f261460c09e430caa0f9bcffa319109\"},\"breadcrumb\":{\"@id\":\"https:\\\/\\\/www.altercampagne.net\\\/?p=5450#breadcrumb\"},\"inLanguage\":\"fr-FR\",\"potentialAction\":[{\"@type\":\"ReadAction\",\"target\":[\"https:\\\/\\\/www.altercampagne.net\\\/?p=5450\"]}]},{\"@type\":\"ImageObject\",\"inLanguage\":\"fr-FR\",\"@id\":\"https:\\\/\\\/www.altercampagne.net\\\/?p=5450#primaryimage\",\"url\":\"https:\\\/\\\/www.altercampagne.net\\\/wp-content\\\/uploads\\\/2016\\\/07\\\/2016-07-10_15.05-1.jpg\",\"contentUrl\":\"https:\\\/\\\/www.altercampagne.net\\\/wp-content\\\/uploads\\\/2016\\\/07\\\/2016-07-10_15.05-1.jpg\",\"width\":902,\"height\":472},{\"@type\":\"BreadcrumbList\",\"@id\":\"https:\\\/\\\/www.altercampagne.net\\\/?p=5450#breadcrumb\",\"itemListElement\":[{\"@type\":\"ListItem\",\"position\":1,\"name\":\"Accueil\",\"item\":\"https:\\\/\\\/www.altercampagne.net\\\/\"},{\"@type\":\"ListItem\",\"position\":2,\"name\":\"\u00c9tape du 10 juillet : Zad de Notre-Dame-des-Landes et Copain 44\"}]},{\"@type\":\"WebSite\",\"@id\":\"https:\\\/\\\/www.altercampagne.net\\\/#website\",\"url\":\"https:\\\/\\\/www.altercampagne.net\\\/\",\"name\":\"AlterTour\",\"description\":\"Reliez les Alternatives \u00e0 v\u00e9lo\",\"potentialAction\":[{\"@type\":\"SearchAction\",\"target\":{\"@type\":\"EntryPoint\",\"urlTemplate\":\"https:\\\/\\\/www.altercampagne.net\\\/?s={search_term_string}\"},\"query-input\":{\"@type\":\"PropertyValueSpecification\",\"valueRequired\":true,\"valueName\":\"search_term_string\"}}],\"inLanguage\":\"fr-FR\"},{\"@type\":\"Person\",\"@id\":\"https:\\\/\\\/www.altercampagne.net\\\/#\\\/schema\\\/person\\\/0f261460c09e430caa0f9bcffa319109\",\"name\":\"Mathieu\",\"image\":{\"@type\":\"ImageObject\",\"inLanguage\":\"fr-FR\",\"@id\":\"https:\\\/\\\/secure.gravatar.com\\\/avatar\\\/aa9d3d24c83f2141e5e2709d0f63d09a99f6be6bb7a50abc4915838d9f54501a?s=96&d=mm&r=g\",\"url\":\"https:\\\/\\\/secure.gravatar.com\\\/avatar\\\/aa9d3d24c83f2141e5e2709d0f63d09a99f6be6bb7a50abc4915838d9f54501a?s=96&d=mm&r=g\",\"contentUrl\":\"https:\\\/\\\/secure.gravatar.com\\\/avatar\\\/aa9d3d24c83f2141e5e2709d0f63d09a99f6be6bb7a50abc4915838d9f54501a?s=96&d=mm&r=g\",\"caption\":\"Mathieu\"},\"url\":\"https:\\\/\\\/www.altercampagne.net\\\/?author=214\"}]}<\/script>\n<!-- \/ Yoast SEO plugin. -->","yoast_head_json":{"title":"\u00c9tape du 10 juillet : Zad de Notre-Dame-des-Landes et Copain 44 - AlterTour","robots":{"index":"index","follow":"follow","max-snippet":"max-snippet:-1","max-image-preview":"max-image-preview:large","max-video-preview":"max-video-preview:-1"},"canonical":"https:\/\/www.altercampagne.net\/?p=5450","og_locale":"fr_FR","og_type":"article","og_title":"\u00c9tape du 10 juillet : Zad de Notre-Dame-des-Landes et Copain 44 - AlterTour","og_description":"Ce matin du 10 juillet 2016 c&rsquo;est la promesse d&rsquo;une f\u00eate populaire qui nous r\u00e9veille. Il ne s&rsquo;agit pas de la finale de l&rsquo;euro de football, mais du festival organis\u00e9 en soutien \u00e0 la ZAD \u00e0 la suite du r\u00e9f\u00e9rendum de Notre Dame des Landes\u00a0: le Festizad. Ce lieu embl\u00e9matique ... Read More","og_url":"https:\/\/www.altercampagne.net\/?p=5450","og_site_name":"AlterTour","article_published_time":"2016-07-10T13:07:58+00:00","article_modified_time":"2019-09-13T14:14:09+00:00","og_image":[{"width":902,"height":472,"url":"https:\/\/www.altercampagne.net\/wp-content\/uploads\/2016\/07\/2016-07-10_15.05-1.jpg","type":"image\/jpeg"}],"author":"Mathieu","twitter_card":"summary_large_image","twitter_misc":{"\u00c9crit par":"Mathieu","Dur\u00e9e de lecture estim\u00e9e":"2 minutes"},"schema":{"@context":"https:\/\/schema.org","@graph":[{"@type":"Article","@id":"https:\/\/www.altercampagne.net\/?p=5450#article","isPartOf":{"@id":"https:\/\/www.altercampagne.net\/?p=5450"},"author":{"name":"Mathieu","@id":"https:\/\/www.altercampagne.net\/#\/schema\/person\/0f261460c09e430caa0f9bcffa319109"},"headline":"\u00c9tape du 10 juillet : Zad de Notre-Dame-des-Landes et Copain 44","datePublished":"2016-07-10T13:07:58+00:00","dateModified":"2019-09-13T14:14:09+00:00","mainEntityOfPage":{"@id":"https:\/\/www.altercampagne.net\/?p=5450"},"wordCount":364,"image":{"@id":"https:\/\/www.altercampagne.net\/?p=5450#primaryimage"},"thumbnailUrl":"https:\/\/www.altercampagne.net\/wp-content\/uploads\/2016\/07\/2016-07-10_15.05-1.jpg","keywords":["Notre Dame des Landes","AlterTour 2016","loire atlantique","zad","Pays de la Loire","2016","Copain 44","Festizad","alterjournaliste","accueillant","accueillant2016","accueillant 2016","AlterTour2016"],"articleSection":["Agriculture","\u00c9dition 2016","Lutte","Pays de la Loire"],"inLanguage":"fr-FR"},{"@type":"WebPage","@id":"https:\/\/www.altercampagne.net\/?p=5450","url":"https:\/\/www.altercampagne.net\/?p=5450","name":"\u00c9tape du 10 juillet : Zad de Notre-Dame-des-Landes et Copain 44 - AlterTour","isPartOf":{"@id":"https:\/\/www.altercampagne.net\/#website"},"primaryImageOfPage":{"@id":"https:\/\/www.altercampagne.net\/?p=5450#primaryimage"},"image":{"@id":"https:\/\/www.altercampagne.net\/?p=5450#primaryimage"},"thumbnailUrl":"https:\/\/www.altercampagne.net\/wp-content\/uploads\/2016\/07\/2016-07-10_15.05-1.jpg","datePublished":"2016-07-10T13:07:58+00:00","dateModified":"2019-09-13T14:14:09+00:00","author":{"@id":"https:\/\/www.altercampagne.net\/#\/schema\/person\/0f261460c09e430caa0f9bcffa319109"},"breadcrumb":{"@id":"https:\/\/www.altercampagne.net\/?p=5450#breadcrumb"},"inLanguage":"fr-FR","potentialAction":[{"@type":"ReadAction","target":["https:\/\/www.altercampagne.net\/?p=5450"]}]},{"@type":"ImageObject","inLanguage":"fr-FR","@id":"https:\/\/www.altercampagne.net\/?p=5450#primaryimage","url":"https:\/\/www.altercampagne.net\/wp-content\/uploads\/2016\/07\/2016-07-10_15.05-1.jpg","contentUrl":"https:\/\/www.altercampagne.net\/wp-content\/uploads\/2016\/07\/2016-07-10_15.05-1.jpg","width":902,"height":472},{"@type":"BreadcrumbList","@id":"https:\/\/www.altercampagne.net\/?p=5450#breadcrumb","itemListElement":[{"@type":"ListItem","position":1,"name":"Accueil","item":"https:\/\/www.altercampagne.net\/"},{"@type":"ListItem","position":2,"name":"\u00c9tape du 10 juillet : Zad de Notre-Dame-des-Landes et Copain 44"}]},{"@type":"WebSite","@id":"https:\/\/www.altercampagne.net\/#website","url":"https:\/\/www.altercampagne.net\/","name":"AlterTour","description":"Reliez les Alternatives \u00e0 v\u00e9lo","potentialAction":[{"@type":"SearchAction","target":{"@type":"EntryPoint","urlTemplate":"https:\/\/www.altercampagne.net\/?s={search_term_string}"},"query-input":{"@type":"PropertyValueSpecification","valueRequired":true,"valueName":"search_term_string"}}],"inLanguage":"fr-FR"},{"@type":"Person","@id":"https:\/\/www.altercampagne.net\/#\/schema\/person\/0f261460c09e430caa0f9bcffa319109","name":"Mathieu","image":{"@type":"ImageObject","inLanguage":"fr-FR","@id":"https:\/\/secure.gravatar.com\/avatar\/aa9d3d24c83f2141e5e2709d0f63d09a99f6be6bb7a50abc4915838d9f54501a?s=96&d=mm&r=g","url":"https:\/\/secure.gravatar.com\/avatar\/aa9d3d24c83f2141e5e2709d0f63d09a99f6be6bb7a50abc4915838d9f54501a?s=96&d=mm&r=g","contentUrl":"https:\/\/secure.gravatar.com\/avatar\/aa9d3d24c83f2141e5e2709d0f63d09a99f6be6bb7a50abc4915838d9f54501a?s=96&d=mm&r=g","caption":"Mathieu"},"url":"https:\/\/www.altercampagne.net\/?author=214"}]}},"_links":{"self":[{"href":"https:\/\/www.altercampagne.net\/index.php?rest_route=\/wp\/v2\/posts\/5450","targetHints":{"allow":["GET"]}}],"collection":[{"href":"https:\/\/www.altercampagne.net\/index.php?rest_route=\/wp\/v2\/posts"}],"about":[{"href":"https:\/\/www.altercampagne.net\/index.php?rest_route=\/wp\/v2\/types\/post"}],"author":[{"embeddable":true,"href":"https:\/\/www.altercampagne.net\/index.php?rest_route=\/wp\/v2\/users\/214"}],"replies":[{"embeddable":true,"href":"https:\/\/www.altercampagne.net\/index.php?rest_route=%2Fwp%2Fv2%2Fcomments&post=5450"}],"version-history":[{"count":0,"href":"https:\/\/www.altercampagne.net\/index.php?rest_route=\/wp\/v2\/posts\/5450\/revisions"}],"wp:featuredmedia":[{"embeddable":true,"href":"https:\/\/www.altercampagne.net\/index.php?rest_route=\/wp\/v2\/media\/15464"}],"wp:attachment":[{"href":"https:\/\/www.altercampagne.net\/index.php?rest_route=%2Fwp%2Fv2%2Fmedia&parent=5450"}],"wp:term":[{"taxonomy":"category","embeddable":true,"href":"https:\/\/www.altercampagne.net\/index.php?rest_route=%2Fwp%2Fv2%2Fcategories&post=5450"},{"taxonomy":"post_tag","embeddable":true,"href":"https:\/\/www.altercampagne.net\/index.php?rest_route=%2Fwp%2Fv2%2Ftags&post=5450"}],"curies":[{"name":"wp","href":"https:\/\/api.w.org\/{rel}","templated":true}]}}