{"id":5455,"date":"2016-07-14T17:18:36","date_gmt":"2016-07-14T15:18:36","guid":{"rendered":"http:\/\/www.altercampagne.net\/?p=5455"},"modified":"2019-09-13T16:20:45","modified_gmt":"2019-09-13T14:20:45","slug":"etape-du-14-juillet-meral-laval-montflours","status":"publish","type":"post","link":"https:\/\/www.altercampagne.net\/?p=5455","title":{"rendered":"\u00c9tape du 14 juillet : M\u00e9ral &#8211; Laval &#8211; Montflours"},"content":{"rendered":"<p><img loading=\"lazy\" decoding=\"async\" class=\" alignleft\" src=\"https:\/\/lh3.googleusercontent.com\/-V8qf4fAO_eI\/V5tv2O_zisI\/AAAAAAAAoPo\/9NPG56vWlmUirLwEQ4PwsO9SgrHrF3fMQCCo\/s640\/2016-07-15_11.53.45_2082_Luc%2BSARLET_luc.sarlet%2540scarlet.be.jpg\" alt=\"\" width=\"263\" height=\"348\" \/>De la d\u00e9partementale de M\u00e9ral aux chemins poussi\u00e9reux, chaque passage est un enseignement. Les oiseaux ont d\u00e9sert\u00e9s les routes bruyantes pour trouver refuge dans les anciennes voies ferr\u00e9es de Mayenne que nous parcourons \u00e0 v\u00e9lo. L\u00e0 o\u00f9 l\u2019humain a ralenti, la vie est permise.<br \/>\nUn moucheron entre dans mon \u0153il. Encore trop rapide le v\u00e9lo ? Ou si j\u2019\u00e9tais plus petit, j\u2019aurais pu passer \u00e0 c\u00f4t\u00e9 sans le tuer. Ralentir serait-il le seul moyen de faire attention aux plus petits que soi ? Mon gros corps est pataud. (Le principe d\u2019incertitude d\u2019Eisenberg s\u2019appliquerait-il \u00e9galement entre deux \u00eatres, \u00e0 des masses et vitesses relatives sans limite d\u2019\u00e9chelle ?)<br \/>\nArriv\u00e9e \u00e0 Laval, les pens\u00e9es s\u2019\u00e9vaporent au profit de la vigilance. Hostilit\u00e9 de la duret\u00e9 de l\u2019asphalte imagin\u00e9 sur mes genoux, hostilit\u00e9 du m\u00e9tal lourd et rapide des voitures. Ici, encore, la taille, la masse, la vitesse augmentent dans un syst\u00e8me comp\u00e9titif. Ce jour-ci \u00e0 Laval, c\u2019est le record du monde de la nappe la plus longue. Un simple morceau de tissu d\u00e9roul\u00e9 au sol comme un tapis. Ses carr\u00e9s rouges et blancs courent sur les trottoirs puis sur les berges de la Mayenne.<br \/>\nCette nappe est une belle excuse pour que chacun et chacune partage un espace, \u00eatre physiquement et symboliquement reli\u00e9s. Les familles sortent le grand jeu ou simplement viennent.<br \/>\nL\u2019organisation annonce de nombreuses animations pour un \u00e9v\u00e8nement soi-disant \u00e9co-responsable. C\u2019est \u00e0 la mode, \u00e7a devient presque obligatoire comme mot cl\u00e9 \u00e0 placer pour obtenir des subventions. D\u2019ailleurs les banques finan\u00e7ant l\u2019\u00e9v\u00e8nement ne se sont pas priv\u00e9es de d\u00e9naturer le paysage avec des publicit\u00e9s ostentatoires plac\u00e9es sur un monument historique (apr\u00e8s mon passage la publicit\u00e9 s\u2019est malencontreusement trouv\u00e9e repli\u00e9e sur elle-m\u00eame). Plus loin, Lactalis \u2013 g\u00e9ant du lait \u2013 animait des \u00ab ateliers \u00bb pour enfants brandissant le \u00ab besoin \u00bb de consommer 3 produits laitiers par jour. Nous avons cri\u00e9 dignement \u00ab endoctrinement des enfants \u00bb et \u00ab propagande \u00bb lors de notre passage.<br \/>\nLa densit\u00e9 de personnes sur les berges a permis de faire une communication importante sur l\u2019AlterTour cette journ\u00e9e-ci, dans la joie et la bonne humeur.<\/p>\n<p style=\"text-align: right;\"><strong>Lionel<\/strong><\/p>\n","protected":false},"excerpt":{"rendered":"<p>De la d\u00e9partementale de M\u00e9ral aux chemins poussi\u00e9reux, chaque passage est un enseignement. Les oiseaux ont d\u00e9sert\u00e9s les routes bruyantes pour trouver refuge dans les anciennes voies ferr\u00e9es de Mayenne que nous parcourons \u00e0 v\u00e9lo. L\u00e0 o\u00f9 l\u2019humain a ralenti, la vie est permise. Un moucheron entre dans mon \u0153il. &#8230; <\/p>\n<div><a href=\"https:\/\/www.altercampagne.net\/?p=5455\" class=\"more-link\">Read More<\/a><\/div>\n","protected":false},"author":214,"featured_media":15469,"comment_status":"closed","ping_status":"closed","sticky":false,"template":"","format":"standard","meta":{"footnotes":""},"categories":[3483,3459,3481],"tags":[383,416,489,803,894,1652,2412,2500,2704,2846,2849,2850,2851],"class_list":["post-5455","post","type-post","status-publish","format-standard","has-post-thumbnail","hentry","category-agriculture","category-edition-2016","category-pays-de-la-loire","tag-altertour-2016","tag-mayenne","tag-gaec-radis-co","tag-laval","tag-pays-de-la-loire","tag-1652","tag-meral","tag-montflours","tag-alterjournaliste","tag-accueillant","tag-accueillant2016","tag-accueillant-2016","tag-altertour2016"],"yoast_head":"<!-- This site is optimized with the Yoast SEO plugin v27.3 - https:\/\/yoast.com\/product\/yoast-seo-wordpress\/ -->\n<title>\u00c9tape du 14 juillet : M\u00e9ral - Laval - Montflours - AlterTour<\/title>\n<meta name=\"robots\" content=\"index, follow, max-snippet:-1, max-image-preview:large, max-video-preview:-1\" \/>\n<link rel=\"canonical\" href=\"https:\/\/www.altercampagne.net\/?p=5455\" \/>\n<meta property=\"og:locale\" content=\"fr_FR\" \/>\n<meta property=\"og:type\" content=\"article\" \/>\n<meta property=\"og:title\" content=\"\u00c9tape du 14 juillet : M\u00e9ral - Laval - Montflours - AlterTour\" \/>\n<meta property=\"og:description\" content=\"De la d\u00e9partementale de M\u00e9ral aux chemins poussi\u00e9reux, chaque passage est un enseignement. Les oiseaux ont d\u00e9sert\u00e9s les routes bruyantes pour trouver refuge dans les anciennes voies ferr\u00e9es de Mayenne que nous parcourons \u00e0 v\u00e9lo. L\u00e0 o\u00f9 l\u2019humain a ralenti, la vie est permise. Un moucheron entre dans mon \u0153il. ... Read More\" \/>\n<meta property=\"og:url\" content=\"https:\/\/www.altercampagne.net\/?p=5455\" \/>\n<meta property=\"og:site_name\" content=\"AlterTour\" \/>\n<meta property=\"article:published_time\" content=\"2016-07-14T15:18:36+00:00\" \/>\n<meta property=\"article:modified_time\" content=\"2019-09-13T14:20:45+00:00\" \/>\n<meta property=\"og:image\" content=\"https:\/\/www.altercampagne.net\/wp-content\/uploads\/2016\/07\/2016-07-15_13.51.58_135157_C.-Vanheuverzwijn_christophe.vanheuverzwijn@gmail.jpg\" \/>\n\t<meta property=\"og:image:width\" content=\"900\" \/>\n\t<meta property=\"og:image:height\" content=\"470\" \/>\n\t<meta property=\"og:image:type\" content=\"image\/jpeg\" \/>\n<meta name=\"author\" content=\"Mathieu\" \/>\n<meta name=\"twitter:card\" content=\"summary_large_image\" \/>\n<meta name=\"twitter:label1\" content=\"\u00c9crit par\" \/>\n\t<meta name=\"twitter:data1\" content=\"Mathieu\" \/>\n\t<meta name=\"twitter:label2\" content=\"Dur\u00e9e de lecture estim\u00e9e\" \/>\n\t<meta name=\"twitter:data2\" content=\"2 minutes\" \/>\n<script type=\"application\/ld+json\" class=\"yoast-schema-graph\">{\"@context\":\"https:\\\/\\\/schema.org\",\"@graph\":[{\"@type\":\"Article\",\"@id\":\"https:\\\/\\\/www.altercampagne.net\\\/?p=5455#article\",\"isPartOf\":{\"@id\":\"https:\\\/\\\/www.altercampagne.net\\\/?p=5455\"},\"author\":{\"name\":\"Mathieu\",\"@id\":\"https:\\\/\\\/www.altercampagne.net\\\/#\\\/schema\\\/person\\\/0f261460c09e430caa0f9bcffa319109\"},\"headline\":\"\u00c9tape du 14 juillet : M\u00e9ral &#8211; Laval &#8211; Montflours\",\"datePublished\":\"2016-07-14T15:18:36+00:00\",\"dateModified\":\"2019-09-13T14:20:45+00:00\",\"mainEntityOfPage\":{\"@id\":\"https:\\\/\\\/www.altercampagne.net\\\/?p=5455\"},\"wordCount\":384,\"image\":{\"@id\":\"https:\\\/\\\/www.altercampagne.net\\\/?p=5455#primaryimage\"},\"thumbnailUrl\":\"https:\\\/\\\/www.altercampagne.net\\\/wp-content\\\/uploads\\\/2016\\\/07\\\/2016-07-15_13.51.58_135157_C.-Vanheuverzwijn_christophe.vanheuverzwijn@gmail.jpg\",\"keywords\":[\"AlterTour 2016\",\"mayenne\",\"gaec radis &amp; co\",\"Laval\",\"Pays de la Loire\",\"2016\",\"M\u00e9ral\",\"Montflours\",\"alterjournaliste\",\"accueillant\",\"accueillant2016\",\"accueillant 2016\",\"AlterTour2016\"],\"articleSection\":[\"Agriculture\",\"\u00c9dition 2016\",\"Pays de la Loire\"],\"inLanguage\":\"fr-FR\"},{\"@type\":\"WebPage\",\"@id\":\"https:\\\/\\\/www.altercampagne.net\\\/?p=5455\",\"url\":\"https:\\\/\\\/www.altercampagne.net\\\/?p=5455\",\"name\":\"\u00c9tape du 14 juillet : M\u00e9ral - Laval - Montflours - AlterTour\",\"isPartOf\":{\"@id\":\"https:\\\/\\\/www.altercampagne.net\\\/#website\"},\"primaryImageOfPage\":{\"@id\":\"https:\\\/\\\/www.altercampagne.net\\\/?p=5455#primaryimage\"},\"image\":{\"@id\":\"https:\\\/\\\/www.altercampagne.net\\\/?p=5455#primaryimage\"},\"thumbnailUrl\":\"https:\\\/\\\/www.altercampagne.net\\\/wp-content\\\/uploads\\\/2016\\\/07\\\/2016-07-15_13.51.58_135157_C.-Vanheuverzwijn_christophe.vanheuverzwijn@gmail.jpg\",\"datePublished\":\"2016-07-14T15:18:36+00:00\",\"dateModified\":\"2019-09-13T14:20:45+00:00\",\"author\":{\"@id\":\"https:\\\/\\\/www.altercampagne.net\\\/#\\\/schema\\\/person\\\/0f261460c09e430caa0f9bcffa319109\"},\"breadcrumb\":{\"@id\":\"https:\\\/\\\/www.altercampagne.net\\\/?p=5455#breadcrumb\"},\"inLanguage\":\"fr-FR\",\"potentialAction\":[{\"@type\":\"ReadAction\",\"target\":[\"https:\\\/\\\/www.altercampagne.net\\\/?p=5455\"]}]},{\"@type\":\"ImageObject\",\"inLanguage\":\"fr-FR\",\"@id\":\"https:\\\/\\\/www.altercampagne.net\\\/?p=5455#primaryimage\",\"url\":\"https:\\\/\\\/www.altercampagne.net\\\/wp-content\\\/uploads\\\/2016\\\/07\\\/2016-07-15_13.51.58_135157_C.-Vanheuverzwijn_christophe.vanheuverzwijn@gmail.jpg\",\"contentUrl\":\"https:\\\/\\\/www.altercampagne.net\\\/wp-content\\\/uploads\\\/2016\\\/07\\\/2016-07-15_13.51.58_135157_C.-Vanheuverzwijn_christophe.vanheuverzwijn@gmail.jpg\",\"width\":900,\"height\":470},{\"@type\":\"BreadcrumbList\",\"@id\":\"https:\\\/\\\/www.altercampagne.net\\\/?p=5455#breadcrumb\",\"itemListElement\":[{\"@type\":\"ListItem\",\"position\":1,\"name\":\"Accueil\",\"item\":\"https:\\\/\\\/www.altercampagne.net\\\/\"},{\"@type\":\"ListItem\",\"position\":2,\"name\":\"\u00c9tape du 14 juillet : M\u00e9ral &#8211; Laval &#8211; Montflours\"}]},{\"@type\":\"WebSite\",\"@id\":\"https:\\\/\\\/www.altercampagne.net\\\/#website\",\"url\":\"https:\\\/\\\/www.altercampagne.net\\\/\",\"name\":\"AlterTour\",\"description\":\"Reliez les Alternatives \u00e0 v\u00e9lo\",\"potentialAction\":[{\"@type\":\"SearchAction\",\"target\":{\"@type\":\"EntryPoint\",\"urlTemplate\":\"https:\\\/\\\/www.altercampagne.net\\\/?s={search_term_string}\"},\"query-input\":{\"@type\":\"PropertyValueSpecification\",\"valueRequired\":true,\"valueName\":\"search_term_string\"}}],\"inLanguage\":\"fr-FR\"},{\"@type\":\"Person\",\"@id\":\"https:\\\/\\\/www.altercampagne.net\\\/#\\\/schema\\\/person\\\/0f261460c09e430caa0f9bcffa319109\",\"name\":\"Mathieu\",\"image\":{\"@type\":\"ImageObject\",\"inLanguage\":\"fr-FR\",\"@id\":\"https:\\\/\\\/secure.gravatar.com\\\/avatar\\\/aa9d3d24c83f2141e5e2709d0f63d09a99f6be6bb7a50abc4915838d9f54501a?s=96&d=mm&r=g\",\"url\":\"https:\\\/\\\/secure.gravatar.com\\\/avatar\\\/aa9d3d24c83f2141e5e2709d0f63d09a99f6be6bb7a50abc4915838d9f54501a?s=96&d=mm&r=g\",\"contentUrl\":\"https:\\\/\\\/secure.gravatar.com\\\/avatar\\\/aa9d3d24c83f2141e5e2709d0f63d09a99f6be6bb7a50abc4915838d9f54501a?s=96&d=mm&r=g\",\"caption\":\"Mathieu\"},\"url\":\"https:\\\/\\\/www.altercampagne.net\\\/?author=214\"}]}<\/script>\n<!-- \/ Yoast SEO plugin. -->","yoast_head_json":{"title":"\u00c9tape du 14 juillet : M\u00e9ral - Laval - Montflours - AlterTour","robots":{"index":"index","follow":"follow","max-snippet":"max-snippet:-1","max-image-preview":"max-image-preview:large","max-video-preview":"max-video-preview:-1"},"canonical":"https:\/\/www.altercampagne.net\/?p=5455","og_locale":"fr_FR","og_type":"article","og_title":"\u00c9tape du 14 juillet : M\u00e9ral - Laval - Montflours - AlterTour","og_description":"De la d\u00e9partementale de M\u00e9ral aux chemins poussi\u00e9reux, chaque passage est un enseignement. Les oiseaux ont d\u00e9sert\u00e9s les routes bruyantes pour trouver refuge dans les anciennes voies ferr\u00e9es de Mayenne que nous parcourons \u00e0 v\u00e9lo. L\u00e0 o\u00f9 l\u2019humain a ralenti, la vie est permise. Un moucheron entre dans mon \u0153il. ... Read More","og_url":"https:\/\/www.altercampagne.net\/?p=5455","og_site_name":"AlterTour","article_published_time":"2016-07-14T15:18:36+00:00","article_modified_time":"2019-09-13T14:20:45+00:00","og_image":[{"width":900,"height":470,"url":"https:\/\/www.altercampagne.net\/wp-content\/uploads\/2016\/07\/2016-07-15_13.51.58_135157_C.-Vanheuverzwijn_christophe.vanheuverzwijn@gmail.jpg","type":"image\/jpeg"}],"author":"Mathieu","twitter_card":"summary_large_image","twitter_misc":{"\u00c9crit par":"Mathieu","Dur\u00e9e de lecture estim\u00e9e":"2 minutes"},"schema":{"@context":"https:\/\/schema.org","@graph":[{"@type":"Article","@id":"https:\/\/www.altercampagne.net\/?p=5455#article","isPartOf":{"@id":"https:\/\/www.altercampagne.net\/?p=5455"},"author":{"name":"Mathieu","@id":"https:\/\/www.altercampagne.net\/#\/schema\/person\/0f261460c09e430caa0f9bcffa319109"},"headline":"\u00c9tape du 14 juillet : M\u00e9ral &#8211; Laval &#8211; Montflours","datePublished":"2016-07-14T15:18:36+00:00","dateModified":"2019-09-13T14:20:45+00:00","mainEntityOfPage":{"@id":"https:\/\/www.altercampagne.net\/?p=5455"},"wordCount":384,"image":{"@id":"https:\/\/www.altercampagne.net\/?p=5455#primaryimage"},"thumbnailUrl":"https:\/\/www.altercampagne.net\/wp-content\/uploads\/2016\/07\/2016-07-15_13.51.58_135157_C.-Vanheuverzwijn_christophe.vanheuverzwijn@gmail.jpg","keywords":["AlterTour 2016","mayenne","gaec radis &amp; co","Laval","Pays de la Loire","2016","M\u00e9ral","Montflours","alterjournaliste","accueillant","accueillant2016","accueillant 2016","AlterTour2016"],"articleSection":["Agriculture","\u00c9dition 2016","Pays de la Loire"],"inLanguage":"fr-FR"},{"@type":"WebPage","@id":"https:\/\/www.altercampagne.net\/?p=5455","url":"https:\/\/www.altercampagne.net\/?p=5455","name":"\u00c9tape du 14 juillet : M\u00e9ral - Laval - Montflours - AlterTour","isPartOf":{"@id":"https:\/\/www.altercampagne.net\/#website"},"primaryImageOfPage":{"@id":"https:\/\/www.altercampagne.net\/?p=5455#primaryimage"},"image":{"@id":"https:\/\/www.altercampagne.net\/?p=5455#primaryimage"},"thumbnailUrl":"https:\/\/www.altercampagne.net\/wp-content\/uploads\/2016\/07\/2016-07-15_13.51.58_135157_C.-Vanheuverzwijn_christophe.vanheuverzwijn@gmail.jpg","datePublished":"2016-07-14T15:18:36+00:00","dateModified":"2019-09-13T14:20:45+00:00","author":{"@id":"https:\/\/www.altercampagne.net\/#\/schema\/person\/0f261460c09e430caa0f9bcffa319109"},"breadcrumb":{"@id":"https:\/\/www.altercampagne.net\/?p=5455#breadcrumb"},"inLanguage":"fr-FR","potentialAction":[{"@type":"ReadAction","target":["https:\/\/www.altercampagne.net\/?p=5455"]}]},{"@type":"ImageObject","inLanguage":"fr-FR","@id":"https:\/\/www.altercampagne.net\/?p=5455#primaryimage","url":"https:\/\/www.altercampagne.net\/wp-content\/uploads\/2016\/07\/2016-07-15_13.51.58_135157_C.-Vanheuverzwijn_christophe.vanheuverzwijn@gmail.jpg","contentUrl":"https:\/\/www.altercampagne.net\/wp-content\/uploads\/2016\/07\/2016-07-15_13.51.58_135157_C.-Vanheuverzwijn_christophe.vanheuverzwijn@gmail.jpg","width":900,"height":470},{"@type":"BreadcrumbList","@id":"https:\/\/www.altercampagne.net\/?p=5455#breadcrumb","itemListElement":[{"@type":"ListItem","position":1,"name":"Accueil","item":"https:\/\/www.altercampagne.net\/"},{"@type":"ListItem","position":2,"name":"\u00c9tape du 14 juillet : M\u00e9ral &#8211; Laval &#8211; Montflours"}]},{"@type":"WebSite","@id":"https:\/\/www.altercampagne.net\/#website","url":"https:\/\/www.altercampagne.net\/","name":"AlterTour","description":"Reliez les Alternatives \u00e0 v\u00e9lo","potentialAction":[{"@type":"SearchAction","target":{"@type":"EntryPoint","urlTemplate":"https:\/\/www.altercampagne.net\/?s={search_term_string}"},"query-input":{"@type":"PropertyValueSpecification","valueRequired":true,"valueName":"search_term_string"}}],"inLanguage":"fr-FR"},{"@type":"Person","@id":"https:\/\/www.altercampagne.net\/#\/schema\/person\/0f261460c09e430caa0f9bcffa319109","name":"Mathieu","image":{"@type":"ImageObject","inLanguage":"fr-FR","@id":"https:\/\/secure.gravatar.com\/avatar\/aa9d3d24c83f2141e5e2709d0f63d09a99f6be6bb7a50abc4915838d9f54501a?s=96&d=mm&r=g","url":"https:\/\/secure.gravatar.com\/avatar\/aa9d3d24c83f2141e5e2709d0f63d09a99f6be6bb7a50abc4915838d9f54501a?s=96&d=mm&r=g","contentUrl":"https:\/\/secure.gravatar.com\/avatar\/aa9d3d24c83f2141e5e2709d0f63d09a99f6be6bb7a50abc4915838d9f54501a?s=96&d=mm&r=g","caption":"Mathieu"},"url":"https:\/\/www.altercampagne.net\/?author=214"}]}},"_links":{"self":[{"href":"https:\/\/www.altercampagne.net\/index.php?rest_route=\/wp\/v2\/posts\/5455","targetHints":{"allow":["GET"]}}],"collection":[{"href":"https:\/\/www.altercampagne.net\/index.php?rest_route=\/wp\/v2\/posts"}],"about":[{"href":"https:\/\/www.altercampagne.net\/index.php?rest_route=\/wp\/v2\/types\/post"}],"author":[{"embeddable":true,"href":"https:\/\/www.altercampagne.net\/index.php?rest_route=\/wp\/v2\/users\/214"}],"replies":[{"embeddable":true,"href":"https:\/\/www.altercampagne.net\/index.php?rest_route=%2Fwp%2Fv2%2Fcomments&post=5455"}],"version-history":[{"count":0,"href":"https:\/\/www.altercampagne.net\/index.php?rest_route=\/wp\/v2\/posts\/5455\/revisions"}],"wp:featuredmedia":[{"embeddable":true,"href":"https:\/\/www.altercampagne.net\/index.php?rest_route=\/wp\/v2\/media\/15469"}],"wp:attachment":[{"href":"https:\/\/www.altercampagne.net\/index.php?rest_route=%2Fwp%2Fv2%2Fmedia&parent=5455"}],"wp:term":[{"taxonomy":"category","embeddable":true,"href":"https:\/\/www.altercampagne.net\/index.php?rest_route=%2Fwp%2Fv2%2Fcategories&post=5455"},{"taxonomy":"post_tag","embeddable":true,"href":"https:\/\/www.altercampagne.net\/index.php?rest_route=%2Fwp%2Fv2%2Ftags&post=5455"}],"curies":[{"name":"wp","href":"https:\/\/api.w.org\/{rel}","templated":true}]}}