{"id":5457,"date":"2016-07-20T21:07:16","date_gmt":"2016-07-20T19:07:16","guid":{"rendered":"http:\/\/www.altercampagne.net\/?p=5457"},"modified":"2019-09-13T16:38:51","modified_gmt":"2019-09-13T14:38:51","slug":"5457","status":"publish","type":"post","link":"https:\/\/www.altercampagne.net\/?p=5457","title":{"rendered":"Etape du 19 juillet au Bar&rsquo;Zouges et \u00e0 la Ferme du Pressoir"},"content":{"rendered":"<p>En cette journ\u00e9e caniculaire du mardi 19 juillet, apr\u00e8s une bonne nuit de repos sous les \u00e9toiles, les Altercyclistes se sont \u00e0 nouveau lanc\u00e9s \u00e0 l&rsquo;aventure pour rejoindre le petit village de H\u00e9d\u00e9 Bazouges&#8230; Au d\u00e9tour d&rsquo;une p\u00e9rilleuse descente, deux cyclistes, Erwan et Corentin, sont entr\u00e9s en collision. Un accident qui aura fait plus de peur que de mal, m\u00eame s&rsquo;il aura vu le d\u00e9part des deux bless\u00e9s&#8230; \u00e0 midi, avec une heure et demi de retard, nos cyclistes ont \u00e9t\u00e9 accueillis \u00e0 l&rsquo;ombre de la petite buvette du Caf\u00e9 Associatif Bar&rsquo;zouges o\u00f9 ils ont d\u00e9gust\u00e9 un d\u00e9licieux curry au fenouil. Ils ont ensuite \u00e9t\u00e9 convi\u00e9s \u00e0 une visite de l&rsquo;Ecovillage local et une discution autour du caf\u00e9 associatif. Ils repartirent fin d&rsquo;apr\u00e8s midi, sous un soleil de plomb, pour Saint Pern o\u00f9 ils poseront leur tente pour deux jours de d\u00e9tente bien m\u00e9rit\u00e9e. Une soir\u00e9e festive accueillie par les dances de circacien de l&rsquo;excellent \u00c0pash BZH et une bouffe \u00e0 tomber par terre. La nuit s&rsquo;est finie par des jeux du chapeau et un cadavre exquis des plus \u00e9piques ! On pleurera, notamment le d\u00e9part d&rsquo;Alain et de sa mythique chaise de camping ainsi que beaucoup d&rsquo;autres compagnons de route&#8230;;)<\/p>\n<p style=\"text-align: right;\"><strong>Christophe<\/strong><\/p>\n","protected":false},"excerpt":{"rendered":"<p>En cette journ\u00e9e caniculaire du mardi 19 juillet, apr\u00e8s une bonne nuit de repos sous les \u00e9toiles, les Altercyclistes se sont \u00e0 nouveau lanc\u00e9s \u00e0 l&rsquo;aventure pour rejoindre le petit village de H\u00e9d\u00e9 Bazouges&#8230; Au d\u00e9tour d&rsquo;une p\u00e9rilleuse descente, deux cyclistes, Erwan et Corentin, sont entr\u00e9s en collision. Un accident &#8230; <\/p>\n<div><a href=\"https:\/\/www.altercampagne.net\/?p=5457\" class=\"more-link\">Read More<\/a><\/div>\n","protected":false},"author":214,"featured_media":15484,"comment_status":"closed","ping_status":"closed","sticky":false,"template":"","format":"standard","meta":{"footnotes":""},"categories":[3483,3472,3459],"tags":[20,383,413,1228,1652,2418,2512,2513,2514,2529,2704,2846,2849,2850,2851],"class_list":["post-5457","post","type-post","status-publish","format-standard","has-post-thumbnail","hentry","category-agriculture","category-bretagne","category-edition-2016","tag-bretagne","tag-altertour-2016","tag-ille-et-vilaine","tag-cafe-associatif","tag-1652","tag-barzouges","tag-saint-pern","tag-ecovillage","tag-apash-bzh","tag-ferme-du-pressoir","tag-alterjournaliste","tag-accueillant","tag-accueillant2016","tag-accueillant-2016","tag-altertour2016"],"yoast_head":"<!-- This site is optimized with the Yoast SEO plugin v27.3 - https:\/\/yoast.com\/product\/yoast-seo-wordpress\/ -->\n<title>Etape du 19 juillet au Bar&#039;Zouges et \u00e0 la Ferme du Pressoir - AlterTour<\/title>\n<meta name=\"robots\" content=\"index, follow, max-snippet:-1, max-image-preview:large, max-video-preview:-1\" \/>\n<link rel=\"canonical\" href=\"https:\/\/www.altercampagne.net\/?p=5457\" \/>\n<meta property=\"og:locale\" content=\"fr_FR\" \/>\n<meta property=\"og:type\" content=\"article\" \/>\n<meta property=\"og:title\" content=\"Etape du 19 juillet au Bar&#039;Zouges et \u00e0 la Ferme du Pressoir - AlterTour\" \/>\n<meta property=\"og:description\" content=\"En cette journ\u00e9e caniculaire du mardi 19 juillet, apr\u00e8s une bonne nuit de repos sous les \u00e9toiles, les Altercyclistes se sont \u00e0 nouveau lanc\u00e9s \u00e0 l&rsquo;aventure pour rejoindre le petit village de H\u00e9d\u00e9 Bazouges&#8230; Au d\u00e9tour d&rsquo;une p\u00e9rilleuse descente, deux cyclistes, Erwan et Corentin, sont entr\u00e9s en collision. Un accident ... Read More\" \/>\n<meta property=\"og:url\" content=\"https:\/\/www.altercampagne.net\/?p=5457\" \/>\n<meta property=\"og:site_name\" content=\"AlterTour\" \/>\n<meta property=\"article:published_time\" content=\"2016-07-20T19:07:16+00:00\" \/>\n<meta property=\"article:modified_time\" content=\"2019-09-13T14:38:51+00:00\" \/>\n<meta property=\"og:image\" content=\"https:\/\/www.altercampagne.net\/wp-content\/uploads\/2016\/07\/2016-07-19_20.05.jpg\" \/>\n\t<meta property=\"og:image:width\" content=\"902\" \/>\n\t<meta property=\"og:image:height\" content=\"472\" \/>\n\t<meta property=\"og:image:type\" content=\"image\/jpeg\" \/>\n<meta name=\"author\" content=\"Mathieu\" \/>\n<meta name=\"twitter:card\" content=\"summary_large_image\" \/>\n<meta name=\"twitter:label1\" content=\"\u00c9crit par\" \/>\n\t<meta name=\"twitter:data1\" content=\"Mathieu\" \/>\n\t<meta name=\"twitter:label2\" content=\"Dur\u00e9e de lecture estim\u00e9e\" \/>\n\t<meta name=\"twitter:data2\" content=\"1 minute\" \/>\n<script type=\"application\/ld+json\" class=\"yoast-schema-graph\">{\"@context\":\"https:\\\/\\\/schema.org\",\"@graph\":[{\"@type\":\"Article\",\"@id\":\"https:\\\/\\\/www.altercampagne.net\\\/?p=5457#article\",\"isPartOf\":{\"@id\":\"https:\\\/\\\/www.altercampagne.net\\\/?p=5457\"},\"author\":{\"name\":\"Mathieu\",\"@id\":\"https:\\\/\\\/www.altercampagne.net\\\/#\\\/schema\\\/person\\\/0f261460c09e430caa0f9bcffa319109\"},\"headline\":\"Etape du 19 juillet au Bar&rsquo;Zouges et \u00e0 la Ferme du Pressoir\",\"datePublished\":\"2016-07-20T19:07:16+00:00\",\"dateModified\":\"2019-09-13T14:38:51+00:00\",\"mainEntityOfPage\":{\"@id\":\"https:\\\/\\\/www.altercampagne.net\\\/?p=5457\"},\"wordCount\":235,\"image\":{\"@id\":\"https:\\\/\\\/www.altercampagne.net\\\/?p=5457#primaryimage\"},\"thumbnailUrl\":\"https:\\\/\\\/www.altercampagne.net\\\/wp-content\\\/uploads\\\/2016\\\/07\\\/2016-07-19_20.05.jpg\",\"keywords\":[\"bretagne\",\"AlterTour 2016\",\"ille et vilaine\",\"caf\u00e9 associatif\",\"2016\",\"Bar\u2019Zouges\",\"Saint pern\",\"Ecovillage\",\"\u00c0pash BZH\",\"ferme du pressoir\",\"alterjournaliste\",\"accueillant\",\"accueillant2016\",\"accueillant 2016\",\"AlterTour2016\"],\"articleSection\":[\"Agriculture\",\"Bretagne\",\"\u00c9dition 2016\"],\"inLanguage\":\"fr-FR\"},{\"@type\":\"WebPage\",\"@id\":\"https:\\\/\\\/www.altercampagne.net\\\/?p=5457\",\"url\":\"https:\\\/\\\/www.altercampagne.net\\\/?p=5457\",\"name\":\"Etape du 19 juillet au Bar'Zouges et \u00e0 la Ferme du Pressoir - AlterTour\",\"isPartOf\":{\"@id\":\"https:\\\/\\\/www.altercampagne.net\\\/#website\"},\"primaryImageOfPage\":{\"@id\":\"https:\\\/\\\/www.altercampagne.net\\\/?p=5457#primaryimage\"},\"image\":{\"@id\":\"https:\\\/\\\/www.altercampagne.net\\\/?p=5457#primaryimage\"},\"thumbnailUrl\":\"https:\\\/\\\/www.altercampagne.net\\\/wp-content\\\/uploads\\\/2016\\\/07\\\/2016-07-19_20.05.jpg\",\"datePublished\":\"2016-07-20T19:07:16+00:00\",\"dateModified\":\"2019-09-13T14:38:51+00:00\",\"author\":{\"@id\":\"https:\\\/\\\/www.altercampagne.net\\\/#\\\/schema\\\/person\\\/0f261460c09e430caa0f9bcffa319109\"},\"breadcrumb\":{\"@id\":\"https:\\\/\\\/www.altercampagne.net\\\/?p=5457#breadcrumb\"},\"inLanguage\":\"fr-FR\",\"potentialAction\":[{\"@type\":\"ReadAction\",\"target\":[\"https:\\\/\\\/www.altercampagne.net\\\/?p=5457\"]}]},{\"@type\":\"ImageObject\",\"inLanguage\":\"fr-FR\",\"@id\":\"https:\\\/\\\/www.altercampagne.net\\\/?p=5457#primaryimage\",\"url\":\"https:\\\/\\\/www.altercampagne.net\\\/wp-content\\\/uploads\\\/2016\\\/07\\\/2016-07-19_20.05.jpg\",\"contentUrl\":\"https:\\\/\\\/www.altercampagne.net\\\/wp-content\\\/uploads\\\/2016\\\/07\\\/2016-07-19_20.05.jpg\",\"width\":902,\"height\":472},{\"@type\":\"BreadcrumbList\",\"@id\":\"https:\\\/\\\/www.altercampagne.net\\\/?p=5457#breadcrumb\",\"itemListElement\":[{\"@type\":\"ListItem\",\"position\":1,\"name\":\"Accueil\",\"item\":\"https:\\\/\\\/www.altercampagne.net\\\/\"},{\"@type\":\"ListItem\",\"position\":2,\"name\":\"Etape du 19 juillet au Bar&rsquo;Zouges et \u00e0 la Ferme du Pressoir\"}]},{\"@type\":\"WebSite\",\"@id\":\"https:\\\/\\\/www.altercampagne.net\\\/#website\",\"url\":\"https:\\\/\\\/www.altercampagne.net\\\/\",\"name\":\"AlterTour\",\"description\":\"Reliez les Alternatives \u00e0 v\u00e9lo\",\"potentialAction\":[{\"@type\":\"SearchAction\",\"target\":{\"@type\":\"EntryPoint\",\"urlTemplate\":\"https:\\\/\\\/www.altercampagne.net\\\/?s={search_term_string}\"},\"query-input\":{\"@type\":\"PropertyValueSpecification\",\"valueRequired\":true,\"valueName\":\"search_term_string\"}}],\"inLanguage\":\"fr-FR\"},{\"@type\":\"Person\",\"@id\":\"https:\\\/\\\/www.altercampagne.net\\\/#\\\/schema\\\/person\\\/0f261460c09e430caa0f9bcffa319109\",\"name\":\"Mathieu\",\"image\":{\"@type\":\"ImageObject\",\"inLanguage\":\"fr-FR\",\"@id\":\"https:\\\/\\\/secure.gravatar.com\\\/avatar\\\/aa9d3d24c83f2141e5e2709d0f63d09a99f6be6bb7a50abc4915838d9f54501a?s=96&d=mm&r=g\",\"url\":\"https:\\\/\\\/secure.gravatar.com\\\/avatar\\\/aa9d3d24c83f2141e5e2709d0f63d09a99f6be6bb7a50abc4915838d9f54501a?s=96&d=mm&r=g\",\"contentUrl\":\"https:\\\/\\\/secure.gravatar.com\\\/avatar\\\/aa9d3d24c83f2141e5e2709d0f63d09a99f6be6bb7a50abc4915838d9f54501a?s=96&d=mm&r=g\",\"caption\":\"Mathieu\"},\"url\":\"https:\\\/\\\/www.altercampagne.net\\\/?author=214\"}]}<\/script>\n<!-- \/ Yoast SEO plugin. -->","yoast_head_json":{"title":"Etape du 19 juillet au Bar'Zouges et \u00e0 la Ferme du Pressoir - AlterTour","robots":{"index":"index","follow":"follow","max-snippet":"max-snippet:-1","max-image-preview":"max-image-preview:large","max-video-preview":"max-video-preview:-1"},"canonical":"https:\/\/www.altercampagne.net\/?p=5457","og_locale":"fr_FR","og_type":"article","og_title":"Etape du 19 juillet au Bar'Zouges et \u00e0 la Ferme du Pressoir - AlterTour","og_description":"En cette journ\u00e9e caniculaire du mardi 19 juillet, apr\u00e8s une bonne nuit de repos sous les \u00e9toiles, les Altercyclistes se sont \u00e0 nouveau lanc\u00e9s \u00e0 l&rsquo;aventure pour rejoindre le petit village de H\u00e9d\u00e9 Bazouges&#8230; Au d\u00e9tour d&rsquo;une p\u00e9rilleuse descente, deux cyclistes, Erwan et Corentin, sont entr\u00e9s en collision. Un accident ... Read More","og_url":"https:\/\/www.altercampagne.net\/?p=5457","og_site_name":"AlterTour","article_published_time":"2016-07-20T19:07:16+00:00","article_modified_time":"2019-09-13T14:38:51+00:00","og_image":[{"width":902,"height":472,"url":"https:\/\/www.altercampagne.net\/wp-content\/uploads\/2016\/07\/2016-07-19_20.05.jpg","type":"image\/jpeg"}],"author":"Mathieu","twitter_card":"summary_large_image","twitter_misc":{"\u00c9crit par":"Mathieu","Dur\u00e9e de lecture estim\u00e9e":"1 minute"},"schema":{"@context":"https:\/\/schema.org","@graph":[{"@type":"Article","@id":"https:\/\/www.altercampagne.net\/?p=5457#article","isPartOf":{"@id":"https:\/\/www.altercampagne.net\/?p=5457"},"author":{"name":"Mathieu","@id":"https:\/\/www.altercampagne.net\/#\/schema\/person\/0f261460c09e430caa0f9bcffa319109"},"headline":"Etape du 19 juillet au Bar&rsquo;Zouges et \u00e0 la Ferme du Pressoir","datePublished":"2016-07-20T19:07:16+00:00","dateModified":"2019-09-13T14:38:51+00:00","mainEntityOfPage":{"@id":"https:\/\/www.altercampagne.net\/?p=5457"},"wordCount":235,"image":{"@id":"https:\/\/www.altercampagne.net\/?p=5457#primaryimage"},"thumbnailUrl":"https:\/\/www.altercampagne.net\/wp-content\/uploads\/2016\/07\/2016-07-19_20.05.jpg","keywords":["bretagne","AlterTour 2016","ille et vilaine","caf\u00e9 associatif","2016","Bar\u2019Zouges","Saint pern","Ecovillage","\u00c0pash BZH","ferme du pressoir","alterjournaliste","accueillant","accueillant2016","accueillant 2016","AlterTour2016"],"articleSection":["Agriculture","Bretagne","\u00c9dition 2016"],"inLanguage":"fr-FR"},{"@type":"WebPage","@id":"https:\/\/www.altercampagne.net\/?p=5457","url":"https:\/\/www.altercampagne.net\/?p=5457","name":"Etape du 19 juillet au Bar'Zouges et \u00e0 la Ferme du Pressoir - AlterTour","isPartOf":{"@id":"https:\/\/www.altercampagne.net\/#website"},"primaryImageOfPage":{"@id":"https:\/\/www.altercampagne.net\/?p=5457#primaryimage"},"image":{"@id":"https:\/\/www.altercampagne.net\/?p=5457#primaryimage"},"thumbnailUrl":"https:\/\/www.altercampagne.net\/wp-content\/uploads\/2016\/07\/2016-07-19_20.05.jpg","datePublished":"2016-07-20T19:07:16+00:00","dateModified":"2019-09-13T14:38:51+00:00","author":{"@id":"https:\/\/www.altercampagne.net\/#\/schema\/person\/0f261460c09e430caa0f9bcffa319109"},"breadcrumb":{"@id":"https:\/\/www.altercampagne.net\/?p=5457#breadcrumb"},"inLanguage":"fr-FR","potentialAction":[{"@type":"ReadAction","target":["https:\/\/www.altercampagne.net\/?p=5457"]}]},{"@type":"ImageObject","inLanguage":"fr-FR","@id":"https:\/\/www.altercampagne.net\/?p=5457#primaryimage","url":"https:\/\/www.altercampagne.net\/wp-content\/uploads\/2016\/07\/2016-07-19_20.05.jpg","contentUrl":"https:\/\/www.altercampagne.net\/wp-content\/uploads\/2016\/07\/2016-07-19_20.05.jpg","width":902,"height":472},{"@type":"BreadcrumbList","@id":"https:\/\/www.altercampagne.net\/?p=5457#breadcrumb","itemListElement":[{"@type":"ListItem","position":1,"name":"Accueil","item":"https:\/\/www.altercampagne.net\/"},{"@type":"ListItem","position":2,"name":"Etape du 19 juillet au Bar&rsquo;Zouges et \u00e0 la Ferme du Pressoir"}]},{"@type":"WebSite","@id":"https:\/\/www.altercampagne.net\/#website","url":"https:\/\/www.altercampagne.net\/","name":"AlterTour","description":"Reliez les Alternatives \u00e0 v\u00e9lo","potentialAction":[{"@type":"SearchAction","target":{"@type":"EntryPoint","urlTemplate":"https:\/\/www.altercampagne.net\/?s={search_term_string}"},"query-input":{"@type":"PropertyValueSpecification","valueRequired":true,"valueName":"search_term_string"}}],"inLanguage":"fr-FR"},{"@type":"Person","@id":"https:\/\/www.altercampagne.net\/#\/schema\/person\/0f261460c09e430caa0f9bcffa319109","name":"Mathieu","image":{"@type":"ImageObject","inLanguage":"fr-FR","@id":"https:\/\/secure.gravatar.com\/avatar\/aa9d3d24c83f2141e5e2709d0f63d09a99f6be6bb7a50abc4915838d9f54501a?s=96&d=mm&r=g","url":"https:\/\/secure.gravatar.com\/avatar\/aa9d3d24c83f2141e5e2709d0f63d09a99f6be6bb7a50abc4915838d9f54501a?s=96&d=mm&r=g","contentUrl":"https:\/\/secure.gravatar.com\/avatar\/aa9d3d24c83f2141e5e2709d0f63d09a99f6be6bb7a50abc4915838d9f54501a?s=96&d=mm&r=g","caption":"Mathieu"},"url":"https:\/\/www.altercampagne.net\/?author=214"}]}},"_links":{"self":[{"href":"https:\/\/www.altercampagne.net\/index.php?rest_route=\/wp\/v2\/posts\/5457","targetHints":{"allow":["GET"]}}],"collection":[{"href":"https:\/\/www.altercampagne.net\/index.php?rest_route=\/wp\/v2\/posts"}],"about":[{"href":"https:\/\/www.altercampagne.net\/index.php?rest_route=\/wp\/v2\/types\/post"}],"author":[{"embeddable":true,"href":"https:\/\/www.altercampagne.net\/index.php?rest_route=\/wp\/v2\/users\/214"}],"replies":[{"embeddable":true,"href":"https:\/\/www.altercampagne.net\/index.php?rest_route=%2Fwp%2Fv2%2Fcomments&post=5457"}],"version-history":[{"count":0,"href":"https:\/\/www.altercampagne.net\/index.php?rest_route=\/wp\/v2\/posts\/5457\/revisions"}],"wp:featuredmedia":[{"embeddable":true,"href":"https:\/\/www.altercampagne.net\/index.php?rest_route=\/wp\/v2\/media\/15484"}],"wp:attachment":[{"href":"https:\/\/www.altercampagne.net\/index.php?rest_route=%2Fwp%2Fv2%2Fmedia&parent=5457"}],"wp:term":[{"taxonomy":"category","embeddable":true,"href":"https:\/\/www.altercampagne.net\/index.php?rest_route=%2Fwp%2Fv2%2Fcategories&post=5457"},{"taxonomy":"post_tag","embeddable":true,"href":"https:\/\/www.altercampagne.net\/index.php?rest_route=%2Fwp%2Fv2%2Ftags&post=5457"}],"curies":[{"name":"wp","href":"https:\/\/api.w.org\/{rel}","templated":true}]}}