{"id":5466,"date":"2016-07-20T21:47:45","date_gmt":"2016-07-20T19:47:45","guid":{"rendered":"http:\/\/www.altercampagne.net\/?p=5466"},"modified":"2016-07-20T21:47:45","modified_gmt":"2016-07-20T19:47:45","slug":"les-rencarts-de-la-chaux-en-bourgogne","status":"publish","type":"post","link":"https:\/\/www.altercampagne.net\/?p=5466","title":{"rendered":"Les Renc&rsquo;arts de la Chaux en Bourgogne"},"content":{"rendered":"<p><a href=\"http:\/\/www.altercampagne.net\/wp-content\/uploads\/2016\/07\/10e-RencArts-de-la-Chaux-juillet-2016-1.jpg\"><img loading=\"lazy\" decoding=\"async\" class=\" size-medium wp-image-5467 alignleft\" src=\"http:\/\/www.altercampagne.net\/wp-content\/uploads\/2016\/07\/10e-RencArts-de-la-Chaux-juillet-2016-1-214x300.jpg\" alt=\"10e Renc'Arts de la Chaux\" width=\"214\" height=\"300\" srcset=\"https:\/\/www.altercampagne.net\/wp-content\/uploads\/2016\/07\/10e-RencArts-de-la-Chaux-juillet-2016-1-214x300.jpg 214w, https:\/\/www.altercampagne.net\/wp-content\/uploads\/2016\/07\/10e-RencArts-de-la-Chaux-juillet-2016-1.jpg 393w\" sizes=\"auto, (max-width: 214px) 100vw, 214px\" \/><\/a>La Ferme de la Chaux organise la 10\u00e8me \u00e9dition des Renc&rsquo;arts de la Chaux, rencontres conviviales, festives et artistiques, des initiatives et des associations cre\u0301atrices pour un monde solidaire et e\u0301cologique sur le th\u00e8me de la convergences des alternatives.<br \/>\nVous pouvez proposer des ateliers, des stands sur vos projets samedi apr\u00e8s midi.<br \/>\nPr\u00e9sentation des initiatives \u00e0 14 h dans la grange.<\/p>\n<p>Au Programme :<\/p>\n<p>Rencontres conviviales, festives et artistiques, des initiatives et des associations cre\u0301atrices pour un monde solidaire et e\u0301cologique !<\/p>\n<p>Que du bonheur a\u0300 partager !<\/p>\n<p>Des temps d\u2019e\u0301changes, de cre\u0301ativite\u0301, de de\u0301tente, de jeux, d\u2019ateliers, de chantiers, de concerts, de sensibilisation, d\u2019open forum et d\u2019animations diverses et improvise\u0301es&#8230; dans un cadre fort sympathique : La Ferme de La Chaux, a\u0300 la Bussie\u0300re-sur-Ouche. L\u2019occasion de de\u0301couvrir d\u2019autres acteurs du vivre ensemble et surtout de passer un moment de partage !<\/p>\n<p>Le but de cette rencontre est de se de\u0301couvrir, de cre\u0301er des liens, de mutualiser des savoir-faire et des moyens mate\u0301riels, de se soutenir et s\u2019encourager&#8230; Le de\u0301veloppement des partenariats et, bien-su\u0302r, la fe\u0302te seront au rendez-vous dans une ambiance conviviale et familiale.<\/p>\n<p>Ce projet re\u0301unit pour la 10e\u0300me fois les associations et les initiatives autour du mieux- vivre et du mieux-e\u0302tre pour un monde meilleur !<\/p>\n<p>Comment ? Ces rencontres sont organis\u00e9es sur un mode participatif et sans financement exte\u0301rieur. C&rsquo;est pourquoi votre contribution pour l&rsquo;organisation et l&rsquo;animation est fortement souhaite\u0301e.<\/p>\n<p>Restauration locale et solidaire, possibilite\u0301 de camping<\/p>\n<p>Certains services de restauration seront propose\u0301s a\u0300 Prix libre : \u00ab Tu paies ce que tu peux et surtout ce que tu veux, parce que la vie a un prix et que nous l\u2019imaginons libre. \u00bb<\/p>\n<p>Amis be\u0301ne\u0301voles, votre aide est la bienvenue de\u0300s le vendredi midi pour l\u2019installation et jusqu\u2019au lundi pour le de\u0301montage !<\/p>\n<p>La Ferme de La Chaux abrite des animaux, merci de tenir les vo\u0302tres en laisse !<\/p>\n<p>Programme pr\u00e9visionnel : <a href=\"http:\/\/www.altercampagne.net\/wp-content\/uploads\/2016\/07\/10e-RencArts-de-la-Chaux-juillet-2016.pdf\">10e Renc&rsquo;Arts de la Chaux juillet 2016<\/a><\/p>\n<p>Alexandre et Marie Sokolovitch<br \/>\nAnimateur de l&rsquo;Education Populaire<br \/>\nFerme de la Chaux<br \/>\n21360 La Bussi\u00e8re sur Ouche<br \/>\n06 164 864 72<br \/>\nlessokos@orange.fr<\/p>\n","protected":false},"excerpt":{"rendered":"<p>La Ferme de la Chaux organise la 10\u00e8me \u00e9dition des Renc&rsquo;arts de la Chaux, rencontres conviviales, festives et artistiques, des initiatives et des associations cre\u0301atrices pour un monde solidaire et e\u0301cologique sur le th\u00e8me de la convergences des alternatives. Vous pouvez proposer des ateliers, des stands sur vos projets samedi &#8230; <\/p>\n<div><a href=\"https:\/\/www.altercampagne.net\/?p=5466\" class=\"more-link\">Read More<\/a><\/div>\n","protected":false},"author":214,"featured_media":0,"comment_status":"closed","ping_status":"closed","sticky":false,"template":"","format":"standard","meta":{"footnotes":""},"categories":[1],"tags":[991,992,1017,1038,2520],"class_list":["post-5466","post","type-post","status-publish","format-standard","hentry","category-non-classe","tag-ferme-de-la-chaux","tag-la-bussiere-sur-ouche","tag-bourgogne","tag-cote-dor","tag-rencarts","no-post-thumbnail"],"yoast_head":"<!-- This site is optimized with the Yoast SEO plugin v27.3 - https:\/\/yoast.com\/product\/yoast-seo-wordpress\/ -->\n<title>Les Renc&#039;arts de la Chaux en Bourgogne - AlterTour<\/title>\n<meta name=\"robots\" content=\"index, follow, max-snippet:-1, max-image-preview:large, max-video-preview:-1\" \/>\n<link rel=\"canonical\" href=\"https:\/\/www.altercampagne.net\/?p=5466\" \/>\n<meta property=\"og:locale\" content=\"fr_FR\" \/>\n<meta property=\"og:type\" content=\"article\" \/>\n<meta property=\"og:title\" content=\"Les Renc&#039;arts de la Chaux en Bourgogne - AlterTour\" \/>\n<meta property=\"og:description\" content=\"La Ferme de la Chaux organise la 10\u00e8me \u00e9dition des Renc&rsquo;arts de la Chaux, rencontres conviviales, festives et artistiques, des initiatives et des associations cre\u0301atrices pour un monde solidaire et e\u0301cologique sur le th\u00e8me de la convergences des alternatives. Vous pouvez proposer des ateliers, des stands sur vos projets samedi ... Read More\" \/>\n<meta property=\"og:url\" content=\"https:\/\/www.altercampagne.net\/?p=5466\" \/>\n<meta property=\"og:site_name\" content=\"AlterTour\" \/>\n<meta property=\"article:published_time\" content=\"2016-07-20T19:47:45+00:00\" \/>\n<meta property=\"og:image\" content=\"http:\/\/www.altercampagne.net\/wp-content\/uploads\/2016\/07\/10e-RencArts-de-la-Chaux-juillet-2016-1-214x300.jpg\" \/>\n<meta name=\"author\" content=\"Mathieu\" \/>\n<meta name=\"twitter:card\" content=\"summary_large_image\" \/>\n<meta name=\"twitter:label1\" content=\"\u00c9crit par\" \/>\n\t<meta name=\"twitter:data1\" content=\"Mathieu\" \/>\n\t<meta name=\"twitter:label2\" content=\"Dur\u00e9e de lecture estim\u00e9e\" \/>\n\t<meta name=\"twitter:data2\" content=\"2 minutes\" \/>\n<script type=\"application\/ld+json\" class=\"yoast-schema-graph\">{\"@context\":\"https:\\\/\\\/schema.org\",\"@graph\":[{\"@type\":\"Article\",\"@id\":\"https:\\\/\\\/www.altercampagne.net\\\/?p=5466#article\",\"isPartOf\":{\"@id\":\"https:\\\/\\\/www.altercampagne.net\\\/?p=5466\"},\"author\":{\"name\":\"Mathieu\",\"@id\":\"https:\\\/\\\/www.altercampagne.net\\\/#\\\/schema\\\/person\\\/0f261460c09e430caa0f9bcffa319109\"},\"headline\":\"Les Renc&rsquo;arts de la Chaux en Bourgogne\",\"datePublished\":\"2016-07-20T19:47:45+00:00\",\"mainEntityOfPage\":{\"@id\":\"https:\\\/\\\/www.altercampagne.net\\\/?p=5466\"},\"wordCount\":383,\"image\":{\"@id\":\"https:\\\/\\\/www.altercampagne.net\\\/?p=5466#primaryimage\"},\"thumbnailUrl\":\"http:\\\/\\\/www.altercampagne.net\\\/wp-content\\\/uploads\\\/2016\\\/07\\\/10e-RencArts-de-la-Chaux-juillet-2016-1-214x300.jpg\",\"keywords\":[\"Ferme de la Chaux\",\"la Bussi\u00e8re-sur-Ouche\",\"Bourgogne\",\"c\u00f4te-d'or\",\"Renc'Arts\"],\"inLanguage\":\"fr-FR\"},{\"@type\":\"WebPage\",\"@id\":\"https:\\\/\\\/www.altercampagne.net\\\/?p=5466\",\"url\":\"https:\\\/\\\/www.altercampagne.net\\\/?p=5466\",\"name\":\"Les Renc'arts de la Chaux en Bourgogne - AlterTour\",\"isPartOf\":{\"@id\":\"https:\\\/\\\/www.altercampagne.net\\\/#website\"},\"primaryImageOfPage\":{\"@id\":\"https:\\\/\\\/www.altercampagne.net\\\/?p=5466#primaryimage\"},\"image\":{\"@id\":\"https:\\\/\\\/www.altercampagne.net\\\/?p=5466#primaryimage\"},\"thumbnailUrl\":\"http:\\\/\\\/www.altercampagne.net\\\/wp-content\\\/uploads\\\/2016\\\/07\\\/10e-RencArts-de-la-Chaux-juillet-2016-1-214x300.jpg\",\"datePublished\":\"2016-07-20T19:47:45+00:00\",\"author\":{\"@id\":\"https:\\\/\\\/www.altercampagne.net\\\/#\\\/schema\\\/person\\\/0f261460c09e430caa0f9bcffa319109\"},\"breadcrumb\":{\"@id\":\"https:\\\/\\\/www.altercampagne.net\\\/?p=5466#breadcrumb\"},\"inLanguage\":\"fr-FR\",\"potentialAction\":[{\"@type\":\"ReadAction\",\"target\":[\"https:\\\/\\\/www.altercampagne.net\\\/?p=5466\"]}]},{\"@type\":\"ImageObject\",\"inLanguage\":\"fr-FR\",\"@id\":\"https:\\\/\\\/www.altercampagne.net\\\/?p=5466#primaryimage\",\"url\":\"https:\\\/\\\/www.altercampagne.net\\\/wp-content\\\/uploads\\\/2016\\\/07\\\/10e-RencArts-de-la-Chaux-juillet-2016-1.jpg\",\"contentUrl\":\"https:\\\/\\\/www.altercampagne.net\\\/wp-content\\\/uploads\\\/2016\\\/07\\\/10e-RencArts-de-la-Chaux-juillet-2016-1.jpg\",\"width\":393,\"height\":551},{\"@type\":\"BreadcrumbList\",\"@id\":\"https:\\\/\\\/www.altercampagne.net\\\/?p=5466#breadcrumb\",\"itemListElement\":[{\"@type\":\"ListItem\",\"position\":1,\"name\":\"Accueil\",\"item\":\"https:\\\/\\\/www.altercampagne.net\\\/\"},{\"@type\":\"ListItem\",\"position\":2,\"name\":\"Les Renc&rsquo;arts de la Chaux en Bourgogne\"}]},{\"@type\":\"WebSite\",\"@id\":\"https:\\\/\\\/www.altercampagne.net\\\/#website\",\"url\":\"https:\\\/\\\/www.altercampagne.net\\\/\",\"name\":\"AlterTour\",\"description\":\"Reliez les Alternatives \u00e0 v\u00e9lo\",\"potentialAction\":[{\"@type\":\"SearchAction\",\"target\":{\"@type\":\"EntryPoint\",\"urlTemplate\":\"https:\\\/\\\/www.altercampagne.net\\\/?s={search_term_string}\"},\"query-input\":{\"@type\":\"PropertyValueSpecification\",\"valueRequired\":true,\"valueName\":\"search_term_string\"}}],\"inLanguage\":\"fr-FR\"},{\"@type\":\"Person\",\"@id\":\"https:\\\/\\\/www.altercampagne.net\\\/#\\\/schema\\\/person\\\/0f261460c09e430caa0f9bcffa319109\",\"name\":\"Mathieu\",\"image\":{\"@type\":\"ImageObject\",\"inLanguage\":\"fr-FR\",\"@id\":\"https:\\\/\\\/secure.gravatar.com\\\/avatar\\\/aa9d3d24c83f2141e5e2709d0f63d09a99f6be6bb7a50abc4915838d9f54501a?s=96&d=mm&r=g\",\"url\":\"https:\\\/\\\/secure.gravatar.com\\\/avatar\\\/aa9d3d24c83f2141e5e2709d0f63d09a99f6be6bb7a50abc4915838d9f54501a?s=96&d=mm&r=g\",\"contentUrl\":\"https:\\\/\\\/secure.gravatar.com\\\/avatar\\\/aa9d3d24c83f2141e5e2709d0f63d09a99f6be6bb7a50abc4915838d9f54501a?s=96&d=mm&r=g\",\"caption\":\"Mathieu\"},\"url\":\"https:\\\/\\\/www.altercampagne.net\\\/?author=214\"}]}<\/script>\n<!-- \/ Yoast SEO plugin. -->","yoast_head_json":{"title":"Les Renc'arts de la Chaux en Bourgogne - AlterTour","robots":{"index":"index","follow":"follow","max-snippet":"max-snippet:-1","max-image-preview":"max-image-preview:large","max-video-preview":"max-video-preview:-1"},"canonical":"https:\/\/www.altercampagne.net\/?p=5466","og_locale":"fr_FR","og_type":"article","og_title":"Les Renc'arts de la Chaux en Bourgogne - AlterTour","og_description":"La Ferme de la Chaux organise la 10\u00e8me \u00e9dition des Renc&rsquo;arts de la Chaux, rencontres conviviales, festives et artistiques, des initiatives et des associations cre\u0301atrices pour un monde solidaire et e\u0301cologique sur le th\u00e8me de la convergences des alternatives. Vous pouvez proposer des ateliers, des stands sur vos projets samedi ... Read More","og_url":"https:\/\/www.altercampagne.net\/?p=5466","og_site_name":"AlterTour","article_published_time":"2016-07-20T19:47:45+00:00","og_image":[{"url":"http:\/\/www.altercampagne.net\/wp-content\/uploads\/2016\/07\/10e-RencArts-de-la-Chaux-juillet-2016-1-214x300.jpg","type":"","width":"","height":""}],"author":"Mathieu","twitter_card":"summary_large_image","twitter_misc":{"\u00c9crit par":"Mathieu","Dur\u00e9e de lecture estim\u00e9e":"2 minutes"},"schema":{"@context":"https:\/\/schema.org","@graph":[{"@type":"Article","@id":"https:\/\/www.altercampagne.net\/?p=5466#article","isPartOf":{"@id":"https:\/\/www.altercampagne.net\/?p=5466"},"author":{"name":"Mathieu","@id":"https:\/\/www.altercampagne.net\/#\/schema\/person\/0f261460c09e430caa0f9bcffa319109"},"headline":"Les Renc&rsquo;arts de la Chaux en Bourgogne","datePublished":"2016-07-20T19:47:45+00:00","mainEntityOfPage":{"@id":"https:\/\/www.altercampagne.net\/?p=5466"},"wordCount":383,"image":{"@id":"https:\/\/www.altercampagne.net\/?p=5466#primaryimage"},"thumbnailUrl":"http:\/\/www.altercampagne.net\/wp-content\/uploads\/2016\/07\/10e-RencArts-de-la-Chaux-juillet-2016-1-214x300.jpg","keywords":["Ferme de la Chaux","la Bussi\u00e8re-sur-Ouche","Bourgogne","c\u00f4te-d'or","Renc'Arts"],"inLanguage":"fr-FR"},{"@type":"WebPage","@id":"https:\/\/www.altercampagne.net\/?p=5466","url":"https:\/\/www.altercampagne.net\/?p=5466","name":"Les Renc'arts de la Chaux en Bourgogne - AlterTour","isPartOf":{"@id":"https:\/\/www.altercampagne.net\/#website"},"primaryImageOfPage":{"@id":"https:\/\/www.altercampagne.net\/?p=5466#primaryimage"},"image":{"@id":"https:\/\/www.altercampagne.net\/?p=5466#primaryimage"},"thumbnailUrl":"http:\/\/www.altercampagne.net\/wp-content\/uploads\/2016\/07\/10e-RencArts-de-la-Chaux-juillet-2016-1-214x300.jpg","datePublished":"2016-07-20T19:47:45+00:00","author":{"@id":"https:\/\/www.altercampagne.net\/#\/schema\/person\/0f261460c09e430caa0f9bcffa319109"},"breadcrumb":{"@id":"https:\/\/www.altercampagne.net\/?p=5466#breadcrumb"},"inLanguage":"fr-FR","potentialAction":[{"@type":"ReadAction","target":["https:\/\/www.altercampagne.net\/?p=5466"]}]},{"@type":"ImageObject","inLanguage":"fr-FR","@id":"https:\/\/www.altercampagne.net\/?p=5466#primaryimage","url":"https:\/\/www.altercampagne.net\/wp-content\/uploads\/2016\/07\/10e-RencArts-de-la-Chaux-juillet-2016-1.jpg","contentUrl":"https:\/\/www.altercampagne.net\/wp-content\/uploads\/2016\/07\/10e-RencArts-de-la-Chaux-juillet-2016-1.jpg","width":393,"height":551},{"@type":"BreadcrumbList","@id":"https:\/\/www.altercampagne.net\/?p=5466#breadcrumb","itemListElement":[{"@type":"ListItem","position":1,"name":"Accueil","item":"https:\/\/www.altercampagne.net\/"},{"@type":"ListItem","position":2,"name":"Les Renc&rsquo;arts de la Chaux en Bourgogne"}]},{"@type":"WebSite","@id":"https:\/\/www.altercampagne.net\/#website","url":"https:\/\/www.altercampagne.net\/","name":"AlterTour","description":"Reliez les Alternatives \u00e0 v\u00e9lo","potentialAction":[{"@type":"SearchAction","target":{"@type":"EntryPoint","urlTemplate":"https:\/\/www.altercampagne.net\/?s={search_term_string}"},"query-input":{"@type":"PropertyValueSpecification","valueRequired":true,"valueName":"search_term_string"}}],"inLanguage":"fr-FR"},{"@type":"Person","@id":"https:\/\/www.altercampagne.net\/#\/schema\/person\/0f261460c09e430caa0f9bcffa319109","name":"Mathieu","image":{"@type":"ImageObject","inLanguage":"fr-FR","@id":"https:\/\/secure.gravatar.com\/avatar\/aa9d3d24c83f2141e5e2709d0f63d09a99f6be6bb7a50abc4915838d9f54501a?s=96&d=mm&r=g","url":"https:\/\/secure.gravatar.com\/avatar\/aa9d3d24c83f2141e5e2709d0f63d09a99f6be6bb7a50abc4915838d9f54501a?s=96&d=mm&r=g","contentUrl":"https:\/\/secure.gravatar.com\/avatar\/aa9d3d24c83f2141e5e2709d0f63d09a99f6be6bb7a50abc4915838d9f54501a?s=96&d=mm&r=g","caption":"Mathieu"},"url":"https:\/\/www.altercampagne.net\/?author=214"}]}},"_links":{"self":[{"href":"https:\/\/www.altercampagne.net\/index.php?rest_route=\/wp\/v2\/posts\/5466","targetHints":{"allow":["GET"]}}],"collection":[{"href":"https:\/\/www.altercampagne.net\/index.php?rest_route=\/wp\/v2\/posts"}],"about":[{"href":"https:\/\/www.altercampagne.net\/index.php?rest_route=\/wp\/v2\/types\/post"}],"author":[{"embeddable":true,"href":"https:\/\/www.altercampagne.net\/index.php?rest_route=\/wp\/v2\/users\/214"}],"replies":[{"embeddable":true,"href":"https:\/\/www.altercampagne.net\/index.php?rest_route=%2Fwp%2Fv2%2Fcomments&post=5466"}],"version-history":[{"count":0,"href":"https:\/\/www.altercampagne.net\/index.php?rest_route=\/wp\/v2\/posts\/5466\/revisions"}],"wp:attachment":[{"href":"https:\/\/www.altercampagne.net\/index.php?rest_route=%2Fwp%2Fv2%2Fmedia&parent=5466"}],"wp:term":[{"taxonomy":"category","embeddable":true,"href":"https:\/\/www.altercampagne.net\/index.php?rest_route=%2Fwp%2Fv2%2Fcategories&post=5466"},{"taxonomy":"post_tag","embeddable":true,"href":"https:\/\/www.altercampagne.net\/index.php?rest_route=%2Fwp%2Fv2%2Ftags&post=5466"}],"curies":[{"name":"wp","href":"https:\/\/api.w.org\/{rel}","templated":true}]}}