{"id":5478,"date":"2016-07-15T23:27:19","date_gmt":"2016-07-15T21:27:19","guid":{"rendered":"http:\/\/www.altercampagne.net\/?p=5478"},"modified":"2025-03-24T17:58:31","modified_gmt":"2025-03-24T16:58:31","slug":"journee-de-repos-du-14-juillet-la-brasserie-associative-de-montflours","status":"publish","type":"post","link":"https:\/\/www.altercampagne.net\/?p=5478","title":{"rendered":"La Brasserie Associative de Montflours, ensemble on va plus loin !"},"content":{"rendered":"<p>Cr\u00e9\u00e9 il y a un peu moins de 10 ans la <a href=\"http:\/\/www.brasserie-montflours.fr\/\" target=\"_blank\" rel=\"noopener noreferrer\"><strong>Brasserie Associative de Montflours<\/strong><\/a> (BAM) est un haut lieu d\u2019exp\u00e9rimentation de bi\u00e8res artisanales, locales et biologiques en Mayenne. Au d\u00e9part quelques copains se r\u00e9unissent pour brasser 30 litres dans des f\u00fbts transform\u00e9s en cuve de brassage. C\u2019est l\u2019occasion d\u2019essayer diff\u00e9rentes recettes et de cr\u00e9er des moments de convivialit\u00e9s. Tr\u00e8s rapidement le brassage devient une passion. Les membres de l\u2019association fond des recherches sur la bi\u00e8re, mettent en place des journ\u00e9es th\u00e9matiques comme l\u2019atelier de brassage Gallo-Romain accourt duquel ils brassent une cervoise dans les conditions de l\u2019\u00e9poque (cuve de brassage en c\u00e9ramique, transf\u00e8re de cuve par gravit\u00e9\u2026).<br \/>\nIls cr\u00e9ent l\u2019Irr\u00e9gulomadaire de la BAM, un journal \u00e9crit sans pression \u00e0 parution irr\u00e9guli\u00e8re, dans lequel ils \u00e9voquent l\u2019actualit\u00e9 de la brasserie et les r\u00e9sultats de leurs diff\u00e9rentes recherches.<\/p>\n<p>Le projet prend de l\u2019ampleur et passe de 30 \u00e0 100 litres par brassins. En 2012, l\u2019\u00e9quipe salarie C\u00e9dric Soufflet afin de donner une plus grande stabilit\u00e9 au projet. C\u2019est le moment d\u2019agrandir \u00e0 nouveau la structure. La Brasserie s\u2019installe alors dans la Ferme de la Fougeray et investie dans du plus gros mat\u00e9riel (25 hectolitres par an). En f\u00e9vrier 2013 c\u2019est le passage en soci\u00e9t\u00e9 coop\u00e9rative d\u2019int\u00e9r\u00eat collectif (SCIC).<br \/>\nUne partie de l\u2019orge et du houblon sont produits au <a href=\"http:\/\/radis.et.compagnie.free.fr\/\" target=\"_blank\" rel=\"noopener noreferrer\">Gaec Radis &amp; Co<\/a>. Pendant une p\u00e9riode le fournil des Radis donnait son levain \u00e0 la BAM pour ensemencer le mo\u00fbt. A la fin de la fermentation, la brasserie redonnait ses levures au fournil pour la fourn\u00e9e de pain. Cet \u00e9change permettait de conserver le levain et d\u2019enrichir les deux produits.<\/p>\n<p>D\u2019inspiration Belge et Allemande, la BAM brasse essentiellement du malt pils et propose une gamme permanente compos\u00e9 d\u2019une blonde, une ambr\u00e9, une brune, une \u00ab terroir \u00bb, une bi\u00e8re de no\u00ebl et une bi\u00e8re de printemps. Ils exp\u00e9rimentent \u00e0 l\u2019envie des recettes de cervoise, stout, lambic\u2026<br \/>\nLa Brasserie ne compte pas vendre au-del\u00e0 d\u2019un rayon de 15 kilom\u00e8tre. Mais \u00e0 l\u2019heure actuelle elle produit insuffisamment au regard de la demande. Les cuves de fermentations n\u2019\u00e9tant pas isol\u00e9es, l\u2019activit\u00e9 est fortement r\u00e9duite en hivers et compl\u00e9tement \u00e0 l\u2019arr\u00eat en \u00e9t\u00e9. Un projet d\u2019agrandissement est dans les cartons pour passer de 25 \u00e0 100 hectolitres par an. Apr\u00e8s cette ultime \u00e9volution, l\u2019id\u00e9e est de stabiliser et de ne plus grossir. C\u00e9dric pr\u00e9f\u00e8re aider \u00e0 l\u2019installation d\u2019autres brasseurs plut\u00f4t que de grossir inexorablement. D\u00e9but octobre \u00ab une zone artisanale coop\u00e9rative construite autrement \u00bb sortira de terre aux Mottais \u00e0 Montflours. Cette SCIC nomm\u00e9e l\u2019Archipel regroupera la BAM, Amisum (entreprise d\u2019entretien de photovolta\u00efque), Colr\u2019Rain (Sculpteur), Cepco (Chaudronnier), Tof &amp; Co (lavage et vente de bouteilles) et Future Simples (production et vente de plantes aromatiques).<\/p>\n<p>L\u2019objectif est de proposer un loyer \u00e0 2 \u20ac\/m\u00b2 pour les membres de la SCIC. De cette mani\u00e8re, ils pourront concentrer leurs efforts sur les emplois et l\u2019investissement mat\u00e9riel. Vous pouvez d\u00e8s maintenant prendre des parts sociales \u00e0 120 \u20ac l\u2019unit\u00e9 : <a href=\"http:\/\/hamosphere-cooperation.org\/\" target=\"_blank\" rel=\"noopener noreferrer\">http:\/\/hamosphere-cooperation.org\/<\/a><br \/>\nLes membres de la Scic et la commune de Montflours veulent un b\u00e2timent r\u00e9versible avec un impact sur le sol le plus faible possible. Les locaux seront \u00e9volutifs, ils pourront s\u2019agrandir et m\u00eame \u00eatre d\u00e9plac\u00e9 sur le territoire. La dalle reposera sur des pieux et l\u2019ensemble sera enti\u00e8rement d\u00e9montable afin de permettre aux g\u00e9n\u00e9rations futures de remettre en culture la surface occup\u00e9.<\/p>\n<p class=\"has-text-align-right\"><strong>Mathieu<\/strong><\/p>\n<p class=\"has-text-align-right\"><strong><span style=\"color: #ffffff;\">Mathieu Fromont, <a style=\"color: #ffffff;\" href=\"https:\/\/www.facebook.com\/BrasseriePlumeJurassienne\" target=\"_blank\" rel=\"noopener\" data-wplink-edit=\"true\">Brasserie Plume Jurassienne<\/a><\/span><br \/>\n<\/strong><\/p>\n<p><span class=\"visually-hidden\">Mathieu Fromont <a href=\"https:\/\/www.facebook.com\/BrasseriePlumeJurassienne\">Brasserie Plume Jurassienne<\/a> (Cramans, Jura)<\/span><\/p>\n","protected":false},"excerpt":{"rendered":"<p>Cr\u00e9\u00e9 il y a un peu moins de 10 ans la Brasserie Associative de Montflours (BAM) est un haut lieu d\u2019exp\u00e9rimentation de bi\u00e8res artisanales, locales et biologiques en Mayenne. Au d\u00e9part quelques copains se r\u00e9unissent pour brasser 30 litres dans des f\u00fbts transform\u00e9s en cuve de brassage. C\u2019est l\u2019occasion d\u2019essayer &#8230; <\/p>\n<div><a href=\"https:\/\/www.altercampagne.net\/?p=5478\" class=\"more-link\">Read More<\/a><\/div>\n","protected":false},"author":214,"featured_media":15384,"comment_status":"closed","ping_status":"closed","sticky":false,"template":"","format":"standard","meta":{"footnotes":""},"categories":[4037,3459,3481],"tags":[2526,4466,4454,4450,2851,2850,2849,2846,2704,2527,416,2525,2524,2500,2386,2383,950,894,552,490],"class_list":["post-5478","post","type-post","status-publish","format-standard","has-post-thumbnail","hentry","category-biere","category-edition-2016","category-pays-de-la-loire","tag-scic","tag-brasserie-artisanale","tag-brasserie-plume","tag-brasserie-plume-jurassienne","tag-altertour2016","tag-accueillant-2016","tag-accueillant2016","tag-accueillant","tag-alterjournaliste","tag-irregulomadaire-de-la-bam","tag-mayenne","tag-cedric-soufflet","tag-archipel","tag-montflours","tag-bam","tag-radis-co","tag-biere","tag-pays-de-la-loire","tag-mathieu-fromont","tag-brasserie-associative-de-montflours"],"yoast_head":"<!-- This site is optimized with the Yoast SEO plugin v27.3 - https:\/\/yoast.com\/product\/yoast-seo-wordpress\/ -->\n<title>La Brasserie Associative de Montflours, ensemble on va plus loin ! - AlterTour<\/title>\n<meta name=\"robots\" content=\"index, follow, max-snippet:-1, max-image-preview:large, max-video-preview:-1\" \/>\n<link rel=\"canonical\" href=\"https:\/\/www.altercampagne.net\/?p=5478\" \/>\n<meta property=\"og:locale\" content=\"fr_FR\" \/>\n<meta property=\"og:type\" content=\"article\" \/>\n<meta property=\"og:title\" content=\"La Brasserie Associative de Montflours, ensemble on va plus loin ! - AlterTour\" \/>\n<meta property=\"og:description\" content=\"Cr\u00e9\u00e9 il y a un peu moins de 10 ans la Brasserie Associative de Montflours (BAM) est un haut lieu d\u2019exp\u00e9rimentation de bi\u00e8res artisanales, locales et biologiques en Mayenne. Au d\u00e9part quelques copains se r\u00e9unissent pour brasser 30 litres dans des f\u00fbts transform\u00e9s en cuve de brassage. C\u2019est l\u2019occasion d\u2019essayer ... Read More\" \/>\n<meta property=\"og:url\" content=\"https:\/\/www.altercampagne.net\/?p=5478\" \/>\n<meta property=\"og:site_name\" content=\"AlterTour\" \/>\n<meta property=\"article:published_time\" content=\"2016-07-15T21:27:19+00:00\" \/>\n<meta property=\"article:modified_time\" content=\"2025-03-24T16:58:31+00:00\" \/>\n<meta property=\"og:image\" content=\"https:\/\/www.altercampagne.net\/wp-content\/uploads\/2016\/07\/2016-07-15_15.55.56_2096_Luc-SARLET_luc.sarlet@scarlet.jpg\" \/>\n\t<meta property=\"og:image:width\" content=\"900\" \/>\n\t<meta property=\"og:image:height\" content=\"470\" \/>\n\t<meta property=\"og:image:type\" content=\"image\/jpeg\" \/>\n<meta name=\"author\" content=\"Mathieu\" \/>\n<meta name=\"twitter:card\" content=\"summary_large_image\" \/>\n<meta name=\"twitter:label1\" content=\"\u00c9crit par\" \/>\n\t<meta name=\"twitter:data1\" content=\"Mathieu\" \/>\n\t<meta name=\"twitter:label2\" content=\"Dur\u00e9e de lecture estim\u00e9e\" \/>\n\t<meta name=\"twitter:data2\" content=\"4 minutes\" \/>\n<script type=\"application\/ld+json\" class=\"yoast-schema-graph\">{\"@context\":\"https:\\\/\\\/schema.org\",\"@graph\":[{\"@type\":\"Article\",\"@id\":\"https:\\\/\\\/www.altercampagne.net\\\/?p=5478#article\",\"isPartOf\":{\"@id\":\"https:\\\/\\\/www.altercampagne.net\\\/?p=5478\"},\"author\":{\"name\":\"Mathieu\",\"@id\":\"https:\\\/\\\/www.altercampagne.net\\\/#\\\/schema\\\/person\\\/0f261460c09e430caa0f9bcffa319109\"},\"headline\":\"La Brasserie Associative de Montflours, ensemble on va plus loin !\",\"datePublished\":\"2016-07-15T21:27:19+00:00\",\"dateModified\":\"2025-03-24T16:58:31+00:00\",\"mainEntityOfPage\":{\"@id\":\"https:\\\/\\\/www.altercampagne.net\\\/?p=5478\"},\"wordCount\":647,\"image\":{\"@id\":\"https:\\\/\\\/www.altercampagne.net\\\/?p=5478#primaryimage\"},\"thumbnailUrl\":\"https:\\\/\\\/www.altercampagne.net\\\/wp-content\\\/uploads\\\/2016\\\/07\\\/2016-07-15_15.55.56_2096_Luc-SARLET_luc.sarlet@scarlet.jpg\",\"keywords\":[\"scic\",\"Brasserie Artisanale\",\"brasserie plume\",\"Brasserie Plume Jurassienne\",\"AlterTour2016\",\"accueillant 2016\",\"accueillant2016\",\"accueillant\",\"alterjournaliste\",\"Irr\u00e9gulomadaire de la BAM\",\"mayenne\",\"C\u00e9dric Soufflet\",\"Archipel\",\"Montflours\",\"BAM\",\"Radis &amp; Co\",\"bi\u00e8re\",\"Pays de la Loire\",\"Mathieu Fromont\",\"brasserie associative de montflours\"],\"articleSection\":[\"Bi\u00e8re\",\"\u00c9dition 2016\",\"Pays de la Loire\"],\"inLanguage\":\"fr-FR\"},{\"@type\":\"WebPage\",\"@id\":\"https:\\\/\\\/www.altercampagne.net\\\/?p=5478\",\"url\":\"https:\\\/\\\/www.altercampagne.net\\\/?p=5478\",\"name\":\"La Brasserie Associative de Montflours, ensemble on va plus loin ! - AlterTour\",\"isPartOf\":{\"@id\":\"https:\\\/\\\/www.altercampagne.net\\\/#website\"},\"primaryImageOfPage\":{\"@id\":\"https:\\\/\\\/www.altercampagne.net\\\/?p=5478#primaryimage\"},\"image\":{\"@id\":\"https:\\\/\\\/www.altercampagne.net\\\/?p=5478#primaryimage\"},\"thumbnailUrl\":\"https:\\\/\\\/www.altercampagne.net\\\/wp-content\\\/uploads\\\/2016\\\/07\\\/2016-07-15_15.55.56_2096_Luc-SARLET_luc.sarlet@scarlet.jpg\",\"datePublished\":\"2016-07-15T21:27:19+00:00\",\"dateModified\":\"2025-03-24T16:58:31+00:00\",\"author\":{\"@id\":\"https:\\\/\\\/www.altercampagne.net\\\/#\\\/schema\\\/person\\\/0f261460c09e430caa0f9bcffa319109\"},\"breadcrumb\":{\"@id\":\"https:\\\/\\\/www.altercampagne.net\\\/?p=5478#breadcrumb\"},\"inLanguage\":\"fr-FR\",\"potentialAction\":[{\"@type\":\"ReadAction\",\"target\":[\"https:\\\/\\\/www.altercampagne.net\\\/?p=5478\"]}]},{\"@type\":\"ImageObject\",\"inLanguage\":\"fr-FR\",\"@id\":\"https:\\\/\\\/www.altercampagne.net\\\/?p=5478#primaryimage\",\"url\":\"https:\\\/\\\/www.altercampagne.net\\\/wp-content\\\/uploads\\\/2016\\\/07\\\/2016-07-15_15.55.56_2096_Luc-SARLET_luc.sarlet@scarlet.jpg\",\"contentUrl\":\"https:\\\/\\\/www.altercampagne.net\\\/wp-content\\\/uploads\\\/2016\\\/07\\\/2016-07-15_15.55.56_2096_Luc-SARLET_luc.sarlet@scarlet.jpg\",\"width\":900,\"height\":470},{\"@type\":\"BreadcrumbList\",\"@id\":\"https:\\\/\\\/www.altercampagne.net\\\/?p=5478#breadcrumb\",\"itemListElement\":[{\"@type\":\"ListItem\",\"position\":1,\"name\":\"Accueil\",\"item\":\"https:\\\/\\\/www.altercampagne.net\\\/\"},{\"@type\":\"ListItem\",\"position\":2,\"name\":\"La Brasserie Associative de Montflours, ensemble on va plus loin !\"}]},{\"@type\":\"WebSite\",\"@id\":\"https:\\\/\\\/www.altercampagne.net\\\/#website\",\"url\":\"https:\\\/\\\/www.altercampagne.net\\\/\",\"name\":\"AlterTour\",\"description\":\"Reliez les Alternatives \u00e0 v\u00e9lo\",\"potentialAction\":[{\"@type\":\"SearchAction\",\"target\":{\"@type\":\"EntryPoint\",\"urlTemplate\":\"https:\\\/\\\/www.altercampagne.net\\\/?s={search_term_string}\"},\"query-input\":{\"@type\":\"PropertyValueSpecification\",\"valueRequired\":true,\"valueName\":\"search_term_string\"}}],\"inLanguage\":\"fr-FR\"},{\"@type\":\"Person\",\"@id\":\"https:\\\/\\\/www.altercampagne.net\\\/#\\\/schema\\\/person\\\/0f261460c09e430caa0f9bcffa319109\",\"name\":\"Mathieu\",\"image\":{\"@type\":\"ImageObject\",\"inLanguage\":\"fr-FR\",\"@id\":\"https:\\\/\\\/secure.gravatar.com\\\/avatar\\\/aa9d3d24c83f2141e5e2709d0f63d09a99f6be6bb7a50abc4915838d9f54501a?s=96&d=mm&r=g\",\"url\":\"https:\\\/\\\/secure.gravatar.com\\\/avatar\\\/aa9d3d24c83f2141e5e2709d0f63d09a99f6be6bb7a50abc4915838d9f54501a?s=96&d=mm&r=g\",\"contentUrl\":\"https:\\\/\\\/secure.gravatar.com\\\/avatar\\\/aa9d3d24c83f2141e5e2709d0f63d09a99f6be6bb7a50abc4915838d9f54501a?s=96&d=mm&r=g\",\"caption\":\"Mathieu\"},\"url\":\"https:\\\/\\\/www.altercampagne.net\\\/?author=214\"}]}<\/script>\n<!-- \/ Yoast SEO plugin. -->","yoast_head_json":{"title":"La Brasserie Associative de Montflours, ensemble on va plus loin ! - AlterTour","robots":{"index":"index","follow":"follow","max-snippet":"max-snippet:-1","max-image-preview":"max-image-preview:large","max-video-preview":"max-video-preview:-1"},"canonical":"https:\/\/www.altercampagne.net\/?p=5478","og_locale":"fr_FR","og_type":"article","og_title":"La Brasserie Associative de Montflours, ensemble on va plus loin ! - AlterTour","og_description":"Cr\u00e9\u00e9 il y a un peu moins de 10 ans la Brasserie Associative de Montflours (BAM) est un haut lieu d\u2019exp\u00e9rimentation de bi\u00e8res artisanales, locales et biologiques en Mayenne. Au d\u00e9part quelques copains se r\u00e9unissent pour brasser 30 litres dans des f\u00fbts transform\u00e9s en cuve de brassage. C\u2019est l\u2019occasion d\u2019essayer ... Read More","og_url":"https:\/\/www.altercampagne.net\/?p=5478","og_site_name":"AlterTour","article_published_time":"2016-07-15T21:27:19+00:00","article_modified_time":"2025-03-24T16:58:31+00:00","og_image":[{"width":900,"height":470,"url":"https:\/\/www.altercampagne.net\/wp-content\/uploads\/2016\/07\/2016-07-15_15.55.56_2096_Luc-SARLET_luc.sarlet@scarlet.jpg","type":"image\/jpeg"}],"author":"Mathieu","twitter_card":"summary_large_image","twitter_misc":{"\u00c9crit par":"Mathieu","Dur\u00e9e de lecture estim\u00e9e":"4 minutes"},"schema":{"@context":"https:\/\/schema.org","@graph":[{"@type":"Article","@id":"https:\/\/www.altercampagne.net\/?p=5478#article","isPartOf":{"@id":"https:\/\/www.altercampagne.net\/?p=5478"},"author":{"name":"Mathieu","@id":"https:\/\/www.altercampagne.net\/#\/schema\/person\/0f261460c09e430caa0f9bcffa319109"},"headline":"La Brasserie Associative de Montflours, ensemble on va plus loin !","datePublished":"2016-07-15T21:27:19+00:00","dateModified":"2025-03-24T16:58:31+00:00","mainEntityOfPage":{"@id":"https:\/\/www.altercampagne.net\/?p=5478"},"wordCount":647,"image":{"@id":"https:\/\/www.altercampagne.net\/?p=5478#primaryimage"},"thumbnailUrl":"https:\/\/www.altercampagne.net\/wp-content\/uploads\/2016\/07\/2016-07-15_15.55.56_2096_Luc-SARLET_luc.sarlet@scarlet.jpg","keywords":["scic","Brasserie Artisanale","brasserie plume","Brasserie Plume Jurassienne","AlterTour2016","accueillant 2016","accueillant2016","accueillant","alterjournaliste","Irr\u00e9gulomadaire de la BAM","mayenne","C\u00e9dric Soufflet","Archipel","Montflours","BAM","Radis &amp; Co","bi\u00e8re","Pays de la Loire","Mathieu Fromont","brasserie associative de montflours"],"articleSection":["Bi\u00e8re","\u00c9dition 2016","Pays de la Loire"],"inLanguage":"fr-FR"},{"@type":"WebPage","@id":"https:\/\/www.altercampagne.net\/?p=5478","url":"https:\/\/www.altercampagne.net\/?p=5478","name":"La Brasserie Associative de Montflours, ensemble on va plus loin ! - AlterTour","isPartOf":{"@id":"https:\/\/www.altercampagne.net\/#website"},"primaryImageOfPage":{"@id":"https:\/\/www.altercampagne.net\/?p=5478#primaryimage"},"image":{"@id":"https:\/\/www.altercampagne.net\/?p=5478#primaryimage"},"thumbnailUrl":"https:\/\/www.altercampagne.net\/wp-content\/uploads\/2016\/07\/2016-07-15_15.55.56_2096_Luc-SARLET_luc.sarlet@scarlet.jpg","datePublished":"2016-07-15T21:27:19+00:00","dateModified":"2025-03-24T16:58:31+00:00","author":{"@id":"https:\/\/www.altercampagne.net\/#\/schema\/person\/0f261460c09e430caa0f9bcffa319109"},"breadcrumb":{"@id":"https:\/\/www.altercampagne.net\/?p=5478#breadcrumb"},"inLanguage":"fr-FR","potentialAction":[{"@type":"ReadAction","target":["https:\/\/www.altercampagne.net\/?p=5478"]}]},{"@type":"ImageObject","inLanguage":"fr-FR","@id":"https:\/\/www.altercampagne.net\/?p=5478#primaryimage","url":"https:\/\/www.altercampagne.net\/wp-content\/uploads\/2016\/07\/2016-07-15_15.55.56_2096_Luc-SARLET_luc.sarlet@scarlet.jpg","contentUrl":"https:\/\/www.altercampagne.net\/wp-content\/uploads\/2016\/07\/2016-07-15_15.55.56_2096_Luc-SARLET_luc.sarlet@scarlet.jpg","width":900,"height":470},{"@type":"BreadcrumbList","@id":"https:\/\/www.altercampagne.net\/?p=5478#breadcrumb","itemListElement":[{"@type":"ListItem","position":1,"name":"Accueil","item":"https:\/\/www.altercampagne.net\/"},{"@type":"ListItem","position":2,"name":"La Brasserie Associative de Montflours, ensemble on va plus loin !"}]},{"@type":"WebSite","@id":"https:\/\/www.altercampagne.net\/#website","url":"https:\/\/www.altercampagne.net\/","name":"AlterTour","description":"Reliez les Alternatives \u00e0 v\u00e9lo","potentialAction":[{"@type":"SearchAction","target":{"@type":"EntryPoint","urlTemplate":"https:\/\/www.altercampagne.net\/?s={search_term_string}"},"query-input":{"@type":"PropertyValueSpecification","valueRequired":true,"valueName":"search_term_string"}}],"inLanguage":"fr-FR"},{"@type":"Person","@id":"https:\/\/www.altercampagne.net\/#\/schema\/person\/0f261460c09e430caa0f9bcffa319109","name":"Mathieu","image":{"@type":"ImageObject","inLanguage":"fr-FR","@id":"https:\/\/secure.gravatar.com\/avatar\/aa9d3d24c83f2141e5e2709d0f63d09a99f6be6bb7a50abc4915838d9f54501a?s=96&d=mm&r=g","url":"https:\/\/secure.gravatar.com\/avatar\/aa9d3d24c83f2141e5e2709d0f63d09a99f6be6bb7a50abc4915838d9f54501a?s=96&d=mm&r=g","contentUrl":"https:\/\/secure.gravatar.com\/avatar\/aa9d3d24c83f2141e5e2709d0f63d09a99f6be6bb7a50abc4915838d9f54501a?s=96&d=mm&r=g","caption":"Mathieu"},"url":"https:\/\/www.altercampagne.net\/?author=214"}]}},"_links":{"self":[{"href":"https:\/\/www.altercampagne.net\/index.php?rest_route=\/wp\/v2\/posts\/5478","targetHints":{"allow":["GET"]}}],"collection":[{"href":"https:\/\/www.altercampagne.net\/index.php?rest_route=\/wp\/v2\/posts"}],"about":[{"href":"https:\/\/www.altercampagne.net\/index.php?rest_route=\/wp\/v2\/types\/post"}],"author":[{"embeddable":true,"href":"https:\/\/www.altercampagne.net\/index.php?rest_route=\/wp\/v2\/users\/214"}],"replies":[{"embeddable":true,"href":"https:\/\/www.altercampagne.net\/index.php?rest_route=%2Fwp%2Fv2%2Fcomments&post=5478"}],"version-history":[{"count":5,"href":"https:\/\/www.altercampagne.net\/index.php?rest_route=\/wp\/v2\/posts\/5478\/revisions"}],"predecessor-version":[{"id":28951,"href":"https:\/\/www.altercampagne.net\/index.php?rest_route=\/wp\/v2\/posts\/5478\/revisions\/28951"}],"wp:featuredmedia":[{"embeddable":true,"href":"https:\/\/www.altercampagne.net\/index.php?rest_route=\/wp\/v2\/media\/15384"}],"wp:attachment":[{"href":"https:\/\/www.altercampagne.net\/index.php?rest_route=%2Fwp%2Fv2%2Fmedia&parent=5478"}],"wp:term":[{"taxonomy":"category","embeddable":true,"href":"https:\/\/www.altercampagne.net\/index.php?rest_route=%2Fwp%2Fv2%2Fcategories&post=5478"},{"taxonomy":"post_tag","embeddable":true,"href":"https:\/\/www.altercampagne.net\/index.php?rest_route=%2Fwp%2Fv2%2Ftags&post=5478"}],"curies":[{"name":"wp","href":"https:\/\/api.w.org\/{rel}","templated":true}]}}