{"id":5509,"date":"2016-07-21T19:00:22","date_gmt":"2016-07-21T17:00:22","guid":{"rendered":"http:\/\/www.altercampagne.net\/?p=5509"},"modified":"2019-09-13T16:45:07","modified_gmt":"2019-09-13T14:45:07","slug":"journee-de-repos-du-20-juillet-les-ferme-des-pinsons-a-saint-thual","status":"publish","type":"post","link":"https:\/\/www.altercampagne.net\/?p=5509","title":{"rendered":"Journ\u00e9e de repos du 20 juillet : la Ferme des Pinsons \u00e0 Saint Thual"},"content":{"rendered":"<p><img loading=\"lazy\" decoding=\"async\" class=\" alignleft\" src=\"https:\/\/lh3.googleusercontent.com\/R4W2geVI7ivzbIqqW1Sj3Jro6oetk9GgZuZYioi6Q8rd41BJGNEoS99eLgGl1NLND2dfRj-3LxBv2WB46_VUds7Rv5JNx3Nn-gWZzYQWmUzTobhTq3OnEMW1o1APew1DxBK-jqOfBJomijrKcDikZQI4lIjfoNBrkbu9c4QuzQw-R-4PM07JWUzTpcdtGxR1nqw6qrqD0RFM_IyZPaPGZl3Ve0OHfzwyZBNubvwW-HjP5Cuoke6K-CIv-hmvA27WcBcGimiMXr0XcRMkBJlGBKYgfijFimXIUWeKjW7oeI09RCnfHt381wry7ghsYZE8mhnAblfM4mx7GVan9VP0tTy9LxdPhcEeBiYB7MswMFMPERyptPHUthKUNiTkOrGGM_-JnGTaQHsHJ8331DDgiuY8E_anIGlPP2FNFwnyMOJu6MhQShcg5rfZfj7fJHe24X6A9ix3cSNEwNPNiqgJxzKxkzVoINEk8dZrGaA0cq5zZl3CPO-YR09H-0kNaRwBxj_ojV2QAFuZEexy1p-6dy6GK8SPuhsGfmDPOb7WVUHEDwNdlhg78oQrt9AOyBRSL2HRPMKGMNM7ZYcVepTj3T_aGfgDIDNK=w511-h761-no\" alt=\"\" width=\"229\" height=\"355\" \/>A l\u2019occasion de la journ\u00e9e de repos du 20 juillet \u00e0 la <a href=\"http:\/\/www.lafermedupressoir.fr\/\" target=\"_blank\" rel=\"noopener noreferrer\"><strong>Ferme du Pressoir<\/strong><\/a> \u00e0 Saint Pern (35190). L\u2019association <a href=\"http:\/\/www.botmobil.org\/\" target=\"_blank\" rel=\"noopener noreferrer\"><strong>Botmobil<\/strong><\/a> est venu encadrer un chantier participatif d\u2019enduits terre paille pendant que Justine et Ronan de la <a href=\"http:\/\/www.lespinsons.bzh\/?page_id=15\" target=\"_blank\" rel=\"noopener noreferrer\"><strong>Ferme du Pinsons<\/strong><\/a> proposaient un atelier de fabrication de brioches dans le four \u00e0 pain de la Ferme du Pressoir.<\/p>\n<p>Passionn\u00e9 par l\u2019ornithologie, le voyage et la boulangerie, Justine a rencontr\u00e9 Ronan \u00e0 l\u2019occasion d\u2019un woofing dans le sud de la France. Ronan s\u2019int\u00e9resse au maraichage et aux vari\u00e9t\u00e9s anciennes. Un CAP Boulangerie et un BPREA maraichage bio plus tard, Patrick, l\u2019oncle de Ronan, leur met \u00e0 disposition 2 hectares sur sa ferme. C\u2019est une ferme conventionnelle avec 40 vaches laiti\u00e8res en p\u00e2turage. Elle n\u2019a pas \u00e9t\u00e9 modernis\u00e9 et serait facilement convertible en bio.<\/p>\n<p>Malgr\u00e9 des visions potentiellement divergentes sur le devenir de la ferme entre le jeune couple et le propri\u00e9taire, Patrick a facilit\u00e9 leur installation en d\u00e9butant la conversion en bio de la parcelle un an avant leur arriv\u00e9e. Sur le village ils sont la premi\u00e8re parcelle en conversion bio\u00a0!<\/p>\n<p>Pendant les travaux\u00a0 d\u2019installation du fournil, Justine allait faire son pain chez J\u00e9r\u00f4me Thomas, un illustre paysan boulang\u00e9 du coin. J\u00e9r\u00f4me leur a donner pas mal de conseils et leur a fourni les semences pour d\u00e9marrer la culture du bl\u00e9. Justine et Ronan cultivent 3 vari\u00e9t\u00e9s : le Rouge de Bordeaux, le Renan et le Camp R\u00e9my sur 1 hectare. L\u2019hectare restant est d\u00e9di\u00e9 aux l\u00e9gumes. Ils aimeraient r\u00e9cup\u00e9rer en location 3 hectares suppl\u00e9mentaires nos loin de la ferme.<\/p>\n<p>Pour l\u2019instant, Justine utilise un petit four en m\u00e9tal en chauffe direct d\u2019un volume de 35 kg. Elle produit entre 120 et 150 kg de pain, des brioches et des biscuits par semaine n\u00e9cessaire \u00e0 l\u2019\u00e9quilibre \u00e9conomique de l\u2019activit\u00e9. \u00a0Ils ont pour projet de r\u00e9nover le four de la ferme plus grand et plus ergonomique. A terme, la production de l\u00e9gumes devrait repr\u00e9senter les 2\/3 de l&rsquo;activit\u00e9 \u00e9conomique.<\/p>\n<p>En pleine installation ils essaient de participer aux r\u00e9unions du <a href=\"http:\/\/www.semencespaysannes.org\/\" target=\"_blank\" rel=\"noopener noreferrer\"><strong>R\u00e9seau Semences Paysannes<\/strong><\/a> et de <strong><a href=\"http:\/\/www.semencespaysannes.org\/triptoleme_286.php\" target=\"_blank\" rel=\"noopener noreferrer\">Triptoleme<\/a><\/strong>. Ils tentent \u00e9galement de garder le lien avec les autres paysans locaux. Le mercredi matin, ils sont pr\u00e9sents sur le petit march\u00e9 organis\u00e9 par la Ferme du Pressoir \u00e0 Saint Pern, le vendredi apr\u00e8s-midi au magasin de producteurs \u00ab\u00a0Co&rsquo;pain paysans\u00a0\u00bb \u00e0 Saint Pierre de Plesguen et sur de nombreux \u00e9v\u00e9nements militants. Justine et Ronan cherchent encore le bon \u00e9quilibre entre production\/transformation, vente et lien avec les autres producteurs.<\/p>\n<p>L\u2019atelier de fabrication de brioche \u00e9tait tr\u00e8s convivial et instructif, les enfants du centre de loisir du village nous ont rejoints au moment de la cuisson. A la sortie du four, les brioches ont eu \u00e0 peine le temps de refroidir qu\u2019elles \u00e9taient d\u00e9j\u00e0 englouties par les enfants et les Altercyclistes jusqu\u2019\u00e0 la derni\u00e8re miette.<\/p>\n<p>Merci \u00e0 Justine et Ronan, nous leur souhaitons de s\u2019\u00e9panouir dans leur projet et de continuer \u00e0 r\u00e9aliser leurs r\u00eaves.<\/p>\n","protected":false},"excerpt":{"rendered":"<p>A l\u2019occasion de la journ\u00e9e de repos du 20 juillet \u00e0 la Ferme du Pressoir \u00e0 Saint Pern (35190). L\u2019association Botmobil est venu encadrer un chantier participatif d\u2019enduits terre paille pendant que Justine et Ronan de la Ferme du Pinsons proposaient un atelier de fabrication de brioches dans le four &#8230; <\/p>\n<div><a href=\"https:\/\/www.altercampagne.net\/?p=5509\" class=\"more-link\">Read More<\/a><\/div>\n","protected":false},"author":214,"featured_media":15488,"comment_status":"closed","ping_status":"closed","sticky":false,"template":"","format":"standard","meta":{"footnotes":""},"categories":[3483,3472,3459],"tags":[2531,2851,2850,2849,2846,2704,2536,2535,2534,2533,2532,20,2530,2529,2528,2512,1652,964,423,413,383],"class_list":["post-5509","post","type-post","status-publish","format-standard","has-post-thumbnail","hentry","category-agriculture","category-bretagne","category-edition-2016","tag-triptoleme","tag-altertour2016","tag-accueillant-2016","tag-accueillant2016","tag-accueillant","tag-alterjournaliste","tag-copain-paysans","tag-saint-pierre-de-plesguen","tag-ronan-marquet","tag-maraichage","tag-rsp","tag-bretagne","tag-saint-thual","tag-ferme-du-pressoir","tag-ferme-des-pinsons","tag-saint-pern","tag-1652","tag-pain","tag-reseau-semences-paysannes","tag-ille-et-vilaine","tag-altertour-2016"],"yoast_head":"<!-- This site is optimized with the Yoast SEO plugin v27.3 - https:\/\/yoast.com\/product\/yoast-seo-wordpress\/ -->\n<title>Journ\u00e9e de repos du 20 juillet : la Ferme des Pinsons \u00e0 Saint Thual - AlterTour<\/title>\n<meta name=\"robots\" content=\"index, follow, max-snippet:-1, max-image-preview:large, max-video-preview:-1\" \/>\n<link rel=\"canonical\" href=\"https:\/\/www.altercampagne.net\/?p=5509\" \/>\n<meta property=\"og:locale\" content=\"fr_FR\" \/>\n<meta property=\"og:type\" content=\"article\" \/>\n<meta property=\"og:title\" content=\"Journ\u00e9e de repos du 20 juillet : la Ferme des Pinsons \u00e0 Saint Thual - AlterTour\" \/>\n<meta property=\"og:description\" content=\"A l\u2019occasion de la journ\u00e9e de repos du 20 juillet \u00e0 la Ferme du Pressoir \u00e0 Saint Pern (35190). L\u2019association Botmobil est venu encadrer un chantier participatif d\u2019enduits terre paille pendant que Justine et Ronan de la Ferme du Pinsons proposaient un atelier de fabrication de brioches dans le four ... Read More\" \/>\n<meta property=\"og:url\" content=\"https:\/\/www.altercampagne.net\/?p=5509\" \/>\n<meta property=\"og:site_name\" content=\"AlterTour\" \/>\n<meta property=\"article:published_time\" content=\"2016-07-21T17:00:22+00:00\" \/>\n<meta property=\"article:modified_time\" content=\"2019-09-13T14:45:07+00:00\" \/>\n<meta property=\"og:image\" content=\"https:\/\/www.altercampagne.net\/wp-content\/uploads\/2016\/07\/2016-07-20_11.40.jpg\" \/>\n\t<meta property=\"og:image:width\" content=\"902\" \/>\n\t<meta property=\"og:image:height\" content=\"472\" \/>\n\t<meta property=\"og:image:type\" content=\"image\/jpeg\" \/>\n<meta name=\"author\" content=\"Mathieu\" \/>\n<meta name=\"twitter:card\" content=\"summary_large_image\" \/>\n<meta name=\"twitter:label1\" content=\"\u00c9crit par\" \/>\n\t<meta name=\"twitter:data1\" content=\"Mathieu\" \/>\n\t<meta name=\"twitter:label2\" content=\"Dur\u00e9e de lecture estim\u00e9e\" \/>\n\t<meta name=\"twitter:data2\" content=\"3 minutes\" \/>\n<script type=\"application\/ld+json\" class=\"yoast-schema-graph\">{\"@context\":\"https:\\\/\\\/schema.org\",\"@graph\":[{\"@type\":\"Article\",\"@id\":\"https:\\\/\\\/www.altercampagne.net\\\/?p=5509#article\",\"isPartOf\":{\"@id\":\"https:\\\/\\\/www.altercampagne.net\\\/?p=5509\"},\"author\":{\"name\":\"Mathieu\",\"@id\":\"https:\\\/\\\/www.altercampagne.net\\\/#\\\/schema\\\/person\\\/0f261460c09e430caa0f9bcffa319109\"},\"headline\":\"Journ\u00e9e de repos du 20 juillet : la Ferme des Pinsons \u00e0 Saint Thual\",\"datePublished\":\"2016-07-21T17:00:22+00:00\",\"dateModified\":\"2019-09-13T14:45:07+00:00\",\"mainEntityOfPage\":{\"@id\":\"https:\\\/\\\/www.altercampagne.net\\\/?p=5509\"},\"wordCount\":534,\"image\":{\"@id\":\"https:\\\/\\\/www.altercampagne.net\\\/?p=5509#primaryimage\"},\"thumbnailUrl\":\"https:\\\/\\\/www.altercampagne.net\\\/wp-content\\\/uploads\\\/2016\\\/07\\\/2016-07-20_11.40.jpg\",\"keywords\":[\"Triptoleme\",\"AlterTour2016\",\"accueillant 2016\",\"accueillant2016\",\"accueillant\",\"alterjournaliste\",\"Co'pain paysans\",\"Saint Pierre de Plesguen\",\"Ronan Marquet\",\"maraichage\",\"RSP\",\"bretagne\",\"Saint Thual\",\"ferme du pressoir\",\"Ferme des pinsons\",\"Saint pern\",\"2016\",\"pain\",\"r\u00e9seau semences paysannes\",\"ille et vilaine\",\"AlterTour 2016\"],\"articleSection\":[\"Agriculture\",\"Bretagne\",\"\u00c9dition 2016\"],\"inLanguage\":\"fr-FR\"},{\"@type\":\"WebPage\",\"@id\":\"https:\\\/\\\/www.altercampagne.net\\\/?p=5509\",\"url\":\"https:\\\/\\\/www.altercampagne.net\\\/?p=5509\",\"name\":\"Journ\u00e9e de repos du 20 juillet : la Ferme des Pinsons \u00e0 Saint Thual - AlterTour\",\"isPartOf\":{\"@id\":\"https:\\\/\\\/www.altercampagne.net\\\/#website\"},\"primaryImageOfPage\":{\"@id\":\"https:\\\/\\\/www.altercampagne.net\\\/?p=5509#primaryimage\"},\"image\":{\"@id\":\"https:\\\/\\\/www.altercampagne.net\\\/?p=5509#primaryimage\"},\"thumbnailUrl\":\"https:\\\/\\\/www.altercampagne.net\\\/wp-content\\\/uploads\\\/2016\\\/07\\\/2016-07-20_11.40.jpg\",\"datePublished\":\"2016-07-21T17:00:22+00:00\",\"dateModified\":\"2019-09-13T14:45:07+00:00\",\"author\":{\"@id\":\"https:\\\/\\\/www.altercampagne.net\\\/#\\\/schema\\\/person\\\/0f261460c09e430caa0f9bcffa319109\"},\"breadcrumb\":{\"@id\":\"https:\\\/\\\/www.altercampagne.net\\\/?p=5509#breadcrumb\"},\"inLanguage\":\"fr-FR\",\"potentialAction\":[{\"@type\":\"ReadAction\",\"target\":[\"https:\\\/\\\/www.altercampagne.net\\\/?p=5509\"]}]},{\"@type\":\"ImageObject\",\"inLanguage\":\"fr-FR\",\"@id\":\"https:\\\/\\\/www.altercampagne.net\\\/?p=5509#primaryimage\",\"url\":\"https:\\\/\\\/www.altercampagne.net\\\/wp-content\\\/uploads\\\/2016\\\/07\\\/2016-07-20_11.40.jpg\",\"contentUrl\":\"https:\\\/\\\/www.altercampagne.net\\\/wp-content\\\/uploads\\\/2016\\\/07\\\/2016-07-20_11.40.jpg\",\"width\":902,\"height\":472},{\"@type\":\"BreadcrumbList\",\"@id\":\"https:\\\/\\\/www.altercampagne.net\\\/?p=5509#breadcrumb\",\"itemListElement\":[{\"@type\":\"ListItem\",\"position\":1,\"name\":\"Accueil\",\"item\":\"https:\\\/\\\/www.altercampagne.net\\\/\"},{\"@type\":\"ListItem\",\"position\":2,\"name\":\"Journ\u00e9e de repos du 20 juillet : la Ferme des Pinsons \u00e0 Saint Thual\"}]},{\"@type\":\"WebSite\",\"@id\":\"https:\\\/\\\/www.altercampagne.net\\\/#website\",\"url\":\"https:\\\/\\\/www.altercampagne.net\\\/\",\"name\":\"AlterTour\",\"description\":\"Reliez les Alternatives \u00e0 v\u00e9lo\",\"potentialAction\":[{\"@type\":\"SearchAction\",\"target\":{\"@type\":\"EntryPoint\",\"urlTemplate\":\"https:\\\/\\\/www.altercampagne.net\\\/?s={search_term_string}\"},\"query-input\":{\"@type\":\"PropertyValueSpecification\",\"valueRequired\":true,\"valueName\":\"search_term_string\"}}],\"inLanguage\":\"fr-FR\"},{\"@type\":\"Person\",\"@id\":\"https:\\\/\\\/www.altercampagne.net\\\/#\\\/schema\\\/person\\\/0f261460c09e430caa0f9bcffa319109\",\"name\":\"Mathieu\",\"image\":{\"@type\":\"ImageObject\",\"inLanguage\":\"fr-FR\",\"@id\":\"https:\\\/\\\/secure.gravatar.com\\\/avatar\\\/aa9d3d24c83f2141e5e2709d0f63d09a99f6be6bb7a50abc4915838d9f54501a?s=96&d=mm&r=g\",\"url\":\"https:\\\/\\\/secure.gravatar.com\\\/avatar\\\/aa9d3d24c83f2141e5e2709d0f63d09a99f6be6bb7a50abc4915838d9f54501a?s=96&d=mm&r=g\",\"contentUrl\":\"https:\\\/\\\/secure.gravatar.com\\\/avatar\\\/aa9d3d24c83f2141e5e2709d0f63d09a99f6be6bb7a50abc4915838d9f54501a?s=96&d=mm&r=g\",\"caption\":\"Mathieu\"},\"url\":\"https:\\\/\\\/www.altercampagne.net\\\/?author=214\"}]}<\/script>\n<!-- \/ Yoast SEO plugin. -->","yoast_head_json":{"title":"Journ\u00e9e de repos du 20 juillet : la Ferme des Pinsons \u00e0 Saint Thual - AlterTour","robots":{"index":"index","follow":"follow","max-snippet":"max-snippet:-1","max-image-preview":"max-image-preview:large","max-video-preview":"max-video-preview:-1"},"canonical":"https:\/\/www.altercampagne.net\/?p=5509","og_locale":"fr_FR","og_type":"article","og_title":"Journ\u00e9e de repos du 20 juillet : la Ferme des Pinsons \u00e0 Saint Thual - AlterTour","og_description":"A l\u2019occasion de la journ\u00e9e de repos du 20 juillet \u00e0 la Ferme du Pressoir \u00e0 Saint Pern (35190). L\u2019association Botmobil est venu encadrer un chantier participatif d\u2019enduits terre paille pendant que Justine et Ronan de la Ferme du Pinsons proposaient un atelier de fabrication de brioches dans le four ... Read More","og_url":"https:\/\/www.altercampagne.net\/?p=5509","og_site_name":"AlterTour","article_published_time":"2016-07-21T17:00:22+00:00","article_modified_time":"2019-09-13T14:45:07+00:00","og_image":[{"width":902,"height":472,"url":"https:\/\/www.altercampagne.net\/wp-content\/uploads\/2016\/07\/2016-07-20_11.40.jpg","type":"image\/jpeg"}],"author":"Mathieu","twitter_card":"summary_large_image","twitter_misc":{"\u00c9crit par":"Mathieu","Dur\u00e9e de lecture estim\u00e9e":"3 minutes"},"schema":{"@context":"https:\/\/schema.org","@graph":[{"@type":"Article","@id":"https:\/\/www.altercampagne.net\/?p=5509#article","isPartOf":{"@id":"https:\/\/www.altercampagne.net\/?p=5509"},"author":{"name":"Mathieu","@id":"https:\/\/www.altercampagne.net\/#\/schema\/person\/0f261460c09e430caa0f9bcffa319109"},"headline":"Journ\u00e9e de repos du 20 juillet : la Ferme des Pinsons \u00e0 Saint Thual","datePublished":"2016-07-21T17:00:22+00:00","dateModified":"2019-09-13T14:45:07+00:00","mainEntityOfPage":{"@id":"https:\/\/www.altercampagne.net\/?p=5509"},"wordCount":534,"image":{"@id":"https:\/\/www.altercampagne.net\/?p=5509#primaryimage"},"thumbnailUrl":"https:\/\/www.altercampagne.net\/wp-content\/uploads\/2016\/07\/2016-07-20_11.40.jpg","keywords":["Triptoleme","AlterTour2016","accueillant 2016","accueillant2016","accueillant","alterjournaliste","Co'pain paysans","Saint Pierre de Plesguen","Ronan Marquet","maraichage","RSP","bretagne","Saint Thual","ferme du pressoir","Ferme des pinsons","Saint pern","2016","pain","r\u00e9seau semences paysannes","ille et vilaine","AlterTour 2016"],"articleSection":["Agriculture","Bretagne","\u00c9dition 2016"],"inLanguage":"fr-FR"},{"@type":"WebPage","@id":"https:\/\/www.altercampagne.net\/?p=5509","url":"https:\/\/www.altercampagne.net\/?p=5509","name":"Journ\u00e9e de repos du 20 juillet : la Ferme des Pinsons \u00e0 Saint Thual - AlterTour","isPartOf":{"@id":"https:\/\/www.altercampagne.net\/#website"},"primaryImageOfPage":{"@id":"https:\/\/www.altercampagne.net\/?p=5509#primaryimage"},"image":{"@id":"https:\/\/www.altercampagne.net\/?p=5509#primaryimage"},"thumbnailUrl":"https:\/\/www.altercampagne.net\/wp-content\/uploads\/2016\/07\/2016-07-20_11.40.jpg","datePublished":"2016-07-21T17:00:22+00:00","dateModified":"2019-09-13T14:45:07+00:00","author":{"@id":"https:\/\/www.altercampagne.net\/#\/schema\/person\/0f261460c09e430caa0f9bcffa319109"},"breadcrumb":{"@id":"https:\/\/www.altercampagne.net\/?p=5509#breadcrumb"},"inLanguage":"fr-FR","potentialAction":[{"@type":"ReadAction","target":["https:\/\/www.altercampagne.net\/?p=5509"]}]},{"@type":"ImageObject","inLanguage":"fr-FR","@id":"https:\/\/www.altercampagne.net\/?p=5509#primaryimage","url":"https:\/\/www.altercampagne.net\/wp-content\/uploads\/2016\/07\/2016-07-20_11.40.jpg","contentUrl":"https:\/\/www.altercampagne.net\/wp-content\/uploads\/2016\/07\/2016-07-20_11.40.jpg","width":902,"height":472},{"@type":"BreadcrumbList","@id":"https:\/\/www.altercampagne.net\/?p=5509#breadcrumb","itemListElement":[{"@type":"ListItem","position":1,"name":"Accueil","item":"https:\/\/www.altercampagne.net\/"},{"@type":"ListItem","position":2,"name":"Journ\u00e9e de repos du 20 juillet : la Ferme des Pinsons \u00e0 Saint Thual"}]},{"@type":"WebSite","@id":"https:\/\/www.altercampagne.net\/#website","url":"https:\/\/www.altercampagne.net\/","name":"AlterTour","description":"Reliez les Alternatives \u00e0 v\u00e9lo","potentialAction":[{"@type":"SearchAction","target":{"@type":"EntryPoint","urlTemplate":"https:\/\/www.altercampagne.net\/?s={search_term_string}"},"query-input":{"@type":"PropertyValueSpecification","valueRequired":true,"valueName":"search_term_string"}}],"inLanguage":"fr-FR"},{"@type":"Person","@id":"https:\/\/www.altercampagne.net\/#\/schema\/person\/0f261460c09e430caa0f9bcffa319109","name":"Mathieu","image":{"@type":"ImageObject","inLanguage":"fr-FR","@id":"https:\/\/secure.gravatar.com\/avatar\/aa9d3d24c83f2141e5e2709d0f63d09a99f6be6bb7a50abc4915838d9f54501a?s=96&d=mm&r=g","url":"https:\/\/secure.gravatar.com\/avatar\/aa9d3d24c83f2141e5e2709d0f63d09a99f6be6bb7a50abc4915838d9f54501a?s=96&d=mm&r=g","contentUrl":"https:\/\/secure.gravatar.com\/avatar\/aa9d3d24c83f2141e5e2709d0f63d09a99f6be6bb7a50abc4915838d9f54501a?s=96&d=mm&r=g","caption":"Mathieu"},"url":"https:\/\/www.altercampagne.net\/?author=214"}]}},"_links":{"self":[{"href":"https:\/\/www.altercampagne.net\/index.php?rest_route=\/wp\/v2\/posts\/5509","targetHints":{"allow":["GET"]}}],"collection":[{"href":"https:\/\/www.altercampagne.net\/index.php?rest_route=\/wp\/v2\/posts"}],"about":[{"href":"https:\/\/www.altercampagne.net\/index.php?rest_route=\/wp\/v2\/types\/post"}],"author":[{"embeddable":true,"href":"https:\/\/www.altercampagne.net\/index.php?rest_route=\/wp\/v2\/users\/214"}],"replies":[{"embeddable":true,"href":"https:\/\/www.altercampagne.net\/index.php?rest_route=%2Fwp%2Fv2%2Fcomments&post=5509"}],"version-history":[{"count":0,"href":"https:\/\/www.altercampagne.net\/index.php?rest_route=\/wp\/v2\/posts\/5509\/revisions"}],"wp:featuredmedia":[{"embeddable":true,"href":"https:\/\/www.altercampagne.net\/index.php?rest_route=\/wp\/v2\/media\/15488"}],"wp:attachment":[{"href":"https:\/\/www.altercampagne.net\/index.php?rest_route=%2Fwp%2Fv2%2Fmedia&parent=5509"}],"wp:term":[{"taxonomy":"category","embeddable":true,"href":"https:\/\/www.altercampagne.net\/index.php?rest_route=%2Fwp%2Fv2%2Fcategories&post=5509"},{"taxonomy":"post_tag","embeddable":true,"href":"https:\/\/www.altercampagne.net\/index.php?rest_route=%2Fwp%2Fv2%2Ftags&post=5509"}],"curies":[{"name":"wp","href":"https:\/\/api.w.org\/{rel}","templated":true}]}}