{"id":5527,"date":"2016-07-25T16:00:35","date_gmt":"2016-07-25T14:00:35","guid":{"rendered":"http:\/\/www.altercampagne.net\/?p=5527"},"modified":"2019-09-13T16:54:22","modified_gmt":"2019-09-13T14:54:22","slug":"journee-de-repos-du-25-juillet-lecocentre-du-tregor","status":"publish","type":"post","link":"https:\/\/www.altercampagne.net\/?p=5527","title":{"rendered":"Journ\u00e9e de repos du 25 juillet : L&rsquo;\u00c9cocentre du Tr\u00e9gor"},"content":{"rendered":"<p><img loading=\"lazy\" decoding=\"async\" class=\" aligncenter\" src=\"https:\/\/lh3.googleusercontent.com\/5DyGv9GBq7D7VqEfJZ8WVU0jTk4vtuSeot18roHzITebEPhm6pB16bAVhpw44doCoVq3mvE8eTpFiG4bDIbw_PNdDwjIrmPETSDDjZo2KVSscPlvfpMVSXuRdRiodiuKrN4SCgGlwb2oFpOkGBYWDjh1lUSIn3ETlDbowfS47KlGE6A81BqFfr8UnkCk0BuVpKvw0Ae9xL9SdNAhez8MB34Ofs4dmphDYTXu2NQHtKl35dqboTPGNRPlXK7n7rGiLYptURD2wOfkjINHahp84_xWf-UQRSE2aYo2bnjQg8LND-ecbpucgXhylpvAM8AIidt2DsXEs07At-v-98BZTdJ7FJcsDd75Vcf8P1fj0BLGUglIVOIby2dNyGjPK8T7Apewi470UyYCGmwSnsipjedkDO0ckJFPnXi3hj8R246Kk45ruSTkZVWPBdk99cpJdYYUHpz0LGryAuL6HAp8Py1mH6Crmy4ITs0CS_igu30nk25X9cEAh2wo-x25AG-mMNmm--jY8Kk0BDqLFlzbkGR8xCx7UxTnKgiDfeNVV-bUyawzb2tdvd-GMJoj6f-qyIaoUYHIywuvP1aYpcBOtR3ucCuMpJeN=w834-h301-no\" alt=\"\" width=\"834\" height=\"301\"><\/p>\n<p>Il \u00e9tait une fois le village \u00c9cocentre peupl\u00e9 d\u2019irr\u00e9ductibles esprits libres. Ils se nommaient Manu le boulanger, Jean Louis le barde, Aur\u00e9lien le guide, Manon l\u2019abeille et Charline la dresseuse.<\/p>\n<p>Pour contrer l\u2019envahisseur, ils b\u00e2tirent un espace pour r\u00e9fl\u00e9chir sur les ressources en \u00e9nergie, le gaspillage, la pr\u00e9ciosit\u00e9 de la Nature.<\/p>\n<p>Un jour (25 juillet selon les recherches historiques), d\u2019\u00e9tranges individus pourvus de roues en guise de jambes, arriv\u00e8rent sur les Terres de Tr\u00e9gor.<\/p>\n<p>Dou\u00e9 de leur hospitalit\u00e9 l\u00e9gendaire, le peuple tr\u00e9gorien, entreprit de f\u00eater cette arriv\u00e9e !<\/p>\n<p>Aussit\u00f4t, apparurent un macareux moine d\u00e9fenseur des dunes de sable, de l\u2019art floral, des ateliers de fabrication de pain, de cr\u00eapes, un chantier de terre battue, des conf\u00e9rences sur les projets miniers, sur TAFTA, sur la non-violence en BD, le tricotage \u00e0 partir de d\u00e9chets,<\/p>\n<p>Alors que la nuit commen\u00e7ait \u00e0 se disputer avec le jour, les convives se d\u00e9lectaient de pizzas artisanalement d\u00e9licieuses.<\/p>\n<p>Pour cl\u00f4turer le banquet et afin de perp\u00e9trer la tradition s\u00e9culaire, Jean Louis le Barde et ses compagnons, firent danser l\u2019assembl\u00e9e dont la fougue des pieds battaient le sol encore frais.<\/p>\n<p>Ils v\u00e9curent enfants et firent beaucoup d\u2019heureux..<\/p>\n<p style=\"text-align: right;\"><strong>Nico<\/strong><\/p>\n","protected":false},"excerpt":{"rendered":"<p>Il \u00e9tait une fois le village \u00c9cocentre peupl\u00e9 d\u2019irr\u00e9ductibles esprits libres. Ils se nommaient Manu le boulanger, Jean Louis le barde, Aur\u00e9lien le guide, Manon l\u2019abeille et Charline la dresseuse. Pour contrer l\u2019envahisseur, ils b\u00e2tirent un espace pour r\u00e9fl\u00e9chir sur les ressources en \u00e9nergie, le gaspillage, la pr\u00e9ciosit\u00e9 de la &#8230; <\/p>\n<div><a href=\"https:\/\/www.altercampagne.net\/?p=5527\" class=\"more-link\">Read More<\/a><\/div>\n","protected":false},"author":214,"featured_media":15496,"comment_status":"closed","ping_status":"closed","sticky":false,"template":"","format":"standard","meta":{"footnotes":""},"categories":[3472,3938,3486,3459],"tags":[20,383,498,1652,1669,2401,2704,2846,2849,2850,2851],"class_list":["post-5527","post","type-post","status-publish","format-standard","has-post-thumbnail","hentry","category-bretagne","category-education","category-environnement","category-edition-2016","tag-bretagne","tag-altertour-2016","tag-ecocentre-du-tregor","tag-1652","tag-cotes-darmor","tag-pleumeur-bodou","tag-alterjournaliste","tag-accueillant","tag-accueillant2016","tag-accueillant-2016","tag-altertour2016"],"yoast_head":"<!-- This site is optimized with the Yoast SEO plugin v27.3 - https:\/\/yoast.com\/product\/yoast-seo-wordpress\/ -->\n<title>Journ\u00e9e de repos du 25 juillet : L&#039;\u00c9cocentre du Tr\u00e9gor - AlterTour<\/title>\n<meta name=\"robots\" content=\"index, follow, max-snippet:-1, max-image-preview:large, max-video-preview:-1\" \/>\n<link rel=\"canonical\" href=\"https:\/\/www.altercampagne.net\/?p=5527\" \/>\n<meta property=\"og:locale\" content=\"fr_FR\" \/>\n<meta property=\"og:type\" content=\"article\" \/>\n<meta property=\"og:title\" content=\"Journ\u00e9e de repos du 25 juillet : L&#039;\u00c9cocentre du Tr\u00e9gor - AlterTour\" \/>\n<meta property=\"og:description\" content=\"Il \u00e9tait une fois le village \u00c9cocentre peupl\u00e9 d\u2019irr\u00e9ductibles esprits libres. Ils se nommaient Manu le boulanger, Jean Louis le barde, Aur\u00e9lien le guide, Manon l\u2019abeille et Charline la dresseuse. Pour contrer l\u2019envahisseur, ils b\u00e2tirent un espace pour r\u00e9fl\u00e9chir sur les ressources en \u00e9nergie, le gaspillage, la pr\u00e9ciosit\u00e9 de la ... Read More\" \/>\n<meta property=\"og:url\" content=\"https:\/\/www.altercampagne.net\/?p=5527\" \/>\n<meta property=\"og:site_name\" content=\"AlterTour\" \/>\n<meta property=\"article:published_time\" content=\"2016-07-25T14:00:35+00:00\" \/>\n<meta property=\"article:modified_time\" content=\"2019-09-13T14:54:22+00:00\" \/>\n<meta property=\"og:image\" content=\"https:\/\/www.altercampagne.net\/wp-content\/uploads\/2016\/07\/2016-07-25_15.06.jpg\" \/>\n\t<meta property=\"og:image:width\" content=\"907\" \/>\n\t<meta property=\"og:image:height\" content=\"474\" \/>\n\t<meta property=\"og:image:type\" content=\"image\/jpeg\" \/>\n<meta name=\"author\" content=\"Mathieu\" \/>\n<meta name=\"twitter:card\" content=\"summary_large_image\" \/>\n<meta name=\"twitter:label1\" content=\"\u00c9crit par\" \/>\n\t<meta name=\"twitter:data1\" content=\"Mathieu\" \/>\n\t<meta name=\"twitter:label2\" content=\"Dur\u00e9e de lecture estim\u00e9e\" \/>\n\t<meta name=\"twitter:data2\" content=\"1 minute\" \/>\n<script type=\"application\/ld+json\" class=\"yoast-schema-graph\">{\"@context\":\"https:\\\/\\\/schema.org\",\"@graph\":[{\"@type\":\"Article\",\"@id\":\"https:\\\/\\\/www.altercampagne.net\\\/?p=5527#article\",\"isPartOf\":{\"@id\":\"https:\\\/\\\/www.altercampagne.net\\\/?p=5527\"},\"author\":{\"name\":\"Mathieu\",\"@id\":\"https:\\\/\\\/www.altercampagne.net\\\/#\\\/schema\\\/person\\\/0f261460c09e430caa0f9bcffa319109\"},\"headline\":\"Journ\u00e9e de repos du 25 juillet : L&rsquo;\u00c9cocentre du Tr\u00e9gor\",\"datePublished\":\"2016-07-25T14:00:35+00:00\",\"dateModified\":\"2019-09-13T14:54:22+00:00\",\"mainEntityOfPage\":{\"@id\":\"https:\\\/\\\/www.altercampagne.net\\\/?p=5527\"},\"wordCount\":230,\"image\":{\"@id\":\"https:\\\/\\\/www.altercampagne.net\\\/?p=5527#primaryimage\"},\"thumbnailUrl\":\"https:\\\/\\\/www.altercampagne.net\\\/wp-content\\\/uploads\\\/2016\\\/07\\\/2016-07-25_15.06.jpg\",\"keywords\":[\"bretagne\",\"AlterTour 2016\",\"ecocentre du tr\u00e9gor\",\"2016\",\"C\u00f4tes-d'Armor\",\"Pleumeur-Bodou\",\"alterjournaliste\",\"accueillant\",\"accueillant2016\",\"accueillant 2016\",\"AlterTour2016\"],\"articleSection\":[\"Bretagne\",\"Education\",\"Environnement\",\"\u00c9dition 2016\"],\"inLanguage\":\"fr-FR\"},{\"@type\":\"WebPage\",\"@id\":\"https:\\\/\\\/www.altercampagne.net\\\/?p=5527\",\"url\":\"https:\\\/\\\/www.altercampagne.net\\\/?p=5527\",\"name\":\"Journ\u00e9e de repos du 25 juillet : L'\u00c9cocentre du Tr\u00e9gor - AlterTour\",\"isPartOf\":{\"@id\":\"https:\\\/\\\/www.altercampagne.net\\\/#website\"},\"primaryImageOfPage\":{\"@id\":\"https:\\\/\\\/www.altercampagne.net\\\/?p=5527#primaryimage\"},\"image\":{\"@id\":\"https:\\\/\\\/www.altercampagne.net\\\/?p=5527#primaryimage\"},\"thumbnailUrl\":\"https:\\\/\\\/www.altercampagne.net\\\/wp-content\\\/uploads\\\/2016\\\/07\\\/2016-07-25_15.06.jpg\",\"datePublished\":\"2016-07-25T14:00:35+00:00\",\"dateModified\":\"2019-09-13T14:54:22+00:00\",\"author\":{\"@id\":\"https:\\\/\\\/www.altercampagne.net\\\/#\\\/schema\\\/person\\\/0f261460c09e430caa0f9bcffa319109\"},\"breadcrumb\":{\"@id\":\"https:\\\/\\\/www.altercampagne.net\\\/?p=5527#breadcrumb\"},\"inLanguage\":\"fr-FR\",\"potentialAction\":[{\"@type\":\"ReadAction\",\"target\":[\"https:\\\/\\\/www.altercampagne.net\\\/?p=5527\"]}]},{\"@type\":\"ImageObject\",\"inLanguage\":\"fr-FR\",\"@id\":\"https:\\\/\\\/www.altercampagne.net\\\/?p=5527#primaryimage\",\"url\":\"https:\\\/\\\/www.altercampagne.net\\\/wp-content\\\/uploads\\\/2016\\\/07\\\/2016-07-25_15.06.jpg\",\"contentUrl\":\"https:\\\/\\\/www.altercampagne.net\\\/wp-content\\\/uploads\\\/2016\\\/07\\\/2016-07-25_15.06.jpg\",\"width\":907,\"height\":474},{\"@type\":\"BreadcrumbList\",\"@id\":\"https:\\\/\\\/www.altercampagne.net\\\/?p=5527#breadcrumb\",\"itemListElement\":[{\"@type\":\"ListItem\",\"position\":1,\"name\":\"Accueil\",\"item\":\"https:\\\/\\\/www.altercampagne.net\\\/\"},{\"@type\":\"ListItem\",\"position\":2,\"name\":\"Journ\u00e9e de repos du 25 juillet : L&rsquo;\u00c9cocentre du Tr\u00e9gor\"}]},{\"@type\":\"WebSite\",\"@id\":\"https:\\\/\\\/www.altercampagne.net\\\/#website\",\"url\":\"https:\\\/\\\/www.altercampagne.net\\\/\",\"name\":\"AlterTour\",\"description\":\"Reliez les Alternatives \u00e0 v\u00e9lo\",\"potentialAction\":[{\"@type\":\"SearchAction\",\"target\":{\"@type\":\"EntryPoint\",\"urlTemplate\":\"https:\\\/\\\/www.altercampagne.net\\\/?s={search_term_string}\"},\"query-input\":{\"@type\":\"PropertyValueSpecification\",\"valueRequired\":true,\"valueName\":\"search_term_string\"}}],\"inLanguage\":\"fr-FR\"},{\"@type\":\"Person\",\"@id\":\"https:\\\/\\\/www.altercampagne.net\\\/#\\\/schema\\\/person\\\/0f261460c09e430caa0f9bcffa319109\",\"name\":\"Mathieu\",\"image\":{\"@type\":\"ImageObject\",\"inLanguage\":\"fr-FR\",\"@id\":\"https:\\\/\\\/secure.gravatar.com\\\/avatar\\\/aa9d3d24c83f2141e5e2709d0f63d09a99f6be6bb7a50abc4915838d9f54501a?s=96&d=mm&r=g\",\"url\":\"https:\\\/\\\/secure.gravatar.com\\\/avatar\\\/aa9d3d24c83f2141e5e2709d0f63d09a99f6be6bb7a50abc4915838d9f54501a?s=96&d=mm&r=g\",\"contentUrl\":\"https:\\\/\\\/secure.gravatar.com\\\/avatar\\\/aa9d3d24c83f2141e5e2709d0f63d09a99f6be6bb7a50abc4915838d9f54501a?s=96&d=mm&r=g\",\"caption\":\"Mathieu\"},\"url\":\"https:\\\/\\\/www.altercampagne.net\\\/?author=214\"}]}<\/script>\n<!-- \/ Yoast SEO plugin. -->","yoast_head_json":{"title":"Journ\u00e9e de repos du 25 juillet : L'\u00c9cocentre du Tr\u00e9gor - AlterTour","robots":{"index":"index","follow":"follow","max-snippet":"max-snippet:-1","max-image-preview":"max-image-preview:large","max-video-preview":"max-video-preview:-1"},"canonical":"https:\/\/www.altercampagne.net\/?p=5527","og_locale":"fr_FR","og_type":"article","og_title":"Journ\u00e9e de repos du 25 juillet : L'\u00c9cocentre du Tr\u00e9gor - AlterTour","og_description":"Il \u00e9tait une fois le village \u00c9cocentre peupl\u00e9 d\u2019irr\u00e9ductibles esprits libres. Ils se nommaient Manu le boulanger, Jean Louis le barde, Aur\u00e9lien le guide, Manon l\u2019abeille et Charline la dresseuse. Pour contrer l\u2019envahisseur, ils b\u00e2tirent un espace pour r\u00e9fl\u00e9chir sur les ressources en \u00e9nergie, le gaspillage, la pr\u00e9ciosit\u00e9 de la ... Read More","og_url":"https:\/\/www.altercampagne.net\/?p=5527","og_site_name":"AlterTour","article_published_time":"2016-07-25T14:00:35+00:00","article_modified_time":"2019-09-13T14:54:22+00:00","og_image":[{"width":907,"height":474,"url":"https:\/\/www.altercampagne.net\/wp-content\/uploads\/2016\/07\/2016-07-25_15.06.jpg","type":"image\/jpeg"}],"author":"Mathieu","twitter_card":"summary_large_image","twitter_misc":{"\u00c9crit par":"Mathieu","Dur\u00e9e de lecture estim\u00e9e":"1 minute"},"schema":{"@context":"https:\/\/schema.org","@graph":[{"@type":"Article","@id":"https:\/\/www.altercampagne.net\/?p=5527#article","isPartOf":{"@id":"https:\/\/www.altercampagne.net\/?p=5527"},"author":{"name":"Mathieu","@id":"https:\/\/www.altercampagne.net\/#\/schema\/person\/0f261460c09e430caa0f9bcffa319109"},"headline":"Journ\u00e9e de repos du 25 juillet : L&rsquo;\u00c9cocentre du Tr\u00e9gor","datePublished":"2016-07-25T14:00:35+00:00","dateModified":"2019-09-13T14:54:22+00:00","mainEntityOfPage":{"@id":"https:\/\/www.altercampagne.net\/?p=5527"},"wordCount":230,"image":{"@id":"https:\/\/www.altercampagne.net\/?p=5527#primaryimage"},"thumbnailUrl":"https:\/\/www.altercampagne.net\/wp-content\/uploads\/2016\/07\/2016-07-25_15.06.jpg","keywords":["bretagne","AlterTour 2016","ecocentre du tr\u00e9gor","2016","C\u00f4tes-d'Armor","Pleumeur-Bodou","alterjournaliste","accueillant","accueillant2016","accueillant 2016","AlterTour2016"],"articleSection":["Bretagne","Education","Environnement","\u00c9dition 2016"],"inLanguage":"fr-FR"},{"@type":"WebPage","@id":"https:\/\/www.altercampagne.net\/?p=5527","url":"https:\/\/www.altercampagne.net\/?p=5527","name":"Journ\u00e9e de repos du 25 juillet : L'\u00c9cocentre du Tr\u00e9gor - AlterTour","isPartOf":{"@id":"https:\/\/www.altercampagne.net\/#website"},"primaryImageOfPage":{"@id":"https:\/\/www.altercampagne.net\/?p=5527#primaryimage"},"image":{"@id":"https:\/\/www.altercampagne.net\/?p=5527#primaryimage"},"thumbnailUrl":"https:\/\/www.altercampagne.net\/wp-content\/uploads\/2016\/07\/2016-07-25_15.06.jpg","datePublished":"2016-07-25T14:00:35+00:00","dateModified":"2019-09-13T14:54:22+00:00","author":{"@id":"https:\/\/www.altercampagne.net\/#\/schema\/person\/0f261460c09e430caa0f9bcffa319109"},"breadcrumb":{"@id":"https:\/\/www.altercampagne.net\/?p=5527#breadcrumb"},"inLanguage":"fr-FR","potentialAction":[{"@type":"ReadAction","target":["https:\/\/www.altercampagne.net\/?p=5527"]}]},{"@type":"ImageObject","inLanguage":"fr-FR","@id":"https:\/\/www.altercampagne.net\/?p=5527#primaryimage","url":"https:\/\/www.altercampagne.net\/wp-content\/uploads\/2016\/07\/2016-07-25_15.06.jpg","contentUrl":"https:\/\/www.altercampagne.net\/wp-content\/uploads\/2016\/07\/2016-07-25_15.06.jpg","width":907,"height":474},{"@type":"BreadcrumbList","@id":"https:\/\/www.altercampagne.net\/?p=5527#breadcrumb","itemListElement":[{"@type":"ListItem","position":1,"name":"Accueil","item":"https:\/\/www.altercampagne.net\/"},{"@type":"ListItem","position":2,"name":"Journ\u00e9e de repos du 25 juillet : L&rsquo;\u00c9cocentre du Tr\u00e9gor"}]},{"@type":"WebSite","@id":"https:\/\/www.altercampagne.net\/#website","url":"https:\/\/www.altercampagne.net\/","name":"AlterTour","description":"Reliez les Alternatives \u00e0 v\u00e9lo","potentialAction":[{"@type":"SearchAction","target":{"@type":"EntryPoint","urlTemplate":"https:\/\/www.altercampagne.net\/?s={search_term_string}"},"query-input":{"@type":"PropertyValueSpecification","valueRequired":true,"valueName":"search_term_string"}}],"inLanguage":"fr-FR"},{"@type":"Person","@id":"https:\/\/www.altercampagne.net\/#\/schema\/person\/0f261460c09e430caa0f9bcffa319109","name":"Mathieu","image":{"@type":"ImageObject","inLanguage":"fr-FR","@id":"https:\/\/secure.gravatar.com\/avatar\/aa9d3d24c83f2141e5e2709d0f63d09a99f6be6bb7a50abc4915838d9f54501a?s=96&d=mm&r=g","url":"https:\/\/secure.gravatar.com\/avatar\/aa9d3d24c83f2141e5e2709d0f63d09a99f6be6bb7a50abc4915838d9f54501a?s=96&d=mm&r=g","contentUrl":"https:\/\/secure.gravatar.com\/avatar\/aa9d3d24c83f2141e5e2709d0f63d09a99f6be6bb7a50abc4915838d9f54501a?s=96&d=mm&r=g","caption":"Mathieu"},"url":"https:\/\/www.altercampagne.net\/?author=214"}]}},"_links":{"self":[{"href":"https:\/\/www.altercampagne.net\/index.php?rest_route=\/wp\/v2\/posts\/5527","targetHints":{"allow":["GET"]}}],"collection":[{"href":"https:\/\/www.altercampagne.net\/index.php?rest_route=\/wp\/v2\/posts"}],"about":[{"href":"https:\/\/www.altercampagne.net\/index.php?rest_route=\/wp\/v2\/types\/post"}],"author":[{"embeddable":true,"href":"https:\/\/www.altercampagne.net\/index.php?rest_route=\/wp\/v2\/users\/214"}],"replies":[{"embeddable":true,"href":"https:\/\/www.altercampagne.net\/index.php?rest_route=%2Fwp%2Fv2%2Fcomments&post=5527"}],"version-history":[{"count":0,"href":"https:\/\/www.altercampagne.net\/index.php?rest_route=\/wp\/v2\/posts\/5527\/revisions"}],"wp:featuredmedia":[{"embeddable":true,"href":"https:\/\/www.altercampagne.net\/index.php?rest_route=\/wp\/v2\/media\/15496"}],"wp:attachment":[{"href":"https:\/\/www.altercampagne.net\/index.php?rest_route=%2Fwp%2Fv2%2Fmedia&parent=5527"}],"wp:term":[{"taxonomy":"category","embeddable":true,"href":"https:\/\/www.altercampagne.net\/index.php?rest_route=%2Fwp%2Fv2%2Fcategories&post=5527"},{"taxonomy":"post_tag","embeddable":true,"href":"https:\/\/www.altercampagne.net\/index.php?rest_route=%2Fwp%2Fv2%2Ftags&post=5527"}],"curies":[{"name":"wp","href":"https:\/\/api.w.org\/{rel}","templated":true}]}}