{"id":5529,"date":"2016-07-24T16:22:01","date_gmt":"2016-07-24T14:22:01","guid":{"rendered":"http:\/\/www.altercampagne.net\/?p=5529"},"modified":"2019-09-13T16:51:58","modified_gmt":"2019-09-13T14:51:58","slug":"etape-du-24-juillet-lecocentre-du-tregor-a-pleumeur-bodou","status":"publish","type":"post","link":"https:\/\/www.altercampagne.net\/?p=5529","title":{"rendered":"\u00c9tape du 24 juillet : L\u2019\u00c9coCentre du Tr\u00e9gor \u00e0 Pleumeur-Bodou"},"content":{"rendered":"<p><img loading=\"lazy\" decoding=\"async\" class=\" alignright\" src=\"https:\/\/lh3.googleusercontent.com\/IloZ9ybV4msYYhJx510tRemcur7OIEWqNnqktz7gSnNpWZiBMoS1Evj5TpUw_DrZKuTeQl7nrMGSrpeau628SaVvrUa6bFqzbb3CKVuxSm9dyC4dlI9x8k8SLybYV9IbgKcRTPJWNJltRUf-vNfDHInjsFiy5kkGSgSFAeffzUtM7xWXHT0V7HQ5GXAmkQwKkb4Yi-GhtO6QPNls4EuOisfINeJG0w2wpCeA1pvSWoRV_9VZvwARwENE4TWx70uv51eL8wawKmKMLkSvxBC9qKRgcgW6ryjlzbqSFM76CoqWh82fId04aSFj7LKCA8JyuBJbAq1cW5mRJLRngpqDDoSdkvkZiUusl_028Qf8-wPTq_6qZFeh3PPwY46ud7_rAAtZrZJy-jg7O32lZ7mc-0_7c9_zeWJQzMWSz61VMCA2HmWe0kXHcJ_gf9btBegY92atQqTvI9AP_rltwZxIEBjb0Vj-cx_smj2xBgDDFwhCN6p4molh3A_tZbKCCSYCM5wEwvuKN3qLjDWMufDUJHrFDb_D7TVq5Ht7wIO7bWWNQmx-FS92cTuVu1WorO1Ia9aYBrd3UmIdG6j-tNy13ERF7cipBHtp=w557-h837-no\" alt=\"\" width=\"270\" height=\"392\" \/>Depuis trois heures H\u00e9lios trimait<br \/>\nQuand enfin nous nous \u00e9veill\u00e2mes<br \/>\nLe petit-d\u00e9jeuner nous d\u00e9gust\u00e2mes<br \/>\nTout \u00e9tait pour le moins parfait<\/p>\n<p>Avant que, tel Cincinnatus<br \/>\nNous ne retourn\u00e2mes \u00e0 nos selles<br \/>\nL\u2019adieu fut court et sans bordel<br \/>\nA onze heures quinze nous repart\u00eemes<\/p>\n<p>Mais le v\u00e9n\u00e9rable Michel<br \/>\nA l\u2019orientation r\u00e9put\u00e9e<br \/>\nNous mena par de douteux sentiers<br \/>\nEncombr\u00e9s des orties les plus belles<\/p>\n<p>Le midi vint, avec la faim<br \/>\nLe repas fut frugal mais sain<br \/>\nNous repart\u00eemes prestement<br \/>\nSous les nuages s\u2019amoncelant<\/p>\n<p>Nous p\u00e9dal\u00e2mes plus de deux heures<br \/>\nValkyries chargeant, sans l\u2019ombre d\u2019une peur<br \/>\nAvant d\u2019atteindre une vall\u00e9e<br \/>\nD\u2019un terrain de v\u00e9lo dot\u00e9e<\/p>\n<p>Nous atteign\u00eemes Lannion la Grande<br \/>\nLongeant sa vall\u00e9e encaiss\u00e9e<br \/>\nNous souffr\u00eemes dans moult dures mont\u00e9es.<br \/>\nToutefois nous parv\u00eenmes \u00e0 l\u2019\u00c9den<\/p>\n<p>A l\u2019\u00e9cocentre nous plant\u00e2mes nos tentes<br \/>\nNous festoy\u00e2mes gaiement et grassement<br \/>\nNous fin\u00eemes au feu rougeoyant<br \/>\nUnis sous la froide bruine tombante&#8230;<\/p>\n<p style=\"text-align: right;\"><strong>Ya\u00ebl<\/strong><\/p>\n","protected":false},"excerpt":{"rendered":"<p>Depuis trois heures H\u00e9lios trimait Quand enfin nous nous \u00e9veill\u00e2mes Le petit-d\u00e9jeuner nous d\u00e9gust\u00e2mes Tout \u00e9tait pour le moins parfait Avant que, tel Cincinnatus Nous ne retourn\u00e2mes \u00e0 nos selles L\u2019adieu fut court et sans bordel A onze heures quinze nous repart\u00eemes Mais le v\u00e9n\u00e9rable Michel A l\u2019orientation r\u00e9put\u00e9e Nous &#8230; <\/p>\n<div><a href=\"https:\/\/www.altercampagne.net\/?p=5529\" class=\"more-link\">Read More<\/a><\/div>\n","protected":false},"author":214,"featured_media":15494,"comment_status":"closed","ping_status":"closed","sticky":false,"template":"","format":"standard","meta":{"footnotes":""},"categories":[3472,3938,3486,3459],"tags":[20,383,411,498,1652,2401,2704,2846,2849,2850,2851],"class_list":["post-5529","post","type-post","status-publish","format-standard","has-post-thumbnail","hentry","category-bretagne","category-education","category-environnement","category-edition-2016","tag-bretagne","tag-altertour-2016","tag-cote-darmor","tag-ecocentre-du-tregor","tag-1652","tag-pleumeur-bodou","tag-alterjournaliste","tag-accueillant","tag-accueillant2016","tag-accueillant-2016","tag-altertour2016"],"yoast_head":"<!-- This site is optimized with the Yoast SEO plugin v27.3 - https:\/\/yoast.com\/product\/yoast-seo-wordpress\/ -->\n<title>\u00c9tape du 24 juillet : L\u2019\u00c9coCentre du Tr\u00e9gor \u00e0 Pleumeur-Bodou - AlterTour<\/title>\n<meta name=\"robots\" content=\"index, follow, max-snippet:-1, max-image-preview:large, max-video-preview:-1\" \/>\n<link rel=\"canonical\" href=\"https:\/\/www.altercampagne.net\/?p=5529\" \/>\n<meta property=\"og:locale\" content=\"fr_FR\" \/>\n<meta property=\"og:type\" content=\"article\" \/>\n<meta property=\"og:title\" content=\"\u00c9tape du 24 juillet : L\u2019\u00c9coCentre du Tr\u00e9gor \u00e0 Pleumeur-Bodou - AlterTour\" \/>\n<meta property=\"og:description\" content=\"Depuis trois heures H\u00e9lios trimait Quand enfin nous nous \u00e9veill\u00e2mes Le petit-d\u00e9jeuner nous d\u00e9gust\u00e2mes Tout \u00e9tait pour le moins parfait Avant que, tel Cincinnatus Nous ne retourn\u00e2mes \u00e0 nos selles L\u2019adieu fut court et sans bordel A onze heures quinze nous repart\u00eemes Mais le v\u00e9n\u00e9rable Michel A l\u2019orientation r\u00e9put\u00e9e Nous ... Read More\" \/>\n<meta property=\"og:url\" content=\"https:\/\/www.altercampagne.net\/?p=5529\" \/>\n<meta property=\"og:site_name\" content=\"AlterTour\" \/>\n<meta property=\"article:published_time\" content=\"2016-07-24T14:22:01+00:00\" \/>\n<meta property=\"article:modified_time\" content=\"2019-09-13T14:51:58+00:00\" \/>\n<meta property=\"og:image\" content=\"https:\/\/www.altercampagne.net\/wp-content\/uploads\/2016\/07\/2016-07-25_15.16.jpg\" \/>\n\t<meta property=\"og:image:width\" content=\"904\" \/>\n\t<meta property=\"og:image:height\" content=\"472\" \/>\n\t<meta property=\"og:image:type\" content=\"image\/jpeg\" \/>\n<meta name=\"author\" content=\"Mathieu\" \/>\n<meta name=\"twitter:card\" content=\"summary_large_image\" \/>\n<meta name=\"twitter:label1\" content=\"\u00c9crit par\" \/>\n\t<meta name=\"twitter:data1\" content=\"Mathieu\" \/>\n\t<meta name=\"twitter:label2\" content=\"Dur\u00e9e de lecture estim\u00e9e\" \/>\n\t<meta name=\"twitter:data2\" content=\"1 minute\" \/>\n<script type=\"application\/ld+json\" class=\"yoast-schema-graph\">{\"@context\":\"https:\\\/\\\/schema.org\",\"@graph\":[{\"@type\":\"Article\",\"@id\":\"https:\\\/\\\/www.altercampagne.net\\\/?p=5529#article\",\"isPartOf\":{\"@id\":\"https:\\\/\\\/www.altercampagne.net\\\/?p=5529\"},\"author\":{\"name\":\"Mathieu\",\"@id\":\"https:\\\/\\\/www.altercampagne.net\\\/#\\\/schema\\\/person\\\/0f261460c09e430caa0f9bcffa319109\"},\"headline\":\"\u00c9tape du 24 juillet : L\u2019\u00c9coCentre du Tr\u00e9gor \u00e0 Pleumeur-Bodou\",\"datePublished\":\"2016-07-24T14:22:01+00:00\",\"dateModified\":\"2019-09-13T14:51:58+00:00\",\"mainEntityOfPage\":{\"@id\":\"https:\\\/\\\/www.altercampagne.net\\\/?p=5529\"},\"wordCount\":188,\"image\":{\"@id\":\"https:\\\/\\\/www.altercampagne.net\\\/?p=5529#primaryimage\"},\"thumbnailUrl\":\"https:\\\/\\\/www.altercampagne.net\\\/wp-content\\\/uploads\\\/2016\\\/07\\\/2016-07-25_15.16.jpg\",\"keywords\":[\"bretagne\",\"AlterTour 2016\",\"cote d'armor\",\"ecocentre du tr\u00e9gor\",\"2016\",\"Pleumeur-Bodou\",\"alterjournaliste\",\"accueillant\",\"accueillant2016\",\"accueillant 2016\",\"AlterTour2016\"],\"articleSection\":[\"Bretagne\",\"Education\",\"Environnement\",\"\u00c9dition 2016\"],\"inLanguage\":\"fr-FR\"},{\"@type\":\"WebPage\",\"@id\":\"https:\\\/\\\/www.altercampagne.net\\\/?p=5529\",\"url\":\"https:\\\/\\\/www.altercampagne.net\\\/?p=5529\",\"name\":\"\u00c9tape du 24 juillet : L\u2019\u00c9coCentre du Tr\u00e9gor \u00e0 Pleumeur-Bodou - AlterTour\",\"isPartOf\":{\"@id\":\"https:\\\/\\\/www.altercampagne.net\\\/#website\"},\"primaryImageOfPage\":{\"@id\":\"https:\\\/\\\/www.altercampagne.net\\\/?p=5529#primaryimage\"},\"image\":{\"@id\":\"https:\\\/\\\/www.altercampagne.net\\\/?p=5529#primaryimage\"},\"thumbnailUrl\":\"https:\\\/\\\/www.altercampagne.net\\\/wp-content\\\/uploads\\\/2016\\\/07\\\/2016-07-25_15.16.jpg\",\"datePublished\":\"2016-07-24T14:22:01+00:00\",\"dateModified\":\"2019-09-13T14:51:58+00:00\",\"author\":{\"@id\":\"https:\\\/\\\/www.altercampagne.net\\\/#\\\/schema\\\/person\\\/0f261460c09e430caa0f9bcffa319109\"},\"breadcrumb\":{\"@id\":\"https:\\\/\\\/www.altercampagne.net\\\/?p=5529#breadcrumb\"},\"inLanguage\":\"fr-FR\",\"potentialAction\":[{\"@type\":\"ReadAction\",\"target\":[\"https:\\\/\\\/www.altercampagne.net\\\/?p=5529\"]}]},{\"@type\":\"ImageObject\",\"inLanguage\":\"fr-FR\",\"@id\":\"https:\\\/\\\/www.altercampagne.net\\\/?p=5529#primaryimage\",\"url\":\"https:\\\/\\\/www.altercampagne.net\\\/wp-content\\\/uploads\\\/2016\\\/07\\\/2016-07-25_15.16.jpg\",\"contentUrl\":\"https:\\\/\\\/www.altercampagne.net\\\/wp-content\\\/uploads\\\/2016\\\/07\\\/2016-07-25_15.16.jpg\",\"width\":904,\"height\":472},{\"@type\":\"BreadcrumbList\",\"@id\":\"https:\\\/\\\/www.altercampagne.net\\\/?p=5529#breadcrumb\",\"itemListElement\":[{\"@type\":\"ListItem\",\"position\":1,\"name\":\"Accueil\",\"item\":\"https:\\\/\\\/www.altercampagne.net\\\/\"},{\"@type\":\"ListItem\",\"position\":2,\"name\":\"\u00c9tape du 24 juillet : L\u2019\u00c9coCentre du Tr\u00e9gor \u00e0 Pleumeur-Bodou\"}]},{\"@type\":\"WebSite\",\"@id\":\"https:\\\/\\\/www.altercampagne.net\\\/#website\",\"url\":\"https:\\\/\\\/www.altercampagne.net\\\/\",\"name\":\"AlterTour\",\"description\":\"Reliez les Alternatives \u00e0 v\u00e9lo\",\"potentialAction\":[{\"@type\":\"SearchAction\",\"target\":{\"@type\":\"EntryPoint\",\"urlTemplate\":\"https:\\\/\\\/www.altercampagne.net\\\/?s={search_term_string}\"},\"query-input\":{\"@type\":\"PropertyValueSpecification\",\"valueRequired\":true,\"valueName\":\"search_term_string\"}}],\"inLanguage\":\"fr-FR\"},{\"@type\":\"Person\",\"@id\":\"https:\\\/\\\/www.altercampagne.net\\\/#\\\/schema\\\/person\\\/0f261460c09e430caa0f9bcffa319109\",\"name\":\"Mathieu\",\"image\":{\"@type\":\"ImageObject\",\"inLanguage\":\"fr-FR\",\"@id\":\"https:\\\/\\\/secure.gravatar.com\\\/avatar\\\/aa9d3d24c83f2141e5e2709d0f63d09a99f6be6bb7a50abc4915838d9f54501a?s=96&d=mm&r=g\",\"url\":\"https:\\\/\\\/secure.gravatar.com\\\/avatar\\\/aa9d3d24c83f2141e5e2709d0f63d09a99f6be6bb7a50abc4915838d9f54501a?s=96&d=mm&r=g\",\"contentUrl\":\"https:\\\/\\\/secure.gravatar.com\\\/avatar\\\/aa9d3d24c83f2141e5e2709d0f63d09a99f6be6bb7a50abc4915838d9f54501a?s=96&d=mm&r=g\",\"caption\":\"Mathieu\"},\"url\":\"https:\\\/\\\/www.altercampagne.net\\\/?author=214\"}]}<\/script>\n<!-- \/ Yoast SEO plugin. -->","yoast_head_json":{"title":"\u00c9tape du 24 juillet : L\u2019\u00c9coCentre du Tr\u00e9gor \u00e0 Pleumeur-Bodou - AlterTour","robots":{"index":"index","follow":"follow","max-snippet":"max-snippet:-1","max-image-preview":"max-image-preview:large","max-video-preview":"max-video-preview:-1"},"canonical":"https:\/\/www.altercampagne.net\/?p=5529","og_locale":"fr_FR","og_type":"article","og_title":"\u00c9tape du 24 juillet : L\u2019\u00c9coCentre du Tr\u00e9gor \u00e0 Pleumeur-Bodou - AlterTour","og_description":"Depuis trois heures H\u00e9lios trimait Quand enfin nous nous \u00e9veill\u00e2mes Le petit-d\u00e9jeuner nous d\u00e9gust\u00e2mes Tout \u00e9tait pour le moins parfait Avant que, tel Cincinnatus Nous ne retourn\u00e2mes \u00e0 nos selles L\u2019adieu fut court et sans bordel A onze heures quinze nous repart\u00eemes Mais le v\u00e9n\u00e9rable Michel A l\u2019orientation r\u00e9put\u00e9e Nous ... Read More","og_url":"https:\/\/www.altercampagne.net\/?p=5529","og_site_name":"AlterTour","article_published_time":"2016-07-24T14:22:01+00:00","article_modified_time":"2019-09-13T14:51:58+00:00","og_image":[{"width":904,"height":472,"url":"https:\/\/www.altercampagne.net\/wp-content\/uploads\/2016\/07\/2016-07-25_15.16.jpg","type":"image\/jpeg"}],"author":"Mathieu","twitter_card":"summary_large_image","twitter_misc":{"\u00c9crit par":"Mathieu","Dur\u00e9e de lecture estim\u00e9e":"1 minute"},"schema":{"@context":"https:\/\/schema.org","@graph":[{"@type":"Article","@id":"https:\/\/www.altercampagne.net\/?p=5529#article","isPartOf":{"@id":"https:\/\/www.altercampagne.net\/?p=5529"},"author":{"name":"Mathieu","@id":"https:\/\/www.altercampagne.net\/#\/schema\/person\/0f261460c09e430caa0f9bcffa319109"},"headline":"\u00c9tape du 24 juillet : L\u2019\u00c9coCentre du Tr\u00e9gor \u00e0 Pleumeur-Bodou","datePublished":"2016-07-24T14:22:01+00:00","dateModified":"2019-09-13T14:51:58+00:00","mainEntityOfPage":{"@id":"https:\/\/www.altercampagne.net\/?p=5529"},"wordCount":188,"image":{"@id":"https:\/\/www.altercampagne.net\/?p=5529#primaryimage"},"thumbnailUrl":"https:\/\/www.altercampagne.net\/wp-content\/uploads\/2016\/07\/2016-07-25_15.16.jpg","keywords":["bretagne","AlterTour 2016","cote d'armor","ecocentre du tr\u00e9gor","2016","Pleumeur-Bodou","alterjournaliste","accueillant","accueillant2016","accueillant 2016","AlterTour2016"],"articleSection":["Bretagne","Education","Environnement","\u00c9dition 2016"],"inLanguage":"fr-FR"},{"@type":"WebPage","@id":"https:\/\/www.altercampagne.net\/?p=5529","url":"https:\/\/www.altercampagne.net\/?p=5529","name":"\u00c9tape du 24 juillet : L\u2019\u00c9coCentre du Tr\u00e9gor \u00e0 Pleumeur-Bodou - AlterTour","isPartOf":{"@id":"https:\/\/www.altercampagne.net\/#website"},"primaryImageOfPage":{"@id":"https:\/\/www.altercampagne.net\/?p=5529#primaryimage"},"image":{"@id":"https:\/\/www.altercampagne.net\/?p=5529#primaryimage"},"thumbnailUrl":"https:\/\/www.altercampagne.net\/wp-content\/uploads\/2016\/07\/2016-07-25_15.16.jpg","datePublished":"2016-07-24T14:22:01+00:00","dateModified":"2019-09-13T14:51:58+00:00","author":{"@id":"https:\/\/www.altercampagne.net\/#\/schema\/person\/0f261460c09e430caa0f9bcffa319109"},"breadcrumb":{"@id":"https:\/\/www.altercampagne.net\/?p=5529#breadcrumb"},"inLanguage":"fr-FR","potentialAction":[{"@type":"ReadAction","target":["https:\/\/www.altercampagne.net\/?p=5529"]}]},{"@type":"ImageObject","inLanguage":"fr-FR","@id":"https:\/\/www.altercampagne.net\/?p=5529#primaryimage","url":"https:\/\/www.altercampagne.net\/wp-content\/uploads\/2016\/07\/2016-07-25_15.16.jpg","contentUrl":"https:\/\/www.altercampagne.net\/wp-content\/uploads\/2016\/07\/2016-07-25_15.16.jpg","width":904,"height":472},{"@type":"BreadcrumbList","@id":"https:\/\/www.altercampagne.net\/?p=5529#breadcrumb","itemListElement":[{"@type":"ListItem","position":1,"name":"Accueil","item":"https:\/\/www.altercampagne.net\/"},{"@type":"ListItem","position":2,"name":"\u00c9tape du 24 juillet : L\u2019\u00c9coCentre du Tr\u00e9gor \u00e0 Pleumeur-Bodou"}]},{"@type":"WebSite","@id":"https:\/\/www.altercampagne.net\/#website","url":"https:\/\/www.altercampagne.net\/","name":"AlterTour","description":"Reliez les Alternatives \u00e0 v\u00e9lo","potentialAction":[{"@type":"SearchAction","target":{"@type":"EntryPoint","urlTemplate":"https:\/\/www.altercampagne.net\/?s={search_term_string}"},"query-input":{"@type":"PropertyValueSpecification","valueRequired":true,"valueName":"search_term_string"}}],"inLanguage":"fr-FR"},{"@type":"Person","@id":"https:\/\/www.altercampagne.net\/#\/schema\/person\/0f261460c09e430caa0f9bcffa319109","name":"Mathieu","image":{"@type":"ImageObject","inLanguage":"fr-FR","@id":"https:\/\/secure.gravatar.com\/avatar\/aa9d3d24c83f2141e5e2709d0f63d09a99f6be6bb7a50abc4915838d9f54501a?s=96&d=mm&r=g","url":"https:\/\/secure.gravatar.com\/avatar\/aa9d3d24c83f2141e5e2709d0f63d09a99f6be6bb7a50abc4915838d9f54501a?s=96&d=mm&r=g","contentUrl":"https:\/\/secure.gravatar.com\/avatar\/aa9d3d24c83f2141e5e2709d0f63d09a99f6be6bb7a50abc4915838d9f54501a?s=96&d=mm&r=g","caption":"Mathieu"},"url":"https:\/\/www.altercampagne.net\/?author=214"}]}},"_links":{"self":[{"href":"https:\/\/www.altercampagne.net\/index.php?rest_route=\/wp\/v2\/posts\/5529","targetHints":{"allow":["GET"]}}],"collection":[{"href":"https:\/\/www.altercampagne.net\/index.php?rest_route=\/wp\/v2\/posts"}],"about":[{"href":"https:\/\/www.altercampagne.net\/index.php?rest_route=\/wp\/v2\/types\/post"}],"author":[{"embeddable":true,"href":"https:\/\/www.altercampagne.net\/index.php?rest_route=\/wp\/v2\/users\/214"}],"replies":[{"embeddable":true,"href":"https:\/\/www.altercampagne.net\/index.php?rest_route=%2Fwp%2Fv2%2Fcomments&post=5529"}],"version-history":[{"count":0,"href":"https:\/\/www.altercampagne.net\/index.php?rest_route=\/wp\/v2\/posts\/5529\/revisions"}],"wp:featuredmedia":[{"embeddable":true,"href":"https:\/\/www.altercampagne.net\/index.php?rest_route=\/wp\/v2\/media\/15494"}],"wp:attachment":[{"href":"https:\/\/www.altercampagne.net\/index.php?rest_route=%2Fwp%2Fv2%2Fmedia&parent=5529"}],"wp:term":[{"taxonomy":"category","embeddable":true,"href":"https:\/\/www.altercampagne.net\/index.php?rest_route=%2Fwp%2Fv2%2Fcategories&post=5529"},{"taxonomy":"post_tag","embeddable":true,"href":"https:\/\/www.altercampagne.net\/index.php?rest_route=%2Fwp%2Fv2%2Ftags&post=5529"}],"curies":[{"name":"wp","href":"https:\/\/api.w.org\/{rel}","templated":true}]}}