{"id":5541,"date":"2016-07-21T17:48:28","date_gmt":"2016-07-21T15:48:28","guid":{"rendered":"http:\/\/www.altercampagne.net\/?p=5541"},"modified":"2016-08-10T17:00:56","modified_gmt":"2016-08-10T15:00:56","slug":"alter-tour-jamais-passe-par-ici-il-passera-pourtant-par-la","status":"publish","type":"post","link":"https:\/\/www.altercampagne.net\/?p=5541","title":{"rendered":"Alter Tour. Jamais pass\u00e9 par ici, il passera pourtant par l\u00e0&#8230;"},"content":{"rendered":"<p>Les cyclistes de l&rsquo;AlterTour, passeront par Concarneau le samedi 30 juillet. AlterTour ? \u00ab C&rsquo;est un autre tour de France, sans dopage ni comp\u00e9tition \u00bb, r\u00e9sume Claude Voldoire qui attend \u00ab environ 70 cyclistes \u00bb. Faire la promotion du v\u00e9lo, des d\u00e9placements doux et de la protection de l&rsquo;environnement. Tel est l&rsquo;objectif de l&rsquo;association organisatrice de l&rsquo;Alter Tour. Accessible \u00e0 tous, l&rsquo;Alter tour est un parcours \u00e0 v\u00e9lo, effectu\u00e9 dans une r\u00e9gion de France, afin d&rsquo;aller de ville en ville \u00ab \u00e0 la rencontre des associations environnementales, des agriculteurs biologiques et, plus g\u00e9n\u00e9ralement, de toutes les personnes porteuses d&rsquo;alternatives concr\u00e8tes dans tous les domaines \u00bb. Et cette ann\u00e9e, pour la premi\u00e8re fois, l&rsquo;Alter Tour sillonne la Loire-Atlantique et la Bretagne. Parti de Notre-Dame-des-Landes le 10 juillet, la caravane des cyclistes passera \u00e0 Concarneau apr\u00e8s avoir fait escale \u00e0 Rennes, Saint-Brieuc, Brest, etc.<\/p>\n<p><strong>Le CRADE en premi\u00e8re ligne<\/strong><\/p>\n<p>Localement, c&rsquo;est le CRADE (Centre de recherche sur l&rsquo;avenir des d\u00e9placements \u00e9cologiques), qui est le relais de cet Alter Tour qui devrait compter \u00ab au moins 70 cyclistes \u00bb, estime Claude Voldoire, tr\u00e9sorier de l&rsquo;association concarnoise. Les organisateurs en attendent plus, \u00ab ponctuellement, des cyclistes viennent se joindre au groupe pour effectuer une partie du parcours \u00bb. En tout cas, l&rsquo;Alter Tour ne devrait pas passer inaper\u00e7u \u00e0 Concarneau, surtout du c\u00f4t\u00e9 de la plage des Sables-Blancs avec le pique-nique pr\u00e9vu \u00e0 13 h 30. D&rsquo;autant moins inaper\u00e7u qu&rsquo;une \u00ab V\u00e9lorution \u00bb est pr\u00e9vue de 15 h 30 \u00e0 17 h en centre-ville avec des dizaines de cyclistes sur les routes. Le principe est simple : \u00ab circuler en groupe et \u00e0 v\u00e9lo dans la ville pour affirmer la pr\u00e9sence des cyclistes et valoriser ce mode de d\u00e9placement \u00bb, r\u00e9sume Claude Voldoire. Cette journ\u00e9e du 30 juillet sera bien d\u00e9di\u00e9e au d\u00e9placement doux avec, en cl\u00f4ture, une conf\u00e9rence gesticul\u00e9e de Marc Pion sur le terrain de la Tri Martolod avec pour th\u00e8me \u00ab du tracteur \u00e0 l&rsquo;\u00e2ne \u00bb.<\/p>\n<p>Source : <a href=\"http:\/\/www.letelegramme.fr\/finistere\/concarneau\/alter-tour-jamais-passe-par-ici-il-passera-pourtant-par-la-21-07-2016-11155843.php#vDUoFir7e5Tpykfm.99\" target=\"_blank\">Le T\u00e9l\u00e9gramme<\/a><\/p>\n","protected":false},"excerpt":{"rendered":"<p>Les cyclistes de l&rsquo;AlterTour, passeront par Concarneau le samedi 30 juillet. AlterTour ? \u00ab C&rsquo;est un autre tour de France, sans dopage ni comp\u00e9tition \u00bb, r\u00e9sume Claude Voldoire qui attend \u00ab environ 70 cyclistes \u00bb. Faire la promotion du v\u00e9lo, des d\u00e9placements doux et de la protection de l&rsquo;environnement. Tel &#8230; <\/p>\n<div><a href=\"https:\/\/www.altercampagne.net\/?p=5541\" class=\"more-link\">Read More<\/a><\/div>\n","protected":false},"author":214,"featured_media":0,"comment_status":"closed","ping_status":"closed","sticky":false,"template":"","format":"standard","meta":{"footnotes":""},"categories":[239],"tags":[20,102,383,410,1652,2186,2537,2538,2539,2540,2541],"class_list":["post-5541","post","type-post","status-publish","format-standard","hentry","category-revue-de-presse","tag-bretagne","tag-velorution","tag-altertour-2016","tag-finistere","tag-1652","tag-concarneau","tag-telegramme","tag-crade","tag-centre-de-recherche-sur-lavenir-des-deplacements-ecologiques","tag-claude-voldoire","tag-tri-martolod","no-post-thumbnail"],"yoast_head":"<!-- This site is optimized with the Yoast SEO plugin v27.3 - https:\/\/yoast.com\/product\/yoast-seo-wordpress\/ -->\n<title>Alter Tour. Jamais pass\u00e9 par ici, il passera pourtant par l\u00e0... - AlterTour<\/title>\n<meta name=\"robots\" content=\"index, follow, max-snippet:-1, max-image-preview:large, max-video-preview:-1\" \/>\n<link rel=\"canonical\" href=\"https:\/\/www.altercampagne.net\/?p=5541\" \/>\n<meta property=\"og:locale\" content=\"fr_FR\" \/>\n<meta property=\"og:type\" content=\"article\" \/>\n<meta property=\"og:title\" content=\"Alter Tour. Jamais pass\u00e9 par ici, il passera pourtant par l\u00e0... - AlterTour\" \/>\n<meta property=\"og:description\" content=\"Les cyclistes de l&rsquo;AlterTour, passeront par Concarneau le samedi 30 juillet. AlterTour ? \u00ab C&rsquo;est un autre tour de France, sans dopage ni comp\u00e9tition \u00bb, r\u00e9sume Claude Voldoire qui attend \u00ab environ 70 cyclistes \u00bb. Faire la promotion du v\u00e9lo, des d\u00e9placements doux et de la protection de l&rsquo;environnement. Tel ... Read More\" \/>\n<meta property=\"og:url\" content=\"https:\/\/www.altercampagne.net\/?p=5541\" \/>\n<meta property=\"og:site_name\" content=\"AlterTour\" \/>\n<meta property=\"article:published_time\" content=\"2016-07-21T15:48:28+00:00\" \/>\n<meta property=\"article:modified_time\" content=\"2016-08-10T15:00:56+00:00\" \/>\n<meta name=\"author\" content=\"Mathieu\" \/>\n<meta name=\"twitter:card\" content=\"summary_large_image\" \/>\n<meta name=\"twitter:label1\" content=\"\u00c9crit par\" \/>\n\t<meta name=\"twitter:data1\" content=\"Mathieu\" \/>\n\t<meta name=\"twitter:label2\" content=\"Dur\u00e9e de lecture estim\u00e9e\" \/>\n\t<meta name=\"twitter:data2\" content=\"2 minutes\" \/>\n<script type=\"application\/ld+json\" class=\"yoast-schema-graph\">{\"@context\":\"https:\\\/\\\/schema.org\",\"@graph\":[{\"@type\":\"Article\",\"@id\":\"https:\\\/\\\/www.altercampagne.net\\\/?p=5541#article\",\"isPartOf\":{\"@id\":\"https:\\\/\\\/www.altercampagne.net\\\/?p=5541\"},\"author\":{\"name\":\"Mathieu\",\"@id\":\"https:\\\/\\\/www.altercampagne.net\\\/#\\\/schema\\\/person\\\/0f261460c09e430caa0f9bcffa319109\"},\"headline\":\"Alter Tour. Jamais pass\u00e9 par ici, il passera pourtant par l\u00e0&#8230;\",\"datePublished\":\"2016-07-21T15:48:28+00:00\",\"dateModified\":\"2016-08-10T15:00:56+00:00\",\"mainEntityOfPage\":{\"@id\":\"https:\\\/\\\/www.altercampagne.net\\\/?p=5541\"},\"wordCount\":353,\"keywords\":[\"bretagne\",\"v\u00e9lorution\",\"AlterTour 2016\",\"finist\u00e8re\",\"2016\",\"Concarneau\",\"T\u00e9l\u00e9gramme\",\"CRADE\",\"Centre de recherche sur l'avenir des d\u00e9placements \u00e9cologiques\",\"Claude Voldoire\",\"Tri Martolod\"],\"articleSection\":[\"Revue de presse\"],\"inLanguage\":\"fr-FR\"},{\"@type\":\"WebPage\",\"@id\":\"https:\\\/\\\/www.altercampagne.net\\\/?p=5541\",\"url\":\"https:\\\/\\\/www.altercampagne.net\\\/?p=5541\",\"name\":\"Alter Tour. Jamais pass\u00e9 par ici, il passera pourtant par l\u00e0... - AlterTour\",\"isPartOf\":{\"@id\":\"https:\\\/\\\/www.altercampagne.net\\\/#website\"},\"datePublished\":\"2016-07-21T15:48:28+00:00\",\"dateModified\":\"2016-08-10T15:00:56+00:00\",\"author\":{\"@id\":\"https:\\\/\\\/www.altercampagne.net\\\/#\\\/schema\\\/person\\\/0f261460c09e430caa0f9bcffa319109\"},\"breadcrumb\":{\"@id\":\"https:\\\/\\\/www.altercampagne.net\\\/?p=5541#breadcrumb\"},\"inLanguage\":\"fr-FR\",\"potentialAction\":[{\"@type\":\"ReadAction\",\"target\":[\"https:\\\/\\\/www.altercampagne.net\\\/?p=5541\"]}]},{\"@type\":\"BreadcrumbList\",\"@id\":\"https:\\\/\\\/www.altercampagne.net\\\/?p=5541#breadcrumb\",\"itemListElement\":[{\"@type\":\"ListItem\",\"position\":1,\"name\":\"Accueil\",\"item\":\"https:\\\/\\\/www.altercampagne.net\\\/\"},{\"@type\":\"ListItem\",\"position\":2,\"name\":\"Alter Tour. Jamais pass\u00e9 par ici, il passera pourtant par l\u00e0&#8230;\"}]},{\"@type\":\"WebSite\",\"@id\":\"https:\\\/\\\/www.altercampagne.net\\\/#website\",\"url\":\"https:\\\/\\\/www.altercampagne.net\\\/\",\"name\":\"AlterTour\",\"description\":\"Reliez les Alternatives \u00e0 v\u00e9lo\",\"potentialAction\":[{\"@type\":\"SearchAction\",\"target\":{\"@type\":\"EntryPoint\",\"urlTemplate\":\"https:\\\/\\\/www.altercampagne.net\\\/?s={search_term_string}\"},\"query-input\":{\"@type\":\"PropertyValueSpecification\",\"valueRequired\":true,\"valueName\":\"search_term_string\"}}],\"inLanguage\":\"fr-FR\"},{\"@type\":\"Person\",\"@id\":\"https:\\\/\\\/www.altercampagne.net\\\/#\\\/schema\\\/person\\\/0f261460c09e430caa0f9bcffa319109\",\"name\":\"Mathieu\",\"image\":{\"@type\":\"ImageObject\",\"inLanguage\":\"fr-FR\",\"@id\":\"https:\\\/\\\/secure.gravatar.com\\\/avatar\\\/aa9d3d24c83f2141e5e2709d0f63d09a99f6be6bb7a50abc4915838d9f54501a?s=96&d=mm&r=g\",\"url\":\"https:\\\/\\\/secure.gravatar.com\\\/avatar\\\/aa9d3d24c83f2141e5e2709d0f63d09a99f6be6bb7a50abc4915838d9f54501a?s=96&d=mm&r=g\",\"contentUrl\":\"https:\\\/\\\/secure.gravatar.com\\\/avatar\\\/aa9d3d24c83f2141e5e2709d0f63d09a99f6be6bb7a50abc4915838d9f54501a?s=96&d=mm&r=g\",\"caption\":\"Mathieu\"},\"url\":\"https:\\\/\\\/www.altercampagne.net\\\/?author=214\"}]}<\/script>\n<!-- \/ Yoast SEO plugin. -->","yoast_head_json":{"title":"Alter Tour. Jamais pass\u00e9 par ici, il passera pourtant par l\u00e0... - AlterTour","robots":{"index":"index","follow":"follow","max-snippet":"max-snippet:-1","max-image-preview":"max-image-preview:large","max-video-preview":"max-video-preview:-1"},"canonical":"https:\/\/www.altercampagne.net\/?p=5541","og_locale":"fr_FR","og_type":"article","og_title":"Alter Tour. Jamais pass\u00e9 par ici, il passera pourtant par l\u00e0... - AlterTour","og_description":"Les cyclistes de l&rsquo;AlterTour, passeront par Concarneau le samedi 30 juillet. AlterTour ? \u00ab C&rsquo;est un autre tour de France, sans dopage ni comp\u00e9tition \u00bb, r\u00e9sume Claude Voldoire qui attend \u00ab environ 70 cyclistes \u00bb. Faire la promotion du v\u00e9lo, des d\u00e9placements doux et de la protection de l&rsquo;environnement. Tel ... Read More","og_url":"https:\/\/www.altercampagne.net\/?p=5541","og_site_name":"AlterTour","article_published_time":"2016-07-21T15:48:28+00:00","article_modified_time":"2016-08-10T15:00:56+00:00","author":"Mathieu","twitter_card":"summary_large_image","twitter_misc":{"\u00c9crit par":"Mathieu","Dur\u00e9e de lecture estim\u00e9e":"2 minutes"},"schema":{"@context":"https:\/\/schema.org","@graph":[{"@type":"Article","@id":"https:\/\/www.altercampagne.net\/?p=5541#article","isPartOf":{"@id":"https:\/\/www.altercampagne.net\/?p=5541"},"author":{"name":"Mathieu","@id":"https:\/\/www.altercampagne.net\/#\/schema\/person\/0f261460c09e430caa0f9bcffa319109"},"headline":"Alter Tour. Jamais pass\u00e9 par ici, il passera pourtant par l\u00e0&#8230;","datePublished":"2016-07-21T15:48:28+00:00","dateModified":"2016-08-10T15:00:56+00:00","mainEntityOfPage":{"@id":"https:\/\/www.altercampagne.net\/?p=5541"},"wordCount":353,"keywords":["bretagne","v\u00e9lorution","AlterTour 2016","finist\u00e8re","2016","Concarneau","T\u00e9l\u00e9gramme","CRADE","Centre de recherche sur l'avenir des d\u00e9placements \u00e9cologiques","Claude Voldoire","Tri Martolod"],"articleSection":["Revue de presse"],"inLanguage":"fr-FR"},{"@type":"WebPage","@id":"https:\/\/www.altercampagne.net\/?p=5541","url":"https:\/\/www.altercampagne.net\/?p=5541","name":"Alter Tour. Jamais pass\u00e9 par ici, il passera pourtant par l\u00e0... - AlterTour","isPartOf":{"@id":"https:\/\/www.altercampagne.net\/#website"},"datePublished":"2016-07-21T15:48:28+00:00","dateModified":"2016-08-10T15:00:56+00:00","author":{"@id":"https:\/\/www.altercampagne.net\/#\/schema\/person\/0f261460c09e430caa0f9bcffa319109"},"breadcrumb":{"@id":"https:\/\/www.altercampagne.net\/?p=5541#breadcrumb"},"inLanguage":"fr-FR","potentialAction":[{"@type":"ReadAction","target":["https:\/\/www.altercampagne.net\/?p=5541"]}]},{"@type":"BreadcrumbList","@id":"https:\/\/www.altercampagne.net\/?p=5541#breadcrumb","itemListElement":[{"@type":"ListItem","position":1,"name":"Accueil","item":"https:\/\/www.altercampagne.net\/"},{"@type":"ListItem","position":2,"name":"Alter Tour. Jamais pass\u00e9 par ici, il passera pourtant par l\u00e0&#8230;"}]},{"@type":"WebSite","@id":"https:\/\/www.altercampagne.net\/#website","url":"https:\/\/www.altercampagne.net\/","name":"AlterTour","description":"Reliez les Alternatives \u00e0 v\u00e9lo","potentialAction":[{"@type":"SearchAction","target":{"@type":"EntryPoint","urlTemplate":"https:\/\/www.altercampagne.net\/?s={search_term_string}"},"query-input":{"@type":"PropertyValueSpecification","valueRequired":true,"valueName":"search_term_string"}}],"inLanguage":"fr-FR"},{"@type":"Person","@id":"https:\/\/www.altercampagne.net\/#\/schema\/person\/0f261460c09e430caa0f9bcffa319109","name":"Mathieu","image":{"@type":"ImageObject","inLanguage":"fr-FR","@id":"https:\/\/secure.gravatar.com\/avatar\/aa9d3d24c83f2141e5e2709d0f63d09a99f6be6bb7a50abc4915838d9f54501a?s=96&d=mm&r=g","url":"https:\/\/secure.gravatar.com\/avatar\/aa9d3d24c83f2141e5e2709d0f63d09a99f6be6bb7a50abc4915838d9f54501a?s=96&d=mm&r=g","contentUrl":"https:\/\/secure.gravatar.com\/avatar\/aa9d3d24c83f2141e5e2709d0f63d09a99f6be6bb7a50abc4915838d9f54501a?s=96&d=mm&r=g","caption":"Mathieu"},"url":"https:\/\/www.altercampagne.net\/?author=214"}]}},"_links":{"self":[{"href":"https:\/\/www.altercampagne.net\/index.php?rest_route=\/wp\/v2\/posts\/5541","targetHints":{"allow":["GET"]}}],"collection":[{"href":"https:\/\/www.altercampagne.net\/index.php?rest_route=\/wp\/v2\/posts"}],"about":[{"href":"https:\/\/www.altercampagne.net\/index.php?rest_route=\/wp\/v2\/types\/post"}],"author":[{"embeddable":true,"href":"https:\/\/www.altercampagne.net\/index.php?rest_route=\/wp\/v2\/users\/214"}],"replies":[{"embeddable":true,"href":"https:\/\/www.altercampagne.net\/index.php?rest_route=%2Fwp%2Fv2%2Fcomments&post=5541"}],"version-history":[{"count":0,"href":"https:\/\/www.altercampagne.net\/index.php?rest_route=\/wp\/v2\/posts\/5541\/revisions"}],"wp:attachment":[{"href":"https:\/\/www.altercampagne.net\/index.php?rest_route=%2Fwp%2Fv2%2Fmedia&parent=5541"}],"wp:term":[{"taxonomy":"category","embeddable":true,"href":"https:\/\/www.altercampagne.net\/index.php?rest_route=%2Fwp%2Fv2%2Fcategories&post=5541"},{"taxonomy":"post_tag","embeddable":true,"href":"https:\/\/www.altercampagne.net\/index.php?rest_route=%2Fwp%2Fv2%2Ftags&post=5541"}],"curies":[{"name":"wp","href":"https:\/\/api.w.org\/{rel}","templated":true}]}}