{"id":5546,"date":"2016-07-29T18:00:25","date_gmt":"2016-07-29T16:00:25","guid":{"rendered":"http:\/\/www.altercampagne.net\/?p=5546"},"modified":"2016-07-29T18:00:25","modified_gmt":"2016-07-29T16:00:25","slug":"laltertour-fait-etape-a-quimper-le-1er-aout","status":"publish","type":"post","link":"https:\/\/www.altercampagne.net\/?p=5546","title":{"rendered":"L&rsquo;AlterTour fait \u00e9tape \u00e0 Quimper le 1er ao\u00fbt"},"content":{"rendered":"<p><strong>Les cyclistes de l&rsquo;AlterTour s&rsquo;arr\u00eateront \u00e0 Quimper le 1er ao\u00fbt. Un forum associatif permettra d&rsquo;\u00e9voquer les alternatives r\u00e9gionales avec les associations locales.<\/strong><\/p>\n<p>Ces 60 cyclistes ne cherchent \u00e0 battre aucune record et encore moins \u00e0 monter sur le podium. Au contraire, ils prennent le temps, n\u2019h\u00e9sitent pas \u00e0 s\u2019arr\u00eater pour d\u00e9couvrir et comprendre les innovations locales, les alternatives\u2026<\/p>\n<p>R\u00e9unis au sein de l\u2019Altertour, ils feront \u00e9tape \u00e0 Quimper le 1er ao\u00fbt, entre 12h et 15h30. A cette occasion, un forum associatif se tiendra au Jardin de l\u2019\u00e9v\u00each\u00e9 entre 12 h et 18 h avec les stands d\u2019E-Ker, d\u2019Attac, d\u2019Eau et Rivi\u00e8res, sortir du Nucl\u00e9aire\u2026 Pierre Mollo animera une conf\u00e9rence, l\u2019Effet Papillon proposera une petite restauration\u2026<br \/>\nUne plan\u00e8te sans dopage<\/p>\n<p>L\u2019AlterTour pour une plan\u00e8te sans dopage est un parcours cycliste autog\u00e9r\u00e9 en relais partant \u00e0 la d\u00e9couverte des alternatives r\u00e9gionales au cours de l\u2019\u00e9t\u00e9. Le parcours 2016 est breton : de Notre-dame des Landes le 10 juillet \u00e0 Rennes le 21 ao\u00fbt. C\u2019est un espace de rencontre, de d\u00e9bats, ouvert \u00e0 tous, visant \u00e0 promouvoir la r\u00e9flexion, les \u00e9changes de connaissances et d\u2019exp\u00e9riences militantes, les t\u00e9moignages de r\u00e9sistance non-violente.<\/p>\n<p>Il est organis\u00e9 par l\u2019association Altercampagne, n\u00e9e des suites de la mobilisation de 2004 contre les OGM. L\u2019esprit de comp\u00e9tition et le dopage sous toutes ses formes son d\u00e9nonc\u00e9s : dopage agricole avec les pesticides, OGM, engrais de synth\u00e8se entra\u00eenent pollution et effondrement de la biodiversit\u00e9 ; dopage financier avec les subprimes, les paradis fiscaux ; dopage \u00e9nerg\u00e9tique avec le nucl\u00e9aire\u2026.<\/p>\n<p style=\"text-align: right;\"><strong>Adele Leberre<\/strong><\/p>\n<p>Source : <a href=\"http:\/\/www.cotequimper.fr\/2016\/07\/29\/l-altertour-fait-etape-a-quimper-le-1er-aout\/\" target=\"_blank\">C\u00f4t\u00e9 Quimper<\/a><\/p>\n","protected":false},"excerpt":{"rendered":"<p>Les cyclistes de l&rsquo;AlterTour s&rsquo;arr\u00eateront \u00e0 Quimper le 1er ao\u00fbt. Un forum associatif permettra d&rsquo;\u00e9voquer les alternatives r\u00e9gionales avec les associations locales. Ces 60 cyclistes ne cherchent \u00e0 battre aucune record et encore moins \u00e0 monter sur le podium. Au contraire, ils prennent le temps, n\u2019h\u00e9sitent pas \u00e0 s\u2019arr\u00eater pour &#8230; <\/p>\n<div><a href=\"https:\/\/www.altercampagne.net\/?p=5546\" class=\"more-link\">Read More<\/a><\/div>\n","protected":false},"author":214,"featured_media":0,"comment_status":"closed","ping_status":"closed","sticky":false,"template":"","format":"standard","meta":{"footnotes":""},"categories":[239],"tags":[20,383,410,428,1008,1652,2542,2543,2544,2545,2546,2547],"class_list":["post-5546","post","type-post","status-publish","format-standard","hentry","category-revue-de-presse","tag-bretagne","tag-altertour-2016","tag-finistere","tag-sortir-du-nucleaire","tag-attac","tag-1652","tag-cote-quimper","tag-quimper","tag-e-ker","tag-eau-et-rivieres","tag-pierre-mollo","tag-leffet-papillon","no-post-thumbnail"],"yoast_head":"<!-- This site is optimized with the Yoast SEO plugin v27.3 - https:\/\/yoast.com\/product\/yoast-seo-wordpress\/ -->\n<title>L&#039;AlterTour fait \u00e9tape \u00e0 Quimper le 1er ao\u00fbt - AlterTour<\/title>\n<meta name=\"robots\" content=\"index, follow, max-snippet:-1, max-image-preview:large, max-video-preview:-1\" \/>\n<link rel=\"canonical\" href=\"https:\/\/www.altercampagne.net\/?p=5546\" \/>\n<meta property=\"og:locale\" content=\"fr_FR\" \/>\n<meta property=\"og:type\" content=\"article\" \/>\n<meta property=\"og:title\" content=\"L&#039;AlterTour fait \u00e9tape \u00e0 Quimper le 1er ao\u00fbt - AlterTour\" \/>\n<meta property=\"og:description\" content=\"Les cyclistes de l&rsquo;AlterTour s&rsquo;arr\u00eateront \u00e0 Quimper le 1er ao\u00fbt. Un forum associatif permettra d&rsquo;\u00e9voquer les alternatives r\u00e9gionales avec les associations locales. Ces 60 cyclistes ne cherchent \u00e0 battre aucune record et encore moins \u00e0 monter sur le podium. Au contraire, ils prennent le temps, n\u2019h\u00e9sitent pas \u00e0 s\u2019arr\u00eater pour ... Read More\" \/>\n<meta property=\"og:url\" content=\"https:\/\/www.altercampagne.net\/?p=5546\" \/>\n<meta property=\"og:site_name\" content=\"AlterTour\" \/>\n<meta property=\"article:published_time\" content=\"2016-07-29T16:00:25+00:00\" \/>\n<meta name=\"author\" content=\"Mathieu\" \/>\n<meta name=\"twitter:card\" content=\"summary_large_image\" \/>\n<meta name=\"twitter:label1\" content=\"\u00c9crit par\" \/>\n\t<meta name=\"twitter:data1\" content=\"Mathieu\" \/>\n\t<meta name=\"twitter:label2\" content=\"Dur\u00e9e de lecture estim\u00e9e\" \/>\n\t<meta name=\"twitter:data2\" content=\"1 minute\" \/>\n<script type=\"application\/ld+json\" class=\"yoast-schema-graph\">{\"@context\":\"https:\\\/\\\/schema.org\",\"@graph\":[{\"@type\":\"Article\",\"@id\":\"https:\\\/\\\/www.altercampagne.net\\\/?p=5546#article\",\"isPartOf\":{\"@id\":\"https:\\\/\\\/www.altercampagne.net\\\/?p=5546\"},\"author\":{\"name\":\"Mathieu\",\"@id\":\"https:\\\/\\\/www.altercampagne.net\\\/#\\\/schema\\\/person\\\/0f261460c09e430caa0f9bcffa319109\"},\"headline\":\"L&rsquo;AlterTour fait \u00e9tape \u00e0 Quimper le 1er ao\u00fbt\",\"datePublished\":\"2016-07-29T16:00:25+00:00\",\"mainEntityOfPage\":{\"@id\":\"https:\\\/\\\/www.altercampagne.net\\\/?p=5546\"},\"wordCount\":292,\"keywords\":[\"bretagne\",\"AlterTour 2016\",\"finist\u00e8re\",\"sortir du nucl\u00e9aire\",\"Attac\",\"2016\",\"C\u00f4t\u00e9 quimper\",\"quimper\",\"E-Ker\",\"Eau et Rivi\u00e8res\",\"Pierre Mollo\",\"l\u2019Effet Papillon\"],\"articleSection\":[\"Revue de presse\"],\"inLanguage\":\"fr-FR\"},{\"@type\":\"WebPage\",\"@id\":\"https:\\\/\\\/www.altercampagne.net\\\/?p=5546\",\"url\":\"https:\\\/\\\/www.altercampagne.net\\\/?p=5546\",\"name\":\"L'AlterTour fait \u00e9tape \u00e0 Quimper le 1er ao\u00fbt - AlterTour\",\"isPartOf\":{\"@id\":\"https:\\\/\\\/www.altercampagne.net\\\/#website\"},\"datePublished\":\"2016-07-29T16:00:25+00:00\",\"author\":{\"@id\":\"https:\\\/\\\/www.altercampagne.net\\\/#\\\/schema\\\/person\\\/0f261460c09e430caa0f9bcffa319109\"},\"breadcrumb\":{\"@id\":\"https:\\\/\\\/www.altercampagne.net\\\/?p=5546#breadcrumb\"},\"inLanguage\":\"fr-FR\",\"potentialAction\":[{\"@type\":\"ReadAction\",\"target\":[\"https:\\\/\\\/www.altercampagne.net\\\/?p=5546\"]}]},{\"@type\":\"BreadcrumbList\",\"@id\":\"https:\\\/\\\/www.altercampagne.net\\\/?p=5546#breadcrumb\",\"itemListElement\":[{\"@type\":\"ListItem\",\"position\":1,\"name\":\"Accueil\",\"item\":\"https:\\\/\\\/www.altercampagne.net\\\/\"},{\"@type\":\"ListItem\",\"position\":2,\"name\":\"L&rsquo;AlterTour fait \u00e9tape \u00e0 Quimper le 1er ao\u00fbt\"}]},{\"@type\":\"WebSite\",\"@id\":\"https:\\\/\\\/www.altercampagne.net\\\/#website\",\"url\":\"https:\\\/\\\/www.altercampagne.net\\\/\",\"name\":\"AlterTour\",\"description\":\"Reliez les Alternatives \u00e0 v\u00e9lo\",\"potentialAction\":[{\"@type\":\"SearchAction\",\"target\":{\"@type\":\"EntryPoint\",\"urlTemplate\":\"https:\\\/\\\/www.altercampagne.net\\\/?s={search_term_string}\"},\"query-input\":{\"@type\":\"PropertyValueSpecification\",\"valueRequired\":true,\"valueName\":\"search_term_string\"}}],\"inLanguage\":\"fr-FR\"},{\"@type\":\"Person\",\"@id\":\"https:\\\/\\\/www.altercampagne.net\\\/#\\\/schema\\\/person\\\/0f261460c09e430caa0f9bcffa319109\",\"name\":\"Mathieu\",\"image\":{\"@type\":\"ImageObject\",\"inLanguage\":\"fr-FR\",\"@id\":\"https:\\\/\\\/secure.gravatar.com\\\/avatar\\\/aa9d3d24c83f2141e5e2709d0f63d09a99f6be6bb7a50abc4915838d9f54501a?s=96&d=mm&r=g\",\"url\":\"https:\\\/\\\/secure.gravatar.com\\\/avatar\\\/aa9d3d24c83f2141e5e2709d0f63d09a99f6be6bb7a50abc4915838d9f54501a?s=96&d=mm&r=g\",\"contentUrl\":\"https:\\\/\\\/secure.gravatar.com\\\/avatar\\\/aa9d3d24c83f2141e5e2709d0f63d09a99f6be6bb7a50abc4915838d9f54501a?s=96&d=mm&r=g\",\"caption\":\"Mathieu\"},\"url\":\"https:\\\/\\\/www.altercampagne.net\\\/?author=214\"}]}<\/script>\n<!-- \/ Yoast SEO plugin. -->","yoast_head_json":{"title":"L'AlterTour fait \u00e9tape \u00e0 Quimper le 1er ao\u00fbt - AlterTour","robots":{"index":"index","follow":"follow","max-snippet":"max-snippet:-1","max-image-preview":"max-image-preview:large","max-video-preview":"max-video-preview:-1"},"canonical":"https:\/\/www.altercampagne.net\/?p=5546","og_locale":"fr_FR","og_type":"article","og_title":"L'AlterTour fait \u00e9tape \u00e0 Quimper le 1er ao\u00fbt - AlterTour","og_description":"Les cyclistes de l&rsquo;AlterTour s&rsquo;arr\u00eateront \u00e0 Quimper le 1er ao\u00fbt. Un forum associatif permettra d&rsquo;\u00e9voquer les alternatives r\u00e9gionales avec les associations locales. Ces 60 cyclistes ne cherchent \u00e0 battre aucune record et encore moins \u00e0 monter sur le podium. Au contraire, ils prennent le temps, n\u2019h\u00e9sitent pas \u00e0 s\u2019arr\u00eater pour ... Read More","og_url":"https:\/\/www.altercampagne.net\/?p=5546","og_site_name":"AlterTour","article_published_time":"2016-07-29T16:00:25+00:00","author":"Mathieu","twitter_card":"summary_large_image","twitter_misc":{"\u00c9crit par":"Mathieu","Dur\u00e9e de lecture estim\u00e9e":"1 minute"},"schema":{"@context":"https:\/\/schema.org","@graph":[{"@type":"Article","@id":"https:\/\/www.altercampagne.net\/?p=5546#article","isPartOf":{"@id":"https:\/\/www.altercampagne.net\/?p=5546"},"author":{"name":"Mathieu","@id":"https:\/\/www.altercampagne.net\/#\/schema\/person\/0f261460c09e430caa0f9bcffa319109"},"headline":"L&rsquo;AlterTour fait \u00e9tape \u00e0 Quimper le 1er ao\u00fbt","datePublished":"2016-07-29T16:00:25+00:00","mainEntityOfPage":{"@id":"https:\/\/www.altercampagne.net\/?p=5546"},"wordCount":292,"keywords":["bretagne","AlterTour 2016","finist\u00e8re","sortir du nucl\u00e9aire","Attac","2016","C\u00f4t\u00e9 quimper","quimper","E-Ker","Eau et Rivi\u00e8res","Pierre Mollo","l\u2019Effet Papillon"],"articleSection":["Revue de presse"],"inLanguage":"fr-FR"},{"@type":"WebPage","@id":"https:\/\/www.altercampagne.net\/?p=5546","url":"https:\/\/www.altercampagne.net\/?p=5546","name":"L'AlterTour fait \u00e9tape \u00e0 Quimper le 1er ao\u00fbt - AlterTour","isPartOf":{"@id":"https:\/\/www.altercampagne.net\/#website"},"datePublished":"2016-07-29T16:00:25+00:00","author":{"@id":"https:\/\/www.altercampagne.net\/#\/schema\/person\/0f261460c09e430caa0f9bcffa319109"},"breadcrumb":{"@id":"https:\/\/www.altercampagne.net\/?p=5546#breadcrumb"},"inLanguage":"fr-FR","potentialAction":[{"@type":"ReadAction","target":["https:\/\/www.altercampagne.net\/?p=5546"]}]},{"@type":"BreadcrumbList","@id":"https:\/\/www.altercampagne.net\/?p=5546#breadcrumb","itemListElement":[{"@type":"ListItem","position":1,"name":"Accueil","item":"https:\/\/www.altercampagne.net\/"},{"@type":"ListItem","position":2,"name":"L&rsquo;AlterTour fait \u00e9tape \u00e0 Quimper le 1er ao\u00fbt"}]},{"@type":"WebSite","@id":"https:\/\/www.altercampagne.net\/#website","url":"https:\/\/www.altercampagne.net\/","name":"AlterTour","description":"Reliez les Alternatives \u00e0 v\u00e9lo","potentialAction":[{"@type":"SearchAction","target":{"@type":"EntryPoint","urlTemplate":"https:\/\/www.altercampagne.net\/?s={search_term_string}"},"query-input":{"@type":"PropertyValueSpecification","valueRequired":true,"valueName":"search_term_string"}}],"inLanguage":"fr-FR"},{"@type":"Person","@id":"https:\/\/www.altercampagne.net\/#\/schema\/person\/0f261460c09e430caa0f9bcffa319109","name":"Mathieu","image":{"@type":"ImageObject","inLanguage":"fr-FR","@id":"https:\/\/secure.gravatar.com\/avatar\/aa9d3d24c83f2141e5e2709d0f63d09a99f6be6bb7a50abc4915838d9f54501a?s=96&d=mm&r=g","url":"https:\/\/secure.gravatar.com\/avatar\/aa9d3d24c83f2141e5e2709d0f63d09a99f6be6bb7a50abc4915838d9f54501a?s=96&d=mm&r=g","contentUrl":"https:\/\/secure.gravatar.com\/avatar\/aa9d3d24c83f2141e5e2709d0f63d09a99f6be6bb7a50abc4915838d9f54501a?s=96&d=mm&r=g","caption":"Mathieu"},"url":"https:\/\/www.altercampagne.net\/?author=214"}]}},"_links":{"self":[{"href":"https:\/\/www.altercampagne.net\/index.php?rest_route=\/wp\/v2\/posts\/5546","targetHints":{"allow":["GET"]}}],"collection":[{"href":"https:\/\/www.altercampagne.net\/index.php?rest_route=\/wp\/v2\/posts"}],"about":[{"href":"https:\/\/www.altercampagne.net\/index.php?rest_route=\/wp\/v2\/types\/post"}],"author":[{"embeddable":true,"href":"https:\/\/www.altercampagne.net\/index.php?rest_route=\/wp\/v2\/users\/214"}],"replies":[{"embeddable":true,"href":"https:\/\/www.altercampagne.net\/index.php?rest_route=%2Fwp%2Fv2%2Fcomments&post=5546"}],"version-history":[{"count":0,"href":"https:\/\/www.altercampagne.net\/index.php?rest_route=\/wp\/v2\/posts\/5546\/revisions"}],"wp:attachment":[{"href":"https:\/\/www.altercampagne.net\/index.php?rest_route=%2Fwp%2Fv2%2Fmedia&parent=5546"}],"wp:term":[{"taxonomy":"category","embeddable":true,"href":"https:\/\/www.altercampagne.net\/index.php?rest_route=%2Fwp%2Fv2%2Fcategories&post=5546"},{"taxonomy":"post_tag","embeddable":true,"href":"https:\/\/www.altercampagne.net\/index.php?rest_route=%2Fwp%2Fv2%2Ftags&post=5546"}],"curies":[{"name":"wp","href":"https:\/\/api.w.org\/{rel}","templated":true}]}}