{"id":5556,"date":"2016-07-27T18:25:40","date_gmt":"2016-07-27T16:25:40","guid":{"rendered":"http:\/\/www.altercampagne.net\/?p=5556"},"modified":"2016-07-29T18:27:17","modified_gmt":"2016-07-29T16:27:17","slug":"laltertour-fera-etape-a-goasven-les-3-et-4-aout","status":"publish","type":"post","link":"https:\/\/www.altercampagne.net\/?p=5556","title":{"rendered":"L&rsquo;AlterTour fera \u00e9tape \u00e0 Goasven les 3 et 4 ao\u00fbt"},"content":{"rendered":"<p>Pour sa 9e \u00e9dition, l&rsquo;AlterTour sillonne \u00e0 v\u00e9lo la Loire-Atlantique, la Mayenne et la Bretagne, \u00e0 la rencontre des initiatives et des alternatives locales.<\/p>\n<p>Les \u00ab Altercyclistes \u00bb se relaient pour parcourir 1 250 km, en 32 \u00e9tapes. Partis de Notre-Dame-des-Landes le 10 juillet, ils installeront leur campement \u00e0 Goasven pour deux jours, les mercredi 3 et jeudi 4 ao\u00fbt.<\/p>\n<p>Le th\u00e8me de cette ann\u00e9e, \u00ab Bien vivre, bien(s) commun(s) \u00bb, interroge \u00ab la propri\u00e9t\u00e9 et l&rsquo;accaparement des terres, de l&rsquo;eau, du vivant, des savoirs \u00bb. Il donnera lieu \u00e0 des rencontres, des visites, et des ateliers, \u00e0 Logonna et \u00e0 Irvillac le mercredi, ainsi qu&rsquo;\u00e0 Brest le jeudi.<\/p>\n<p>Contact : Mathieu Fromont, t\u00e9l. : 06 77 59 30 92<\/p>\n<p>Source : <a href=\"http:\/\/www.ouest-france.fr\/bretagne\/logonna-daoulas-29460\/laltertour-fera-etape-goasven-les-3-et-4-aout-4392036\" target=\"_blank\">Ouest France<\/a><\/p>\n","protected":false},"excerpt":{"rendered":"<p>Pour sa 9e \u00e9dition, l&rsquo;AlterTour sillonne \u00e0 v\u00e9lo la Loire-Atlantique, la Mayenne et la Bretagne, \u00e0 la rencontre des initiatives et des alternatives locales. Les \u00ab Altercyclistes \u00bb se relaient pour parcourir 1 250 km, en 32 \u00e9tapes. Partis de Notre-Dame-des-Landes le 10 juillet, ils installeront leur campement \u00e0 Goasven &#8230; <\/p>\n<div><a href=\"https:\/\/www.altercampagne.net\/?p=5556\" class=\"more-link\">Read More<\/a><\/div>\n","protected":false},"author":214,"featured_media":0,"comment_status":"closed","ping_status":"closed","sticky":false,"template":"","format":"standard","meta":{"footnotes":""},"categories":[239],"tags":[20,383,410,471,1652,2566,2567,2568],"class_list":["post-5556","post","type-post","status-publish","format-standard","hentry","category-revue-de-presse","tag-bretagne","tag-altertour-2016","tag-finistere","tag-ouest-france","tag-1652","tag-goasven","tag-logonna","tag-irvillac","no-post-thumbnail"],"yoast_head":"<!-- This site is optimized with the Yoast SEO plugin v27.3 - https:\/\/yoast.com\/product\/yoast-seo-wordpress\/ -->\n<title>L&#039;AlterTour fera \u00e9tape \u00e0 Goasven les 3 et 4 ao\u00fbt - AlterTour<\/title>\n<meta name=\"robots\" content=\"index, follow, max-snippet:-1, max-image-preview:large, max-video-preview:-1\" \/>\n<link rel=\"canonical\" href=\"https:\/\/www.altercampagne.net\/?p=5556\" \/>\n<meta property=\"og:locale\" content=\"fr_FR\" \/>\n<meta property=\"og:type\" content=\"article\" \/>\n<meta property=\"og:title\" content=\"L&#039;AlterTour fera \u00e9tape \u00e0 Goasven les 3 et 4 ao\u00fbt - AlterTour\" \/>\n<meta property=\"og:description\" content=\"Pour sa 9e \u00e9dition, l&rsquo;AlterTour sillonne \u00e0 v\u00e9lo la Loire-Atlantique, la Mayenne et la Bretagne, \u00e0 la rencontre des initiatives et des alternatives locales. Les \u00ab Altercyclistes \u00bb se relaient pour parcourir 1 250 km, en 32 \u00e9tapes. Partis de Notre-Dame-des-Landes le 10 juillet, ils installeront leur campement \u00e0 Goasven ... Read More\" \/>\n<meta property=\"og:url\" content=\"https:\/\/www.altercampagne.net\/?p=5556\" \/>\n<meta property=\"og:site_name\" content=\"AlterTour\" \/>\n<meta property=\"article:published_time\" content=\"2016-07-27T16:25:40+00:00\" \/>\n<meta property=\"article:modified_time\" content=\"2016-07-29T16:27:17+00:00\" \/>\n<meta name=\"author\" content=\"Mathieu\" \/>\n<meta name=\"twitter:card\" content=\"summary_large_image\" \/>\n<meta name=\"twitter:label1\" content=\"\u00c9crit par\" \/>\n\t<meta name=\"twitter:data1\" content=\"Mathieu\" \/>\n\t<meta name=\"twitter:label2\" content=\"Dur\u00e9e de lecture estim\u00e9e\" \/>\n\t<meta name=\"twitter:data2\" content=\"1 minute\" \/>\n<script type=\"application\/ld+json\" class=\"yoast-schema-graph\">{\"@context\":\"https:\\\/\\\/schema.org\",\"@graph\":[{\"@type\":\"Article\",\"@id\":\"https:\\\/\\\/www.altercampagne.net\\\/?p=5556#article\",\"isPartOf\":{\"@id\":\"https:\\\/\\\/www.altercampagne.net\\\/?p=5556\"},\"author\":{\"name\":\"Mathieu\",\"@id\":\"https:\\\/\\\/www.altercampagne.net\\\/#\\\/schema\\\/person\\\/0f261460c09e430caa0f9bcffa319109\"},\"headline\":\"L&rsquo;AlterTour fera \u00e9tape \u00e0 Goasven les 3 et 4 ao\u00fbt\",\"datePublished\":\"2016-07-27T16:25:40+00:00\",\"dateModified\":\"2016-07-29T16:27:17+00:00\",\"mainEntityOfPage\":{\"@id\":\"https:\\\/\\\/www.altercampagne.net\\\/?p=5556\"},\"wordCount\":118,\"keywords\":[\"bretagne\",\"AlterTour 2016\",\"finist\u00e8re\",\"ouest france\",\"2016\",\"Goasven\",\"Logonna\",\"Irvillac\"],\"articleSection\":[\"Revue de presse\"],\"inLanguage\":\"fr-FR\"},{\"@type\":\"WebPage\",\"@id\":\"https:\\\/\\\/www.altercampagne.net\\\/?p=5556\",\"url\":\"https:\\\/\\\/www.altercampagne.net\\\/?p=5556\",\"name\":\"L'AlterTour fera \u00e9tape \u00e0 Goasven les 3 et 4 ao\u00fbt - AlterTour\",\"isPartOf\":{\"@id\":\"https:\\\/\\\/www.altercampagne.net\\\/#website\"},\"datePublished\":\"2016-07-27T16:25:40+00:00\",\"dateModified\":\"2016-07-29T16:27:17+00:00\",\"author\":{\"@id\":\"https:\\\/\\\/www.altercampagne.net\\\/#\\\/schema\\\/person\\\/0f261460c09e430caa0f9bcffa319109\"},\"breadcrumb\":{\"@id\":\"https:\\\/\\\/www.altercampagne.net\\\/?p=5556#breadcrumb\"},\"inLanguage\":\"fr-FR\",\"potentialAction\":[{\"@type\":\"ReadAction\",\"target\":[\"https:\\\/\\\/www.altercampagne.net\\\/?p=5556\"]}]},{\"@type\":\"BreadcrumbList\",\"@id\":\"https:\\\/\\\/www.altercampagne.net\\\/?p=5556#breadcrumb\",\"itemListElement\":[{\"@type\":\"ListItem\",\"position\":1,\"name\":\"Accueil\",\"item\":\"https:\\\/\\\/www.altercampagne.net\\\/\"},{\"@type\":\"ListItem\",\"position\":2,\"name\":\"L&rsquo;AlterTour fera \u00e9tape \u00e0 Goasven les 3 et 4 ao\u00fbt\"}]},{\"@type\":\"WebSite\",\"@id\":\"https:\\\/\\\/www.altercampagne.net\\\/#website\",\"url\":\"https:\\\/\\\/www.altercampagne.net\\\/\",\"name\":\"AlterTour\",\"description\":\"Reliez les Alternatives \u00e0 v\u00e9lo\",\"potentialAction\":[{\"@type\":\"SearchAction\",\"target\":{\"@type\":\"EntryPoint\",\"urlTemplate\":\"https:\\\/\\\/www.altercampagne.net\\\/?s={search_term_string}\"},\"query-input\":{\"@type\":\"PropertyValueSpecification\",\"valueRequired\":true,\"valueName\":\"search_term_string\"}}],\"inLanguage\":\"fr-FR\"},{\"@type\":\"Person\",\"@id\":\"https:\\\/\\\/www.altercampagne.net\\\/#\\\/schema\\\/person\\\/0f261460c09e430caa0f9bcffa319109\",\"name\":\"Mathieu\",\"image\":{\"@type\":\"ImageObject\",\"inLanguage\":\"fr-FR\",\"@id\":\"https:\\\/\\\/secure.gravatar.com\\\/avatar\\\/aa9d3d24c83f2141e5e2709d0f63d09a99f6be6bb7a50abc4915838d9f54501a?s=96&d=mm&r=g\",\"url\":\"https:\\\/\\\/secure.gravatar.com\\\/avatar\\\/aa9d3d24c83f2141e5e2709d0f63d09a99f6be6bb7a50abc4915838d9f54501a?s=96&d=mm&r=g\",\"contentUrl\":\"https:\\\/\\\/secure.gravatar.com\\\/avatar\\\/aa9d3d24c83f2141e5e2709d0f63d09a99f6be6bb7a50abc4915838d9f54501a?s=96&d=mm&r=g\",\"caption\":\"Mathieu\"},\"url\":\"https:\\\/\\\/www.altercampagne.net\\\/?author=214\"}]}<\/script>\n<!-- \/ Yoast SEO plugin. -->","yoast_head_json":{"title":"L'AlterTour fera \u00e9tape \u00e0 Goasven les 3 et 4 ao\u00fbt - AlterTour","robots":{"index":"index","follow":"follow","max-snippet":"max-snippet:-1","max-image-preview":"max-image-preview:large","max-video-preview":"max-video-preview:-1"},"canonical":"https:\/\/www.altercampagne.net\/?p=5556","og_locale":"fr_FR","og_type":"article","og_title":"L'AlterTour fera \u00e9tape \u00e0 Goasven les 3 et 4 ao\u00fbt - AlterTour","og_description":"Pour sa 9e \u00e9dition, l&rsquo;AlterTour sillonne \u00e0 v\u00e9lo la Loire-Atlantique, la Mayenne et la Bretagne, \u00e0 la rencontre des initiatives et des alternatives locales. Les \u00ab Altercyclistes \u00bb se relaient pour parcourir 1 250 km, en 32 \u00e9tapes. Partis de Notre-Dame-des-Landes le 10 juillet, ils installeront leur campement \u00e0 Goasven ... Read More","og_url":"https:\/\/www.altercampagne.net\/?p=5556","og_site_name":"AlterTour","article_published_time":"2016-07-27T16:25:40+00:00","article_modified_time":"2016-07-29T16:27:17+00:00","author":"Mathieu","twitter_card":"summary_large_image","twitter_misc":{"\u00c9crit par":"Mathieu","Dur\u00e9e de lecture estim\u00e9e":"1 minute"},"schema":{"@context":"https:\/\/schema.org","@graph":[{"@type":"Article","@id":"https:\/\/www.altercampagne.net\/?p=5556#article","isPartOf":{"@id":"https:\/\/www.altercampagne.net\/?p=5556"},"author":{"name":"Mathieu","@id":"https:\/\/www.altercampagne.net\/#\/schema\/person\/0f261460c09e430caa0f9bcffa319109"},"headline":"L&rsquo;AlterTour fera \u00e9tape \u00e0 Goasven les 3 et 4 ao\u00fbt","datePublished":"2016-07-27T16:25:40+00:00","dateModified":"2016-07-29T16:27:17+00:00","mainEntityOfPage":{"@id":"https:\/\/www.altercampagne.net\/?p=5556"},"wordCount":118,"keywords":["bretagne","AlterTour 2016","finist\u00e8re","ouest france","2016","Goasven","Logonna","Irvillac"],"articleSection":["Revue de presse"],"inLanguage":"fr-FR"},{"@type":"WebPage","@id":"https:\/\/www.altercampagne.net\/?p=5556","url":"https:\/\/www.altercampagne.net\/?p=5556","name":"L'AlterTour fera \u00e9tape \u00e0 Goasven les 3 et 4 ao\u00fbt - AlterTour","isPartOf":{"@id":"https:\/\/www.altercampagne.net\/#website"},"datePublished":"2016-07-27T16:25:40+00:00","dateModified":"2016-07-29T16:27:17+00:00","author":{"@id":"https:\/\/www.altercampagne.net\/#\/schema\/person\/0f261460c09e430caa0f9bcffa319109"},"breadcrumb":{"@id":"https:\/\/www.altercampagne.net\/?p=5556#breadcrumb"},"inLanguage":"fr-FR","potentialAction":[{"@type":"ReadAction","target":["https:\/\/www.altercampagne.net\/?p=5556"]}]},{"@type":"BreadcrumbList","@id":"https:\/\/www.altercampagne.net\/?p=5556#breadcrumb","itemListElement":[{"@type":"ListItem","position":1,"name":"Accueil","item":"https:\/\/www.altercampagne.net\/"},{"@type":"ListItem","position":2,"name":"L&rsquo;AlterTour fera \u00e9tape \u00e0 Goasven les 3 et 4 ao\u00fbt"}]},{"@type":"WebSite","@id":"https:\/\/www.altercampagne.net\/#website","url":"https:\/\/www.altercampagne.net\/","name":"AlterTour","description":"Reliez les Alternatives \u00e0 v\u00e9lo","potentialAction":[{"@type":"SearchAction","target":{"@type":"EntryPoint","urlTemplate":"https:\/\/www.altercampagne.net\/?s={search_term_string}"},"query-input":{"@type":"PropertyValueSpecification","valueRequired":true,"valueName":"search_term_string"}}],"inLanguage":"fr-FR"},{"@type":"Person","@id":"https:\/\/www.altercampagne.net\/#\/schema\/person\/0f261460c09e430caa0f9bcffa319109","name":"Mathieu","image":{"@type":"ImageObject","inLanguage":"fr-FR","@id":"https:\/\/secure.gravatar.com\/avatar\/aa9d3d24c83f2141e5e2709d0f63d09a99f6be6bb7a50abc4915838d9f54501a?s=96&d=mm&r=g","url":"https:\/\/secure.gravatar.com\/avatar\/aa9d3d24c83f2141e5e2709d0f63d09a99f6be6bb7a50abc4915838d9f54501a?s=96&d=mm&r=g","contentUrl":"https:\/\/secure.gravatar.com\/avatar\/aa9d3d24c83f2141e5e2709d0f63d09a99f6be6bb7a50abc4915838d9f54501a?s=96&d=mm&r=g","caption":"Mathieu"},"url":"https:\/\/www.altercampagne.net\/?author=214"}]}},"_links":{"self":[{"href":"https:\/\/www.altercampagne.net\/index.php?rest_route=\/wp\/v2\/posts\/5556","targetHints":{"allow":["GET"]}}],"collection":[{"href":"https:\/\/www.altercampagne.net\/index.php?rest_route=\/wp\/v2\/posts"}],"about":[{"href":"https:\/\/www.altercampagne.net\/index.php?rest_route=\/wp\/v2\/types\/post"}],"author":[{"embeddable":true,"href":"https:\/\/www.altercampagne.net\/index.php?rest_route=\/wp\/v2\/users\/214"}],"replies":[{"embeddable":true,"href":"https:\/\/www.altercampagne.net\/index.php?rest_route=%2Fwp%2Fv2%2Fcomments&post=5556"}],"version-history":[{"count":0,"href":"https:\/\/www.altercampagne.net\/index.php?rest_route=\/wp\/v2\/posts\/5556\/revisions"}],"wp:attachment":[{"href":"https:\/\/www.altercampagne.net\/index.php?rest_route=%2Fwp%2Fv2%2Fmedia&parent=5556"}],"wp:term":[{"taxonomy":"category","embeddable":true,"href":"https:\/\/www.altercampagne.net\/index.php?rest_route=%2Fwp%2Fv2%2Fcategories&post=5556"},{"taxonomy":"post_tag","embeddable":true,"href":"https:\/\/www.altercampagne.net\/index.php?rest_route=%2Fwp%2Fv2%2Ftags&post=5556"}],"curies":[{"name":"wp","href":"https:\/\/api.w.org\/{rel}","templated":true}]}}