{"id":5558,"date":"2016-07-25T18:27:46","date_gmt":"2016-07-25T16:27:46","guid":{"rendered":"http:\/\/www.altercampagne.net\/?p=5558"},"modified":"2016-07-29T18:29:46","modified_gmt":"2016-07-29T16:29:46","slug":"languedias-laltertour-a-fait-une-halte-dans-la-commune","status":"publish","type":"post","link":"https:\/\/www.altercampagne.net\/?p=5558","title":{"rendered":"Langu\u00e9dias &#8211; L&rsquo;AlterTour a fait une halte dans la commune"},"content":{"rendered":"<p>Les randonneurs de l&rsquo;AlterTour sont partis \u00e0 v\u00e9lo depuis Notre-Dame-des-Landes, le 10 juillet, pour rejoindre Rennes, le 20 ao\u00fbt. Vendredi, dans la matin\u00e9e, une cinquantaine de participants ont fait une halte dans la commune, \u00e0 l&rsquo;espace interg\u00e9n\u00e9rationnel, au cours de leur \u00e9tape Lanvallay &#8211; Planguenoual.<\/p>\n<p>Ils ont pique-niqu\u00e9 sur place et ont \u00e9t\u00e9 accueillis avec un verre de l&rsquo;amiti\u00e9, offert par la commune, en pr\u00e9sence de plusieurs \u00e9lus.<\/p>\n<p>L&rsquo;AlterTour a pour th\u00e8me \u00ab Bien vivre, biens communs \u00bb. Cet arr\u00eat a donc \u00e9t\u00e9 l&rsquo;occasion pour les randonneurs de voir les am\u00e9nagements r\u00e9alis\u00e9s depuis 2015 \u00e0 l&rsquo;espace interg\u00e9n\u00e9rationnel. Pique-niquer, s&rsquo;amuser au terrain multisport ou sur les balan\u00e7oires, jouer au football&#8230; Les habitants et visiteurs ont l&#8217;embarras du choix.<\/p>\n<p>En d\u00e9but d&rsquo;apr\u00e8s-midi, les v\u00e9los ont repris la route, en direction de Planguenoual, apr\u00e8s avoir rencontr\u00e9 quelques habitants de Langu\u00e9dias.<\/p>\n<p>Source : <a href=\"http:\/\/www.ouest-france.fr\/bretagne\/languedias-22980\/laltertour-fait-une-halte-dans-la-commune-4388151\" target=\"_blank\">Ouest France<\/a><\/p>\n","protected":false},"excerpt":{"rendered":"<p>Les randonneurs de l&rsquo;AlterTour sont partis \u00e0 v\u00e9lo depuis Notre-Dame-des-Landes, le 10 juillet, pour rejoindre Rennes, le 20 ao\u00fbt. Vendredi, dans la matin\u00e9e, une cinquantaine de participants ont fait une halte dans la commune, \u00e0 l&rsquo;espace interg\u00e9n\u00e9rationnel, au cours de leur \u00e9tape Lanvallay &#8211; Planguenoual. Ils ont pique-niqu\u00e9 sur place &#8230; <\/p>\n<div><a href=\"https:\/\/www.altercampagne.net\/?p=5558\" class=\"more-link\">Read More<\/a><\/div>\n","protected":false},"author":214,"featured_media":0,"comment_status":"closed","ping_status":"closed","sticky":false,"template":"","format":"standard","meta":{"footnotes":""},"categories":[239],"tags":[20,383,471,1652,1669,2158,2393],"class_list":["post-5558","post","type-post","status-publish","format-standard","hentry","category-revue-de-presse","tag-bretagne","tag-altertour-2016","tag-ouest-france","tag-1652","tag-cotes-darmor","tag-planguenoual","tag-languedias","no-post-thumbnail"],"yoast_head":"<!-- This site is optimized with the Yoast SEO plugin v27.3 - https:\/\/yoast.com\/product\/yoast-seo-wordpress\/ -->\n<title>Langu\u00e9dias - L&#039;AlterTour a fait une halte dans la commune - AlterTour<\/title>\n<meta name=\"robots\" content=\"index, follow, max-snippet:-1, max-image-preview:large, max-video-preview:-1\" \/>\n<link rel=\"canonical\" href=\"https:\/\/www.altercampagne.net\/?p=5558\" \/>\n<meta property=\"og:locale\" content=\"fr_FR\" \/>\n<meta property=\"og:type\" content=\"article\" \/>\n<meta property=\"og:title\" content=\"Langu\u00e9dias - L&#039;AlterTour a fait une halte dans la commune - AlterTour\" \/>\n<meta property=\"og:description\" content=\"Les randonneurs de l&rsquo;AlterTour sont partis \u00e0 v\u00e9lo depuis Notre-Dame-des-Landes, le 10 juillet, pour rejoindre Rennes, le 20 ao\u00fbt. Vendredi, dans la matin\u00e9e, une cinquantaine de participants ont fait une halte dans la commune, \u00e0 l&rsquo;espace interg\u00e9n\u00e9rationnel, au cours de leur \u00e9tape Lanvallay &#8211; Planguenoual. Ils ont pique-niqu\u00e9 sur place ... Read More\" \/>\n<meta property=\"og:url\" content=\"https:\/\/www.altercampagne.net\/?p=5558\" \/>\n<meta property=\"og:site_name\" content=\"AlterTour\" \/>\n<meta property=\"article:published_time\" content=\"2016-07-25T16:27:46+00:00\" \/>\n<meta property=\"article:modified_time\" content=\"2016-07-29T16:29:46+00:00\" \/>\n<meta name=\"author\" content=\"Mathieu\" \/>\n<meta name=\"twitter:card\" content=\"summary_large_image\" \/>\n<meta name=\"twitter:label1\" content=\"\u00c9crit par\" \/>\n\t<meta name=\"twitter:data1\" content=\"Mathieu\" \/>\n\t<meta name=\"twitter:label2\" content=\"Dur\u00e9e de lecture estim\u00e9e\" \/>\n\t<meta name=\"twitter:data2\" content=\"1 minute\" \/>\n<script type=\"application\/ld+json\" class=\"yoast-schema-graph\">{\"@context\":\"https:\\\/\\\/schema.org\",\"@graph\":[{\"@type\":\"Article\",\"@id\":\"https:\\\/\\\/www.altercampagne.net\\\/?p=5558#article\",\"isPartOf\":{\"@id\":\"https:\\\/\\\/www.altercampagne.net\\\/?p=5558\"},\"author\":{\"name\":\"Mathieu\",\"@id\":\"https:\\\/\\\/www.altercampagne.net\\\/#\\\/schema\\\/person\\\/0f261460c09e430caa0f9bcffa319109\"},\"headline\":\"Langu\u00e9dias &#8211; L&rsquo;AlterTour a fait une halte dans la commune\",\"datePublished\":\"2016-07-25T16:27:46+00:00\",\"dateModified\":\"2016-07-29T16:29:46+00:00\",\"mainEntityOfPage\":{\"@id\":\"https:\\\/\\\/www.altercampagne.net\\\/?p=5558\"},\"wordCount\":172,\"keywords\":[\"bretagne\",\"AlterTour 2016\",\"ouest france\",\"2016\",\"C\u00f4tes-d'Armor\",\"Planguenoual\",\"langu\u00e9dias\"],\"articleSection\":[\"Revue de presse\"],\"inLanguage\":\"fr-FR\"},{\"@type\":\"WebPage\",\"@id\":\"https:\\\/\\\/www.altercampagne.net\\\/?p=5558\",\"url\":\"https:\\\/\\\/www.altercampagne.net\\\/?p=5558\",\"name\":\"Langu\u00e9dias - L'AlterTour a fait une halte dans la commune - AlterTour\",\"isPartOf\":{\"@id\":\"https:\\\/\\\/www.altercampagne.net\\\/#website\"},\"datePublished\":\"2016-07-25T16:27:46+00:00\",\"dateModified\":\"2016-07-29T16:29:46+00:00\",\"author\":{\"@id\":\"https:\\\/\\\/www.altercampagne.net\\\/#\\\/schema\\\/person\\\/0f261460c09e430caa0f9bcffa319109\"},\"breadcrumb\":{\"@id\":\"https:\\\/\\\/www.altercampagne.net\\\/?p=5558#breadcrumb\"},\"inLanguage\":\"fr-FR\",\"potentialAction\":[{\"@type\":\"ReadAction\",\"target\":[\"https:\\\/\\\/www.altercampagne.net\\\/?p=5558\"]}]},{\"@type\":\"BreadcrumbList\",\"@id\":\"https:\\\/\\\/www.altercampagne.net\\\/?p=5558#breadcrumb\",\"itemListElement\":[{\"@type\":\"ListItem\",\"position\":1,\"name\":\"Accueil\",\"item\":\"https:\\\/\\\/www.altercampagne.net\\\/\"},{\"@type\":\"ListItem\",\"position\":2,\"name\":\"Langu\u00e9dias &#8211; L&rsquo;AlterTour a fait une halte dans la commune\"}]},{\"@type\":\"WebSite\",\"@id\":\"https:\\\/\\\/www.altercampagne.net\\\/#website\",\"url\":\"https:\\\/\\\/www.altercampagne.net\\\/\",\"name\":\"AlterTour\",\"description\":\"Reliez les Alternatives \u00e0 v\u00e9lo\",\"potentialAction\":[{\"@type\":\"SearchAction\",\"target\":{\"@type\":\"EntryPoint\",\"urlTemplate\":\"https:\\\/\\\/www.altercampagne.net\\\/?s={search_term_string}\"},\"query-input\":{\"@type\":\"PropertyValueSpecification\",\"valueRequired\":true,\"valueName\":\"search_term_string\"}}],\"inLanguage\":\"fr-FR\"},{\"@type\":\"Person\",\"@id\":\"https:\\\/\\\/www.altercampagne.net\\\/#\\\/schema\\\/person\\\/0f261460c09e430caa0f9bcffa319109\",\"name\":\"Mathieu\",\"image\":{\"@type\":\"ImageObject\",\"inLanguage\":\"fr-FR\",\"@id\":\"https:\\\/\\\/secure.gravatar.com\\\/avatar\\\/aa9d3d24c83f2141e5e2709d0f63d09a99f6be6bb7a50abc4915838d9f54501a?s=96&d=mm&r=g\",\"url\":\"https:\\\/\\\/secure.gravatar.com\\\/avatar\\\/aa9d3d24c83f2141e5e2709d0f63d09a99f6be6bb7a50abc4915838d9f54501a?s=96&d=mm&r=g\",\"contentUrl\":\"https:\\\/\\\/secure.gravatar.com\\\/avatar\\\/aa9d3d24c83f2141e5e2709d0f63d09a99f6be6bb7a50abc4915838d9f54501a?s=96&d=mm&r=g\",\"caption\":\"Mathieu\"},\"url\":\"https:\\\/\\\/www.altercampagne.net\\\/?author=214\"}]}<\/script>\n<!-- \/ Yoast SEO plugin. -->","yoast_head_json":{"title":"Langu\u00e9dias - L'AlterTour a fait une halte dans la commune - AlterTour","robots":{"index":"index","follow":"follow","max-snippet":"max-snippet:-1","max-image-preview":"max-image-preview:large","max-video-preview":"max-video-preview:-1"},"canonical":"https:\/\/www.altercampagne.net\/?p=5558","og_locale":"fr_FR","og_type":"article","og_title":"Langu\u00e9dias - L'AlterTour a fait une halte dans la commune - AlterTour","og_description":"Les randonneurs de l&rsquo;AlterTour sont partis \u00e0 v\u00e9lo depuis Notre-Dame-des-Landes, le 10 juillet, pour rejoindre Rennes, le 20 ao\u00fbt. Vendredi, dans la matin\u00e9e, une cinquantaine de participants ont fait une halte dans la commune, \u00e0 l&rsquo;espace interg\u00e9n\u00e9rationnel, au cours de leur \u00e9tape Lanvallay &#8211; Planguenoual. Ils ont pique-niqu\u00e9 sur place ... Read More","og_url":"https:\/\/www.altercampagne.net\/?p=5558","og_site_name":"AlterTour","article_published_time":"2016-07-25T16:27:46+00:00","article_modified_time":"2016-07-29T16:29:46+00:00","author":"Mathieu","twitter_card":"summary_large_image","twitter_misc":{"\u00c9crit par":"Mathieu","Dur\u00e9e de lecture estim\u00e9e":"1 minute"},"schema":{"@context":"https:\/\/schema.org","@graph":[{"@type":"Article","@id":"https:\/\/www.altercampagne.net\/?p=5558#article","isPartOf":{"@id":"https:\/\/www.altercampagne.net\/?p=5558"},"author":{"name":"Mathieu","@id":"https:\/\/www.altercampagne.net\/#\/schema\/person\/0f261460c09e430caa0f9bcffa319109"},"headline":"Langu\u00e9dias &#8211; L&rsquo;AlterTour a fait une halte dans la commune","datePublished":"2016-07-25T16:27:46+00:00","dateModified":"2016-07-29T16:29:46+00:00","mainEntityOfPage":{"@id":"https:\/\/www.altercampagne.net\/?p=5558"},"wordCount":172,"keywords":["bretagne","AlterTour 2016","ouest france","2016","C\u00f4tes-d'Armor","Planguenoual","langu\u00e9dias"],"articleSection":["Revue de presse"],"inLanguage":"fr-FR"},{"@type":"WebPage","@id":"https:\/\/www.altercampagne.net\/?p=5558","url":"https:\/\/www.altercampagne.net\/?p=5558","name":"Langu\u00e9dias - L'AlterTour a fait une halte dans la commune - AlterTour","isPartOf":{"@id":"https:\/\/www.altercampagne.net\/#website"},"datePublished":"2016-07-25T16:27:46+00:00","dateModified":"2016-07-29T16:29:46+00:00","author":{"@id":"https:\/\/www.altercampagne.net\/#\/schema\/person\/0f261460c09e430caa0f9bcffa319109"},"breadcrumb":{"@id":"https:\/\/www.altercampagne.net\/?p=5558#breadcrumb"},"inLanguage":"fr-FR","potentialAction":[{"@type":"ReadAction","target":["https:\/\/www.altercampagne.net\/?p=5558"]}]},{"@type":"BreadcrumbList","@id":"https:\/\/www.altercampagne.net\/?p=5558#breadcrumb","itemListElement":[{"@type":"ListItem","position":1,"name":"Accueil","item":"https:\/\/www.altercampagne.net\/"},{"@type":"ListItem","position":2,"name":"Langu\u00e9dias &#8211; L&rsquo;AlterTour a fait une halte dans la commune"}]},{"@type":"WebSite","@id":"https:\/\/www.altercampagne.net\/#website","url":"https:\/\/www.altercampagne.net\/","name":"AlterTour","description":"Reliez les Alternatives \u00e0 v\u00e9lo","potentialAction":[{"@type":"SearchAction","target":{"@type":"EntryPoint","urlTemplate":"https:\/\/www.altercampagne.net\/?s={search_term_string}"},"query-input":{"@type":"PropertyValueSpecification","valueRequired":true,"valueName":"search_term_string"}}],"inLanguage":"fr-FR"},{"@type":"Person","@id":"https:\/\/www.altercampagne.net\/#\/schema\/person\/0f261460c09e430caa0f9bcffa319109","name":"Mathieu","image":{"@type":"ImageObject","inLanguage":"fr-FR","@id":"https:\/\/secure.gravatar.com\/avatar\/aa9d3d24c83f2141e5e2709d0f63d09a99f6be6bb7a50abc4915838d9f54501a?s=96&d=mm&r=g","url":"https:\/\/secure.gravatar.com\/avatar\/aa9d3d24c83f2141e5e2709d0f63d09a99f6be6bb7a50abc4915838d9f54501a?s=96&d=mm&r=g","contentUrl":"https:\/\/secure.gravatar.com\/avatar\/aa9d3d24c83f2141e5e2709d0f63d09a99f6be6bb7a50abc4915838d9f54501a?s=96&d=mm&r=g","caption":"Mathieu"},"url":"https:\/\/www.altercampagne.net\/?author=214"}]}},"_links":{"self":[{"href":"https:\/\/www.altercampagne.net\/index.php?rest_route=\/wp\/v2\/posts\/5558","targetHints":{"allow":["GET"]}}],"collection":[{"href":"https:\/\/www.altercampagne.net\/index.php?rest_route=\/wp\/v2\/posts"}],"about":[{"href":"https:\/\/www.altercampagne.net\/index.php?rest_route=\/wp\/v2\/types\/post"}],"author":[{"embeddable":true,"href":"https:\/\/www.altercampagne.net\/index.php?rest_route=\/wp\/v2\/users\/214"}],"replies":[{"embeddable":true,"href":"https:\/\/www.altercampagne.net\/index.php?rest_route=%2Fwp%2Fv2%2Fcomments&post=5558"}],"version-history":[{"count":0,"href":"https:\/\/www.altercampagne.net\/index.php?rest_route=\/wp\/v2\/posts\/5558\/revisions"}],"wp:attachment":[{"href":"https:\/\/www.altercampagne.net\/index.php?rest_route=%2Fwp%2Fv2%2Fmedia&parent=5558"}],"wp:term":[{"taxonomy":"category","embeddable":true,"href":"https:\/\/www.altercampagne.net\/index.php?rest_route=%2Fwp%2Fv2%2Fcategories&post=5558"},{"taxonomy":"post_tag","embeddable":true,"href":"https:\/\/www.altercampagne.net\/index.php?rest_route=%2Fwp%2Fv2%2Ftags&post=5558"}],"curies":[{"name":"wp","href":"https:\/\/api.w.org\/{rel}","templated":true}]}}