{"id":5560,"date":"2016-07-23T18:30:16","date_gmt":"2016-07-23T16:30:16","guid":{"rendered":"http:\/\/www.altercampagne.net\/?p=5560"},"modified":"2019-09-13T16:49:01","modified_gmt":"2019-09-13T14:49:01","slug":"laltertour-fait-halte-a-lecocentre-lundi","status":"publish","type":"post","link":"https:\/\/www.altercampagne.net\/?p=5560","title":{"rendered":"L&rsquo;AlterTour fait halte \u00e0 l&rsquo;\u00c9cocentre lundi"},"content":{"rendered":"<p>Lundi \u00e0 partir de 14 h, l&rsquo;\u00c9cocentre Tr\u00e9gor propose un apr\u00e8s-midi et une soir\u00e9e d&rsquo;\u00e9changes et de partages festifs et militants pour le passage de l&rsquo;Altertour 2016. Au programme : stands, expos, rencontres, d\u00e9bats, chantier participatif, ateliers et fest-noz.<\/p>\n<p>C&rsquo;est quoi l&rsquo;Altertour ?<\/p>\n<p>C&rsquo;est un tour \u00e0 v\u00e9lo en autogestion, pour montrer que d&rsquo;autres modes de vie et de relations sont possibles, plus solidaires, \u00e9cologiquement et socialement durables.<\/p>\n<p>Qui sera l\u00e0 lundi ?<\/p>\n<p>Seront pr\u00e9sents le r\u00e9seau Vivre dans ma ville, (de rencontres et liens sociaux, \u00e9changes et entraide&#8230;), le collectif Grain de sable (actions sur le terrain contre l&rsquo;extraction de sable en baie de Lannion), l&rsquo;association les Dessin&rsquo;acteurs (regroupant des auteurs et personnes d\u00e9sirant susciter des dessins d&rsquo;investigation au service de la solidarit\u00e9&#8230;), le collectif Douar Di Doull \u00ab pour la pr\u00e9servation de notre terre et contre le projet minier \u00bb, le collectif citoyen Stop Tafat Tr\u00e9gor, pour stopper la mise en place du grand march\u00e9 transatlantique, les Ateliers du c\u0153ur \u00e0 l&rsquo;ouvrage (artistes et artisans).<\/p>\n<p>En quoi consistera le chantier participatif ?<\/p>\n<p>Il s&rsquo;agira de r\u00e9aliser un sol en terre battue en musique de 14 h \u00e0 19 h : le sol sera dam\u00e9 au pied sur des rythmes de danse bretonne, comme cela se faisait dans le temps.<\/p>\n<p>Et les ateliers ?<\/p>\n<p>Tout l&rsquo;apr\u00e8s-midi, les associations proposent des \u00e9changes, d\u00e9bats et ateliers. \u00c0 partir de 15 h, \u00ab Autour du four \u00e0 pain \u00bb, r\u00e9alisation de p\u00e2tes \u00e0 pain, \u00e0 pizza et cuisson au feu de bois. \u00c0 partir de 15 h, \u00ab Atelier cr\u00eapes et galettes \u00bb pour d\u00e9couvrir, apprendre et d\u00e9guster.<\/p>\n<p>Repas auberge espagnole<\/p>\n<p>Le midi et le soir, chacun am\u00e8ne un plat et tout est mis en commun sous forme de buffet.<\/p>\n<p>Lundi 25 juillet, d\u00e8s 14 h, \u00c9cocentre Tr\u00e9gor, 6, chemin de Crec&rsquo;h-ar-Beg. Contact : 06 77 01 20 73, ecocentre.tregor@gmail.com<\/p>\n<p>Source : <a href=\"http:\/\/www.ouest-france.fr\/bretagne\/pleumeur-bodou-22560\/laltertour-fait-halte-lecocentre-lundi-4385454\" target=\"_blank\" rel=\"noopener noreferrer\">Ouest France<\/a><\/p>\n","protected":false},"excerpt":{"rendered":"<p>Lundi \u00e0 partir de 14 h, l&rsquo;\u00c9cocentre Tr\u00e9gor propose un apr\u00e8s-midi et une soir\u00e9e d&rsquo;\u00e9changes et de partages festifs et militants pour le passage de l&rsquo;Altertour 2016. Au programme : stands, expos, rencontres, d\u00e9bats, chantier participatif, ateliers et fest-noz. C&rsquo;est quoi l&rsquo;Altertour ? C&rsquo;est un tour \u00e0 v\u00e9lo en autogestion, &#8230; <\/p>\n<div><a href=\"https:\/\/www.altercampagne.net\/?p=5560\" class=\"more-link\">Read More<\/a><\/div>\n","protected":false},"author":214,"featured_media":0,"comment_status":"closed","ping_status":"closed","sticky":false,"template":"","format":"standard","meta":{"footnotes":""},"categories":[239],"tags":[20,383,471,506,1652,1669,2400,2401,2569,2570,2571,2572],"class_list":["post-5560","post","type-post","status-publish","format-standard","hentry","category-revue-de-presse","tag-bretagne","tag-altertour-2016","tag-ouest-france","tag-dessinacteurs","tag-1652","tag-cotes-darmor","tag-ecocentre-tregor","tag-pleumeur-bodou","tag-crech-ar-beg","tag-collectif-douar-di-doull","tag-collectif-citoyen-stop-tafat-tregor","tag-fest-noz","no-post-thumbnail"],"yoast_head":"<!-- This site is optimized with the Yoast SEO plugin v27.3 - https:\/\/yoast.com\/product\/yoast-seo-wordpress\/ -->\n<title>L&#039;AlterTour fait halte \u00e0 l&#039;\u00c9cocentre lundi - AlterTour<\/title>\n<meta name=\"robots\" content=\"index, follow, max-snippet:-1, max-image-preview:large, max-video-preview:-1\" \/>\n<link rel=\"canonical\" href=\"https:\/\/www.altercampagne.net\/?p=5560\" \/>\n<meta property=\"og:locale\" content=\"fr_FR\" \/>\n<meta property=\"og:type\" content=\"article\" \/>\n<meta property=\"og:title\" content=\"L&#039;AlterTour fait halte \u00e0 l&#039;\u00c9cocentre lundi - AlterTour\" \/>\n<meta property=\"og:description\" content=\"Lundi \u00e0 partir de 14 h, l&rsquo;\u00c9cocentre Tr\u00e9gor propose un apr\u00e8s-midi et une soir\u00e9e d&rsquo;\u00e9changes et de partages festifs et militants pour le passage de l&rsquo;Altertour 2016. Au programme : stands, expos, rencontres, d\u00e9bats, chantier participatif, ateliers et fest-noz. C&rsquo;est quoi l&rsquo;Altertour ? C&rsquo;est un tour \u00e0 v\u00e9lo en autogestion, ... Read More\" \/>\n<meta property=\"og:url\" content=\"https:\/\/www.altercampagne.net\/?p=5560\" \/>\n<meta property=\"og:site_name\" content=\"AlterTour\" \/>\n<meta property=\"article:published_time\" content=\"2016-07-23T16:30:16+00:00\" \/>\n<meta property=\"article:modified_time\" content=\"2019-09-13T14:49:01+00:00\" \/>\n<meta name=\"author\" content=\"Mathieu\" \/>\n<meta name=\"twitter:card\" content=\"summary_large_image\" \/>\n<meta name=\"twitter:label1\" content=\"\u00c9crit par\" \/>\n\t<meta name=\"twitter:data1\" content=\"Mathieu\" \/>\n\t<meta name=\"twitter:label2\" content=\"Dur\u00e9e de lecture estim\u00e9e\" \/>\n\t<meta name=\"twitter:data2\" content=\"2 minutes\" \/>\n<script type=\"application\/ld+json\" class=\"yoast-schema-graph\">{\"@context\":\"https:\\\/\\\/schema.org\",\"@graph\":[{\"@type\":\"Article\",\"@id\":\"https:\\\/\\\/www.altercampagne.net\\\/?p=5560#article\",\"isPartOf\":{\"@id\":\"https:\\\/\\\/www.altercampagne.net\\\/?p=5560\"},\"author\":{\"name\":\"Mathieu\",\"@id\":\"https:\\\/\\\/www.altercampagne.net\\\/#\\\/schema\\\/person\\\/0f261460c09e430caa0f9bcffa319109\"},\"headline\":\"L&rsquo;AlterTour fait halte \u00e0 l&rsquo;\u00c9cocentre lundi\",\"datePublished\":\"2016-07-23T16:30:16+00:00\",\"dateModified\":\"2019-09-13T14:49:01+00:00\",\"mainEntityOfPage\":{\"@id\":\"https:\\\/\\\/www.altercampagne.net\\\/?p=5560\"},\"wordCount\":322,\"keywords\":[\"bretagne\",\"AlterTour 2016\",\"ouest france\",\"dessin'acteurs\",\"2016\",\"C\u00f4tes-d'Armor\",\"\u00c9cocentre Tr\u00e9gor\",\"Pleumeur-Bodou\",\"Crec'h-ar-Beg\",\"collectif Douar Di Doull\",\"collectif citoyen Stop Tafat Tr\u00e9gor\",\"fest-noz\"],\"articleSection\":[\"Revue de presse\"],\"inLanguage\":\"fr-FR\"},{\"@type\":\"WebPage\",\"@id\":\"https:\\\/\\\/www.altercampagne.net\\\/?p=5560\",\"url\":\"https:\\\/\\\/www.altercampagne.net\\\/?p=5560\",\"name\":\"L'AlterTour fait halte \u00e0 l'\u00c9cocentre lundi - AlterTour\",\"isPartOf\":{\"@id\":\"https:\\\/\\\/www.altercampagne.net\\\/#website\"},\"datePublished\":\"2016-07-23T16:30:16+00:00\",\"dateModified\":\"2019-09-13T14:49:01+00:00\",\"author\":{\"@id\":\"https:\\\/\\\/www.altercampagne.net\\\/#\\\/schema\\\/person\\\/0f261460c09e430caa0f9bcffa319109\"},\"breadcrumb\":{\"@id\":\"https:\\\/\\\/www.altercampagne.net\\\/?p=5560#breadcrumb\"},\"inLanguage\":\"fr-FR\",\"potentialAction\":[{\"@type\":\"ReadAction\",\"target\":[\"https:\\\/\\\/www.altercampagne.net\\\/?p=5560\"]}]},{\"@type\":\"BreadcrumbList\",\"@id\":\"https:\\\/\\\/www.altercampagne.net\\\/?p=5560#breadcrumb\",\"itemListElement\":[{\"@type\":\"ListItem\",\"position\":1,\"name\":\"Accueil\",\"item\":\"https:\\\/\\\/www.altercampagne.net\\\/\"},{\"@type\":\"ListItem\",\"position\":2,\"name\":\"L&rsquo;AlterTour fait halte \u00e0 l&rsquo;\u00c9cocentre lundi\"}]},{\"@type\":\"WebSite\",\"@id\":\"https:\\\/\\\/www.altercampagne.net\\\/#website\",\"url\":\"https:\\\/\\\/www.altercampagne.net\\\/\",\"name\":\"AlterTour\",\"description\":\"Reliez les Alternatives \u00e0 v\u00e9lo\",\"potentialAction\":[{\"@type\":\"SearchAction\",\"target\":{\"@type\":\"EntryPoint\",\"urlTemplate\":\"https:\\\/\\\/www.altercampagne.net\\\/?s={search_term_string}\"},\"query-input\":{\"@type\":\"PropertyValueSpecification\",\"valueRequired\":true,\"valueName\":\"search_term_string\"}}],\"inLanguage\":\"fr-FR\"},{\"@type\":\"Person\",\"@id\":\"https:\\\/\\\/www.altercampagne.net\\\/#\\\/schema\\\/person\\\/0f261460c09e430caa0f9bcffa319109\",\"name\":\"Mathieu\",\"image\":{\"@type\":\"ImageObject\",\"inLanguage\":\"fr-FR\",\"@id\":\"https:\\\/\\\/secure.gravatar.com\\\/avatar\\\/aa9d3d24c83f2141e5e2709d0f63d09a99f6be6bb7a50abc4915838d9f54501a?s=96&d=mm&r=g\",\"url\":\"https:\\\/\\\/secure.gravatar.com\\\/avatar\\\/aa9d3d24c83f2141e5e2709d0f63d09a99f6be6bb7a50abc4915838d9f54501a?s=96&d=mm&r=g\",\"contentUrl\":\"https:\\\/\\\/secure.gravatar.com\\\/avatar\\\/aa9d3d24c83f2141e5e2709d0f63d09a99f6be6bb7a50abc4915838d9f54501a?s=96&d=mm&r=g\",\"caption\":\"Mathieu\"},\"url\":\"https:\\\/\\\/www.altercampagne.net\\\/?author=214\"}]}<\/script>\n<!-- \/ Yoast SEO plugin. -->","yoast_head_json":{"title":"L'AlterTour fait halte \u00e0 l'\u00c9cocentre lundi - AlterTour","robots":{"index":"index","follow":"follow","max-snippet":"max-snippet:-1","max-image-preview":"max-image-preview:large","max-video-preview":"max-video-preview:-1"},"canonical":"https:\/\/www.altercampagne.net\/?p=5560","og_locale":"fr_FR","og_type":"article","og_title":"L'AlterTour fait halte \u00e0 l'\u00c9cocentre lundi - AlterTour","og_description":"Lundi \u00e0 partir de 14 h, l&rsquo;\u00c9cocentre Tr\u00e9gor propose un apr\u00e8s-midi et une soir\u00e9e d&rsquo;\u00e9changes et de partages festifs et militants pour le passage de l&rsquo;Altertour 2016. Au programme : stands, expos, rencontres, d\u00e9bats, chantier participatif, ateliers et fest-noz. C&rsquo;est quoi l&rsquo;Altertour ? C&rsquo;est un tour \u00e0 v\u00e9lo en autogestion, ... Read More","og_url":"https:\/\/www.altercampagne.net\/?p=5560","og_site_name":"AlterTour","article_published_time":"2016-07-23T16:30:16+00:00","article_modified_time":"2019-09-13T14:49:01+00:00","author":"Mathieu","twitter_card":"summary_large_image","twitter_misc":{"\u00c9crit par":"Mathieu","Dur\u00e9e de lecture estim\u00e9e":"2 minutes"},"schema":{"@context":"https:\/\/schema.org","@graph":[{"@type":"Article","@id":"https:\/\/www.altercampagne.net\/?p=5560#article","isPartOf":{"@id":"https:\/\/www.altercampagne.net\/?p=5560"},"author":{"name":"Mathieu","@id":"https:\/\/www.altercampagne.net\/#\/schema\/person\/0f261460c09e430caa0f9bcffa319109"},"headline":"L&rsquo;AlterTour fait halte \u00e0 l&rsquo;\u00c9cocentre lundi","datePublished":"2016-07-23T16:30:16+00:00","dateModified":"2019-09-13T14:49:01+00:00","mainEntityOfPage":{"@id":"https:\/\/www.altercampagne.net\/?p=5560"},"wordCount":322,"keywords":["bretagne","AlterTour 2016","ouest france","dessin'acteurs","2016","C\u00f4tes-d'Armor","\u00c9cocentre Tr\u00e9gor","Pleumeur-Bodou","Crec'h-ar-Beg","collectif Douar Di Doull","collectif citoyen Stop Tafat Tr\u00e9gor","fest-noz"],"articleSection":["Revue de presse"],"inLanguage":"fr-FR"},{"@type":"WebPage","@id":"https:\/\/www.altercampagne.net\/?p=5560","url":"https:\/\/www.altercampagne.net\/?p=5560","name":"L'AlterTour fait halte \u00e0 l'\u00c9cocentre lundi - AlterTour","isPartOf":{"@id":"https:\/\/www.altercampagne.net\/#website"},"datePublished":"2016-07-23T16:30:16+00:00","dateModified":"2019-09-13T14:49:01+00:00","author":{"@id":"https:\/\/www.altercampagne.net\/#\/schema\/person\/0f261460c09e430caa0f9bcffa319109"},"breadcrumb":{"@id":"https:\/\/www.altercampagne.net\/?p=5560#breadcrumb"},"inLanguage":"fr-FR","potentialAction":[{"@type":"ReadAction","target":["https:\/\/www.altercampagne.net\/?p=5560"]}]},{"@type":"BreadcrumbList","@id":"https:\/\/www.altercampagne.net\/?p=5560#breadcrumb","itemListElement":[{"@type":"ListItem","position":1,"name":"Accueil","item":"https:\/\/www.altercampagne.net\/"},{"@type":"ListItem","position":2,"name":"L&rsquo;AlterTour fait halte \u00e0 l&rsquo;\u00c9cocentre lundi"}]},{"@type":"WebSite","@id":"https:\/\/www.altercampagne.net\/#website","url":"https:\/\/www.altercampagne.net\/","name":"AlterTour","description":"Reliez les Alternatives \u00e0 v\u00e9lo","potentialAction":[{"@type":"SearchAction","target":{"@type":"EntryPoint","urlTemplate":"https:\/\/www.altercampagne.net\/?s={search_term_string}"},"query-input":{"@type":"PropertyValueSpecification","valueRequired":true,"valueName":"search_term_string"}}],"inLanguage":"fr-FR"},{"@type":"Person","@id":"https:\/\/www.altercampagne.net\/#\/schema\/person\/0f261460c09e430caa0f9bcffa319109","name":"Mathieu","image":{"@type":"ImageObject","inLanguage":"fr-FR","@id":"https:\/\/secure.gravatar.com\/avatar\/aa9d3d24c83f2141e5e2709d0f63d09a99f6be6bb7a50abc4915838d9f54501a?s=96&d=mm&r=g","url":"https:\/\/secure.gravatar.com\/avatar\/aa9d3d24c83f2141e5e2709d0f63d09a99f6be6bb7a50abc4915838d9f54501a?s=96&d=mm&r=g","contentUrl":"https:\/\/secure.gravatar.com\/avatar\/aa9d3d24c83f2141e5e2709d0f63d09a99f6be6bb7a50abc4915838d9f54501a?s=96&d=mm&r=g","caption":"Mathieu"},"url":"https:\/\/www.altercampagne.net\/?author=214"}]}},"_links":{"self":[{"href":"https:\/\/www.altercampagne.net\/index.php?rest_route=\/wp\/v2\/posts\/5560","targetHints":{"allow":["GET"]}}],"collection":[{"href":"https:\/\/www.altercampagne.net\/index.php?rest_route=\/wp\/v2\/posts"}],"about":[{"href":"https:\/\/www.altercampagne.net\/index.php?rest_route=\/wp\/v2\/types\/post"}],"author":[{"embeddable":true,"href":"https:\/\/www.altercampagne.net\/index.php?rest_route=\/wp\/v2\/users\/214"}],"replies":[{"embeddable":true,"href":"https:\/\/www.altercampagne.net\/index.php?rest_route=%2Fwp%2Fv2%2Fcomments&post=5560"}],"version-history":[{"count":0,"href":"https:\/\/www.altercampagne.net\/index.php?rest_route=\/wp\/v2\/posts\/5560\/revisions"}],"wp:attachment":[{"href":"https:\/\/www.altercampagne.net\/index.php?rest_route=%2Fwp%2Fv2%2Fmedia&parent=5560"}],"wp:term":[{"taxonomy":"category","embeddable":true,"href":"https:\/\/www.altercampagne.net\/index.php?rest_route=%2Fwp%2Fv2%2Fcategories&post=5560"},{"taxonomy":"post_tag","embeddable":true,"href":"https:\/\/www.altercampagne.net\/index.php?rest_route=%2Fwp%2Fv2%2Ftags&post=5560"}],"curies":[{"name":"wp","href":"https:\/\/api.w.org\/{rel}","templated":true}]}}