{"id":5562,"date":"2016-07-19T18:33:26","date_gmt":"2016-07-19T16:33:26","guid":{"rendered":"http:\/\/www.altercampagne.net\/?p=5562"},"modified":"2017-02-09T13:06:40","modified_gmt":"2017-02-09T12:06:40","slug":"fougeres-laltertour-visite-les-composts-collectifs","status":"publish","type":"post","link":"https:\/\/www.altercampagne.net\/?p=5562","title":{"rendered":"Foug\u00e8res &#8211; L&rsquo;AlterTour visite les composts collectifs"},"content":{"rendered":"<p>Les cyclistes de l&rsquo;AlterTour ont fait une halte pour rencontrer les personnes porteuses d&rsquo;alternatives \u00e9cologiques \u00e0 Foug\u00e8res.<\/p>\n<p>Le compost collectif dans Foug\u00e8res, comment \u00e7a marche ? Pour r\u00e9pondre \u00e0 cette question, les cyclistes de l&rsquo;AlterTour et les acteurs de l&rsquo;association Familles Actives se sont donn\u00e9 rendez-vous rue Joseph-Fournier, dans le quartier de la Forairie.<\/p>\n<p>L\u00e0, les habitants ont, depuis 2011, adopt\u00e9 le r\u00e9flexe du compost collectif, comme le pr\u00e9sente Ludovic Juignet, salari\u00e9 \u00e0 l&rsquo;association Familles Actives. \u00ab Nous travaillons de concert avec le Smictom (Syndicat mixte intercommunal de collecte et de traitement des ordures m\u00e9nag\u00e8res) du pays de Foug\u00e8res, et nous avons install\u00e9 trois sites de composts dans le quartier \u00bb, explique-t-il.<\/p>\n<p>Les feuilles mortes se ramassent \u00e0 la pelle<\/p>\n<p>Chaque site de compost accueille les d\u00e9chets verts de 25 \u00e0 30 foyers. Pour assurer la maintenance de ces composts et veiller \u00e0 ce que le tri soit correctement effectu\u00e9, six b\u00e9n\u00e9voles se relaient pour venir, une fois par semaine, v\u00e9rifier l&rsquo;\u00e9tat des composts, mais aussi le brasser. \u00ab On veille \u00e0 ce que les gens ne se trompent pas en jetant des d\u00e9chets qui ne vont pas au compost \u00bb, assure Pierre, un des b\u00e9n\u00e9voles.<\/p>\n<p>\u00ab Chaque bac doit \u00eatre compos\u00e9 d&rsquo;un tiers de mati\u00e8re s\u00e8che pour deux tiers de mati\u00e8re humide. Nous mettons un bac de feuilles mortes \u00e0 c\u00f4t\u00e9 des composts pour conserver ce ratio \u00bb, continue-t-il.<\/p>\n<p>Une mise \u00e0 disposition pour la communaut\u00e9<\/p>\n<p>Tous les six mois, les exc\u00e8s de composts arriv\u00e9s \u00e0 maturation sont redistribu\u00e9s aux riverains qui disposent d&rsquo;un jardin. Aujourd&rsquo;hui, ces initiatives \u00e9cologiques font de Foug\u00e8res une des villes les plus avanc\u00e9es en mati\u00e8re d&rsquo;environnement. \u00ab Foug\u00e8res est la ville qui se rapproche le plus du \u00ab Z\u00e9ro Phyto \u00bb dans le pays de Foug\u00e8res \u00bb, explique Ludovic Juignet.<\/p>\n<p>L&rsquo;association Familles Actives \u00e9toffe \u00e9galement sa d\u00e9marche en proposant animations, ateliers pratiques et r\u00e9unions autour de l&rsquo;\u00e9cocitoyennet\u00e9.<\/p>\n<p>Source : <a href=\"http:\/\/www.ouest-france.fr\/bretagne\/fougeres-35300\/laltertour-visite-les-composts-collectifs-4378566\" target=\"_blank\">Ouest France<\/a><\/p>\n","protected":false},"excerpt":{"rendered":"<p>Les cyclistes de l&rsquo;AlterTour ont fait une halte pour rencontrer les personnes porteuses d&rsquo;alternatives \u00e9cologiques \u00e0 Foug\u00e8res. Le compost collectif dans Foug\u00e8res, comment \u00e7a marche ? Pour r\u00e9pondre \u00e0 cette question, les cyclistes de l&rsquo;AlterTour et les acteurs de l&rsquo;association Familles Actives se sont donn\u00e9 rendez-vous rue Joseph-Fournier, dans le &#8230; <\/p>\n<div><a href=\"https:\/\/www.altercampagne.net\/?p=5562\" class=\"more-link\">Read More<\/a><\/div>\n","protected":false},"author":214,"featured_media":0,"comment_status":"closed","ping_status":"closed","sticky":false,"template":"","format":"standard","meta":{"footnotes":""},"categories":[239],"tags":[20,383,413,446,471,1652,2392,2573,2574,2575,2846,2849,2850,2851],"class_list":["post-5562","post","type-post","status-publish","format-standard","hentry","category-revue-de-presse","tag-bretagne","tag-altertour-2016","tag-ille-et-vilaine","tag-compost","tag-ouest-france","tag-1652","tag-fougeres","tag-ludovic-juignet","tag-association-familles-actives","tag-smictom","tag-accueillant","tag-accueillant2016","tag-accueillant-2016","tag-altertour2016","no-post-thumbnail"],"yoast_head":"<!-- This site is optimized with the Yoast SEO plugin v27.3 - https:\/\/yoast.com\/product\/yoast-seo-wordpress\/ -->\n<title>Foug\u00e8res - L&#039;AlterTour visite les composts collectifs - AlterTour<\/title>\n<meta name=\"robots\" content=\"index, follow, max-snippet:-1, max-image-preview:large, max-video-preview:-1\" \/>\n<link rel=\"canonical\" href=\"https:\/\/www.altercampagne.net\/?p=5562\" \/>\n<meta property=\"og:locale\" content=\"fr_FR\" \/>\n<meta property=\"og:type\" content=\"article\" \/>\n<meta property=\"og:title\" content=\"Foug\u00e8res - L&#039;AlterTour visite les composts collectifs - AlterTour\" \/>\n<meta property=\"og:description\" content=\"Les cyclistes de l&rsquo;AlterTour ont fait une halte pour rencontrer les personnes porteuses d&rsquo;alternatives \u00e9cologiques \u00e0 Foug\u00e8res. Le compost collectif dans Foug\u00e8res, comment \u00e7a marche ? Pour r\u00e9pondre \u00e0 cette question, les cyclistes de l&rsquo;AlterTour et les acteurs de l&rsquo;association Familles Actives se sont donn\u00e9 rendez-vous rue Joseph-Fournier, dans le ... Read More\" \/>\n<meta property=\"og:url\" content=\"https:\/\/www.altercampagne.net\/?p=5562\" \/>\n<meta property=\"og:site_name\" content=\"AlterTour\" \/>\n<meta property=\"article:published_time\" content=\"2016-07-19T16:33:26+00:00\" \/>\n<meta property=\"article:modified_time\" content=\"2017-02-09T12:06:40+00:00\" \/>\n<meta name=\"author\" content=\"Mathieu\" \/>\n<meta name=\"twitter:card\" content=\"summary_large_image\" \/>\n<meta name=\"twitter:label1\" content=\"\u00c9crit par\" \/>\n\t<meta name=\"twitter:data1\" content=\"Mathieu\" \/>\n\t<meta name=\"twitter:label2\" content=\"Dur\u00e9e de lecture estim\u00e9e\" \/>\n\t<meta name=\"twitter:data2\" content=\"2 minutes\" \/>\n<script type=\"application\/ld+json\" class=\"yoast-schema-graph\">{\"@context\":\"https:\\\/\\\/schema.org\",\"@graph\":[{\"@type\":\"Article\",\"@id\":\"https:\\\/\\\/www.altercampagne.net\\\/?p=5562#article\",\"isPartOf\":{\"@id\":\"https:\\\/\\\/www.altercampagne.net\\\/?p=5562\"},\"author\":{\"name\":\"Mathieu\",\"@id\":\"https:\\\/\\\/www.altercampagne.net\\\/#\\\/schema\\\/person\\\/0f261460c09e430caa0f9bcffa319109\"},\"headline\":\"Foug\u00e8res &#8211; L&rsquo;AlterTour visite les composts collectifs\",\"datePublished\":\"2016-07-19T16:33:26+00:00\",\"dateModified\":\"2017-02-09T12:06:40+00:00\",\"mainEntityOfPage\":{\"@id\":\"https:\\\/\\\/www.altercampagne.net\\\/?p=5562\"},\"wordCount\":343,\"keywords\":[\"bretagne\",\"AlterTour 2016\",\"ille et vilaine\",\"compost\",\"ouest france\",\"2016\",\"Foug\u00e8res\",\"Ludovic Juignet\",\"association Familles Actives\",\"Smictom\",\"accueillant\",\"accueillant2016\",\"accueillant 2016\",\"AlterTour2016\"],\"articleSection\":[\"Revue de presse\"],\"inLanguage\":\"fr-FR\"},{\"@type\":\"WebPage\",\"@id\":\"https:\\\/\\\/www.altercampagne.net\\\/?p=5562\",\"url\":\"https:\\\/\\\/www.altercampagne.net\\\/?p=5562\",\"name\":\"Foug\u00e8res - L'AlterTour visite les composts collectifs - AlterTour\",\"isPartOf\":{\"@id\":\"https:\\\/\\\/www.altercampagne.net\\\/#website\"},\"datePublished\":\"2016-07-19T16:33:26+00:00\",\"dateModified\":\"2017-02-09T12:06:40+00:00\",\"author\":{\"@id\":\"https:\\\/\\\/www.altercampagne.net\\\/#\\\/schema\\\/person\\\/0f261460c09e430caa0f9bcffa319109\"},\"breadcrumb\":{\"@id\":\"https:\\\/\\\/www.altercampagne.net\\\/?p=5562#breadcrumb\"},\"inLanguage\":\"fr-FR\",\"potentialAction\":[{\"@type\":\"ReadAction\",\"target\":[\"https:\\\/\\\/www.altercampagne.net\\\/?p=5562\"]}]},{\"@type\":\"BreadcrumbList\",\"@id\":\"https:\\\/\\\/www.altercampagne.net\\\/?p=5562#breadcrumb\",\"itemListElement\":[{\"@type\":\"ListItem\",\"position\":1,\"name\":\"Accueil\",\"item\":\"https:\\\/\\\/www.altercampagne.net\\\/\"},{\"@type\":\"ListItem\",\"position\":2,\"name\":\"Foug\u00e8res &#8211; L&rsquo;AlterTour visite les composts collectifs\"}]},{\"@type\":\"WebSite\",\"@id\":\"https:\\\/\\\/www.altercampagne.net\\\/#website\",\"url\":\"https:\\\/\\\/www.altercampagne.net\\\/\",\"name\":\"AlterTour\",\"description\":\"Reliez les Alternatives \u00e0 v\u00e9lo\",\"potentialAction\":[{\"@type\":\"SearchAction\",\"target\":{\"@type\":\"EntryPoint\",\"urlTemplate\":\"https:\\\/\\\/www.altercampagne.net\\\/?s={search_term_string}\"},\"query-input\":{\"@type\":\"PropertyValueSpecification\",\"valueRequired\":true,\"valueName\":\"search_term_string\"}}],\"inLanguage\":\"fr-FR\"},{\"@type\":\"Person\",\"@id\":\"https:\\\/\\\/www.altercampagne.net\\\/#\\\/schema\\\/person\\\/0f261460c09e430caa0f9bcffa319109\",\"name\":\"Mathieu\",\"image\":{\"@type\":\"ImageObject\",\"inLanguage\":\"fr-FR\",\"@id\":\"https:\\\/\\\/secure.gravatar.com\\\/avatar\\\/aa9d3d24c83f2141e5e2709d0f63d09a99f6be6bb7a50abc4915838d9f54501a?s=96&d=mm&r=g\",\"url\":\"https:\\\/\\\/secure.gravatar.com\\\/avatar\\\/aa9d3d24c83f2141e5e2709d0f63d09a99f6be6bb7a50abc4915838d9f54501a?s=96&d=mm&r=g\",\"contentUrl\":\"https:\\\/\\\/secure.gravatar.com\\\/avatar\\\/aa9d3d24c83f2141e5e2709d0f63d09a99f6be6bb7a50abc4915838d9f54501a?s=96&d=mm&r=g\",\"caption\":\"Mathieu\"},\"url\":\"https:\\\/\\\/www.altercampagne.net\\\/?author=214\"}]}<\/script>\n<!-- \/ Yoast SEO plugin. -->","yoast_head_json":{"title":"Foug\u00e8res - L'AlterTour visite les composts collectifs - AlterTour","robots":{"index":"index","follow":"follow","max-snippet":"max-snippet:-1","max-image-preview":"max-image-preview:large","max-video-preview":"max-video-preview:-1"},"canonical":"https:\/\/www.altercampagne.net\/?p=5562","og_locale":"fr_FR","og_type":"article","og_title":"Foug\u00e8res - L'AlterTour visite les composts collectifs - AlterTour","og_description":"Les cyclistes de l&rsquo;AlterTour ont fait une halte pour rencontrer les personnes porteuses d&rsquo;alternatives \u00e9cologiques \u00e0 Foug\u00e8res. Le compost collectif dans Foug\u00e8res, comment \u00e7a marche ? Pour r\u00e9pondre \u00e0 cette question, les cyclistes de l&rsquo;AlterTour et les acteurs de l&rsquo;association Familles Actives se sont donn\u00e9 rendez-vous rue Joseph-Fournier, dans le ... Read More","og_url":"https:\/\/www.altercampagne.net\/?p=5562","og_site_name":"AlterTour","article_published_time":"2016-07-19T16:33:26+00:00","article_modified_time":"2017-02-09T12:06:40+00:00","author":"Mathieu","twitter_card":"summary_large_image","twitter_misc":{"\u00c9crit par":"Mathieu","Dur\u00e9e de lecture estim\u00e9e":"2 minutes"},"schema":{"@context":"https:\/\/schema.org","@graph":[{"@type":"Article","@id":"https:\/\/www.altercampagne.net\/?p=5562#article","isPartOf":{"@id":"https:\/\/www.altercampagne.net\/?p=5562"},"author":{"name":"Mathieu","@id":"https:\/\/www.altercampagne.net\/#\/schema\/person\/0f261460c09e430caa0f9bcffa319109"},"headline":"Foug\u00e8res &#8211; L&rsquo;AlterTour visite les composts collectifs","datePublished":"2016-07-19T16:33:26+00:00","dateModified":"2017-02-09T12:06:40+00:00","mainEntityOfPage":{"@id":"https:\/\/www.altercampagne.net\/?p=5562"},"wordCount":343,"keywords":["bretagne","AlterTour 2016","ille et vilaine","compost","ouest france","2016","Foug\u00e8res","Ludovic Juignet","association Familles Actives","Smictom","accueillant","accueillant2016","accueillant 2016","AlterTour2016"],"articleSection":["Revue de presse"],"inLanguage":"fr-FR"},{"@type":"WebPage","@id":"https:\/\/www.altercampagne.net\/?p=5562","url":"https:\/\/www.altercampagne.net\/?p=5562","name":"Foug\u00e8res - L'AlterTour visite les composts collectifs - AlterTour","isPartOf":{"@id":"https:\/\/www.altercampagne.net\/#website"},"datePublished":"2016-07-19T16:33:26+00:00","dateModified":"2017-02-09T12:06:40+00:00","author":{"@id":"https:\/\/www.altercampagne.net\/#\/schema\/person\/0f261460c09e430caa0f9bcffa319109"},"breadcrumb":{"@id":"https:\/\/www.altercampagne.net\/?p=5562#breadcrumb"},"inLanguage":"fr-FR","potentialAction":[{"@type":"ReadAction","target":["https:\/\/www.altercampagne.net\/?p=5562"]}]},{"@type":"BreadcrumbList","@id":"https:\/\/www.altercampagne.net\/?p=5562#breadcrumb","itemListElement":[{"@type":"ListItem","position":1,"name":"Accueil","item":"https:\/\/www.altercampagne.net\/"},{"@type":"ListItem","position":2,"name":"Foug\u00e8res &#8211; L&rsquo;AlterTour visite les composts collectifs"}]},{"@type":"WebSite","@id":"https:\/\/www.altercampagne.net\/#website","url":"https:\/\/www.altercampagne.net\/","name":"AlterTour","description":"Reliez les Alternatives \u00e0 v\u00e9lo","potentialAction":[{"@type":"SearchAction","target":{"@type":"EntryPoint","urlTemplate":"https:\/\/www.altercampagne.net\/?s={search_term_string}"},"query-input":{"@type":"PropertyValueSpecification","valueRequired":true,"valueName":"search_term_string"}}],"inLanguage":"fr-FR"},{"@type":"Person","@id":"https:\/\/www.altercampagne.net\/#\/schema\/person\/0f261460c09e430caa0f9bcffa319109","name":"Mathieu","image":{"@type":"ImageObject","inLanguage":"fr-FR","@id":"https:\/\/secure.gravatar.com\/avatar\/aa9d3d24c83f2141e5e2709d0f63d09a99f6be6bb7a50abc4915838d9f54501a?s=96&d=mm&r=g","url":"https:\/\/secure.gravatar.com\/avatar\/aa9d3d24c83f2141e5e2709d0f63d09a99f6be6bb7a50abc4915838d9f54501a?s=96&d=mm&r=g","contentUrl":"https:\/\/secure.gravatar.com\/avatar\/aa9d3d24c83f2141e5e2709d0f63d09a99f6be6bb7a50abc4915838d9f54501a?s=96&d=mm&r=g","caption":"Mathieu"},"url":"https:\/\/www.altercampagne.net\/?author=214"}]}},"_links":{"self":[{"href":"https:\/\/www.altercampagne.net\/index.php?rest_route=\/wp\/v2\/posts\/5562","targetHints":{"allow":["GET"]}}],"collection":[{"href":"https:\/\/www.altercampagne.net\/index.php?rest_route=\/wp\/v2\/posts"}],"about":[{"href":"https:\/\/www.altercampagne.net\/index.php?rest_route=\/wp\/v2\/types\/post"}],"author":[{"embeddable":true,"href":"https:\/\/www.altercampagne.net\/index.php?rest_route=\/wp\/v2\/users\/214"}],"replies":[{"embeddable":true,"href":"https:\/\/www.altercampagne.net\/index.php?rest_route=%2Fwp%2Fv2%2Fcomments&post=5562"}],"version-history":[{"count":0,"href":"https:\/\/www.altercampagne.net\/index.php?rest_route=\/wp\/v2\/posts\/5562\/revisions"}],"wp:attachment":[{"href":"https:\/\/www.altercampagne.net\/index.php?rest_route=%2Fwp%2Fv2%2Fmedia&parent=5562"}],"wp:term":[{"taxonomy":"category","embeddable":true,"href":"https:\/\/www.altercampagne.net\/index.php?rest_route=%2Fwp%2Fv2%2Fcategories&post=5562"},{"taxonomy":"post_tag","embeddable":true,"href":"https:\/\/www.altercampagne.net\/index.php?rest_route=%2Fwp%2Fv2%2Ftags&post=5562"}],"curies":[{"name":"wp","href":"https:\/\/api.w.org\/{rel}","templated":true}]}}