{"id":5566,"date":"2016-07-26T18:44:40","date_gmt":"2016-07-26T16:44:40","guid":{"rendered":"http:\/\/www.altercampagne.net\/?p=5566"},"modified":"2016-07-29T18:47:13","modified_gmt":"2016-07-29T16:47:13","slug":"altertour-sur-zone-le-3-aout","status":"publish","type":"post","link":"https:\/\/www.altercampagne.net\/?p=5566","title":{"rendered":"AlterTour. Sur zone le 3 ao\u00fbt"},"content":{"rendered":"<p>Pour sa 9e \u00e9dition, l&rsquo;AlterTour est \u00e0 l&rsquo;Ouest. Ainsi, depuis le 10 juillet et jusqu&rsquo;au 21 ao\u00fbt, 250 \u00e0 300 \u00ab Altercyclistes \u00bb se relaieront pour sillonner les routes, de Notre-Dame-des Landes \u00e0 Rennes en passant par Laval, Saint-Brieuc, Lannion, Brest, Quimper, Lorient et Vannes. L&rsquo;AlterTour est \u00ab un tour \u00e0 v\u00e9lo en autogestion, pour montrer que d&rsquo;autres modes de vie et de relations sont possibles, plus solidaires, \u00e9cologiquement et socialement durables \u00bb. \u00c0 la rencontre \u00ab des alternatives et des initiatives locales \u00bb, il s&rsquo;arr\u00eatera \u00e0 Goasven, en Logonna-Daoulas, le mercredi 3 ao\u00fbt, vers 12 h, et, le jeudi 4 ao\u00fbt, installation du campement, visite du magasin de producteurs, visite de ferme, visite de la Recyclerie \u00e0 Irvillac, soir\u00e9e projection au bar, pizzas au feu de bois, repas en commun&#8230; et autres surprises ! Et le jeudi, voyage aller-retour \u00e0 Brest pour des rencontres, des visites&#8230;<\/p>\n<p>Source : <a href=\"http:\/\/www.letelegramme.fr\/finistere\/le-faou\/altertour-sur-zone-le-3-aout-26-07-2016-11161173.php\" target=\"_blank\">Le T\u00e9l\u00e9gramme<\/a><\/p>\n","protected":false},"excerpt":{"rendered":"<p>Pour sa 9e \u00e9dition, l&rsquo;AlterTour est \u00e0 l&rsquo;Ouest. Ainsi, depuis le 10 juillet et jusqu&rsquo;au 21 ao\u00fbt, 250 \u00e0 300 \u00ab Altercyclistes \u00bb se relaieront pour sillonner les routes, de Notre-Dame-des Landes \u00e0 Rennes en passant par Laval, Saint-Brieuc, Lannion, Brest, Quimper, Lorient et Vannes. L&rsquo;AlterTour est \u00ab un tour &#8230; <\/p>\n<div><a href=\"https:\/\/www.altercampagne.net\/?p=5566\" class=\"more-link\">Read More<\/a><\/div>\n","protected":false},"author":214,"featured_media":0,"comment_status":"closed","ping_status":"closed","sticky":false,"template":"","format":"standard","meta":{"footnotes":""},"categories":[239],"tags":[20,383,410,1652,2566,2568,2578,2579,2580],"class_list":["post-5566","post","type-post","status-publish","format-standard","hentry","category-revue-de-presse","tag-bretagne","tag-altertour-2016","tag-finistere","tag-1652","tag-goasven","tag-irvillac","tag-le-telegramme","tag-logonna-daoulas","tag-recyclerie","no-post-thumbnail"],"yoast_head":"<!-- This site is optimized with the Yoast SEO plugin v27.3 - https:\/\/yoast.com\/product\/yoast-seo-wordpress\/ -->\n<title>AlterTour. Sur zone le 3 ao\u00fbt - AlterTour<\/title>\n<meta name=\"robots\" content=\"index, follow, max-snippet:-1, max-image-preview:large, max-video-preview:-1\" \/>\n<link rel=\"canonical\" href=\"https:\/\/www.altercampagne.net\/?p=5566\" \/>\n<meta property=\"og:locale\" content=\"fr_FR\" \/>\n<meta property=\"og:type\" content=\"article\" \/>\n<meta property=\"og:title\" content=\"AlterTour. Sur zone le 3 ao\u00fbt - AlterTour\" \/>\n<meta property=\"og:description\" content=\"Pour sa 9e \u00e9dition, l&rsquo;AlterTour est \u00e0 l&rsquo;Ouest. Ainsi, depuis le 10 juillet et jusqu&rsquo;au 21 ao\u00fbt, 250 \u00e0 300 \u00ab Altercyclistes \u00bb se relaieront pour sillonner les routes, de Notre-Dame-des Landes \u00e0 Rennes en passant par Laval, Saint-Brieuc, Lannion, Brest, Quimper, Lorient et Vannes. L&rsquo;AlterTour est \u00ab un tour ... Read More\" \/>\n<meta property=\"og:url\" content=\"https:\/\/www.altercampagne.net\/?p=5566\" \/>\n<meta property=\"og:site_name\" content=\"AlterTour\" \/>\n<meta property=\"article:published_time\" content=\"2016-07-26T16:44:40+00:00\" \/>\n<meta property=\"article:modified_time\" content=\"2016-07-29T16:47:13+00:00\" \/>\n<meta name=\"author\" content=\"Mathieu\" \/>\n<meta name=\"twitter:card\" content=\"summary_large_image\" \/>\n<meta name=\"twitter:label1\" content=\"\u00c9crit par\" \/>\n\t<meta name=\"twitter:data1\" content=\"Mathieu\" \/>\n\t<meta name=\"twitter:label2\" content=\"Dur\u00e9e de lecture estim\u00e9e\" \/>\n\t<meta name=\"twitter:data2\" content=\"1 minute\" \/>\n<script type=\"application\/ld+json\" class=\"yoast-schema-graph\">{\"@context\":\"https:\\\/\\\/schema.org\",\"@graph\":[{\"@type\":\"Article\",\"@id\":\"https:\\\/\\\/www.altercampagne.net\\\/?p=5566#article\",\"isPartOf\":{\"@id\":\"https:\\\/\\\/www.altercampagne.net\\\/?p=5566\"},\"author\":{\"name\":\"Mathieu\",\"@id\":\"https:\\\/\\\/www.altercampagne.net\\\/#\\\/schema\\\/person\\\/0f261460c09e430caa0f9bcffa319109\"},\"headline\":\"AlterTour. Sur zone le 3 ao\u00fbt\",\"datePublished\":\"2016-07-26T16:44:40+00:00\",\"dateModified\":\"2016-07-29T16:47:13+00:00\",\"mainEntityOfPage\":{\"@id\":\"https:\\\/\\\/www.altercampagne.net\\\/?p=5566\"},\"wordCount\":148,\"keywords\":[\"bretagne\",\"AlterTour 2016\",\"finist\u00e8re\",\"2016\",\"Goasven\",\"Irvillac\",\"Le t\u00e9l\u00e9gramme\",\"Logonna-Daoulas\",\"Recyclerie\"],\"articleSection\":[\"Revue de presse\"],\"inLanguage\":\"fr-FR\"},{\"@type\":\"WebPage\",\"@id\":\"https:\\\/\\\/www.altercampagne.net\\\/?p=5566\",\"url\":\"https:\\\/\\\/www.altercampagne.net\\\/?p=5566\",\"name\":\"AlterTour. Sur zone le 3 ao\u00fbt - AlterTour\",\"isPartOf\":{\"@id\":\"https:\\\/\\\/www.altercampagne.net\\\/#website\"},\"datePublished\":\"2016-07-26T16:44:40+00:00\",\"dateModified\":\"2016-07-29T16:47:13+00:00\",\"author\":{\"@id\":\"https:\\\/\\\/www.altercampagne.net\\\/#\\\/schema\\\/person\\\/0f261460c09e430caa0f9bcffa319109\"},\"breadcrumb\":{\"@id\":\"https:\\\/\\\/www.altercampagne.net\\\/?p=5566#breadcrumb\"},\"inLanguage\":\"fr-FR\",\"potentialAction\":[{\"@type\":\"ReadAction\",\"target\":[\"https:\\\/\\\/www.altercampagne.net\\\/?p=5566\"]}]},{\"@type\":\"BreadcrumbList\",\"@id\":\"https:\\\/\\\/www.altercampagne.net\\\/?p=5566#breadcrumb\",\"itemListElement\":[{\"@type\":\"ListItem\",\"position\":1,\"name\":\"Accueil\",\"item\":\"https:\\\/\\\/www.altercampagne.net\\\/\"},{\"@type\":\"ListItem\",\"position\":2,\"name\":\"AlterTour. Sur zone le 3 ao\u00fbt\"}]},{\"@type\":\"WebSite\",\"@id\":\"https:\\\/\\\/www.altercampagne.net\\\/#website\",\"url\":\"https:\\\/\\\/www.altercampagne.net\\\/\",\"name\":\"AlterTour\",\"description\":\"Reliez les Alternatives \u00e0 v\u00e9lo\",\"potentialAction\":[{\"@type\":\"SearchAction\",\"target\":{\"@type\":\"EntryPoint\",\"urlTemplate\":\"https:\\\/\\\/www.altercampagne.net\\\/?s={search_term_string}\"},\"query-input\":{\"@type\":\"PropertyValueSpecification\",\"valueRequired\":true,\"valueName\":\"search_term_string\"}}],\"inLanguage\":\"fr-FR\"},{\"@type\":\"Person\",\"@id\":\"https:\\\/\\\/www.altercampagne.net\\\/#\\\/schema\\\/person\\\/0f261460c09e430caa0f9bcffa319109\",\"name\":\"Mathieu\",\"image\":{\"@type\":\"ImageObject\",\"inLanguage\":\"fr-FR\",\"@id\":\"https:\\\/\\\/secure.gravatar.com\\\/avatar\\\/aa9d3d24c83f2141e5e2709d0f63d09a99f6be6bb7a50abc4915838d9f54501a?s=96&d=mm&r=g\",\"url\":\"https:\\\/\\\/secure.gravatar.com\\\/avatar\\\/aa9d3d24c83f2141e5e2709d0f63d09a99f6be6bb7a50abc4915838d9f54501a?s=96&d=mm&r=g\",\"contentUrl\":\"https:\\\/\\\/secure.gravatar.com\\\/avatar\\\/aa9d3d24c83f2141e5e2709d0f63d09a99f6be6bb7a50abc4915838d9f54501a?s=96&d=mm&r=g\",\"caption\":\"Mathieu\"},\"url\":\"https:\\\/\\\/www.altercampagne.net\\\/?author=214\"}]}<\/script>\n<!-- \/ Yoast SEO plugin. -->","yoast_head_json":{"title":"AlterTour. Sur zone le 3 ao\u00fbt - AlterTour","robots":{"index":"index","follow":"follow","max-snippet":"max-snippet:-1","max-image-preview":"max-image-preview:large","max-video-preview":"max-video-preview:-1"},"canonical":"https:\/\/www.altercampagne.net\/?p=5566","og_locale":"fr_FR","og_type":"article","og_title":"AlterTour. Sur zone le 3 ao\u00fbt - AlterTour","og_description":"Pour sa 9e \u00e9dition, l&rsquo;AlterTour est \u00e0 l&rsquo;Ouest. Ainsi, depuis le 10 juillet et jusqu&rsquo;au 21 ao\u00fbt, 250 \u00e0 300 \u00ab Altercyclistes \u00bb se relaieront pour sillonner les routes, de Notre-Dame-des Landes \u00e0 Rennes en passant par Laval, Saint-Brieuc, Lannion, Brest, Quimper, Lorient et Vannes. L&rsquo;AlterTour est \u00ab un tour ... Read More","og_url":"https:\/\/www.altercampagne.net\/?p=5566","og_site_name":"AlterTour","article_published_time":"2016-07-26T16:44:40+00:00","article_modified_time":"2016-07-29T16:47:13+00:00","author":"Mathieu","twitter_card":"summary_large_image","twitter_misc":{"\u00c9crit par":"Mathieu","Dur\u00e9e de lecture estim\u00e9e":"1 minute"},"schema":{"@context":"https:\/\/schema.org","@graph":[{"@type":"Article","@id":"https:\/\/www.altercampagne.net\/?p=5566#article","isPartOf":{"@id":"https:\/\/www.altercampagne.net\/?p=5566"},"author":{"name":"Mathieu","@id":"https:\/\/www.altercampagne.net\/#\/schema\/person\/0f261460c09e430caa0f9bcffa319109"},"headline":"AlterTour. Sur zone le 3 ao\u00fbt","datePublished":"2016-07-26T16:44:40+00:00","dateModified":"2016-07-29T16:47:13+00:00","mainEntityOfPage":{"@id":"https:\/\/www.altercampagne.net\/?p=5566"},"wordCount":148,"keywords":["bretagne","AlterTour 2016","finist\u00e8re","2016","Goasven","Irvillac","Le t\u00e9l\u00e9gramme","Logonna-Daoulas","Recyclerie"],"articleSection":["Revue de presse"],"inLanguage":"fr-FR"},{"@type":"WebPage","@id":"https:\/\/www.altercampagne.net\/?p=5566","url":"https:\/\/www.altercampagne.net\/?p=5566","name":"AlterTour. Sur zone le 3 ao\u00fbt - AlterTour","isPartOf":{"@id":"https:\/\/www.altercampagne.net\/#website"},"datePublished":"2016-07-26T16:44:40+00:00","dateModified":"2016-07-29T16:47:13+00:00","author":{"@id":"https:\/\/www.altercampagne.net\/#\/schema\/person\/0f261460c09e430caa0f9bcffa319109"},"breadcrumb":{"@id":"https:\/\/www.altercampagne.net\/?p=5566#breadcrumb"},"inLanguage":"fr-FR","potentialAction":[{"@type":"ReadAction","target":["https:\/\/www.altercampagne.net\/?p=5566"]}]},{"@type":"BreadcrumbList","@id":"https:\/\/www.altercampagne.net\/?p=5566#breadcrumb","itemListElement":[{"@type":"ListItem","position":1,"name":"Accueil","item":"https:\/\/www.altercampagne.net\/"},{"@type":"ListItem","position":2,"name":"AlterTour. Sur zone le 3 ao\u00fbt"}]},{"@type":"WebSite","@id":"https:\/\/www.altercampagne.net\/#website","url":"https:\/\/www.altercampagne.net\/","name":"AlterTour","description":"Reliez les Alternatives \u00e0 v\u00e9lo","potentialAction":[{"@type":"SearchAction","target":{"@type":"EntryPoint","urlTemplate":"https:\/\/www.altercampagne.net\/?s={search_term_string}"},"query-input":{"@type":"PropertyValueSpecification","valueRequired":true,"valueName":"search_term_string"}}],"inLanguage":"fr-FR"},{"@type":"Person","@id":"https:\/\/www.altercampagne.net\/#\/schema\/person\/0f261460c09e430caa0f9bcffa319109","name":"Mathieu","image":{"@type":"ImageObject","inLanguage":"fr-FR","@id":"https:\/\/secure.gravatar.com\/avatar\/aa9d3d24c83f2141e5e2709d0f63d09a99f6be6bb7a50abc4915838d9f54501a?s=96&d=mm&r=g","url":"https:\/\/secure.gravatar.com\/avatar\/aa9d3d24c83f2141e5e2709d0f63d09a99f6be6bb7a50abc4915838d9f54501a?s=96&d=mm&r=g","contentUrl":"https:\/\/secure.gravatar.com\/avatar\/aa9d3d24c83f2141e5e2709d0f63d09a99f6be6bb7a50abc4915838d9f54501a?s=96&d=mm&r=g","caption":"Mathieu"},"url":"https:\/\/www.altercampagne.net\/?author=214"}]}},"_links":{"self":[{"href":"https:\/\/www.altercampagne.net\/index.php?rest_route=\/wp\/v2\/posts\/5566","targetHints":{"allow":["GET"]}}],"collection":[{"href":"https:\/\/www.altercampagne.net\/index.php?rest_route=\/wp\/v2\/posts"}],"about":[{"href":"https:\/\/www.altercampagne.net\/index.php?rest_route=\/wp\/v2\/types\/post"}],"author":[{"embeddable":true,"href":"https:\/\/www.altercampagne.net\/index.php?rest_route=\/wp\/v2\/users\/214"}],"replies":[{"embeddable":true,"href":"https:\/\/www.altercampagne.net\/index.php?rest_route=%2Fwp%2Fv2%2Fcomments&post=5566"}],"version-history":[{"count":0,"href":"https:\/\/www.altercampagne.net\/index.php?rest_route=\/wp\/v2\/posts\/5566\/revisions"}],"wp:attachment":[{"href":"https:\/\/www.altercampagne.net\/index.php?rest_route=%2Fwp%2Fv2%2Fmedia&parent=5566"}],"wp:term":[{"taxonomy":"category","embeddable":true,"href":"https:\/\/www.altercampagne.net\/index.php?rest_route=%2Fwp%2Fv2%2Fcategories&post=5566"},{"taxonomy":"post_tag","embeddable":true,"href":"https:\/\/www.altercampagne.net\/index.php?rest_route=%2Fwp%2Fv2%2Ftags&post=5566"}],"curies":[{"name":"wp","href":"https:\/\/api.w.org\/{rel}","templated":true}]}}