{"id":5568,"date":"2016-07-26T18:47:18","date_gmt":"2016-07-26T16:47:18","guid":{"rendered":"http:\/\/www.altercampagne.net\/?p=5568"},"modified":"2016-07-29T18:50:02","modified_gmt":"2016-07-29T16:50:02","slug":"pour-une-planete-sans-dopage-laltertour-a-quimper-le-1e-r-aout","status":"publish","type":"post","link":"https:\/\/www.altercampagne.net\/?p=5568","title":{"rendered":"\u00ab Pour une plan\u00e8te sans dopage \u00bb. L&rsquo;AlterTour \u00e0 Quimper le 1e r ao\u00fbt"},"content":{"rendered":"<p>L&rsquo;AlterTour fera \u00e9tape \u00e0 Quimper lundi 1e r ao\u00fbt. Les associations Kernav\u00e9lo et \u00ab Actes en Cornouaille \u00bb accueilleront ces 60 cyclistes au sein d&rsquo;un forum associatif install\u00e9 dans les jardins de l&rsquo;\u00e9v\u00each\u00e9 entre 12 h et 18 h (stands d&rsquo;E-Ker, d&rsquo;Attac, d&rsquo;Eau et Rivi\u00e8res, sortir du Nucl\u00e9aire, conf\u00e9rence de Pierre Mollo, ateliers de discussion, exposition, musique, petite restauration pour le d\u00e9jeuner avec l&rsquo;Effet Papillon).<br \/>\n\u00ab Sauvegarde des biens communs de l&rsquo;humanit\u00e9 \u00bb<br \/>\n\u00ab L&rsquo;AlterTour pour une plan\u00e8te sans dopage est un parcours cycliste autog\u00e9r\u00e9 en relais, partant \u00e0 la d\u00e9couverte des alternatives r\u00e9gionales au cours de l&rsquo;\u00e9t\u00e9. Il est organis\u00e9 par l&rsquo;association Altercampagne, n\u00e9e \u00e0 la suite de la mobilisation de 2004 contre les OGM \u00bb. Le parcours 2016 est parti de Notre-Dame-des-Landes le 10 juillet. Il arrivera \u00e0 Rennes le 21 ao\u00fbt. \u00ab C&rsquo;est un espace de rencontre, de d\u00e9bats, ouvert \u00e0 tous, visant \u00e0 promouvoir la r\u00e9flexion, les \u00e9changes de connaissances et d&rsquo;exp\u00e9riences militantes, les t\u00e9moignages de r\u00e9sistance non-violente \u00bb, explique Martine Petit, d&rsquo;Actes en Cornouaille. L&rsquo;AlterTour promeut \u00ab une gestion collective dynamique de la biodiversit\u00e9, des semences paysannes, de la sauvegarde de l&rsquo;agriculture non-productiviste et de ses paysans, et plus largement la sauvegarde des biens communs de l&rsquo;humanit\u00e9 que repr\u00e9sentent l&rsquo;eau, les sols, l&rsquo;\u00e9quilibre \u00e9cologique, ainsi que la diversit\u00e9 culturelle \u00bb. Arriv\u00e9e de l&rsquo;AlterTour et forum associatif, lundi 1e r ao\u00fbt, de 12 h \u00e0 18 h, jardins de l&rsquo;\u00e9v\u00each\u00e9.<\/p>\n<p>Source : <a href=\"http:\/\/www.letelegramme.fr\/finistere\/quimper\/pour-une-planete-sans-dopage-l-altertour-a-quimper-le-1e-r-aout-26-07-2016-11161236.php\" target=\"_blank\">Le T\u00e9l\u00e9gramme<\/a><\/p>\n","protected":false},"excerpt":{"rendered":"<p>L&rsquo;AlterTour fera \u00e9tape \u00e0 Quimper lundi 1e r ao\u00fbt. Les associations Kernav\u00e9lo et \u00ab Actes en Cornouaille \u00bb accueilleront ces 60 cyclistes au sein d&rsquo;un forum associatif install\u00e9 dans les jardins de l&rsquo;\u00e9v\u00each\u00e9 entre 12 h et 18 h (stands d&rsquo;E-Ker, d&rsquo;Attac, d&rsquo;Eau et Rivi\u00e8res, sortir du Nucl\u00e9aire, conf\u00e9rence de &#8230; <\/p>\n<div><a href=\"https:\/\/www.altercampagne.net\/?p=5568\" class=\"more-link\">Read More<\/a><\/div>\n","protected":false},"author":214,"featured_media":0,"comment_status":"closed","ping_status":"closed","sticky":false,"template":"","format":"standard","meta":{"footnotes":""},"categories":[239],"tags":[20,383,410,428,1008,1652,2543,2544,2545,2546,2578,2581],"class_list":["post-5568","post","type-post","status-publish","format-standard","hentry","category-revue-de-presse","tag-bretagne","tag-altertour-2016","tag-finistere","tag-sortir-du-nucleaire","tag-attac","tag-1652","tag-quimper","tag-e-ker","tag-eau-et-rivieres","tag-pierre-mollo","tag-le-telegramme","tag-actes-en-cornouaille","no-post-thumbnail"],"yoast_head":"<!-- This site is optimized with the Yoast SEO plugin v27.3 - https:\/\/yoast.com\/product\/yoast-seo-wordpress\/ -->\n<title>\u00ab Pour une plan\u00e8te sans dopage \u00bb. L&#039;AlterTour \u00e0 Quimper le 1e r ao\u00fbt - AlterTour<\/title>\n<meta name=\"robots\" content=\"index, follow, max-snippet:-1, max-image-preview:large, max-video-preview:-1\" \/>\n<link rel=\"canonical\" href=\"https:\/\/www.altercampagne.net\/?p=5568\" \/>\n<meta property=\"og:locale\" content=\"fr_FR\" \/>\n<meta property=\"og:type\" content=\"article\" \/>\n<meta property=\"og:title\" content=\"\u00ab Pour une plan\u00e8te sans dopage \u00bb. L&#039;AlterTour \u00e0 Quimper le 1e r ao\u00fbt - AlterTour\" \/>\n<meta property=\"og:description\" content=\"L&rsquo;AlterTour fera \u00e9tape \u00e0 Quimper lundi 1e r ao\u00fbt. Les associations Kernav\u00e9lo et \u00ab Actes en Cornouaille \u00bb accueilleront ces 60 cyclistes au sein d&rsquo;un forum associatif install\u00e9 dans les jardins de l&rsquo;\u00e9v\u00each\u00e9 entre 12 h et 18 h (stands d&rsquo;E-Ker, d&rsquo;Attac, d&rsquo;Eau et Rivi\u00e8res, sortir du Nucl\u00e9aire, conf\u00e9rence de ... Read More\" \/>\n<meta property=\"og:url\" content=\"https:\/\/www.altercampagne.net\/?p=5568\" \/>\n<meta property=\"og:site_name\" content=\"AlterTour\" \/>\n<meta property=\"article:published_time\" content=\"2016-07-26T16:47:18+00:00\" \/>\n<meta property=\"article:modified_time\" content=\"2016-07-29T16:50:02+00:00\" \/>\n<meta name=\"author\" content=\"Mathieu\" \/>\n<meta name=\"twitter:card\" content=\"summary_large_image\" \/>\n<meta name=\"twitter:label1\" content=\"\u00c9crit par\" \/>\n\t<meta name=\"twitter:data1\" content=\"Mathieu\" \/>\n\t<meta name=\"twitter:label2\" content=\"Dur\u00e9e de lecture estim\u00e9e\" \/>\n\t<meta name=\"twitter:data2\" content=\"1 minute\" \/>\n<script type=\"application\/ld+json\" class=\"yoast-schema-graph\">{\"@context\":\"https:\\\/\\\/schema.org\",\"@graph\":[{\"@type\":\"Article\",\"@id\":\"https:\\\/\\\/www.altercampagne.net\\\/?p=5568#article\",\"isPartOf\":{\"@id\":\"https:\\\/\\\/www.altercampagne.net\\\/?p=5568\"},\"author\":{\"name\":\"Mathieu\",\"@id\":\"https:\\\/\\\/www.altercampagne.net\\\/#\\\/schema\\\/person\\\/0f261460c09e430caa0f9bcffa319109\"},\"headline\":\"\u00ab Pour une plan\u00e8te sans dopage \u00bb. L&rsquo;AlterTour \u00e0 Quimper le 1e r ao\u00fbt\",\"datePublished\":\"2016-07-26T16:47:18+00:00\",\"dateModified\":\"2016-07-29T16:50:02+00:00\",\"mainEntityOfPage\":{\"@id\":\"https:\\\/\\\/www.altercampagne.net\\\/?p=5568\"},\"wordCount\":270,\"keywords\":[\"bretagne\",\"AlterTour 2016\",\"finist\u00e8re\",\"sortir du nucl\u00e9aire\",\"Attac\",\"2016\",\"quimper\",\"E-Ker\",\"Eau et Rivi\u00e8res\",\"Pierre Mollo\",\"Le t\u00e9l\u00e9gramme\",\"Actes en Cornouaille\"],\"articleSection\":[\"Revue de presse\"],\"inLanguage\":\"fr-FR\"},{\"@type\":\"WebPage\",\"@id\":\"https:\\\/\\\/www.altercampagne.net\\\/?p=5568\",\"url\":\"https:\\\/\\\/www.altercampagne.net\\\/?p=5568\",\"name\":\"\u00ab Pour une plan\u00e8te sans dopage \u00bb. L'AlterTour \u00e0 Quimper le 1e r ao\u00fbt - AlterTour\",\"isPartOf\":{\"@id\":\"https:\\\/\\\/www.altercampagne.net\\\/#website\"},\"datePublished\":\"2016-07-26T16:47:18+00:00\",\"dateModified\":\"2016-07-29T16:50:02+00:00\",\"author\":{\"@id\":\"https:\\\/\\\/www.altercampagne.net\\\/#\\\/schema\\\/person\\\/0f261460c09e430caa0f9bcffa319109\"},\"breadcrumb\":{\"@id\":\"https:\\\/\\\/www.altercampagne.net\\\/?p=5568#breadcrumb\"},\"inLanguage\":\"fr-FR\",\"potentialAction\":[{\"@type\":\"ReadAction\",\"target\":[\"https:\\\/\\\/www.altercampagne.net\\\/?p=5568\"]}]},{\"@type\":\"BreadcrumbList\",\"@id\":\"https:\\\/\\\/www.altercampagne.net\\\/?p=5568#breadcrumb\",\"itemListElement\":[{\"@type\":\"ListItem\",\"position\":1,\"name\":\"Accueil\",\"item\":\"https:\\\/\\\/www.altercampagne.net\\\/\"},{\"@type\":\"ListItem\",\"position\":2,\"name\":\"\u00ab Pour une plan\u00e8te sans dopage \u00bb. L&rsquo;AlterTour \u00e0 Quimper le 1e r ao\u00fbt\"}]},{\"@type\":\"WebSite\",\"@id\":\"https:\\\/\\\/www.altercampagne.net\\\/#website\",\"url\":\"https:\\\/\\\/www.altercampagne.net\\\/\",\"name\":\"AlterTour\",\"description\":\"Reliez les Alternatives \u00e0 v\u00e9lo\",\"potentialAction\":[{\"@type\":\"SearchAction\",\"target\":{\"@type\":\"EntryPoint\",\"urlTemplate\":\"https:\\\/\\\/www.altercampagne.net\\\/?s={search_term_string}\"},\"query-input\":{\"@type\":\"PropertyValueSpecification\",\"valueRequired\":true,\"valueName\":\"search_term_string\"}}],\"inLanguage\":\"fr-FR\"},{\"@type\":\"Person\",\"@id\":\"https:\\\/\\\/www.altercampagne.net\\\/#\\\/schema\\\/person\\\/0f261460c09e430caa0f9bcffa319109\",\"name\":\"Mathieu\",\"image\":{\"@type\":\"ImageObject\",\"inLanguage\":\"fr-FR\",\"@id\":\"https:\\\/\\\/secure.gravatar.com\\\/avatar\\\/aa9d3d24c83f2141e5e2709d0f63d09a99f6be6bb7a50abc4915838d9f54501a?s=96&d=mm&r=g\",\"url\":\"https:\\\/\\\/secure.gravatar.com\\\/avatar\\\/aa9d3d24c83f2141e5e2709d0f63d09a99f6be6bb7a50abc4915838d9f54501a?s=96&d=mm&r=g\",\"contentUrl\":\"https:\\\/\\\/secure.gravatar.com\\\/avatar\\\/aa9d3d24c83f2141e5e2709d0f63d09a99f6be6bb7a50abc4915838d9f54501a?s=96&d=mm&r=g\",\"caption\":\"Mathieu\"},\"url\":\"https:\\\/\\\/www.altercampagne.net\\\/?author=214\"}]}<\/script>\n<!-- \/ Yoast SEO plugin. -->","yoast_head_json":{"title":"\u00ab Pour une plan\u00e8te sans dopage \u00bb. L'AlterTour \u00e0 Quimper le 1e r ao\u00fbt - AlterTour","robots":{"index":"index","follow":"follow","max-snippet":"max-snippet:-1","max-image-preview":"max-image-preview:large","max-video-preview":"max-video-preview:-1"},"canonical":"https:\/\/www.altercampagne.net\/?p=5568","og_locale":"fr_FR","og_type":"article","og_title":"\u00ab Pour une plan\u00e8te sans dopage \u00bb. L'AlterTour \u00e0 Quimper le 1e r ao\u00fbt - AlterTour","og_description":"L&rsquo;AlterTour fera \u00e9tape \u00e0 Quimper lundi 1e r ao\u00fbt. Les associations Kernav\u00e9lo et \u00ab Actes en Cornouaille \u00bb accueilleront ces 60 cyclistes au sein d&rsquo;un forum associatif install\u00e9 dans les jardins de l&rsquo;\u00e9v\u00each\u00e9 entre 12 h et 18 h (stands d&rsquo;E-Ker, d&rsquo;Attac, d&rsquo;Eau et Rivi\u00e8res, sortir du Nucl\u00e9aire, conf\u00e9rence de ... Read More","og_url":"https:\/\/www.altercampagne.net\/?p=5568","og_site_name":"AlterTour","article_published_time":"2016-07-26T16:47:18+00:00","article_modified_time":"2016-07-29T16:50:02+00:00","author":"Mathieu","twitter_card":"summary_large_image","twitter_misc":{"\u00c9crit par":"Mathieu","Dur\u00e9e de lecture estim\u00e9e":"1 minute"},"schema":{"@context":"https:\/\/schema.org","@graph":[{"@type":"Article","@id":"https:\/\/www.altercampagne.net\/?p=5568#article","isPartOf":{"@id":"https:\/\/www.altercampagne.net\/?p=5568"},"author":{"name":"Mathieu","@id":"https:\/\/www.altercampagne.net\/#\/schema\/person\/0f261460c09e430caa0f9bcffa319109"},"headline":"\u00ab Pour une plan\u00e8te sans dopage \u00bb. L&rsquo;AlterTour \u00e0 Quimper le 1e r ao\u00fbt","datePublished":"2016-07-26T16:47:18+00:00","dateModified":"2016-07-29T16:50:02+00:00","mainEntityOfPage":{"@id":"https:\/\/www.altercampagne.net\/?p=5568"},"wordCount":270,"keywords":["bretagne","AlterTour 2016","finist\u00e8re","sortir du nucl\u00e9aire","Attac","2016","quimper","E-Ker","Eau et Rivi\u00e8res","Pierre Mollo","Le t\u00e9l\u00e9gramme","Actes en Cornouaille"],"articleSection":["Revue de presse"],"inLanguage":"fr-FR"},{"@type":"WebPage","@id":"https:\/\/www.altercampagne.net\/?p=5568","url":"https:\/\/www.altercampagne.net\/?p=5568","name":"\u00ab Pour une plan\u00e8te sans dopage \u00bb. L'AlterTour \u00e0 Quimper le 1e r ao\u00fbt - AlterTour","isPartOf":{"@id":"https:\/\/www.altercampagne.net\/#website"},"datePublished":"2016-07-26T16:47:18+00:00","dateModified":"2016-07-29T16:50:02+00:00","author":{"@id":"https:\/\/www.altercampagne.net\/#\/schema\/person\/0f261460c09e430caa0f9bcffa319109"},"breadcrumb":{"@id":"https:\/\/www.altercampagne.net\/?p=5568#breadcrumb"},"inLanguage":"fr-FR","potentialAction":[{"@type":"ReadAction","target":["https:\/\/www.altercampagne.net\/?p=5568"]}]},{"@type":"BreadcrumbList","@id":"https:\/\/www.altercampagne.net\/?p=5568#breadcrumb","itemListElement":[{"@type":"ListItem","position":1,"name":"Accueil","item":"https:\/\/www.altercampagne.net\/"},{"@type":"ListItem","position":2,"name":"\u00ab Pour une plan\u00e8te sans dopage \u00bb. L&rsquo;AlterTour \u00e0 Quimper le 1e r ao\u00fbt"}]},{"@type":"WebSite","@id":"https:\/\/www.altercampagne.net\/#website","url":"https:\/\/www.altercampagne.net\/","name":"AlterTour","description":"Reliez les Alternatives \u00e0 v\u00e9lo","potentialAction":[{"@type":"SearchAction","target":{"@type":"EntryPoint","urlTemplate":"https:\/\/www.altercampagne.net\/?s={search_term_string}"},"query-input":{"@type":"PropertyValueSpecification","valueRequired":true,"valueName":"search_term_string"}}],"inLanguage":"fr-FR"},{"@type":"Person","@id":"https:\/\/www.altercampagne.net\/#\/schema\/person\/0f261460c09e430caa0f9bcffa319109","name":"Mathieu","image":{"@type":"ImageObject","inLanguage":"fr-FR","@id":"https:\/\/secure.gravatar.com\/avatar\/aa9d3d24c83f2141e5e2709d0f63d09a99f6be6bb7a50abc4915838d9f54501a?s=96&d=mm&r=g","url":"https:\/\/secure.gravatar.com\/avatar\/aa9d3d24c83f2141e5e2709d0f63d09a99f6be6bb7a50abc4915838d9f54501a?s=96&d=mm&r=g","contentUrl":"https:\/\/secure.gravatar.com\/avatar\/aa9d3d24c83f2141e5e2709d0f63d09a99f6be6bb7a50abc4915838d9f54501a?s=96&d=mm&r=g","caption":"Mathieu"},"url":"https:\/\/www.altercampagne.net\/?author=214"}]}},"_links":{"self":[{"href":"https:\/\/www.altercampagne.net\/index.php?rest_route=\/wp\/v2\/posts\/5568","targetHints":{"allow":["GET"]}}],"collection":[{"href":"https:\/\/www.altercampagne.net\/index.php?rest_route=\/wp\/v2\/posts"}],"about":[{"href":"https:\/\/www.altercampagne.net\/index.php?rest_route=\/wp\/v2\/types\/post"}],"author":[{"embeddable":true,"href":"https:\/\/www.altercampagne.net\/index.php?rest_route=\/wp\/v2\/users\/214"}],"replies":[{"embeddable":true,"href":"https:\/\/www.altercampagne.net\/index.php?rest_route=%2Fwp%2Fv2%2Fcomments&post=5568"}],"version-history":[{"count":0,"href":"https:\/\/www.altercampagne.net\/index.php?rest_route=\/wp\/v2\/posts\/5568\/revisions"}],"wp:attachment":[{"href":"https:\/\/www.altercampagne.net\/index.php?rest_route=%2Fwp%2Fv2%2Fmedia&parent=5568"}],"wp:term":[{"taxonomy":"category","embeddable":true,"href":"https:\/\/www.altercampagne.net\/index.php?rest_route=%2Fwp%2Fv2%2Fcategories&post=5568"},{"taxonomy":"post_tag","embeddable":true,"href":"https:\/\/www.altercampagne.net\/index.php?rest_route=%2Fwp%2Fv2%2Ftags&post=5568"}],"curies":[{"name":"wp","href":"https:\/\/api.w.org\/{rel}","templated":true}]}}