{"id":557,"date":"2015-01-06T09:11:44","date_gmt":"2015-01-06T08:11:44","guid":{"rendered":"http:\/\/www.altercampagne.net\/?p=557"},"modified":"2020-02-24T15:27:28","modified_gmt":"2020-02-24T14:27:28","slug":"lag-a-designe-le-college-solidaire-pour-lannee-2015","status":"publish","type":"post","link":"https:\/\/www.altercampagne.net\/?p=557","title":{"rendered":"L&rsquo;AG a d\u00e9sign\u00e9 le Coll\u00e8ge Solidaire pour l&rsquo;ann\u00e9e 2015"},"content":{"rendered":"<p class=\"Style271 Style138 Style152\" align=\"justify\">AlterCampagne (l\u2019association qui organise l\u2019AlterTour) fonctionne en autogestion. Chaque participant \u00e0 l\u2019AlterTour \u00e0 la possibilit\u00e9 de prendre part aux d\u00e9cisions tout au long de l\u2019ann\u00e9e \u00e0 l\u2019occasion des r\u00e9unions mensuelles de pr\u00e9paration de l\u2019AlterTour (pl\u00e9ni\u00e8res).<\/p>\n<p class=\"Style271 Style138 Style152\" align=\"justify\">L\u2019association n\u2019a pas de pr\u00e9sident, pas de secr\u00e9taire, pas de conseil d\u2019administration ni de bureau mais un Coll\u00e8ge Solidaire (CS). Les membres du Coll\u00e8ge Solidaire sont d\u00e9sign\u00e9s \u00e0 l\u2019occasion de l\u2019assembl\u00e9e g\u00e9n\u00e9rale annuelle (2\u00e8me week-end de d\u00e9cembre). Ils g\u00e8rent collectivement les comptes et l\u2019administration de l\u2019association.<\/p>\n<p class=\"Style271 Style138 Style152\" align=\"justify\">Le CS peut faire des propositions \u00e0 la pl\u00e9ni\u00e8re qui valide les d\u00e9cisions au consensus.<\/p>\n<p class=\"Style271 Style138 Style152\" align=\"justify\">Membres du CS pour l\u2019ann\u00e9e 2015 :<\/p>\n<p class=\"Style271 Style138 Style152\" align=\"justify\"><a href=\"http:\/\/www.altercampagne.net\/wp-content\/uploads\/2015\/01\/CS20151.jpg\"><img loading=\"lazy\" decoding=\"async\" class=\"aligncenter wp-image-891 size-full\" src=\"http:\/\/www.altercampagne.net\/wp-content\/uploads\/2015\/01\/CS20151.jpg\" alt=\"\" width=\"886\" height=\"397\" srcset=\"https:\/\/www.altercampagne.net\/wp-content\/uploads\/2015\/01\/CS20151.jpg 886w, https:\/\/www.altercampagne.net\/wp-content\/uploads\/2015\/01\/CS20151-300x134.jpg 300w\" sizes=\"auto, (max-width: 886px) 100vw, 886px\" \/><\/a><\/p>\n","protected":false},"excerpt":{"rendered":"<p>AlterCampagne (l\u2019association qui organise l\u2019AlterTour) fonctionne en autogestion. Chaque participant \u00e0 l\u2019AlterTour \u00e0 la possibilit\u00e9 de prendre part aux d\u00e9cisions tout au long de l\u2019ann\u00e9e \u00e0 l\u2019occasion des r\u00e9unions mensuelles de pr\u00e9paration de l\u2019AlterTour (pl\u00e9ni\u00e8res). L\u2019association n\u2019a pas de pr\u00e9sident, pas de secr\u00e9taire, pas de conseil d\u2019administration ni de bureau &#8230; <\/p>\n<div><a href=\"https:\/\/www.altercampagne.net\/?p=557\" class=\"more-link\">Read More<\/a><\/div>\n","protected":false},"author":214,"featured_media":0,"comment_status":"closed","ping_status":"closed","sticky":false,"template":"","format":"standard","meta":{"footnotes":""},"categories":[3539],"tags":[35,36,37,550,551,615,746,748,749,750,751,752,753,754],"class_list":["post-557","post","type-post","status-publish","format-standard","hentry","category-we-de-preparation","tag-autogestion","tag-college-solidaire","tag-altercampagne","tag-valerie-marquez","tag-baptiste-arnaud","tag-guillaume-de-crop","tag-luc-sarlet","tag-philippe-deregel","tag-juliette-gest","tag-genevieve-cribier","tag-romain-le-gouis","tag-justine-holler","tag-jean-pierre-masson","tag-cs","no-post-thumbnail"],"yoast_head":"<!-- This site is optimized with the Yoast SEO plugin v27.3 - https:\/\/yoast.com\/product\/yoast-seo-wordpress\/ -->\n<title>L&#039;AG a d\u00e9sign\u00e9 le Coll\u00e8ge Solidaire pour l&#039;ann\u00e9e 2015 - AlterTour<\/title>\n<meta name=\"robots\" content=\"index, follow, max-snippet:-1, max-image-preview:large, max-video-preview:-1\" \/>\n<link rel=\"canonical\" href=\"https:\/\/www.altercampagne.net\/?p=557\" \/>\n<meta property=\"og:locale\" content=\"fr_FR\" \/>\n<meta property=\"og:type\" content=\"article\" \/>\n<meta property=\"og:title\" content=\"L&#039;AG a d\u00e9sign\u00e9 le Coll\u00e8ge Solidaire pour l&#039;ann\u00e9e 2015 - AlterTour\" \/>\n<meta property=\"og:description\" content=\"AlterCampagne (l\u2019association qui organise l\u2019AlterTour) fonctionne en autogestion. Chaque participant \u00e0 l\u2019AlterTour \u00e0 la possibilit\u00e9 de prendre part aux d\u00e9cisions tout au long de l\u2019ann\u00e9e \u00e0 l\u2019occasion des r\u00e9unions mensuelles de pr\u00e9paration de l\u2019AlterTour (pl\u00e9ni\u00e8res). L\u2019association n\u2019a pas de pr\u00e9sident, pas de secr\u00e9taire, pas de conseil d\u2019administration ni de bureau ... Read More\" \/>\n<meta property=\"og:url\" content=\"https:\/\/www.altercampagne.net\/?p=557\" \/>\n<meta property=\"og:site_name\" content=\"AlterTour\" \/>\n<meta property=\"article:published_time\" content=\"2015-01-06T08:11:44+00:00\" \/>\n<meta property=\"article:modified_time\" content=\"2020-02-24T14:27:28+00:00\" \/>\n<meta property=\"og:image\" content=\"http:\/\/www.altercampagne.net\/wp-content\/uploads\/2015\/01\/CS20151.jpg\" \/>\n<meta name=\"author\" content=\"Mathieu\" \/>\n<meta name=\"twitter:card\" content=\"summary_large_image\" \/>\n<meta name=\"twitter:label1\" content=\"\u00c9crit par\" \/>\n\t<meta name=\"twitter:data1\" content=\"Mathieu\" \/>\n\t<meta name=\"twitter:label2\" content=\"Dur\u00e9e de lecture estim\u00e9e\" \/>\n\t<meta name=\"twitter:data2\" content=\"1 minute\" \/>\n<script type=\"application\/ld+json\" class=\"yoast-schema-graph\">{\"@context\":\"https:\\\/\\\/schema.org\",\"@graph\":[{\"@type\":\"Article\",\"@id\":\"https:\\\/\\\/www.altercampagne.net\\\/?p=557#article\",\"isPartOf\":{\"@id\":\"https:\\\/\\\/www.altercampagne.net\\\/?p=557\"},\"author\":{\"name\":\"Mathieu\",\"@id\":\"https:\\\/\\\/www.altercampagne.net\\\/#\\\/schema\\\/person\\\/0f261460c09e430caa0f9bcffa319109\"},\"headline\":\"L&rsquo;AG a d\u00e9sign\u00e9 le Coll\u00e8ge Solidaire pour l&rsquo;ann\u00e9e 2015\",\"datePublished\":\"2015-01-06T08:11:44+00:00\",\"dateModified\":\"2020-02-24T14:27:28+00:00\",\"mainEntityOfPage\":{\"@id\":\"https:\\\/\\\/www.altercampagne.net\\\/?p=557\"},\"wordCount\":144,\"image\":{\"@id\":\"https:\\\/\\\/www.altercampagne.net\\\/?p=557#primaryimage\"},\"thumbnailUrl\":\"http:\\\/\\\/www.altercampagne.net\\\/wp-content\\\/uploads\\\/2015\\\/01\\\/CS20151.jpg\",\"keywords\":[\"autogestion\",\"coll\u00e8ge solidaire\",\"altercampagne\",\"Val\u00e9rie Marquez\",\"Baptiste Arnaud\",\"Guillaume de Crop\",\"luc sarlet\",\"Philippe Der\u00e9gel\",\"juliette gest\",\"genevi\u00e8ve cribier\",\"romain le gouis\",\"justine holler\",\"jean-pierre masson\",\"cs\"],\"articleSection\":[\"WE de pr\u00e9paration\"],\"inLanguage\":\"fr-FR\"},{\"@type\":\"WebPage\",\"@id\":\"https:\\\/\\\/www.altercampagne.net\\\/?p=557\",\"url\":\"https:\\\/\\\/www.altercampagne.net\\\/?p=557\",\"name\":\"L'AG a d\u00e9sign\u00e9 le Coll\u00e8ge Solidaire pour l'ann\u00e9e 2015 - AlterTour\",\"isPartOf\":{\"@id\":\"https:\\\/\\\/www.altercampagne.net\\\/#website\"},\"primaryImageOfPage\":{\"@id\":\"https:\\\/\\\/www.altercampagne.net\\\/?p=557#primaryimage\"},\"image\":{\"@id\":\"https:\\\/\\\/www.altercampagne.net\\\/?p=557#primaryimage\"},\"thumbnailUrl\":\"http:\\\/\\\/www.altercampagne.net\\\/wp-content\\\/uploads\\\/2015\\\/01\\\/CS20151.jpg\",\"datePublished\":\"2015-01-06T08:11:44+00:00\",\"dateModified\":\"2020-02-24T14:27:28+00:00\",\"author\":{\"@id\":\"https:\\\/\\\/www.altercampagne.net\\\/#\\\/schema\\\/person\\\/0f261460c09e430caa0f9bcffa319109\"},\"breadcrumb\":{\"@id\":\"https:\\\/\\\/www.altercampagne.net\\\/?p=557#breadcrumb\"},\"inLanguage\":\"fr-FR\",\"potentialAction\":[{\"@type\":\"ReadAction\",\"target\":[\"https:\\\/\\\/www.altercampagne.net\\\/?p=557\"]}]},{\"@type\":\"ImageObject\",\"inLanguage\":\"fr-FR\",\"@id\":\"https:\\\/\\\/www.altercampagne.net\\\/?p=557#primaryimage\",\"url\":\"http:\\\/\\\/www.altercampagne.net\\\/wp-content\\\/uploads\\\/2015\\\/01\\\/CS20151.jpg\",\"contentUrl\":\"http:\\\/\\\/www.altercampagne.net\\\/wp-content\\\/uploads\\\/2015\\\/01\\\/CS20151.jpg\"},{\"@type\":\"BreadcrumbList\",\"@id\":\"https:\\\/\\\/www.altercampagne.net\\\/?p=557#breadcrumb\",\"itemListElement\":[{\"@type\":\"ListItem\",\"position\":1,\"name\":\"Accueil\",\"item\":\"https:\\\/\\\/www.altercampagne.net\\\/\"},{\"@type\":\"ListItem\",\"position\":2,\"name\":\"L&rsquo;AG a d\u00e9sign\u00e9 le Coll\u00e8ge Solidaire pour l&rsquo;ann\u00e9e 2015\"}]},{\"@type\":\"WebSite\",\"@id\":\"https:\\\/\\\/www.altercampagne.net\\\/#website\",\"url\":\"https:\\\/\\\/www.altercampagne.net\\\/\",\"name\":\"AlterTour\",\"description\":\"Reliez les Alternatives \u00e0 v\u00e9lo\",\"potentialAction\":[{\"@type\":\"SearchAction\",\"target\":{\"@type\":\"EntryPoint\",\"urlTemplate\":\"https:\\\/\\\/www.altercampagne.net\\\/?s={search_term_string}\"},\"query-input\":{\"@type\":\"PropertyValueSpecification\",\"valueRequired\":true,\"valueName\":\"search_term_string\"}}],\"inLanguage\":\"fr-FR\"},{\"@type\":\"Person\",\"@id\":\"https:\\\/\\\/www.altercampagne.net\\\/#\\\/schema\\\/person\\\/0f261460c09e430caa0f9bcffa319109\",\"name\":\"Mathieu\",\"image\":{\"@type\":\"ImageObject\",\"inLanguage\":\"fr-FR\",\"@id\":\"https:\\\/\\\/secure.gravatar.com\\\/avatar\\\/aa9d3d24c83f2141e5e2709d0f63d09a99f6be6bb7a50abc4915838d9f54501a?s=96&d=mm&r=g\",\"url\":\"https:\\\/\\\/secure.gravatar.com\\\/avatar\\\/aa9d3d24c83f2141e5e2709d0f63d09a99f6be6bb7a50abc4915838d9f54501a?s=96&d=mm&r=g\",\"contentUrl\":\"https:\\\/\\\/secure.gravatar.com\\\/avatar\\\/aa9d3d24c83f2141e5e2709d0f63d09a99f6be6bb7a50abc4915838d9f54501a?s=96&d=mm&r=g\",\"caption\":\"Mathieu\"},\"url\":\"https:\\\/\\\/www.altercampagne.net\\\/?author=214\"}]}<\/script>\n<!-- \/ Yoast SEO plugin. -->","yoast_head_json":{"title":"L'AG a d\u00e9sign\u00e9 le Coll\u00e8ge Solidaire pour l'ann\u00e9e 2015 - AlterTour","robots":{"index":"index","follow":"follow","max-snippet":"max-snippet:-1","max-image-preview":"max-image-preview:large","max-video-preview":"max-video-preview:-1"},"canonical":"https:\/\/www.altercampagne.net\/?p=557","og_locale":"fr_FR","og_type":"article","og_title":"L'AG a d\u00e9sign\u00e9 le Coll\u00e8ge Solidaire pour l'ann\u00e9e 2015 - AlterTour","og_description":"AlterCampagne (l\u2019association qui organise l\u2019AlterTour) fonctionne en autogestion. Chaque participant \u00e0 l\u2019AlterTour \u00e0 la possibilit\u00e9 de prendre part aux d\u00e9cisions tout au long de l\u2019ann\u00e9e \u00e0 l\u2019occasion des r\u00e9unions mensuelles de pr\u00e9paration de l\u2019AlterTour (pl\u00e9ni\u00e8res). L\u2019association n\u2019a pas de pr\u00e9sident, pas de secr\u00e9taire, pas de conseil d\u2019administration ni de bureau ... Read More","og_url":"https:\/\/www.altercampagne.net\/?p=557","og_site_name":"AlterTour","article_published_time":"2015-01-06T08:11:44+00:00","article_modified_time":"2020-02-24T14:27:28+00:00","og_image":[{"url":"http:\/\/www.altercampagne.net\/wp-content\/uploads\/2015\/01\/CS20151.jpg","type":"","width":"","height":""}],"author":"Mathieu","twitter_card":"summary_large_image","twitter_misc":{"\u00c9crit par":"Mathieu","Dur\u00e9e de lecture estim\u00e9e":"1 minute"},"schema":{"@context":"https:\/\/schema.org","@graph":[{"@type":"Article","@id":"https:\/\/www.altercampagne.net\/?p=557#article","isPartOf":{"@id":"https:\/\/www.altercampagne.net\/?p=557"},"author":{"name":"Mathieu","@id":"https:\/\/www.altercampagne.net\/#\/schema\/person\/0f261460c09e430caa0f9bcffa319109"},"headline":"L&rsquo;AG a d\u00e9sign\u00e9 le Coll\u00e8ge Solidaire pour l&rsquo;ann\u00e9e 2015","datePublished":"2015-01-06T08:11:44+00:00","dateModified":"2020-02-24T14:27:28+00:00","mainEntityOfPage":{"@id":"https:\/\/www.altercampagne.net\/?p=557"},"wordCount":144,"image":{"@id":"https:\/\/www.altercampagne.net\/?p=557#primaryimage"},"thumbnailUrl":"http:\/\/www.altercampagne.net\/wp-content\/uploads\/2015\/01\/CS20151.jpg","keywords":["autogestion","coll\u00e8ge solidaire","altercampagne","Val\u00e9rie Marquez","Baptiste Arnaud","Guillaume de Crop","luc sarlet","Philippe Der\u00e9gel","juliette gest","genevi\u00e8ve cribier","romain le gouis","justine holler","jean-pierre masson","cs"],"articleSection":["WE de pr\u00e9paration"],"inLanguage":"fr-FR"},{"@type":"WebPage","@id":"https:\/\/www.altercampagne.net\/?p=557","url":"https:\/\/www.altercampagne.net\/?p=557","name":"L'AG a d\u00e9sign\u00e9 le Coll\u00e8ge Solidaire pour l'ann\u00e9e 2015 - AlterTour","isPartOf":{"@id":"https:\/\/www.altercampagne.net\/#website"},"primaryImageOfPage":{"@id":"https:\/\/www.altercampagne.net\/?p=557#primaryimage"},"image":{"@id":"https:\/\/www.altercampagne.net\/?p=557#primaryimage"},"thumbnailUrl":"http:\/\/www.altercampagne.net\/wp-content\/uploads\/2015\/01\/CS20151.jpg","datePublished":"2015-01-06T08:11:44+00:00","dateModified":"2020-02-24T14:27:28+00:00","author":{"@id":"https:\/\/www.altercampagne.net\/#\/schema\/person\/0f261460c09e430caa0f9bcffa319109"},"breadcrumb":{"@id":"https:\/\/www.altercampagne.net\/?p=557#breadcrumb"},"inLanguage":"fr-FR","potentialAction":[{"@type":"ReadAction","target":["https:\/\/www.altercampagne.net\/?p=557"]}]},{"@type":"ImageObject","inLanguage":"fr-FR","@id":"https:\/\/www.altercampagne.net\/?p=557#primaryimage","url":"http:\/\/www.altercampagne.net\/wp-content\/uploads\/2015\/01\/CS20151.jpg","contentUrl":"http:\/\/www.altercampagne.net\/wp-content\/uploads\/2015\/01\/CS20151.jpg"},{"@type":"BreadcrumbList","@id":"https:\/\/www.altercampagne.net\/?p=557#breadcrumb","itemListElement":[{"@type":"ListItem","position":1,"name":"Accueil","item":"https:\/\/www.altercampagne.net\/"},{"@type":"ListItem","position":2,"name":"L&rsquo;AG a d\u00e9sign\u00e9 le Coll\u00e8ge Solidaire pour l&rsquo;ann\u00e9e 2015"}]},{"@type":"WebSite","@id":"https:\/\/www.altercampagne.net\/#website","url":"https:\/\/www.altercampagne.net\/","name":"AlterTour","description":"Reliez les Alternatives \u00e0 v\u00e9lo","potentialAction":[{"@type":"SearchAction","target":{"@type":"EntryPoint","urlTemplate":"https:\/\/www.altercampagne.net\/?s={search_term_string}"},"query-input":{"@type":"PropertyValueSpecification","valueRequired":true,"valueName":"search_term_string"}}],"inLanguage":"fr-FR"},{"@type":"Person","@id":"https:\/\/www.altercampagne.net\/#\/schema\/person\/0f261460c09e430caa0f9bcffa319109","name":"Mathieu","image":{"@type":"ImageObject","inLanguage":"fr-FR","@id":"https:\/\/secure.gravatar.com\/avatar\/aa9d3d24c83f2141e5e2709d0f63d09a99f6be6bb7a50abc4915838d9f54501a?s=96&d=mm&r=g","url":"https:\/\/secure.gravatar.com\/avatar\/aa9d3d24c83f2141e5e2709d0f63d09a99f6be6bb7a50abc4915838d9f54501a?s=96&d=mm&r=g","contentUrl":"https:\/\/secure.gravatar.com\/avatar\/aa9d3d24c83f2141e5e2709d0f63d09a99f6be6bb7a50abc4915838d9f54501a?s=96&d=mm&r=g","caption":"Mathieu"},"url":"https:\/\/www.altercampagne.net\/?author=214"}]}},"_links":{"self":[{"href":"https:\/\/www.altercampagne.net\/index.php?rest_route=\/wp\/v2\/posts\/557","targetHints":{"allow":["GET"]}}],"collection":[{"href":"https:\/\/www.altercampagne.net\/index.php?rest_route=\/wp\/v2\/posts"}],"about":[{"href":"https:\/\/www.altercampagne.net\/index.php?rest_route=\/wp\/v2\/types\/post"}],"author":[{"embeddable":true,"href":"https:\/\/www.altercampagne.net\/index.php?rest_route=\/wp\/v2\/users\/214"}],"replies":[{"embeddable":true,"href":"https:\/\/www.altercampagne.net\/index.php?rest_route=%2Fwp%2Fv2%2Fcomments&post=557"}],"version-history":[{"count":1,"href":"https:\/\/www.altercampagne.net\/index.php?rest_route=\/wp\/v2\/posts\/557\/revisions"}],"predecessor-version":[{"id":17370,"href":"https:\/\/www.altercampagne.net\/index.php?rest_route=\/wp\/v2\/posts\/557\/revisions\/17370"}],"wp:attachment":[{"href":"https:\/\/www.altercampagne.net\/index.php?rest_route=%2Fwp%2Fv2%2Fmedia&parent=557"}],"wp:term":[{"taxonomy":"category","embeddable":true,"href":"https:\/\/www.altercampagne.net\/index.php?rest_route=%2Fwp%2Fv2%2Fcategories&post=557"},{"taxonomy":"post_tag","embeddable":true,"href":"https:\/\/www.altercampagne.net\/index.php?rest_route=%2Fwp%2Fv2%2Ftags&post=557"}],"curies":[{"name":"wp","href":"https:\/\/api.w.org\/{rel}","templated":true}]}}