{"id":5570,"date":"2016-07-25T18:50:29","date_gmt":"2016-07-25T16:50:29","guid":{"rendered":"http:\/\/www.altercampagne.net\/?p=5570"},"modified":"2016-07-29T18:53:51","modified_gmt":"2016-07-29T16:53:51","slug":"ecologie-un-tour-de-bretagne-a-velo","status":"publish","type":"post","link":"https:\/\/www.altercampagne.net\/?p=5570","title":{"rendered":"\u00c9cologie. Un tour de Bretagne \u00e0 v\u00e9lo"},"content":{"rendered":"<p>L&rsquo;AlterTour est un tour \u00e0 v\u00e9lo du 10 juillet au 21 ao\u00fbt en Bretagne et Pays de la Loire sur le th\u00e8me \u00ab Bien vivre, bien(s) commun(s). Le d\u00e9part a eu lieu \u00e0 Notre-Dame-des-Landes (44), le 10 juillet et se terminera le 21 ao\u00fbt, dans la r\u00e9gion de Rennes. Quelque 53 personnes y participent en relais sur six semaines soit en tout 316 participants, y compris des enfants et adolescents. Il est organis\u00e9 par l&rsquo;association Altertour, n\u00e9e il y a une dizaine d&rsquo;ann\u00e9es dans le but d&rsquo;informer la population sur les OGM (organismes g\u00e9n\u00e9tiquement modifi\u00e9s). \u00ab C&rsquo;est pour nous une mani\u00e8re pacifique de lutter contre les OGM et les dangers qu&rsquo;ils repr\u00e9sentent \u00bb, estime Michel Piel. Il organise les \u00e9tapes de la semaine derni\u00e8re, dont celle de vendredi \u00e0 l&rsquo;Herbarius.<\/p>\n<p><strong>Accueillis chez les paysans<\/strong><\/p>\n<p>Chaque semaine deux b\u00e9n\u00e9voles, travaillant en bin\u00f4me, se relaient pour encadrer le groupe. Ils sont accompagn\u00e9s de deux v\u00e9hicules un pour transporter ce qui concerne le n\u00e9cessaire pour les repas et un minibus. \u00ab Nous avons une bonne connaissance des r\u00e9seaux et sommes accueillis \u00e0 chaque \u00e9tape chez des paysans, agriculteurs, producteurs bio, chez qui nous achetons ce qu&rsquo;il nous faut \u00bb, d\u00e9taille Michel Piel. Tout le monde met la main \u00e0 la p\u00e2te pour pr\u00e9parer les repas.<\/p>\n<p>Source : <a href=\"http:\/\/www.letelegramme.fr\/cotes-darmor\/planguenoual\/ecologie-un-tour-de-bretagne-a-velo-25-07-2016-11159832.php\" target=\"_blank\">Le T\u00e9l\u00e9gramme<\/a><\/p>\n","protected":false},"excerpt":{"rendered":"<p>L&rsquo;AlterTour est un tour \u00e0 v\u00e9lo du 10 juillet au 21 ao\u00fbt en Bretagne et Pays de la Loire sur le th\u00e8me \u00ab Bien vivre, bien(s) commun(s). Le d\u00e9part a eu lieu \u00e0 Notre-Dame-des-Landes (44), le 10 juillet et se terminera le 21 ao\u00fbt, dans la r\u00e9gion de Rennes. Quelque &#8230; <\/p>\n<div><a href=\"https:\/\/www.altercampagne.net\/?p=5570\" class=\"more-link\">Read More<\/a><\/div>\n","protected":false},"author":214,"featured_media":0,"comment_status":"closed","ping_status":"closed","sticky":false,"template":"","format":"standard","meta":{"footnotes":""},"categories":[239],"tags":[20,383,496,1652,1669,2158,2578,2582],"class_list":["post-5570","post","type-post","status-publish","format-standard","hentry","category-revue-de-presse","tag-bretagne","tag-altertour-2016","tag-herbarius","tag-1652","tag-cotes-darmor","tag-planguenoual","tag-le-telegramme","tag-michel-piel","no-post-thumbnail"],"yoast_head":"<!-- This site is optimized with the Yoast SEO plugin v27.3 - https:\/\/yoast.com\/product\/yoast-seo-wordpress\/ -->\n<title>\u00c9cologie. Un tour de Bretagne \u00e0 v\u00e9lo - AlterTour<\/title>\n<meta name=\"robots\" content=\"index, follow, max-snippet:-1, max-image-preview:large, max-video-preview:-1\" \/>\n<link rel=\"canonical\" href=\"https:\/\/www.altercampagne.net\/?p=5570\" \/>\n<meta property=\"og:locale\" content=\"fr_FR\" \/>\n<meta property=\"og:type\" content=\"article\" \/>\n<meta property=\"og:title\" content=\"\u00c9cologie. Un tour de Bretagne \u00e0 v\u00e9lo - AlterTour\" \/>\n<meta property=\"og:description\" content=\"L&rsquo;AlterTour est un tour \u00e0 v\u00e9lo du 10 juillet au 21 ao\u00fbt en Bretagne et Pays de la Loire sur le th\u00e8me \u00ab Bien vivre, bien(s) commun(s). Le d\u00e9part a eu lieu \u00e0 Notre-Dame-des-Landes (44), le 10 juillet et se terminera le 21 ao\u00fbt, dans la r\u00e9gion de Rennes. Quelque ... Read More\" \/>\n<meta property=\"og:url\" content=\"https:\/\/www.altercampagne.net\/?p=5570\" \/>\n<meta property=\"og:site_name\" content=\"AlterTour\" \/>\n<meta property=\"article:published_time\" content=\"2016-07-25T16:50:29+00:00\" \/>\n<meta property=\"article:modified_time\" content=\"2016-07-29T16:53:51+00:00\" \/>\n<meta name=\"author\" content=\"Mathieu\" \/>\n<meta name=\"twitter:card\" content=\"summary_large_image\" \/>\n<meta name=\"twitter:label1\" content=\"\u00c9crit par\" \/>\n\t<meta name=\"twitter:data1\" content=\"Mathieu\" \/>\n\t<meta name=\"twitter:label2\" content=\"Dur\u00e9e de lecture estim\u00e9e\" \/>\n\t<meta name=\"twitter:data2\" content=\"1 minute\" \/>\n<script type=\"application\/ld+json\" class=\"yoast-schema-graph\">{\"@context\":\"https:\\\/\\\/schema.org\",\"@graph\":[{\"@type\":\"Article\",\"@id\":\"https:\\\/\\\/www.altercampagne.net\\\/?p=5570#article\",\"isPartOf\":{\"@id\":\"https:\\\/\\\/www.altercampagne.net\\\/?p=5570\"},\"author\":{\"name\":\"Mathieu\",\"@id\":\"https:\\\/\\\/www.altercampagne.net\\\/#\\\/schema\\\/person\\\/0f261460c09e430caa0f9bcffa319109\"},\"headline\":\"\u00c9cologie. Un tour de Bretagne \u00e0 v\u00e9lo\",\"datePublished\":\"2016-07-25T16:50:29+00:00\",\"dateModified\":\"2016-07-29T16:53:51+00:00\",\"mainEntityOfPage\":{\"@id\":\"https:\\\/\\\/www.altercampagne.net\\\/?p=5570\"},\"wordCount\":241,\"keywords\":[\"bretagne\",\"AlterTour 2016\",\"herbarius\",\"2016\",\"C\u00f4tes-d'Armor\",\"Planguenoual\",\"Le t\u00e9l\u00e9gramme\",\"Michel Piel\"],\"articleSection\":[\"Revue de presse\"],\"inLanguage\":\"fr-FR\"},{\"@type\":\"WebPage\",\"@id\":\"https:\\\/\\\/www.altercampagne.net\\\/?p=5570\",\"url\":\"https:\\\/\\\/www.altercampagne.net\\\/?p=5570\",\"name\":\"\u00c9cologie. Un tour de Bretagne \u00e0 v\u00e9lo - AlterTour\",\"isPartOf\":{\"@id\":\"https:\\\/\\\/www.altercampagne.net\\\/#website\"},\"datePublished\":\"2016-07-25T16:50:29+00:00\",\"dateModified\":\"2016-07-29T16:53:51+00:00\",\"author\":{\"@id\":\"https:\\\/\\\/www.altercampagne.net\\\/#\\\/schema\\\/person\\\/0f261460c09e430caa0f9bcffa319109\"},\"breadcrumb\":{\"@id\":\"https:\\\/\\\/www.altercampagne.net\\\/?p=5570#breadcrumb\"},\"inLanguage\":\"fr-FR\",\"potentialAction\":[{\"@type\":\"ReadAction\",\"target\":[\"https:\\\/\\\/www.altercampagne.net\\\/?p=5570\"]}]},{\"@type\":\"BreadcrumbList\",\"@id\":\"https:\\\/\\\/www.altercampagne.net\\\/?p=5570#breadcrumb\",\"itemListElement\":[{\"@type\":\"ListItem\",\"position\":1,\"name\":\"Accueil\",\"item\":\"https:\\\/\\\/www.altercampagne.net\\\/\"},{\"@type\":\"ListItem\",\"position\":2,\"name\":\"\u00c9cologie. Un tour de Bretagne \u00e0 v\u00e9lo\"}]},{\"@type\":\"WebSite\",\"@id\":\"https:\\\/\\\/www.altercampagne.net\\\/#website\",\"url\":\"https:\\\/\\\/www.altercampagne.net\\\/\",\"name\":\"AlterTour\",\"description\":\"Reliez les Alternatives \u00e0 v\u00e9lo\",\"potentialAction\":[{\"@type\":\"SearchAction\",\"target\":{\"@type\":\"EntryPoint\",\"urlTemplate\":\"https:\\\/\\\/www.altercampagne.net\\\/?s={search_term_string}\"},\"query-input\":{\"@type\":\"PropertyValueSpecification\",\"valueRequired\":true,\"valueName\":\"search_term_string\"}}],\"inLanguage\":\"fr-FR\"},{\"@type\":\"Person\",\"@id\":\"https:\\\/\\\/www.altercampagne.net\\\/#\\\/schema\\\/person\\\/0f261460c09e430caa0f9bcffa319109\",\"name\":\"Mathieu\",\"image\":{\"@type\":\"ImageObject\",\"inLanguage\":\"fr-FR\",\"@id\":\"https:\\\/\\\/secure.gravatar.com\\\/avatar\\\/aa9d3d24c83f2141e5e2709d0f63d09a99f6be6bb7a50abc4915838d9f54501a?s=96&d=mm&r=g\",\"url\":\"https:\\\/\\\/secure.gravatar.com\\\/avatar\\\/aa9d3d24c83f2141e5e2709d0f63d09a99f6be6bb7a50abc4915838d9f54501a?s=96&d=mm&r=g\",\"contentUrl\":\"https:\\\/\\\/secure.gravatar.com\\\/avatar\\\/aa9d3d24c83f2141e5e2709d0f63d09a99f6be6bb7a50abc4915838d9f54501a?s=96&d=mm&r=g\",\"caption\":\"Mathieu\"},\"url\":\"https:\\\/\\\/www.altercampagne.net\\\/?author=214\"}]}<\/script>\n<!-- \/ Yoast SEO plugin. -->","yoast_head_json":{"title":"\u00c9cologie. Un tour de Bretagne \u00e0 v\u00e9lo - AlterTour","robots":{"index":"index","follow":"follow","max-snippet":"max-snippet:-1","max-image-preview":"max-image-preview:large","max-video-preview":"max-video-preview:-1"},"canonical":"https:\/\/www.altercampagne.net\/?p=5570","og_locale":"fr_FR","og_type":"article","og_title":"\u00c9cologie. Un tour de Bretagne \u00e0 v\u00e9lo - AlterTour","og_description":"L&rsquo;AlterTour est un tour \u00e0 v\u00e9lo du 10 juillet au 21 ao\u00fbt en Bretagne et Pays de la Loire sur le th\u00e8me \u00ab Bien vivre, bien(s) commun(s). Le d\u00e9part a eu lieu \u00e0 Notre-Dame-des-Landes (44), le 10 juillet et se terminera le 21 ao\u00fbt, dans la r\u00e9gion de Rennes. Quelque ... Read More","og_url":"https:\/\/www.altercampagne.net\/?p=5570","og_site_name":"AlterTour","article_published_time":"2016-07-25T16:50:29+00:00","article_modified_time":"2016-07-29T16:53:51+00:00","author":"Mathieu","twitter_card":"summary_large_image","twitter_misc":{"\u00c9crit par":"Mathieu","Dur\u00e9e de lecture estim\u00e9e":"1 minute"},"schema":{"@context":"https:\/\/schema.org","@graph":[{"@type":"Article","@id":"https:\/\/www.altercampagne.net\/?p=5570#article","isPartOf":{"@id":"https:\/\/www.altercampagne.net\/?p=5570"},"author":{"name":"Mathieu","@id":"https:\/\/www.altercampagne.net\/#\/schema\/person\/0f261460c09e430caa0f9bcffa319109"},"headline":"\u00c9cologie. Un tour de Bretagne \u00e0 v\u00e9lo","datePublished":"2016-07-25T16:50:29+00:00","dateModified":"2016-07-29T16:53:51+00:00","mainEntityOfPage":{"@id":"https:\/\/www.altercampagne.net\/?p=5570"},"wordCount":241,"keywords":["bretagne","AlterTour 2016","herbarius","2016","C\u00f4tes-d'Armor","Planguenoual","Le t\u00e9l\u00e9gramme","Michel Piel"],"articleSection":["Revue de presse"],"inLanguage":"fr-FR"},{"@type":"WebPage","@id":"https:\/\/www.altercampagne.net\/?p=5570","url":"https:\/\/www.altercampagne.net\/?p=5570","name":"\u00c9cologie. Un tour de Bretagne \u00e0 v\u00e9lo - AlterTour","isPartOf":{"@id":"https:\/\/www.altercampagne.net\/#website"},"datePublished":"2016-07-25T16:50:29+00:00","dateModified":"2016-07-29T16:53:51+00:00","author":{"@id":"https:\/\/www.altercampagne.net\/#\/schema\/person\/0f261460c09e430caa0f9bcffa319109"},"breadcrumb":{"@id":"https:\/\/www.altercampagne.net\/?p=5570#breadcrumb"},"inLanguage":"fr-FR","potentialAction":[{"@type":"ReadAction","target":["https:\/\/www.altercampagne.net\/?p=5570"]}]},{"@type":"BreadcrumbList","@id":"https:\/\/www.altercampagne.net\/?p=5570#breadcrumb","itemListElement":[{"@type":"ListItem","position":1,"name":"Accueil","item":"https:\/\/www.altercampagne.net\/"},{"@type":"ListItem","position":2,"name":"\u00c9cologie. Un tour de Bretagne \u00e0 v\u00e9lo"}]},{"@type":"WebSite","@id":"https:\/\/www.altercampagne.net\/#website","url":"https:\/\/www.altercampagne.net\/","name":"AlterTour","description":"Reliez les Alternatives \u00e0 v\u00e9lo","potentialAction":[{"@type":"SearchAction","target":{"@type":"EntryPoint","urlTemplate":"https:\/\/www.altercampagne.net\/?s={search_term_string}"},"query-input":{"@type":"PropertyValueSpecification","valueRequired":true,"valueName":"search_term_string"}}],"inLanguage":"fr-FR"},{"@type":"Person","@id":"https:\/\/www.altercampagne.net\/#\/schema\/person\/0f261460c09e430caa0f9bcffa319109","name":"Mathieu","image":{"@type":"ImageObject","inLanguage":"fr-FR","@id":"https:\/\/secure.gravatar.com\/avatar\/aa9d3d24c83f2141e5e2709d0f63d09a99f6be6bb7a50abc4915838d9f54501a?s=96&d=mm&r=g","url":"https:\/\/secure.gravatar.com\/avatar\/aa9d3d24c83f2141e5e2709d0f63d09a99f6be6bb7a50abc4915838d9f54501a?s=96&d=mm&r=g","contentUrl":"https:\/\/secure.gravatar.com\/avatar\/aa9d3d24c83f2141e5e2709d0f63d09a99f6be6bb7a50abc4915838d9f54501a?s=96&d=mm&r=g","caption":"Mathieu"},"url":"https:\/\/www.altercampagne.net\/?author=214"}]}},"_links":{"self":[{"href":"https:\/\/www.altercampagne.net\/index.php?rest_route=\/wp\/v2\/posts\/5570","targetHints":{"allow":["GET"]}}],"collection":[{"href":"https:\/\/www.altercampagne.net\/index.php?rest_route=\/wp\/v2\/posts"}],"about":[{"href":"https:\/\/www.altercampagne.net\/index.php?rest_route=\/wp\/v2\/types\/post"}],"author":[{"embeddable":true,"href":"https:\/\/www.altercampagne.net\/index.php?rest_route=\/wp\/v2\/users\/214"}],"replies":[{"embeddable":true,"href":"https:\/\/www.altercampagne.net\/index.php?rest_route=%2Fwp%2Fv2%2Fcomments&post=5570"}],"version-history":[{"count":0,"href":"https:\/\/www.altercampagne.net\/index.php?rest_route=\/wp\/v2\/posts\/5570\/revisions"}],"wp:attachment":[{"href":"https:\/\/www.altercampagne.net\/index.php?rest_route=%2Fwp%2Fv2%2Fmedia&parent=5570"}],"wp:term":[{"taxonomy":"category","embeddable":true,"href":"https:\/\/www.altercampagne.net\/index.php?rest_route=%2Fwp%2Fv2%2Fcategories&post=5570"},{"taxonomy":"post_tag","embeddable":true,"href":"https:\/\/www.altercampagne.net\/index.php?rest_route=%2Fwp%2Fv2%2Ftags&post=5570"}],"curies":[{"name":"wp","href":"https:\/\/api.w.org\/{rel}","templated":true}]}}