{"id":5606,"date":"2016-07-17T20:11:28","date_gmt":"2016-07-17T18:11:28","guid":{"rendered":"http:\/\/www.altercampagne.net\/?p=5606"},"modified":"2019-09-13T16:28:41","modified_gmt":"2019-09-13T14:28:41","slug":"etape-du-18-juillet-la-ferme-de-la-hubaudiere-a-laignelet","status":"publish","type":"post","link":"https:\/\/www.altercampagne.net\/?p=5606","title":{"rendered":"\u00c9tape du 17 juillet : La Ferme de la Hubaudi\u00e8re \u00e0 Laignelet"},"content":{"rendered":"<p>17 Juillet, journ\u00e9e biquettes<\/p>\n<p>Ce matin nous quittons Fontaine Daniel, et notre superbe co-organisatrice du premier parcours, Keltoum, qui nous a fait partager de magnifiques initiatives avec g\u00e9n\u00e9rosit\u00e9 et sourire. Merci Keltoum !<\/p>\n<p>Nous voil\u00e0 partis pour la prochaine \u00e9tape, Laignelet. Accueillis au dernier croisement par Genevi\u00e8ve qui a rejoint le tour pour les prochaines \u00e9tapes qu&rsquo;elle co-organise avec Michel.<\/p>\n<p>Notre \u00e9tape du jour : Les biquettes, une ferme o\u00f9 viennent de s&rsquo;installer Aurore et Antoine, 22 ans chacun.<br \/>\nUn projet intelligent qui suscite l&rsquo;enthousiasme. 33 ha d&rsquo;un seul tenant, pour y \u00e9lever des ch\u00e8vres des foss\u00e9s, race en voie d&rsquo;extinction originaire de l&rsquo;estuaire de la Loire. Leur projet est dimensionn\u00e9 pour pouvoir travailler tous les deux \u00e0 temps plein sur la ferme. Tout d&rsquo;abord dans un choix d&rsquo;autonomie, de la production de la nourriture pour les ch\u00e8vres jusqu&rsquo;\u00e0 la production de fromage. Et aussi dans la diversification : production de bl\u00e9 panifiable qui sera vendu aux Greniers bio d\u2019Armorique, \u00e9levage de veaux. Enfin dans un souci de lien au territoire, avec une collaboration avec Ouest bocage pour recr\u00e9er des talus emp\u00eachant l&rsquo;\u00e9rosion, le choix de circuits courts, et l&rsquo;achat de 10 ha dans le cadre d&rsquo;un GFA cr\u00e9\u00e9 avec Terre de Liens. Il reste 200 parts \u00e0 100 euros \u00e0 acqu\u00e9rir d&rsquo;ici un an pour p\u00e9renniser le projet d&rsquo;Aurore et Antoine, une bonne fa\u00e7on de donner du sens \u00e0 son \u00e9pargne !<\/p>\n<p style=\"text-align: right;\"><strong>C\u00e9cile<\/strong><\/p>\n","protected":false},"excerpt":{"rendered":"<p>17 Juillet, journ\u00e9e biquettes Ce matin nous quittons Fontaine Daniel, et notre superbe co-organisatrice du premier parcours, Keltoum, qui nous a fait partager de magnifiques initiatives avec g\u00e9n\u00e9rosit\u00e9 et sourire. Merci Keltoum ! Nous voil\u00e0 partis pour la prochaine \u00e9tape, Laignelet. Accueillis au dernier croisement par Genevi\u00e8ve qui a rejoint &#8230; <\/p>\n<div><a href=\"https:\/\/www.altercampagne.net\/?p=5606\" class=\"more-link\">Read More<\/a><\/div>\n","protected":false},"author":214,"featured_media":15476,"comment_status":"closed","ping_status":"closed","sticky":false,"template":"","format":"standard","meta":{"footnotes":""},"categories":[3483,3472,3459],"tags":[20,383,413,429,1652,2515,2516,2584,2704,2846,2849,2850,2851],"class_list":["post-5606","post","type-post","status-publish","format-standard","has-post-thumbnail","hentry","category-agriculture","category-bretagne","category-edition-2016","tag-bretagne","tag-altertour-2016","tag-ille-et-vilaine","tag-terre-de-liens","tag-1652","tag-ferme-de-la-hubaudiere","tag-laignelet","tag-gfa","tag-alterjournaliste","tag-accueillant","tag-accueillant2016","tag-accueillant-2016","tag-altertour2016"],"yoast_head":"<!-- This site is optimized with the Yoast SEO plugin v27.3 - https:\/\/yoast.com\/product\/yoast-seo-wordpress\/ -->\n<title>\u00c9tape du 17 juillet : La Ferme de la Hubaudi\u00e8re \u00e0 Laignelet - AlterTour<\/title>\n<meta name=\"robots\" content=\"index, follow, max-snippet:-1, max-image-preview:large, max-video-preview:-1\" \/>\n<link rel=\"canonical\" href=\"https:\/\/www.altercampagne.net\/?p=5606\" \/>\n<meta property=\"og:locale\" content=\"fr_FR\" \/>\n<meta property=\"og:type\" content=\"article\" \/>\n<meta property=\"og:title\" content=\"\u00c9tape du 17 juillet : La Ferme de la Hubaudi\u00e8re \u00e0 Laignelet - AlterTour\" \/>\n<meta property=\"og:description\" content=\"17 Juillet, journ\u00e9e biquettes Ce matin nous quittons Fontaine Daniel, et notre superbe co-organisatrice du premier parcours, Keltoum, qui nous a fait partager de magnifiques initiatives avec g\u00e9n\u00e9rosit\u00e9 et sourire. Merci Keltoum ! Nous voil\u00e0 partis pour la prochaine \u00e9tape, Laignelet. Accueillis au dernier croisement par Genevi\u00e8ve qui a rejoint ... Read More\" \/>\n<meta property=\"og:url\" content=\"https:\/\/www.altercampagne.net\/?p=5606\" \/>\n<meta property=\"og:site_name\" content=\"AlterTour\" \/>\n<meta property=\"article:published_time\" content=\"2016-07-17T18:11:28+00:00\" \/>\n<meta property=\"article:modified_time\" content=\"2019-09-13T14:28:41+00:00\" \/>\n<meta property=\"og:image\" content=\"https:\/\/www.altercampagne.net\/wp-content\/uploads\/2016\/07\/2016-07-17_16.52.16_2139_Luc-SARLET_luc.sarlet@scarlet.jpg\" \/>\n\t<meta property=\"og:image:width\" content=\"900\" \/>\n\t<meta property=\"og:image:height\" content=\"470\" \/>\n\t<meta property=\"og:image:type\" content=\"image\/jpeg\" \/>\n<meta name=\"author\" content=\"Mathieu\" \/>\n<meta name=\"twitter:card\" content=\"summary_large_image\" \/>\n<meta name=\"twitter:label1\" content=\"\u00c9crit par\" \/>\n\t<meta name=\"twitter:data1\" content=\"Mathieu\" \/>\n\t<meta name=\"twitter:label2\" content=\"Dur\u00e9e de lecture estim\u00e9e\" \/>\n\t<meta name=\"twitter:data2\" content=\"1 minute\" \/>\n<script type=\"application\/ld+json\" class=\"yoast-schema-graph\">{\"@context\":\"https:\\\/\\\/schema.org\",\"@graph\":[{\"@type\":\"Article\",\"@id\":\"https:\\\/\\\/www.altercampagne.net\\\/?p=5606#article\",\"isPartOf\":{\"@id\":\"https:\\\/\\\/www.altercampagne.net\\\/?p=5606\"},\"author\":{\"name\":\"Mathieu\",\"@id\":\"https:\\\/\\\/www.altercampagne.net\\\/#\\\/schema\\\/person\\\/0f261460c09e430caa0f9bcffa319109\"},\"headline\":\"\u00c9tape du 17 juillet : La Ferme de la Hubaudi\u00e8re \u00e0 Laignelet\",\"datePublished\":\"2016-07-17T18:11:28+00:00\",\"dateModified\":\"2019-09-13T14:28:41+00:00\",\"mainEntityOfPage\":{\"@id\":\"https:\\\/\\\/www.altercampagne.net\\\/?p=5606\"},\"wordCount\":257,\"image\":{\"@id\":\"https:\\\/\\\/www.altercampagne.net\\\/?p=5606#primaryimage\"},\"thumbnailUrl\":\"https:\\\/\\\/www.altercampagne.net\\\/wp-content\\\/uploads\\\/2016\\\/07\\\/2016-07-17_16.52.16_2139_Luc-SARLET_luc.sarlet@scarlet.jpg\",\"keywords\":[\"bretagne\",\"AlterTour 2016\",\"ille et vilaine\",\"terre de liens\",\"2016\",\"Ferme de la Hubaudi\u00e8re\",\"Laignelet\",\"gfa\",\"alterjournaliste\",\"accueillant\",\"accueillant2016\",\"accueillant 2016\",\"AlterTour2016\"],\"articleSection\":[\"Agriculture\",\"Bretagne\",\"\u00c9dition 2016\"],\"inLanguage\":\"fr-FR\"},{\"@type\":\"WebPage\",\"@id\":\"https:\\\/\\\/www.altercampagne.net\\\/?p=5606\",\"url\":\"https:\\\/\\\/www.altercampagne.net\\\/?p=5606\",\"name\":\"\u00c9tape du 17 juillet : La Ferme de la Hubaudi\u00e8re \u00e0 Laignelet - AlterTour\",\"isPartOf\":{\"@id\":\"https:\\\/\\\/www.altercampagne.net\\\/#website\"},\"primaryImageOfPage\":{\"@id\":\"https:\\\/\\\/www.altercampagne.net\\\/?p=5606#primaryimage\"},\"image\":{\"@id\":\"https:\\\/\\\/www.altercampagne.net\\\/?p=5606#primaryimage\"},\"thumbnailUrl\":\"https:\\\/\\\/www.altercampagne.net\\\/wp-content\\\/uploads\\\/2016\\\/07\\\/2016-07-17_16.52.16_2139_Luc-SARLET_luc.sarlet@scarlet.jpg\",\"datePublished\":\"2016-07-17T18:11:28+00:00\",\"dateModified\":\"2019-09-13T14:28:41+00:00\",\"author\":{\"@id\":\"https:\\\/\\\/www.altercampagne.net\\\/#\\\/schema\\\/person\\\/0f261460c09e430caa0f9bcffa319109\"},\"breadcrumb\":{\"@id\":\"https:\\\/\\\/www.altercampagne.net\\\/?p=5606#breadcrumb\"},\"inLanguage\":\"fr-FR\",\"potentialAction\":[{\"@type\":\"ReadAction\",\"target\":[\"https:\\\/\\\/www.altercampagne.net\\\/?p=5606\"]}]},{\"@type\":\"ImageObject\",\"inLanguage\":\"fr-FR\",\"@id\":\"https:\\\/\\\/www.altercampagne.net\\\/?p=5606#primaryimage\",\"url\":\"https:\\\/\\\/www.altercampagne.net\\\/wp-content\\\/uploads\\\/2016\\\/07\\\/2016-07-17_16.52.16_2139_Luc-SARLET_luc.sarlet@scarlet.jpg\",\"contentUrl\":\"https:\\\/\\\/www.altercampagne.net\\\/wp-content\\\/uploads\\\/2016\\\/07\\\/2016-07-17_16.52.16_2139_Luc-SARLET_luc.sarlet@scarlet.jpg\",\"width\":900,\"height\":470},{\"@type\":\"BreadcrumbList\",\"@id\":\"https:\\\/\\\/www.altercampagne.net\\\/?p=5606#breadcrumb\",\"itemListElement\":[{\"@type\":\"ListItem\",\"position\":1,\"name\":\"Accueil\",\"item\":\"https:\\\/\\\/www.altercampagne.net\\\/\"},{\"@type\":\"ListItem\",\"position\":2,\"name\":\"\u00c9tape du 17 juillet : La Ferme de la Hubaudi\u00e8re \u00e0 Laignelet\"}]},{\"@type\":\"WebSite\",\"@id\":\"https:\\\/\\\/www.altercampagne.net\\\/#website\",\"url\":\"https:\\\/\\\/www.altercampagne.net\\\/\",\"name\":\"AlterTour\",\"description\":\"Reliez les Alternatives \u00e0 v\u00e9lo\",\"potentialAction\":[{\"@type\":\"SearchAction\",\"target\":{\"@type\":\"EntryPoint\",\"urlTemplate\":\"https:\\\/\\\/www.altercampagne.net\\\/?s={search_term_string}\"},\"query-input\":{\"@type\":\"PropertyValueSpecification\",\"valueRequired\":true,\"valueName\":\"search_term_string\"}}],\"inLanguage\":\"fr-FR\"},{\"@type\":\"Person\",\"@id\":\"https:\\\/\\\/www.altercampagne.net\\\/#\\\/schema\\\/person\\\/0f261460c09e430caa0f9bcffa319109\",\"name\":\"Mathieu\",\"image\":{\"@type\":\"ImageObject\",\"inLanguage\":\"fr-FR\",\"@id\":\"https:\\\/\\\/secure.gravatar.com\\\/avatar\\\/aa9d3d24c83f2141e5e2709d0f63d09a99f6be6bb7a50abc4915838d9f54501a?s=96&d=mm&r=g\",\"url\":\"https:\\\/\\\/secure.gravatar.com\\\/avatar\\\/aa9d3d24c83f2141e5e2709d0f63d09a99f6be6bb7a50abc4915838d9f54501a?s=96&d=mm&r=g\",\"contentUrl\":\"https:\\\/\\\/secure.gravatar.com\\\/avatar\\\/aa9d3d24c83f2141e5e2709d0f63d09a99f6be6bb7a50abc4915838d9f54501a?s=96&d=mm&r=g\",\"caption\":\"Mathieu\"},\"url\":\"https:\\\/\\\/www.altercampagne.net\\\/?author=214\"}]}<\/script>\n<!-- \/ Yoast SEO plugin. -->","yoast_head_json":{"title":"\u00c9tape du 17 juillet : La Ferme de la Hubaudi\u00e8re \u00e0 Laignelet - AlterTour","robots":{"index":"index","follow":"follow","max-snippet":"max-snippet:-1","max-image-preview":"max-image-preview:large","max-video-preview":"max-video-preview:-1"},"canonical":"https:\/\/www.altercampagne.net\/?p=5606","og_locale":"fr_FR","og_type":"article","og_title":"\u00c9tape du 17 juillet : La Ferme de la Hubaudi\u00e8re \u00e0 Laignelet - AlterTour","og_description":"17 Juillet, journ\u00e9e biquettes Ce matin nous quittons Fontaine Daniel, et notre superbe co-organisatrice du premier parcours, Keltoum, qui nous a fait partager de magnifiques initiatives avec g\u00e9n\u00e9rosit\u00e9 et sourire. Merci Keltoum ! Nous voil\u00e0 partis pour la prochaine \u00e9tape, Laignelet. Accueillis au dernier croisement par Genevi\u00e8ve qui a rejoint ... Read More","og_url":"https:\/\/www.altercampagne.net\/?p=5606","og_site_name":"AlterTour","article_published_time":"2016-07-17T18:11:28+00:00","article_modified_time":"2019-09-13T14:28:41+00:00","og_image":[{"width":900,"height":470,"url":"https:\/\/www.altercampagne.net\/wp-content\/uploads\/2016\/07\/2016-07-17_16.52.16_2139_Luc-SARLET_luc.sarlet@scarlet.jpg","type":"image\/jpeg"}],"author":"Mathieu","twitter_card":"summary_large_image","twitter_misc":{"\u00c9crit par":"Mathieu","Dur\u00e9e de lecture estim\u00e9e":"1 minute"},"schema":{"@context":"https:\/\/schema.org","@graph":[{"@type":"Article","@id":"https:\/\/www.altercampagne.net\/?p=5606#article","isPartOf":{"@id":"https:\/\/www.altercampagne.net\/?p=5606"},"author":{"name":"Mathieu","@id":"https:\/\/www.altercampagne.net\/#\/schema\/person\/0f261460c09e430caa0f9bcffa319109"},"headline":"\u00c9tape du 17 juillet : La Ferme de la Hubaudi\u00e8re \u00e0 Laignelet","datePublished":"2016-07-17T18:11:28+00:00","dateModified":"2019-09-13T14:28:41+00:00","mainEntityOfPage":{"@id":"https:\/\/www.altercampagne.net\/?p=5606"},"wordCount":257,"image":{"@id":"https:\/\/www.altercampagne.net\/?p=5606#primaryimage"},"thumbnailUrl":"https:\/\/www.altercampagne.net\/wp-content\/uploads\/2016\/07\/2016-07-17_16.52.16_2139_Luc-SARLET_luc.sarlet@scarlet.jpg","keywords":["bretagne","AlterTour 2016","ille et vilaine","terre de liens","2016","Ferme de la Hubaudi\u00e8re","Laignelet","gfa","alterjournaliste","accueillant","accueillant2016","accueillant 2016","AlterTour2016"],"articleSection":["Agriculture","Bretagne","\u00c9dition 2016"],"inLanguage":"fr-FR"},{"@type":"WebPage","@id":"https:\/\/www.altercampagne.net\/?p=5606","url":"https:\/\/www.altercampagne.net\/?p=5606","name":"\u00c9tape du 17 juillet : La Ferme de la Hubaudi\u00e8re \u00e0 Laignelet - AlterTour","isPartOf":{"@id":"https:\/\/www.altercampagne.net\/#website"},"primaryImageOfPage":{"@id":"https:\/\/www.altercampagne.net\/?p=5606#primaryimage"},"image":{"@id":"https:\/\/www.altercampagne.net\/?p=5606#primaryimage"},"thumbnailUrl":"https:\/\/www.altercampagne.net\/wp-content\/uploads\/2016\/07\/2016-07-17_16.52.16_2139_Luc-SARLET_luc.sarlet@scarlet.jpg","datePublished":"2016-07-17T18:11:28+00:00","dateModified":"2019-09-13T14:28:41+00:00","author":{"@id":"https:\/\/www.altercampagne.net\/#\/schema\/person\/0f261460c09e430caa0f9bcffa319109"},"breadcrumb":{"@id":"https:\/\/www.altercampagne.net\/?p=5606#breadcrumb"},"inLanguage":"fr-FR","potentialAction":[{"@type":"ReadAction","target":["https:\/\/www.altercampagne.net\/?p=5606"]}]},{"@type":"ImageObject","inLanguage":"fr-FR","@id":"https:\/\/www.altercampagne.net\/?p=5606#primaryimage","url":"https:\/\/www.altercampagne.net\/wp-content\/uploads\/2016\/07\/2016-07-17_16.52.16_2139_Luc-SARLET_luc.sarlet@scarlet.jpg","contentUrl":"https:\/\/www.altercampagne.net\/wp-content\/uploads\/2016\/07\/2016-07-17_16.52.16_2139_Luc-SARLET_luc.sarlet@scarlet.jpg","width":900,"height":470},{"@type":"BreadcrumbList","@id":"https:\/\/www.altercampagne.net\/?p=5606#breadcrumb","itemListElement":[{"@type":"ListItem","position":1,"name":"Accueil","item":"https:\/\/www.altercampagne.net\/"},{"@type":"ListItem","position":2,"name":"\u00c9tape du 17 juillet : La Ferme de la Hubaudi\u00e8re \u00e0 Laignelet"}]},{"@type":"WebSite","@id":"https:\/\/www.altercampagne.net\/#website","url":"https:\/\/www.altercampagne.net\/","name":"AlterTour","description":"Reliez les Alternatives \u00e0 v\u00e9lo","potentialAction":[{"@type":"SearchAction","target":{"@type":"EntryPoint","urlTemplate":"https:\/\/www.altercampagne.net\/?s={search_term_string}"},"query-input":{"@type":"PropertyValueSpecification","valueRequired":true,"valueName":"search_term_string"}}],"inLanguage":"fr-FR"},{"@type":"Person","@id":"https:\/\/www.altercampagne.net\/#\/schema\/person\/0f261460c09e430caa0f9bcffa319109","name":"Mathieu","image":{"@type":"ImageObject","inLanguage":"fr-FR","@id":"https:\/\/secure.gravatar.com\/avatar\/aa9d3d24c83f2141e5e2709d0f63d09a99f6be6bb7a50abc4915838d9f54501a?s=96&d=mm&r=g","url":"https:\/\/secure.gravatar.com\/avatar\/aa9d3d24c83f2141e5e2709d0f63d09a99f6be6bb7a50abc4915838d9f54501a?s=96&d=mm&r=g","contentUrl":"https:\/\/secure.gravatar.com\/avatar\/aa9d3d24c83f2141e5e2709d0f63d09a99f6be6bb7a50abc4915838d9f54501a?s=96&d=mm&r=g","caption":"Mathieu"},"url":"https:\/\/www.altercampagne.net\/?author=214"}]}},"_links":{"self":[{"href":"https:\/\/www.altercampagne.net\/index.php?rest_route=\/wp\/v2\/posts\/5606","targetHints":{"allow":["GET"]}}],"collection":[{"href":"https:\/\/www.altercampagne.net\/index.php?rest_route=\/wp\/v2\/posts"}],"about":[{"href":"https:\/\/www.altercampagne.net\/index.php?rest_route=\/wp\/v2\/types\/post"}],"author":[{"embeddable":true,"href":"https:\/\/www.altercampagne.net\/index.php?rest_route=\/wp\/v2\/users\/214"}],"replies":[{"embeddable":true,"href":"https:\/\/www.altercampagne.net\/index.php?rest_route=%2Fwp%2Fv2%2Fcomments&post=5606"}],"version-history":[{"count":0,"href":"https:\/\/www.altercampagne.net\/index.php?rest_route=\/wp\/v2\/posts\/5606\/revisions"}],"wp:featuredmedia":[{"embeddable":true,"href":"https:\/\/www.altercampagne.net\/index.php?rest_route=\/wp\/v2\/media\/15476"}],"wp:attachment":[{"href":"https:\/\/www.altercampagne.net\/index.php?rest_route=%2Fwp%2Fv2%2Fmedia&parent=5606"}],"wp:term":[{"taxonomy":"category","embeddable":true,"href":"https:\/\/www.altercampagne.net\/index.php?rest_route=%2Fwp%2Fv2%2Fcategories&post=5606"},{"taxonomy":"post_tag","embeddable":true,"href":"https:\/\/www.altercampagne.net\/index.php?rest_route=%2Fwp%2Fv2%2Ftags&post=5606"}],"curies":[{"name":"wp","href":"https:\/\/api.w.org\/{rel}","templated":true}]}}