{"id":5608,"date":"2016-08-02T10:39:28","date_gmt":"2016-08-02T08:39:28","guid":{"rendered":"http:\/\/www.altercampagne.net\/?p=5608"},"modified":"2024-10-22T14:50:52","modified_gmt":"2024-10-22T12:50:52","slug":"altertour-un-tour-de-bretagne-des-alternatives","status":"publish","type":"post","link":"https:\/\/www.altercampagne.net\/?p=5608","title":{"rendered":"AlterTour. Un tour de Bretagne des alternatives"},"content":{"rendered":"<p><strong>L&rsquo;AlterTour propose aux citoyens de d\u00e9couvrir et de relier \u00e0 bicyclette les initiatives d&rsquo;alternatives locales en agriculture, transport, construction ou culture. Cette ann\u00e9e, les cyclistes font le tour de la Bretagne. Hier, ils se sont arr\u00eat\u00e9s aux Jardins de l&rsquo;\u00c9v\u00each\u00e9, accueillis par quelques associations quimp\u00e9roises.<\/strong><\/p>\n<p>Relier les alternatives \u00e0 v\u00e9lo, tel est le credo de l&rsquo;AlterTour, arr\u00eat\u00e9 hier aux Jardins de l&rsquo;\u00c9v\u00each\u00e9. Une soixantaine de cyclistes amateurs branch\u00e9s alternatif se sont restaur\u00e9s (wraps v\u00e9g\u00e9tariens et curry de l\u00e9gumes locaux bio) avant d&rsquo;enfourcher leurs petites reines pour rejoindre Qu\u00e9m\u00e9n\u00e9ven, lieu de leur prochaine halte. Cette ann\u00e9e, l&rsquo;AlterTour a choisi la Bretagne comme terre d&rsquo;accueil. Parti le 9 juillet de Notre-Dame-des-Landes, le tour se terminera le 20 ao\u00fbt \u00e0 Rennes, apr\u00e8s avoir sillonn\u00e9 la r\u00e9gion.<\/p>\n<p><strong>\u00ab Militantisme joyeux \u00bb<\/strong><br \/>\nL&rsquo;AlterTour est n\u00e9 il y a huit ans, apr\u00e8s la cr\u00e9ation de l&rsquo;association AlterCampagne, elle-m\u00eame fond\u00e9e pour f\u00e9d\u00e9rer les associations et collectifs ayant particip\u00e9 aux Journ\u00e9es mondiales d&rsquo;opposition collective aux OGM agricoles entre 2004 et 2008. \u00ab L&rsquo;initiative est partie d&rsquo;une envie de prolonger le mouvement en prenant la voie d&rsquo;un militantisme joyeux \u00bb, raconte Mathieu Fromont, coordinateur AlterTour au sein d&rsquo;AlterCampagne. L&rsquo;objectif : cr\u00e9er du lien entre les associations ou collectifs porteurs d&rsquo;alternatives dans les domaines de l&rsquo;agriculture, de l&rsquo;\u00e9nergie, du transport, de l&rsquo;\u00e9conomie et de la culture. Pourquoi le v\u00e9lo ? \u00ab Le v\u00e9lo est un mode de d\u00e9placement doux, une alternative aux transports polluants. On aurait pu choisir la marche mais le v\u00e9lo permet de couvrir un territoire plus important \u00bb, explique Matthieu Fromont, avant d&rsquo;ajouter en souriant : \u00ab Ne cherchez pas les cyclistes pr\u00e9sents pour la performance sportive, il n&rsquo;y en a pas \u00bb. En fin de peloton, le fourgon balai soulage ceux qui n&rsquo;ont plus la force de p\u00e9daler.<br \/>\nLe tour propose aux citoyens volontaires de s&rsquo;inscrire sur une ou plusieurs des \u00e9tapes journali\u00e8res, dont la distance oscille entre 30 et 60 kilom\u00e8tres. Cette ann\u00e9e, trois cents cyclistes se sont inscrits, avec en moyenne une cinquantaine de participants par \u00e9tapes. \u00ab Les mouvements dans l&rsquo;effectif sont tr\u00e8s int\u00e9ressants, on remarque la naissance d&rsquo;un esprit de groupe, peu importe les personnes \u00bb, note Coline Gufflet, copr\u00e9sidente d&rsquo;AlterCampagne. D&rsquo;ailleurs, tout fonctionne sur le mod\u00e8le de l&rsquo;autogestion. Chacun participe aux t\u00e2ches de la vie quotidienne : les courses, les repas et l&rsquo;installation du campement lors des \u00e9tapes \u00bb.<\/p>\n<p><strong>V\u00e9lo r\u00e9seau<\/strong><br \/>\nAvec l&rsquo;AlterTour, les haltes sont aussi importantes que la p\u00e9dale. \u00c0 chaque \u00e9tape, les participants rencontrent les porteurs d&rsquo;alternatives du coin. \u00c0 Plomeur, avant leur arr\u00eat quimp\u00e9rois, les cyclistes ont pu d\u00e9couvrir l&rsquo;habitat l\u00e9ger avec les Kerterres, ces petits igloos en chanvre et chaux qui, une fois devenus inutiles, disparaissent sans laisser de traces. \u00ab Toutes ces initiatives donnent des id\u00e9es, cela arrive souvent que des altercyclistes changent de vie apr\u00e8s l&rsquo;AlterTour \u00bb, affirme Mathieu Fromont. Les arr\u00eats sont \u00e9galement l&rsquo;occasion d&rsquo;organiser des ateliers r\u00e9paration pour leurs montures, des conf\u00e9rences, des projections ou des concerts. Hier, le collectif Actes (Alliance citoyenne pour une transition \u00e9cologique et sociale) a coordonn\u00e9 l&rsquo;accueil du tour, invitant les associations Kernav\u00e9lo, E-Ker, Eau et rivi\u00e8res, les Palais de Cornouaille ainsi que le conf\u00e9rencier Pierre Mollo qui en a profit\u00e9 pour partager ses connaissances sur le plancton. Petit \u00e0 petit, le v\u00e9lo fait son r\u00e9seau.<\/p>\n<p>Pratique<br \/>\nAltercampagne, site : www. Altercampagne.net ;<br \/>\nActes, site : www.facebook.com.alternatibacor- nouaille, t\u00e9l. 06.29.18.37.46.<\/p>\n<p>Source : <a href=\"http:\/\/www.letelegramme.fr\/finistere\/quimper\/altertour-un-tour-de-bretagne-des-alternatives-02-08-2016-11168523.php\" target=\"_blank\" rel=\"noopener noreferrer\">Le T\u00e9l\u00e9gramme<\/a><\/p>\n","protected":false},"excerpt":{"rendered":"<p>L&rsquo;AlterTour propose aux citoyens de d\u00e9couvrir et de relier \u00e0 bicyclette les initiatives d&rsquo;alternatives locales en agriculture, transport, construction ou culture. Cette ann\u00e9e, les cyclistes font le tour de la Bretagne. Hier, ils se sont arr\u00eat\u00e9s aux Jardins de l&rsquo;\u00c9v\u00each\u00e9, accueillis par quelques associations quimp\u00e9roises. Relier les alternatives \u00e0 v\u00e9lo, &#8230; <\/p>\n<div><a href=\"https:\/\/www.altercampagne.net\/?p=5608\" class=\"more-link\">Read More<\/a><\/div>\n","protected":false},"author":215,"featured_media":15400,"comment_status":"closed","ping_status":"closed","sticky":false,"template":"","format":"standard","meta":{"footnotes":""},"categories":[3472,239,3459],"tags":[2544,2589,2588,2587,2586,2585,2581,2578,2546,2545,20,2543,2214,1652,743,503,410,383,37],"class_list":["post-5608","post","type-post","status-publish","format-standard","has-post-thumbnail","hentry","category-bretagne","category-revue-de-presse","category-edition-2016","tag-e-ker","tag-plancton","tag-palais-de-cornouaille","tag-kernavelo","tag-alliance-citoyenne-pour-une-transition-ecologique-et-sociale","tag-jardins-de-leveche","tag-actes-en-cornouaille","tag-le-telegramme","tag-pierre-mollo","tag-eau-et-rivieres","tag-bretagne","tag-quimper","tag-plomeur","tag-1652","tag-coline-gufflet","tag-kerterre","tag-finistere","tag-altertour-2016","tag-altercampagne"],"yoast_head":"<!-- This site is optimized with the Yoast SEO plugin v27.3 - https:\/\/yoast.com\/product\/yoast-seo-wordpress\/ -->\n<title>AlterTour. Un tour de Bretagne des alternatives - AlterTour<\/title>\n<meta name=\"robots\" content=\"index, follow, max-snippet:-1, max-image-preview:large, max-video-preview:-1\" \/>\n<link rel=\"canonical\" href=\"https:\/\/www.altercampagne.net\/?p=5608\" \/>\n<meta property=\"og:locale\" content=\"fr_FR\" \/>\n<meta property=\"og:type\" content=\"article\" \/>\n<meta property=\"og:title\" content=\"AlterTour. Un tour de Bretagne des alternatives - AlterTour\" \/>\n<meta property=\"og:description\" content=\"L&rsquo;AlterTour propose aux citoyens de d\u00e9couvrir et de relier \u00e0 bicyclette les initiatives d&rsquo;alternatives locales en agriculture, transport, construction ou culture. Cette ann\u00e9e, les cyclistes font le tour de la Bretagne. Hier, ils se sont arr\u00eat\u00e9s aux Jardins de l&rsquo;\u00c9v\u00each\u00e9, accueillis par quelques associations quimp\u00e9roises. Relier les alternatives \u00e0 v\u00e9lo, ... Read More\" \/>\n<meta property=\"og:url\" content=\"https:\/\/www.altercampagne.net\/?p=5608\" \/>\n<meta property=\"og:site_name\" content=\"AlterTour\" \/>\n<meta property=\"article:published_time\" content=\"2016-08-02T08:39:28+00:00\" \/>\n<meta property=\"article:modified_time\" content=\"2024-10-22T12:50:52+00:00\" \/>\n<meta property=\"og:image\" content=\"https:\/\/www.altercampagne.net\/wp-content\/uploads\/2016\/08\/2016-08-02-partis-de-plomeur-une-salvatrice-etape-quimperoise-aux_3026521.jpg\" \/>\n\t<meta property=\"og:image:width\" content=\"900\" \/>\n\t<meta property=\"og:image:height\" content=\"471\" \/>\n\t<meta property=\"og:image:type\" content=\"image\/jpeg\" \/>\n<meta name=\"author\" content=\"AlterTour\" \/>\n<meta name=\"twitter:card\" content=\"summary_large_image\" \/>\n<meta name=\"twitter:label1\" content=\"\u00c9crit par\" \/>\n\t<meta name=\"twitter:data1\" content=\"AlterTour\" \/>\n\t<meta name=\"twitter:label2\" content=\"Dur\u00e9e de lecture estim\u00e9e\" \/>\n\t<meta name=\"twitter:data2\" content=\"3 minutes\" \/>\n<script type=\"application\/ld+json\" class=\"yoast-schema-graph\">{\"@context\":\"https:\\\/\\\/schema.org\",\"@graph\":[{\"@type\":\"Article\",\"@id\":\"https:\\\/\\\/www.altercampagne.net\\\/?p=5608#article\",\"isPartOf\":{\"@id\":\"https:\\\/\\\/www.altercampagne.net\\\/?p=5608\"},\"author\":{\"name\":\"AlterTour\",\"@id\":\"https:\\\/\\\/www.altercampagne.net\\\/#\\\/schema\\\/person\\\/e5b68c803196f649c2152249d262d94a\"},\"headline\":\"AlterTour. Un tour de Bretagne des alternatives\",\"datePublished\":\"2016-08-02T08:39:28+00:00\",\"dateModified\":\"2024-10-22T12:50:52+00:00\",\"mainEntityOfPage\":{\"@id\":\"https:\\\/\\\/www.altercampagne.net\\\/?p=5608\"},\"wordCount\":634,\"image\":{\"@id\":\"https:\\\/\\\/www.altercampagne.net\\\/?p=5608#primaryimage\"},\"thumbnailUrl\":\"https:\\\/\\\/www.altercampagne.net\\\/wp-content\\\/uploads\\\/2016\\\/08\\\/2016-08-02-partis-de-plomeur-une-salvatrice-etape-quimperoise-aux_3026521.jpg\",\"keywords\":[\"E-Ker\",\"plancton\",\"Palais de Cornouaille\",\"Kernav\u00e9lo\",\"Alliance citoyenne pour une transition \u00e9cologique et sociale\",\"Jardins de l'\u00c9v\u00each\u00e9\",\"Actes en Cornouaille\",\"Le t\u00e9l\u00e9gramme\",\"Pierre Mollo\",\"Eau et Rivi\u00e8res\",\"bretagne\",\"quimper\",\"Plomeur\",\"2016\",\"coline gufflet\",\"kerterre\",\"finist\u00e8re\",\"AlterTour 2016\",\"altercampagne\"],\"articleSection\":[\"Bretagne\",\"Revue de presse\",\"\u00c9dition 2016\"],\"inLanguage\":\"fr-FR\"},{\"@type\":\"WebPage\",\"@id\":\"https:\\\/\\\/www.altercampagne.net\\\/?p=5608\",\"url\":\"https:\\\/\\\/www.altercampagne.net\\\/?p=5608\",\"name\":\"AlterTour. Un tour de Bretagne des alternatives - AlterTour\",\"isPartOf\":{\"@id\":\"https:\\\/\\\/www.altercampagne.net\\\/#website\"},\"primaryImageOfPage\":{\"@id\":\"https:\\\/\\\/www.altercampagne.net\\\/?p=5608#primaryimage\"},\"image\":{\"@id\":\"https:\\\/\\\/www.altercampagne.net\\\/?p=5608#primaryimage\"},\"thumbnailUrl\":\"https:\\\/\\\/www.altercampagne.net\\\/wp-content\\\/uploads\\\/2016\\\/08\\\/2016-08-02-partis-de-plomeur-une-salvatrice-etape-quimperoise-aux_3026521.jpg\",\"datePublished\":\"2016-08-02T08:39:28+00:00\",\"dateModified\":\"2024-10-22T12:50:52+00:00\",\"author\":{\"@id\":\"https:\\\/\\\/www.altercampagne.net\\\/#\\\/schema\\\/person\\\/e5b68c803196f649c2152249d262d94a\"},\"breadcrumb\":{\"@id\":\"https:\\\/\\\/www.altercampagne.net\\\/?p=5608#breadcrumb\"},\"inLanguage\":\"fr-FR\",\"potentialAction\":[{\"@type\":\"ReadAction\",\"target\":[\"https:\\\/\\\/www.altercampagne.net\\\/?p=5608\"]}]},{\"@type\":\"ImageObject\",\"inLanguage\":\"fr-FR\",\"@id\":\"https:\\\/\\\/www.altercampagne.net\\\/?p=5608#primaryimage\",\"url\":\"https:\\\/\\\/www.altercampagne.net\\\/wp-content\\\/uploads\\\/2016\\\/08\\\/2016-08-02-partis-de-plomeur-une-salvatrice-etape-quimperoise-aux_3026521.jpg\",\"contentUrl\":\"https:\\\/\\\/www.altercampagne.net\\\/wp-content\\\/uploads\\\/2016\\\/08\\\/2016-08-02-partis-de-plomeur-une-salvatrice-etape-quimperoise-aux_3026521.jpg\",\"width\":900,\"height\":471},{\"@type\":\"BreadcrumbList\",\"@id\":\"https:\\\/\\\/www.altercampagne.net\\\/?p=5608#breadcrumb\",\"itemListElement\":[{\"@type\":\"ListItem\",\"position\":1,\"name\":\"Accueil\",\"item\":\"https:\\\/\\\/www.altercampagne.net\\\/\"},{\"@type\":\"ListItem\",\"position\":2,\"name\":\"AlterTour. Un tour de Bretagne des alternatives\"}]},{\"@type\":\"WebSite\",\"@id\":\"https:\\\/\\\/www.altercampagne.net\\\/#website\",\"url\":\"https:\\\/\\\/www.altercampagne.net\\\/\",\"name\":\"AlterTour\",\"description\":\"Reliez les Alternatives \u00e0 v\u00e9lo\",\"potentialAction\":[{\"@type\":\"SearchAction\",\"target\":{\"@type\":\"EntryPoint\",\"urlTemplate\":\"https:\\\/\\\/www.altercampagne.net\\\/?s={search_term_string}\"},\"query-input\":{\"@type\":\"PropertyValueSpecification\",\"valueRequired\":true,\"valueName\":\"search_term_string\"}}],\"inLanguage\":\"fr-FR\"},{\"@type\":\"Person\",\"@id\":\"https:\\\/\\\/www.altercampagne.net\\\/#\\\/schema\\\/person\\\/e5b68c803196f649c2152249d262d94a\",\"name\":\"AlterTour\",\"image\":{\"@type\":\"ImageObject\",\"inLanguage\":\"fr-FR\",\"@id\":\"https:\\\/\\\/secure.gravatar.com\\\/avatar\\\/3f2ed77f8506b8ea264ad5938bb0114bfa10f35b64086a66dfbb6e9f58ad9693?s=96&d=mm&r=g\",\"url\":\"https:\\\/\\\/secure.gravatar.com\\\/avatar\\\/3f2ed77f8506b8ea264ad5938bb0114bfa10f35b64086a66dfbb6e9f58ad9693?s=96&d=mm&r=g\",\"contentUrl\":\"https:\\\/\\\/secure.gravatar.com\\\/avatar\\\/3f2ed77f8506b8ea264ad5938bb0114bfa10f35b64086a66dfbb6e9f58ad9693?s=96&d=mm&r=g\",\"caption\":\"AlterTour\"},\"url\":\"https:\\\/\\\/www.altercampagne.net\\\/?author=215\"}]}<\/script>\n<!-- \/ Yoast SEO plugin. -->","yoast_head_json":{"title":"AlterTour. Un tour de Bretagne des alternatives - AlterTour","robots":{"index":"index","follow":"follow","max-snippet":"max-snippet:-1","max-image-preview":"max-image-preview:large","max-video-preview":"max-video-preview:-1"},"canonical":"https:\/\/www.altercampagne.net\/?p=5608","og_locale":"fr_FR","og_type":"article","og_title":"AlterTour. Un tour de Bretagne des alternatives - AlterTour","og_description":"L&rsquo;AlterTour propose aux citoyens de d\u00e9couvrir et de relier \u00e0 bicyclette les initiatives d&rsquo;alternatives locales en agriculture, transport, construction ou culture. Cette ann\u00e9e, les cyclistes font le tour de la Bretagne. Hier, ils se sont arr\u00eat\u00e9s aux Jardins de l&rsquo;\u00c9v\u00each\u00e9, accueillis par quelques associations quimp\u00e9roises. Relier les alternatives \u00e0 v\u00e9lo, ... Read More","og_url":"https:\/\/www.altercampagne.net\/?p=5608","og_site_name":"AlterTour","article_published_time":"2016-08-02T08:39:28+00:00","article_modified_time":"2024-10-22T12:50:52+00:00","og_image":[{"width":900,"height":471,"url":"https:\/\/www.altercampagne.net\/wp-content\/uploads\/2016\/08\/2016-08-02-partis-de-plomeur-une-salvatrice-etape-quimperoise-aux_3026521.jpg","type":"image\/jpeg"}],"author":"AlterTour","twitter_card":"summary_large_image","twitter_misc":{"\u00c9crit par":"AlterTour","Dur\u00e9e de lecture estim\u00e9e":"3 minutes"},"schema":{"@context":"https:\/\/schema.org","@graph":[{"@type":"Article","@id":"https:\/\/www.altercampagne.net\/?p=5608#article","isPartOf":{"@id":"https:\/\/www.altercampagne.net\/?p=5608"},"author":{"name":"AlterTour","@id":"https:\/\/www.altercampagne.net\/#\/schema\/person\/e5b68c803196f649c2152249d262d94a"},"headline":"AlterTour. Un tour de Bretagne des alternatives","datePublished":"2016-08-02T08:39:28+00:00","dateModified":"2024-10-22T12:50:52+00:00","mainEntityOfPage":{"@id":"https:\/\/www.altercampagne.net\/?p=5608"},"wordCount":634,"image":{"@id":"https:\/\/www.altercampagne.net\/?p=5608#primaryimage"},"thumbnailUrl":"https:\/\/www.altercampagne.net\/wp-content\/uploads\/2016\/08\/2016-08-02-partis-de-plomeur-une-salvatrice-etape-quimperoise-aux_3026521.jpg","keywords":["E-Ker","plancton","Palais de Cornouaille","Kernav\u00e9lo","Alliance citoyenne pour une transition \u00e9cologique et sociale","Jardins de l'\u00c9v\u00each\u00e9","Actes en Cornouaille","Le t\u00e9l\u00e9gramme","Pierre Mollo","Eau et Rivi\u00e8res","bretagne","quimper","Plomeur","2016","coline gufflet","kerterre","finist\u00e8re","AlterTour 2016","altercampagne"],"articleSection":["Bretagne","Revue de presse","\u00c9dition 2016"],"inLanguage":"fr-FR"},{"@type":"WebPage","@id":"https:\/\/www.altercampagne.net\/?p=5608","url":"https:\/\/www.altercampagne.net\/?p=5608","name":"AlterTour. Un tour de Bretagne des alternatives - AlterTour","isPartOf":{"@id":"https:\/\/www.altercampagne.net\/#website"},"primaryImageOfPage":{"@id":"https:\/\/www.altercampagne.net\/?p=5608#primaryimage"},"image":{"@id":"https:\/\/www.altercampagne.net\/?p=5608#primaryimage"},"thumbnailUrl":"https:\/\/www.altercampagne.net\/wp-content\/uploads\/2016\/08\/2016-08-02-partis-de-plomeur-une-salvatrice-etape-quimperoise-aux_3026521.jpg","datePublished":"2016-08-02T08:39:28+00:00","dateModified":"2024-10-22T12:50:52+00:00","author":{"@id":"https:\/\/www.altercampagne.net\/#\/schema\/person\/e5b68c803196f649c2152249d262d94a"},"breadcrumb":{"@id":"https:\/\/www.altercampagne.net\/?p=5608#breadcrumb"},"inLanguage":"fr-FR","potentialAction":[{"@type":"ReadAction","target":["https:\/\/www.altercampagne.net\/?p=5608"]}]},{"@type":"ImageObject","inLanguage":"fr-FR","@id":"https:\/\/www.altercampagne.net\/?p=5608#primaryimage","url":"https:\/\/www.altercampagne.net\/wp-content\/uploads\/2016\/08\/2016-08-02-partis-de-plomeur-une-salvatrice-etape-quimperoise-aux_3026521.jpg","contentUrl":"https:\/\/www.altercampagne.net\/wp-content\/uploads\/2016\/08\/2016-08-02-partis-de-plomeur-une-salvatrice-etape-quimperoise-aux_3026521.jpg","width":900,"height":471},{"@type":"BreadcrumbList","@id":"https:\/\/www.altercampagne.net\/?p=5608#breadcrumb","itemListElement":[{"@type":"ListItem","position":1,"name":"Accueil","item":"https:\/\/www.altercampagne.net\/"},{"@type":"ListItem","position":2,"name":"AlterTour. Un tour de Bretagne des alternatives"}]},{"@type":"WebSite","@id":"https:\/\/www.altercampagne.net\/#website","url":"https:\/\/www.altercampagne.net\/","name":"AlterTour","description":"Reliez les Alternatives \u00e0 v\u00e9lo","potentialAction":[{"@type":"SearchAction","target":{"@type":"EntryPoint","urlTemplate":"https:\/\/www.altercampagne.net\/?s={search_term_string}"},"query-input":{"@type":"PropertyValueSpecification","valueRequired":true,"valueName":"search_term_string"}}],"inLanguage":"fr-FR"},{"@type":"Person","@id":"https:\/\/www.altercampagne.net\/#\/schema\/person\/e5b68c803196f649c2152249d262d94a","name":"AlterTour","image":{"@type":"ImageObject","inLanguage":"fr-FR","@id":"https:\/\/secure.gravatar.com\/avatar\/3f2ed77f8506b8ea264ad5938bb0114bfa10f35b64086a66dfbb6e9f58ad9693?s=96&d=mm&r=g","url":"https:\/\/secure.gravatar.com\/avatar\/3f2ed77f8506b8ea264ad5938bb0114bfa10f35b64086a66dfbb6e9f58ad9693?s=96&d=mm&r=g","contentUrl":"https:\/\/secure.gravatar.com\/avatar\/3f2ed77f8506b8ea264ad5938bb0114bfa10f35b64086a66dfbb6e9f58ad9693?s=96&d=mm&r=g","caption":"AlterTour"},"url":"https:\/\/www.altercampagne.net\/?author=215"}]}},"_links":{"self":[{"href":"https:\/\/www.altercampagne.net\/index.php?rest_route=\/wp\/v2\/posts\/5608","targetHints":{"allow":["GET"]}}],"collection":[{"href":"https:\/\/www.altercampagne.net\/index.php?rest_route=\/wp\/v2\/posts"}],"about":[{"href":"https:\/\/www.altercampagne.net\/index.php?rest_route=\/wp\/v2\/types\/post"}],"author":[{"embeddable":true,"href":"https:\/\/www.altercampagne.net\/index.php?rest_route=\/wp\/v2\/users\/215"}],"replies":[{"embeddable":true,"href":"https:\/\/www.altercampagne.net\/index.php?rest_route=%2Fwp%2Fv2%2Fcomments&post=5608"}],"version-history":[{"count":1,"href":"https:\/\/www.altercampagne.net\/index.php?rest_route=\/wp\/v2\/posts\/5608\/revisions"}],"predecessor-version":[{"id":28791,"href":"https:\/\/www.altercampagne.net\/index.php?rest_route=\/wp\/v2\/posts\/5608\/revisions\/28791"}],"wp:featuredmedia":[{"embeddable":true,"href":"https:\/\/www.altercampagne.net\/index.php?rest_route=\/wp\/v2\/media\/15400"}],"wp:attachment":[{"href":"https:\/\/www.altercampagne.net\/index.php?rest_route=%2Fwp%2Fv2%2Fmedia&parent=5608"}],"wp:term":[{"taxonomy":"category","embeddable":true,"href":"https:\/\/www.altercampagne.net\/index.php?rest_route=%2Fwp%2Fv2%2Fcategories&post=5608"},{"taxonomy":"post_tag","embeddable":true,"href":"https:\/\/www.altercampagne.net\/index.php?rest_route=%2Fwp%2Fv2%2Ftags&post=5608"}],"curies":[{"name":"wp","href":"https:\/\/api.w.org\/{rel}","templated":true}]}}