{"id":5612,"date":"2016-07-30T10:50:02","date_gmt":"2016-07-30T08:50:02","guid":{"rendered":"http:\/\/www.altercampagne.net\/?p=5612"},"modified":"2016-08-02T10:52:05","modified_gmt":"2016-08-02T08:52:05","slug":"concarneau-lalter-tour-deboule-en-ville","status":"publish","type":"post","link":"https:\/\/www.altercampagne.net\/?p=5612","title":{"rendered":"Concarneau. L&rsquo;Alter Tour d\u00e9boule en ville"},"content":{"rendered":"<p>Les cyclistes de l&rsquo;AlterTour qui font un tour des ville de Loire Atlantique et de Bretagne pour d\u00e9fendre la place du v\u00e9lo dans les villes, est arriv\u00e9 ce midi \u00e0 Concarneau. En chantant.<\/p>\n<p>Actuellement en train de pique-niquer sur les plage des Sables Blancs &#8211; apr\u00e8s un bon petit bain -, les militants de la petite reine ont pr\u00e9vu de circuler en ville afin de rejoindre le pr\u00e9 de la brasserie Tri Martolod ou est pr\u00e9vus une une conf\u00e9rence gesticul\u00e9e, ce soir. Avec une petite centaine de cycliste en meute dans le centre-ville, il va y avoir de l&rsquo;ambiance dans les rues&#8230;<\/p>\n<p>Source : <a href=\"http:\/\/www.letelegramme.fr\/finistere\/concarneau\/concarneau-l-alter-tour-deboule-en-ville-30-07-2016-11166235.php\" target=\"_blank\">Le T\u00e9l\u00e9gramme<\/a><\/p>\n","protected":false},"excerpt":{"rendered":"<p>Les cyclistes de l&rsquo;AlterTour qui font un tour des ville de Loire Atlantique et de Bretagne pour d\u00e9fendre la place du v\u00e9lo dans les villes, est arriv\u00e9 ce midi \u00e0 Concarneau. En chantant. Actuellement en train de pique-niquer sur les plage des Sables Blancs &#8211; apr\u00e8s un bon petit bain &#8230; <\/p>\n<div><a href=\"https:\/\/www.altercampagne.net\/?p=5612\" class=\"more-link\">Read More<\/a><\/div>\n","protected":false},"author":214,"featured_media":0,"comment_status":"closed","ping_status":"closed","sticky":false,"template":"","format":"standard","meta":{"footnotes":""},"categories":[239],"tags":[20,383,410,1652,2186,2469,2578],"class_list":["post-5612","post","type-post","status-publish","format-standard","hentry","category-revue-de-presse","tag-bretagne","tag-altertour-2016","tag-finistere","tag-1652","tag-concarneau","tag-brasserie-tri-martolod","tag-le-telegramme","no-post-thumbnail"],"yoast_head":"<!-- This site is optimized with the Yoast SEO plugin v27.3 - https:\/\/yoast.com\/product\/yoast-seo-wordpress\/ -->\n<title>Concarneau. L&#039;Alter Tour d\u00e9boule en ville - AlterTour<\/title>\n<meta name=\"robots\" content=\"index, follow, max-snippet:-1, max-image-preview:large, max-video-preview:-1\" \/>\n<link rel=\"canonical\" href=\"https:\/\/www.altercampagne.net\/?p=5612\" \/>\n<meta property=\"og:locale\" content=\"fr_FR\" \/>\n<meta property=\"og:type\" content=\"article\" \/>\n<meta property=\"og:title\" content=\"Concarneau. L&#039;Alter Tour d\u00e9boule en ville - AlterTour\" \/>\n<meta property=\"og:description\" content=\"Les cyclistes de l&rsquo;AlterTour qui font un tour des ville de Loire Atlantique et de Bretagne pour d\u00e9fendre la place du v\u00e9lo dans les villes, est arriv\u00e9 ce midi \u00e0 Concarneau. En chantant. Actuellement en train de pique-niquer sur les plage des Sables Blancs &#8211; apr\u00e8s un bon petit bain ... Read More\" \/>\n<meta property=\"og:url\" content=\"https:\/\/www.altercampagne.net\/?p=5612\" \/>\n<meta property=\"og:site_name\" content=\"AlterTour\" \/>\n<meta property=\"article:published_time\" content=\"2016-07-30T08:50:02+00:00\" \/>\n<meta property=\"article:modified_time\" content=\"2016-08-02T08:52:05+00:00\" \/>\n<meta name=\"author\" content=\"Mathieu\" \/>\n<meta name=\"twitter:card\" content=\"summary_large_image\" \/>\n<meta name=\"twitter:label1\" content=\"\u00c9crit par\" \/>\n\t<meta name=\"twitter:data1\" content=\"Mathieu\" \/>\n\t<meta name=\"twitter:label2\" content=\"Dur\u00e9e de lecture estim\u00e9e\" \/>\n\t<meta name=\"twitter:data2\" content=\"1 minute\" \/>\n<script type=\"application\/ld+json\" class=\"yoast-schema-graph\">{\"@context\":\"https:\\\/\\\/schema.org\",\"@graph\":[{\"@type\":\"Article\",\"@id\":\"https:\\\/\\\/www.altercampagne.net\\\/?p=5612#article\",\"isPartOf\":{\"@id\":\"https:\\\/\\\/www.altercampagne.net\\\/?p=5612\"},\"author\":{\"name\":\"Mathieu\",\"@id\":\"https:\\\/\\\/www.altercampagne.net\\\/#\\\/schema\\\/person\\\/0f261460c09e430caa0f9bcffa319109\"},\"headline\":\"Concarneau. L&rsquo;Alter Tour d\u00e9boule en ville\",\"datePublished\":\"2016-07-30T08:50:02+00:00\",\"dateModified\":\"2016-08-02T08:52:05+00:00\",\"mainEntityOfPage\":{\"@id\":\"https:\\\/\\\/www.altercampagne.net\\\/?p=5612\"},\"wordCount\":123,\"keywords\":[\"bretagne\",\"AlterTour 2016\",\"finist\u00e8re\",\"2016\",\"Concarneau\",\"Brasserie Tri Martolod\",\"Le t\u00e9l\u00e9gramme\"],\"articleSection\":[\"Revue de presse\"],\"inLanguage\":\"fr-FR\"},{\"@type\":\"WebPage\",\"@id\":\"https:\\\/\\\/www.altercampagne.net\\\/?p=5612\",\"url\":\"https:\\\/\\\/www.altercampagne.net\\\/?p=5612\",\"name\":\"Concarneau. L'Alter Tour d\u00e9boule en ville - AlterTour\",\"isPartOf\":{\"@id\":\"https:\\\/\\\/www.altercampagne.net\\\/#website\"},\"datePublished\":\"2016-07-30T08:50:02+00:00\",\"dateModified\":\"2016-08-02T08:52:05+00:00\",\"author\":{\"@id\":\"https:\\\/\\\/www.altercampagne.net\\\/#\\\/schema\\\/person\\\/0f261460c09e430caa0f9bcffa319109\"},\"breadcrumb\":{\"@id\":\"https:\\\/\\\/www.altercampagne.net\\\/?p=5612#breadcrumb\"},\"inLanguage\":\"fr-FR\",\"potentialAction\":[{\"@type\":\"ReadAction\",\"target\":[\"https:\\\/\\\/www.altercampagne.net\\\/?p=5612\"]}]},{\"@type\":\"BreadcrumbList\",\"@id\":\"https:\\\/\\\/www.altercampagne.net\\\/?p=5612#breadcrumb\",\"itemListElement\":[{\"@type\":\"ListItem\",\"position\":1,\"name\":\"Accueil\",\"item\":\"https:\\\/\\\/www.altercampagne.net\\\/\"},{\"@type\":\"ListItem\",\"position\":2,\"name\":\"Concarneau. L&rsquo;Alter Tour d\u00e9boule en ville\"}]},{\"@type\":\"WebSite\",\"@id\":\"https:\\\/\\\/www.altercampagne.net\\\/#website\",\"url\":\"https:\\\/\\\/www.altercampagne.net\\\/\",\"name\":\"AlterTour\",\"description\":\"Reliez les Alternatives \u00e0 v\u00e9lo\",\"potentialAction\":[{\"@type\":\"SearchAction\",\"target\":{\"@type\":\"EntryPoint\",\"urlTemplate\":\"https:\\\/\\\/www.altercampagne.net\\\/?s={search_term_string}\"},\"query-input\":{\"@type\":\"PropertyValueSpecification\",\"valueRequired\":true,\"valueName\":\"search_term_string\"}}],\"inLanguage\":\"fr-FR\"},{\"@type\":\"Person\",\"@id\":\"https:\\\/\\\/www.altercampagne.net\\\/#\\\/schema\\\/person\\\/0f261460c09e430caa0f9bcffa319109\",\"name\":\"Mathieu\",\"image\":{\"@type\":\"ImageObject\",\"inLanguage\":\"fr-FR\",\"@id\":\"https:\\\/\\\/secure.gravatar.com\\\/avatar\\\/aa9d3d24c83f2141e5e2709d0f63d09a99f6be6bb7a50abc4915838d9f54501a?s=96&d=mm&r=g\",\"url\":\"https:\\\/\\\/secure.gravatar.com\\\/avatar\\\/aa9d3d24c83f2141e5e2709d0f63d09a99f6be6bb7a50abc4915838d9f54501a?s=96&d=mm&r=g\",\"contentUrl\":\"https:\\\/\\\/secure.gravatar.com\\\/avatar\\\/aa9d3d24c83f2141e5e2709d0f63d09a99f6be6bb7a50abc4915838d9f54501a?s=96&d=mm&r=g\",\"caption\":\"Mathieu\"},\"url\":\"https:\\\/\\\/www.altercampagne.net\\\/?author=214\"}]}<\/script>\n<!-- \/ Yoast SEO plugin. -->","yoast_head_json":{"title":"Concarneau. L'Alter Tour d\u00e9boule en ville - AlterTour","robots":{"index":"index","follow":"follow","max-snippet":"max-snippet:-1","max-image-preview":"max-image-preview:large","max-video-preview":"max-video-preview:-1"},"canonical":"https:\/\/www.altercampagne.net\/?p=5612","og_locale":"fr_FR","og_type":"article","og_title":"Concarneau. L'Alter Tour d\u00e9boule en ville - AlterTour","og_description":"Les cyclistes de l&rsquo;AlterTour qui font un tour des ville de Loire Atlantique et de Bretagne pour d\u00e9fendre la place du v\u00e9lo dans les villes, est arriv\u00e9 ce midi \u00e0 Concarneau. En chantant. Actuellement en train de pique-niquer sur les plage des Sables Blancs &#8211; apr\u00e8s un bon petit bain ... Read More","og_url":"https:\/\/www.altercampagne.net\/?p=5612","og_site_name":"AlterTour","article_published_time":"2016-07-30T08:50:02+00:00","article_modified_time":"2016-08-02T08:52:05+00:00","author":"Mathieu","twitter_card":"summary_large_image","twitter_misc":{"\u00c9crit par":"Mathieu","Dur\u00e9e de lecture estim\u00e9e":"1 minute"},"schema":{"@context":"https:\/\/schema.org","@graph":[{"@type":"Article","@id":"https:\/\/www.altercampagne.net\/?p=5612#article","isPartOf":{"@id":"https:\/\/www.altercampagne.net\/?p=5612"},"author":{"name":"Mathieu","@id":"https:\/\/www.altercampagne.net\/#\/schema\/person\/0f261460c09e430caa0f9bcffa319109"},"headline":"Concarneau. L&rsquo;Alter Tour d\u00e9boule en ville","datePublished":"2016-07-30T08:50:02+00:00","dateModified":"2016-08-02T08:52:05+00:00","mainEntityOfPage":{"@id":"https:\/\/www.altercampagne.net\/?p=5612"},"wordCount":123,"keywords":["bretagne","AlterTour 2016","finist\u00e8re","2016","Concarneau","Brasserie Tri Martolod","Le t\u00e9l\u00e9gramme"],"articleSection":["Revue de presse"],"inLanguage":"fr-FR"},{"@type":"WebPage","@id":"https:\/\/www.altercampagne.net\/?p=5612","url":"https:\/\/www.altercampagne.net\/?p=5612","name":"Concarneau. L'Alter Tour d\u00e9boule en ville - AlterTour","isPartOf":{"@id":"https:\/\/www.altercampagne.net\/#website"},"datePublished":"2016-07-30T08:50:02+00:00","dateModified":"2016-08-02T08:52:05+00:00","author":{"@id":"https:\/\/www.altercampagne.net\/#\/schema\/person\/0f261460c09e430caa0f9bcffa319109"},"breadcrumb":{"@id":"https:\/\/www.altercampagne.net\/?p=5612#breadcrumb"},"inLanguage":"fr-FR","potentialAction":[{"@type":"ReadAction","target":["https:\/\/www.altercampagne.net\/?p=5612"]}]},{"@type":"BreadcrumbList","@id":"https:\/\/www.altercampagne.net\/?p=5612#breadcrumb","itemListElement":[{"@type":"ListItem","position":1,"name":"Accueil","item":"https:\/\/www.altercampagne.net\/"},{"@type":"ListItem","position":2,"name":"Concarneau. L&rsquo;Alter Tour d\u00e9boule en ville"}]},{"@type":"WebSite","@id":"https:\/\/www.altercampagne.net\/#website","url":"https:\/\/www.altercampagne.net\/","name":"AlterTour","description":"Reliez les Alternatives \u00e0 v\u00e9lo","potentialAction":[{"@type":"SearchAction","target":{"@type":"EntryPoint","urlTemplate":"https:\/\/www.altercampagne.net\/?s={search_term_string}"},"query-input":{"@type":"PropertyValueSpecification","valueRequired":true,"valueName":"search_term_string"}}],"inLanguage":"fr-FR"},{"@type":"Person","@id":"https:\/\/www.altercampagne.net\/#\/schema\/person\/0f261460c09e430caa0f9bcffa319109","name":"Mathieu","image":{"@type":"ImageObject","inLanguage":"fr-FR","@id":"https:\/\/secure.gravatar.com\/avatar\/aa9d3d24c83f2141e5e2709d0f63d09a99f6be6bb7a50abc4915838d9f54501a?s=96&d=mm&r=g","url":"https:\/\/secure.gravatar.com\/avatar\/aa9d3d24c83f2141e5e2709d0f63d09a99f6be6bb7a50abc4915838d9f54501a?s=96&d=mm&r=g","contentUrl":"https:\/\/secure.gravatar.com\/avatar\/aa9d3d24c83f2141e5e2709d0f63d09a99f6be6bb7a50abc4915838d9f54501a?s=96&d=mm&r=g","caption":"Mathieu"},"url":"https:\/\/www.altercampagne.net\/?author=214"}]}},"_links":{"self":[{"href":"https:\/\/www.altercampagne.net\/index.php?rest_route=\/wp\/v2\/posts\/5612","targetHints":{"allow":["GET"]}}],"collection":[{"href":"https:\/\/www.altercampagne.net\/index.php?rest_route=\/wp\/v2\/posts"}],"about":[{"href":"https:\/\/www.altercampagne.net\/index.php?rest_route=\/wp\/v2\/types\/post"}],"author":[{"embeddable":true,"href":"https:\/\/www.altercampagne.net\/index.php?rest_route=\/wp\/v2\/users\/214"}],"replies":[{"embeddable":true,"href":"https:\/\/www.altercampagne.net\/index.php?rest_route=%2Fwp%2Fv2%2Fcomments&post=5612"}],"version-history":[{"count":0,"href":"https:\/\/www.altercampagne.net\/index.php?rest_route=\/wp\/v2\/posts\/5612\/revisions"}],"wp:attachment":[{"href":"https:\/\/www.altercampagne.net\/index.php?rest_route=%2Fwp%2Fv2%2Fmedia&parent=5612"}],"wp:term":[{"taxonomy":"category","embeddable":true,"href":"https:\/\/www.altercampagne.net\/index.php?rest_route=%2Fwp%2Fv2%2Fcategories&post=5612"},{"taxonomy":"post_tag","embeddable":true,"href":"https:\/\/www.altercampagne.net\/index.php?rest_route=%2Fwp%2Fv2%2Ftags&post=5612"}],"curies":[{"name":"wp","href":"https:\/\/api.w.org\/{rel}","templated":true}]}}