{"id":562,"date":"2015-01-03T09:20:05","date_gmt":"2015-01-03T08:20:05","guid":{"rendered":"http:\/\/www.altercampagne.net\/?p=562"},"modified":"2015-02-23T17:55:22","modified_gmt":"2015-02-23T16:55:22","slug":"bonne-et-heureuse-annee-2015","status":"publish","type":"post","link":"https:\/\/www.altercampagne.net\/?p=562","title":{"rendered":"Bonne et heureuse ann\u00e9e 2015 !"},"content":{"rendered":"<div align=\"justify\">\n<p class=\"Style271 Style138 Style152\"><a href=\"http:\/\/www.altercampagne.net\/wp-content\/uploads\/2015\/02\/2015-01-06-voeux.jpg\"><img loading=\"lazy\" decoding=\"async\" class=\"size-full wp-image-563 aligncenter\" src=\"http:\/\/www.altercampagne.net\/wp-content\/uploads\/2015\/02\/2015-01-06-voeux.jpg\" alt=\"2015-01-06-voeux\" width=\"600\" height=\"342\" srcset=\"https:\/\/www.altercampagne.net\/wp-content\/uploads\/2015\/02\/2015-01-06-voeux.jpg 600w, https:\/\/www.altercampagne.net\/wp-content\/uploads\/2015\/02\/2015-01-06-voeux-300x171.jpg 300w\" sizes=\"auto, (max-width: 600px) 100vw, 600px\" \/><\/a><\/p>\n<p class=\"Style271 Style138 Style152\">Toute l&rsquo;\u00e9quipe de l&rsquo;AlterTour vous souhaite une belle et heureuse ann\u00e9e 2015.<\/p>\n<p class=\"Style271 Style138 Style152\">2015 l&rsquo;ann\u00e9e du climat !<\/p>\n<p class=\"Style271 Style138 Style152\">En juillet et ao\u00fbt 2015 nous visiterons des Alternatives engag\u00e9es pour limiter l&rsquo;impact de l&rsquo;homme sur le climat en France, au Luxembourg et en Belgique.<\/p>\n<p class=\"Style271 Style138 Style152\">\u00ab\u00a0E(t)moi dans le climat !?\u00a0\u00bb permet de ramener la probl\u00e9matique \u00e0 notre quotidien, aux solutions concr\u00e8tes : la relocalisation, la transition, la d\u00e9croissance&#8230;<\/p>\n<p class=\"Style271 Style138 Style152\">Changeons le syst\u00e8me, pas le climat !<\/p>\n<p class=\"Style271 Style138 Style152\">A la fin du mois de juillet nous nous associerons au Tour tandem d&rsquo;Alternatiba entre Metz et Charleville-M\u00e9zi\u00e8res.<\/p>\n<p class=\"Style271 Style138 Style152\">\n<\/div>\n","protected":false},"excerpt":{"rendered":"<p>Toute l&rsquo;\u00e9quipe de l&rsquo;AlterTour vous souhaite une belle et heureuse ann\u00e9e 2015. 2015 l&rsquo;ann\u00e9e du climat ! En juillet et ao\u00fbt 2015 nous visiterons des Alternatives engag\u00e9es pour limiter l&rsquo;impact de l&rsquo;homme sur le climat en France, au Luxembourg et en Belgique. \u00ab\u00a0E(t)moi dans le climat !?\u00a0\u00bb permet de ramener &#8230; <\/p>\n<div><a href=\"https:\/\/www.altercampagne.net\/?p=562\" class=\"more-link\">Read More<\/a><\/div>\n","protected":false},"author":214,"featured_media":0,"comment_status":"closed","ping_status":"closed","sticky":false,"template":"","format":"standard","meta":{"footnotes":""},"categories":[1],"tags":[11,23,24,42,43,44],"class_list":["post-562","post","type-post","status-publish","format-standard","hentry","category-non-classe","tag-alternatiba","tag-belgique","tag-luxembourg","tag-voeux-2015","tag-france","tag-climat","no-post-thumbnail"],"yoast_head":"<!-- This site is optimized with the Yoast SEO plugin v27.3 - https:\/\/yoast.com\/product\/yoast-seo-wordpress\/ -->\n<title>Bonne et heureuse ann\u00e9e 2015 ! - AlterTour<\/title>\n<meta name=\"robots\" content=\"index, follow, max-snippet:-1, max-image-preview:large, max-video-preview:-1\" \/>\n<link rel=\"canonical\" href=\"https:\/\/www.altercampagne.net\/?p=562\" \/>\n<meta property=\"og:locale\" content=\"fr_FR\" \/>\n<meta property=\"og:type\" content=\"article\" \/>\n<meta property=\"og:title\" content=\"Bonne et heureuse ann\u00e9e 2015 ! - AlterTour\" \/>\n<meta property=\"og:description\" content=\"Toute l&rsquo;\u00e9quipe de l&rsquo;AlterTour vous souhaite une belle et heureuse ann\u00e9e 2015. 2015 l&rsquo;ann\u00e9e du climat ! En juillet et ao\u00fbt 2015 nous visiterons des Alternatives engag\u00e9es pour limiter l&rsquo;impact de l&rsquo;homme sur le climat en France, au Luxembourg et en Belgique. \u00ab\u00a0E(t)moi dans le climat !?\u00a0\u00bb permet de ramener ... Read More\" \/>\n<meta property=\"og:url\" content=\"https:\/\/www.altercampagne.net\/?p=562\" \/>\n<meta property=\"og:site_name\" content=\"AlterTour\" \/>\n<meta property=\"article:published_time\" content=\"2015-01-03T08:20:05+00:00\" \/>\n<meta property=\"article:modified_time\" content=\"2015-02-23T16:55:22+00:00\" \/>\n<meta property=\"og:image\" content=\"http:\/\/www.altercampagne.net\/wp-content\/uploads\/2015\/02\/2015-01-06-voeux.jpg\" \/>\n<meta name=\"author\" content=\"Mathieu\" \/>\n<meta name=\"twitter:card\" content=\"summary_large_image\" \/>\n<meta name=\"twitter:label1\" content=\"\u00c9crit par\" \/>\n\t<meta name=\"twitter:data1\" content=\"Mathieu\" \/>\n<script type=\"application\/ld+json\" class=\"yoast-schema-graph\">{\"@context\":\"https:\\\/\\\/schema.org\",\"@graph\":[{\"@type\":\"Article\",\"@id\":\"https:\\\/\\\/www.altercampagne.net\\\/?p=562#article\",\"isPartOf\":{\"@id\":\"https:\\\/\\\/www.altercampagne.net\\\/?p=562\"},\"author\":{\"name\":\"Mathieu\",\"@id\":\"https:\\\/\\\/www.altercampagne.net\\\/#\\\/schema\\\/person\\\/0f261460c09e430caa0f9bcffa319109\"},\"headline\":\"Bonne et heureuse ann\u00e9e 2015 !\",\"datePublished\":\"2015-01-03T08:20:05+00:00\",\"dateModified\":\"2015-02-23T16:55:22+00:00\",\"mainEntityOfPage\":{\"@id\":\"https:\\\/\\\/www.altercampagne.net\\\/?p=562\"},\"wordCount\":105,\"image\":{\"@id\":\"https:\\\/\\\/www.altercampagne.net\\\/?p=562#primaryimage\"},\"thumbnailUrl\":\"http:\\\/\\\/www.altercampagne.net\\\/wp-content\\\/uploads\\\/2015\\\/02\\\/2015-01-06-voeux.jpg\",\"keywords\":[\"alternatiba\",\"belgique\",\"luxembourg\",\"voeux 2015\",\"France\",\"climat\"],\"inLanguage\":\"fr-FR\"},{\"@type\":\"WebPage\",\"@id\":\"https:\\\/\\\/www.altercampagne.net\\\/?p=562\",\"url\":\"https:\\\/\\\/www.altercampagne.net\\\/?p=562\",\"name\":\"Bonne et heureuse ann\u00e9e 2015 ! - AlterTour\",\"isPartOf\":{\"@id\":\"https:\\\/\\\/www.altercampagne.net\\\/#website\"},\"primaryImageOfPage\":{\"@id\":\"https:\\\/\\\/www.altercampagne.net\\\/?p=562#primaryimage\"},\"image\":{\"@id\":\"https:\\\/\\\/www.altercampagne.net\\\/?p=562#primaryimage\"},\"thumbnailUrl\":\"http:\\\/\\\/www.altercampagne.net\\\/wp-content\\\/uploads\\\/2015\\\/02\\\/2015-01-06-voeux.jpg\",\"datePublished\":\"2015-01-03T08:20:05+00:00\",\"dateModified\":\"2015-02-23T16:55:22+00:00\",\"author\":{\"@id\":\"https:\\\/\\\/www.altercampagne.net\\\/#\\\/schema\\\/person\\\/0f261460c09e430caa0f9bcffa319109\"},\"breadcrumb\":{\"@id\":\"https:\\\/\\\/www.altercampagne.net\\\/?p=562#breadcrumb\"},\"inLanguage\":\"fr-FR\",\"potentialAction\":[{\"@type\":\"ReadAction\",\"target\":[\"https:\\\/\\\/www.altercampagne.net\\\/?p=562\"]}]},{\"@type\":\"ImageObject\",\"inLanguage\":\"fr-FR\",\"@id\":\"https:\\\/\\\/www.altercampagne.net\\\/?p=562#primaryimage\",\"url\":\"https:\\\/\\\/www.altercampagne.net\\\/wp-content\\\/uploads\\\/2015\\\/02\\\/2015-01-06-voeux.jpg\",\"contentUrl\":\"https:\\\/\\\/www.altercampagne.net\\\/wp-content\\\/uploads\\\/2015\\\/02\\\/2015-01-06-voeux.jpg\",\"width\":600,\"height\":342},{\"@type\":\"BreadcrumbList\",\"@id\":\"https:\\\/\\\/www.altercampagne.net\\\/?p=562#breadcrumb\",\"itemListElement\":[{\"@type\":\"ListItem\",\"position\":1,\"name\":\"Accueil\",\"item\":\"https:\\\/\\\/www.altercampagne.net\\\/\"},{\"@type\":\"ListItem\",\"position\":2,\"name\":\"Bonne et heureuse ann\u00e9e 2015 !\"}]},{\"@type\":\"WebSite\",\"@id\":\"https:\\\/\\\/www.altercampagne.net\\\/#website\",\"url\":\"https:\\\/\\\/www.altercampagne.net\\\/\",\"name\":\"AlterTour\",\"description\":\"Reliez les Alternatives \u00e0 v\u00e9lo\",\"potentialAction\":[{\"@type\":\"SearchAction\",\"target\":{\"@type\":\"EntryPoint\",\"urlTemplate\":\"https:\\\/\\\/www.altercampagne.net\\\/?s={search_term_string}\"},\"query-input\":{\"@type\":\"PropertyValueSpecification\",\"valueRequired\":true,\"valueName\":\"search_term_string\"}}],\"inLanguage\":\"fr-FR\"},{\"@type\":\"Person\",\"@id\":\"https:\\\/\\\/www.altercampagne.net\\\/#\\\/schema\\\/person\\\/0f261460c09e430caa0f9bcffa319109\",\"name\":\"Mathieu\",\"image\":{\"@type\":\"ImageObject\",\"inLanguage\":\"fr-FR\",\"@id\":\"https:\\\/\\\/secure.gravatar.com\\\/avatar\\\/aa9d3d24c83f2141e5e2709d0f63d09a99f6be6bb7a50abc4915838d9f54501a?s=96&d=mm&r=g\",\"url\":\"https:\\\/\\\/secure.gravatar.com\\\/avatar\\\/aa9d3d24c83f2141e5e2709d0f63d09a99f6be6bb7a50abc4915838d9f54501a?s=96&d=mm&r=g\",\"contentUrl\":\"https:\\\/\\\/secure.gravatar.com\\\/avatar\\\/aa9d3d24c83f2141e5e2709d0f63d09a99f6be6bb7a50abc4915838d9f54501a?s=96&d=mm&r=g\",\"caption\":\"Mathieu\"},\"url\":\"https:\\\/\\\/www.altercampagne.net\\\/?author=214\"}]}<\/script>\n<!-- \/ Yoast SEO plugin. -->","yoast_head_json":{"title":"Bonne et heureuse ann\u00e9e 2015 ! - AlterTour","robots":{"index":"index","follow":"follow","max-snippet":"max-snippet:-1","max-image-preview":"max-image-preview:large","max-video-preview":"max-video-preview:-1"},"canonical":"https:\/\/www.altercampagne.net\/?p=562","og_locale":"fr_FR","og_type":"article","og_title":"Bonne et heureuse ann\u00e9e 2015 ! - AlterTour","og_description":"Toute l&rsquo;\u00e9quipe de l&rsquo;AlterTour vous souhaite une belle et heureuse ann\u00e9e 2015. 2015 l&rsquo;ann\u00e9e du climat ! En juillet et ao\u00fbt 2015 nous visiterons des Alternatives engag\u00e9es pour limiter l&rsquo;impact de l&rsquo;homme sur le climat en France, au Luxembourg et en Belgique. \u00ab\u00a0E(t)moi dans le climat !?\u00a0\u00bb permet de ramener ... Read More","og_url":"https:\/\/www.altercampagne.net\/?p=562","og_site_name":"AlterTour","article_published_time":"2015-01-03T08:20:05+00:00","article_modified_time":"2015-02-23T16:55:22+00:00","og_image":[{"url":"http:\/\/www.altercampagne.net\/wp-content\/uploads\/2015\/02\/2015-01-06-voeux.jpg","type":"","width":"","height":""}],"author":"Mathieu","twitter_card":"summary_large_image","twitter_misc":{"\u00c9crit par":"Mathieu"},"schema":{"@context":"https:\/\/schema.org","@graph":[{"@type":"Article","@id":"https:\/\/www.altercampagne.net\/?p=562#article","isPartOf":{"@id":"https:\/\/www.altercampagne.net\/?p=562"},"author":{"name":"Mathieu","@id":"https:\/\/www.altercampagne.net\/#\/schema\/person\/0f261460c09e430caa0f9bcffa319109"},"headline":"Bonne et heureuse ann\u00e9e 2015 !","datePublished":"2015-01-03T08:20:05+00:00","dateModified":"2015-02-23T16:55:22+00:00","mainEntityOfPage":{"@id":"https:\/\/www.altercampagne.net\/?p=562"},"wordCount":105,"image":{"@id":"https:\/\/www.altercampagne.net\/?p=562#primaryimage"},"thumbnailUrl":"http:\/\/www.altercampagne.net\/wp-content\/uploads\/2015\/02\/2015-01-06-voeux.jpg","keywords":["alternatiba","belgique","luxembourg","voeux 2015","France","climat"],"inLanguage":"fr-FR"},{"@type":"WebPage","@id":"https:\/\/www.altercampagne.net\/?p=562","url":"https:\/\/www.altercampagne.net\/?p=562","name":"Bonne et heureuse ann\u00e9e 2015 ! - AlterTour","isPartOf":{"@id":"https:\/\/www.altercampagne.net\/#website"},"primaryImageOfPage":{"@id":"https:\/\/www.altercampagne.net\/?p=562#primaryimage"},"image":{"@id":"https:\/\/www.altercampagne.net\/?p=562#primaryimage"},"thumbnailUrl":"http:\/\/www.altercampagne.net\/wp-content\/uploads\/2015\/02\/2015-01-06-voeux.jpg","datePublished":"2015-01-03T08:20:05+00:00","dateModified":"2015-02-23T16:55:22+00:00","author":{"@id":"https:\/\/www.altercampagne.net\/#\/schema\/person\/0f261460c09e430caa0f9bcffa319109"},"breadcrumb":{"@id":"https:\/\/www.altercampagne.net\/?p=562#breadcrumb"},"inLanguage":"fr-FR","potentialAction":[{"@type":"ReadAction","target":["https:\/\/www.altercampagne.net\/?p=562"]}]},{"@type":"ImageObject","inLanguage":"fr-FR","@id":"https:\/\/www.altercampagne.net\/?p=562#primaryimage","url":"https:\/\/www.altercampagne.net\/wp-content\/uploads\/2015\/02\/2015-01-06-voeux.jpg","contentUrl":"https:\/\/www.altercampagne.net\/wp-content\/uploads\/2015\/02\/2015-01-06-voeux.jpg","width":600,"height":342},{"@type":"BreadcrumbList","@id":"https:\/\/www.altercampagne.net\/?p=562#breadcrumb","itemListElement":[{"@type":"ListItem","position":1,"name":"Accueil","item":"https:\/\/www.altercampagne.net\/"},{"@type":"ListItem","position":2,"name":"Bonne et heureuse ann\u00e9e 2015 !"}]},{"@type":"WebSite","@id":"https:\/\/www.altercampagne.net\/#website","url":"https:\/\/www.altercampagne.net\/","name":"AlterTour","description":"Reliez les Alternatives \u00e0 v\u00e9lo","potentialAction":[{"@type":"SearchAction","target":{"@type":"EntryPoint","urlTemplate":"https:\/\/www.altercampagne.net\/?s={search_term_string}"},"query-input":{"@type":"PropertyValueSpecification","valueRequired":true,"valueName":"search_term_string"}}],"inLanguage":"fr-FR"},{"@type":"Person","@id":"https:\/\/www.altercampagne.net\/#\/schema\/person\/0f261460c09e430caa0f9bcffa319109","name":"Mathieu","image":{"@type":"ImageObject","inLanguage":"fr-FR","@id":"https:\/\/secure.gravatar.com\/avatar\/aa9d3d24c83f2141e5e2709d0f63d09a99f6be6bb7a50abc4915838d9f54501a?s=96&d=mm&r=g","url":"https:\/\/secure.gravatar.com\/avatar\/aa9d3d24c83f2141e5e2709d0f63d09a99f6be6bb7a50abc4915838d9f54501a?s=96&d=mm&r=g","contentUrl":"https:\/\/secure.gravatar.com\/avatar\/aa9d3d24c83f2141e5e2709d0f63d09a99f6be6bb7a50abc4915838d9f54501a?s=96&d=mm&r=g","caption":"Mathieu"},"url":"https:\/\/www.altercampagne.net\/?author=214"}]}},"_links":{"self":[{"href":"https:\/\/www.altercampagne.net\/index.php?rest_route=\/wp\/v2\/posts\/562","targetHints":{"allow":["GET"]}}],"collection":[{"href":"https:\/\/www.altercampagne.net\/index.php?rest_route=\/wp\/v2\/posts"}],"about":[{"href":"https:\/\/www.altercampagne.net\/index.php?rest_route=\/wp\/v2\/types\/post"}],"author":[{"embeddable":true,"href":"https:\/\/www.altercampagne.net\/index.php?rest_route=\/wp\/v2\/users\/214"}],"replies":[{"embeddable":true,"href":"https:\/\/www.altercampagne.net\/index.php?rest_route=%2Fwp%2Fv2%2Fcomments&post=562"}],"version-history":[{"count":0,"href":"https:\/\/www.altercampagne.net\/index.php?rest_route=\/wp\/v2\/posts\/562\/revisions"}],"wp:attachment":[{"href":"https:\/\/www.altercampagne.net\/index.php?rest_route=%2Fwp%2Fv2%2Fmedia&parent=562"}],"wp:term":[{"taxonomy":"category","embeddable":true,"href":"https:\/\/www.altercampagne.net\/index.php?rest_route=%2Fwp%2Fv2%2Fcategories&post=562"},{"taxonomy":"post_tag","embeddable":true,"href":"https:\/\/www.altercampagne.net\/index.php?rest_route=%2Fwp%2Fv2%2Ftags&post=562"}],"curies":[{"name":"wp","href":"https:\/\/api.w.org\/{rel}","templated":true}]}}